{"id":66101,"date":"2015-09-03T21:50:14","date_gmt":"2015-09-04T00:50:14","guid":{"rendered":"http:\/\/www.notibras.com\/site\/?p=66101"},"modified":"2015-09-04T13:56:24","modified_gmt":"2015-09-04T16:56:24","slug":"levy-diz-pela-boca-de-mercadante-que-fica-e-viaja-para-a-reuniao-do-g-20-na-turquia","status":"publish","type":"post","link":"https:\/\/www.notibras.com\/site\/levy-diz-pela-boca-de-mercadante-que-fica-e-viaja-para-a-reuniao-do-g-20-na-turquia\/","title":{"rendered":"Levy afirma pela boca de Mercadante que fica, e vai \u00e0 reuni\u00e3o do G-20 na Turquia"},"content":{"rendered":"<p>O ministro-chefe da Casa Civil, Aloizio Mercadante, negou os boatos sobre a sa\u00edda do ministro da Fazenda, Joaquim Levy, do governo. \u201c\u00c9 evidente que fica. Ele tem compromisso com o Brasil, compromisso com esse projeto, sabe a import\u00e2ncia do trabalho que ele tem para a s\u00e9tima economia do mundo como ministro da Fazenda\u201d, disse Mercadante ap\u00f3s reuni\u00e3o no Pal\u00e1cio do Planalto, que contou tamb\u00e9m com as presen\u00e7as da presidenta Dilma Rousseff, do ministro do Planejamento, Nelson Barbosa, e Joaquim Levy.<\/p>\n<p>Para Mercadante, os boatos em torno da sa\u00edda de Levy buscaram se aproveitar da instabilidade econ\u00f4mica no pa\u00eds. \u201cEm um momento de instabilidade, tem uma alian\u00e7a entre os mal-informados e os malintencionados, porque tem gente especulando e tentando ganhar dinheiro com a turbul\u00eancia. Mas pode ter certeza que isso n\u00e3o est\u00e1 na pauta do governo e ele mesmo j\u00e1 disse, e eu estou reafirmando, que ele est\u00e1 na equipe e vai continuar ajudando o Brasil\u201d,<\/p>\n<p>O ministro da Casa Civil informou que, durante a reuni\u00e3o, os boatos sobre Levy n\u00e3o foram tratados, e que o encontro foi para discutir quest\u00f5es or\u00e7ament\u00e1rias. De acordo com Mercadante, ao elaborar a proposta de Or\u00e7amento, o governo se empenhou no corte de gastos das despesas discricion\u00e1rias, especialmente nos programas de governo, e que a pe\u00e7a encaminhada ao Congresso Nacional \u00e9 igual ao Or\u00e7amento de 2012.<\/p>\n<p>\u201c\u00c9 importante o pa\u00eds ter uma avalia\u00e7\u00e3o que n\u00f3s temos do Or\u00e7amento deste ano, de cerca de R$ 250 bilh\u00f5es para todas as \u00e1reas do pa\u00eds: sa\u00fade, educa\u00e7\u00e3o, seguran\u00e7a, infraestrutura, investimento, custeio que s\u00e3o despesas discricion\u00e1rias, ou seja, onde o governo pode cortar. Desses R$ 250 bilh\u00f5es, R$160 bilh\u00f5es, verdadeiramente, s\u00e3o contingenciais [podem ser cortados] porque R$ 90 bilh\u00f5es s\u00e3o para a sa\u00fade, que \u00e9 uma exig\u00eancia Constitucional\u201d, disse.<\/p>\n<p>Para Mercadante, o equil\u00edbrio fiscal passa pelo \u201coutro lado\u201d, principalmente por cortar gastos nas chamadas despesas obrigat\u00f3rias, que incluem Previd\u00eancia Social, folha de pagamento de servidores e a Lei Org\u00e2nica da Assist\u00eancia Social, que somam mais de R$ 1 trilh\u00e3o. Segundo o ministro, a melhora no gasto p\u00fablico passe pelo corte das despesas obrigat\u00f3rias.<\/p>\n<p>\u201cIsso s\u00f3 \u00e9 poss\u00edvel com autoriza\u00e7\u00e3o legal, principalmente com projetos aprovados pelo Congresso, que \u00e9 o que n\u00f3s fizemos no primeiro semestre, e vamos continuar fazendo, e na gest\u00e3o, que n\u00f3s estamos tomando uma s\u00e9rie de medidas para corrigir distor\u00e7\u00f5es, reduzir gastos, melhorar a efici\u00eancia do gasto p\u00fablico\u201d.<\/p>\n<p>Segundo o ministro da Casa Civil, o governo vai continuar o esfor\u00e7o para cortar gastos e que estuda aumentar as receitas. Ele negou que Levy tenha se posicionado contra um eventual amento de impostos. \u201cH\u00e1 total unidade da equipe [de governo] em rela\u00e7\u00e3o a que n\u00f3s precisamos continuar o esfor\u00e7o de cortar gastos, principalmente as despesas obrigat\u00f3rias, melhorar a gest\u00e3o, a efici\u00eancia do gasto p\u00fablico, enxugar a estrutura administrativa do estado e de outro lado melhorar a receita. As duas coisas ter\u00e3o que ser feitas e est\u00e1 todo mundo de acordo\u201d, afirmou.<\/p>\n<p>Mercadante informou ainda que o tamanho da reforma administrativa ser\u00e1 anunciado por Dilma ainda este m\u00eas. \u201cA presidenta vai cortar minist\u00e9rios, vai cortar cargos de confian\u00e7a. Mas a grande despesa do Brasil hoje \u00e9 a Previd\u00eancia Social, 55% do gasto do governo, Lei Org\u00e2nica da Assist\u00eancia Social e folha de pagamento que \u00e9 20%; a\u00ed \u00e9 que est\u00e1 o grande esfor\u00e7o que n\u00f3s precisamos para consolidar a situa\u00e7\u00e3o fiscal\u201d.<\/p>\n<p>Depois da reuni\u00e3o, Joaquim Levy decidiu ir \u00e0 reuni\u00e3o do G-20, grupo que re\u00fane as 20 maiores economias do mundo, ap\u00f3s sua assessoria ter informado, mais cedo, que ele havia cancelado a viagem \u00e0 Turquia em fun\u00e7\u00e3o de reuni\u00e3o com a presidenta Dilma Rousseff.<\/p>\n<p><strong>Luciano Nascimento, ABr<\/strong><\/p>\n","protected":false},"excerpt":{"rendered":"<p>O ministro-chefe da Casa Civil, Aloizio Mercadante, negou os boatos sobre a sa\u00edda do ministro da Fazenda, Joaquim Levy, do governo. \u201c\u00c9 evidente que fica. Ele tem compromisso com o Brasil, compromisso com esse projeto, sabe a import\u00e2ncia do trabalho que ele tem para a s\u00e9tima economia do mundo como ministro da Fazenda\u201d, disse Mercadante [&hellip;]<\/p>\n","protected":false},"author":2,"featured_media":66102,"comment_status":"open","ping_status":"closed","sticky":false,"template":"","format":"standard","meta":{"_acf_changed":false,"footnotes":""},"categories":[16],"tags":[],"class_list":["post-66101","post","type-post","status-publish","format-standard","has-post-thumbnail","hentry","category-brasil"],"acf":[],"yoast_head":"<!-- This site is optimized with the Yoast SEO plugin v27.2 - https:\/\/yoast.com\/product\/yoast-seo-wordpress\/ -->\n<title>Levy afirma pela boca de Mercadante que fica, e vai \u00e0 reuni\u00e3o do G-20 na Turquia - Notibras<\/title>\n<meta name=\"robots\" content=\"index, follow, max-snippet:-1, max-image-preview:large, max-video-preview:-1\" \/>\n<link rel=\"canonical\" href=\"https:\/\/www.notibras.com\/site\/levy-diz-pela-boca-de-mercadante-que-fica-e-viaja-para-a-reuniao-do-g-20-na-turquia\/\" \/>\n<meta property=\"og:locale\" content=\"pt_BR\" \/>\n<meta property=\"og:type\" content=\"article\" \/>\n<meta property=\"og:title\" content=\"Levy afirma pela boca de Mercadante que fica, e vai \u00e0 reuni\u00e3o do G-20 na Turquia - Notibras\" \/>\n<meta property=\"og:description\" content=\"O ministro-chefe da Casa Civil, Aloizio Mercadante, negou os boatos sobre a sa\u00edda do ministro da Fazenda, Joaquim Levy, do governo. \u201c\u00c9 evidente que fica. Ele tem compromisso com o Brasil, compromisso com esse projeto, sabe a import\u00e2ncia do trabalho que ele tem para a s\u00e9tima economia do mundo como ministro da Fazenda\u201d, disse Mercadante [&hellip;]\" \/>\n<meta property=\"og:url\" content=\"https:\/\/www.notibras.com\/site\/levy-diz-pela-boca-de-mercadante-que-fica-e-viaja-para-a-reuniao-do-g-20-na-turquia\/\" \/>\n<meta property=\"og:site_name\" content=\"Notibras\" \/>\n<meta property=\"article:publisher\" content=\"https:\/\/www.facebook.com\/notibras\/\" \/>\n<meta property=\"article:published_time\" content=\"2015-09-04T00:50:14+00:00\" \/>\n<meta property=\"article:modified_time\" content=\"2015-09-04T16:56:24+00:00\" \/>\n<meta property=\"og:image\" content=\"https:\/\/www.notibras.com\/site\/wp-content\/uploads\/2015\/09\/lemer.jpg\" \/>\n\t<meta property=\"og:image:width\" content=\"580\" \/>\n\t<meta property=\"og:image:height\" content=\"388\" \/>\n\t<meta property=\"og:image:type\" content=\"image\/jpeg\" \/>\n<meta name=\"author\" content=\"Reda\u00e7\u00e3o\" \/>\n<meta name=\"twitter:card\" content=\"summary_large_image\" \/>\n<meta name=\"twitter:creator\" content=\"@Notibras\" \/>\n<meta name=\"twitter:site\" content=\"@Notibras\" \/>\n<meta name=\"twitter:label1\" content=\"Escrito por\" \/>\n\t<meta name=\"twitter:data1\" content=\"Reda\u00e7\u00e3o\" \/>\n\t<meta name=\"twitter:label2\" content=\"Est. tempo de leitura\" \/>\n\t<meta name=\"twitter:data2\" content=\"3 minutos\" \/>\n<script type=\"application\/ld+json\" class=\"yoast-schema-graph\">{\"@context\":\"https:\/\/schema.org\",\"@graph\":[{\"@type\":\"Article\",\"@id\":\"https:\/\/www.notibras.com\/site\/levy-diz-pela-boca-de-mercadante-que-fica-e-viaja-para-a-reuniao-do-g-20-na-turquia\/#article\",\"isPartOf\":{\"@id\":\"https:\/\/www.notibras.com\/site\/levy-diz-pela-boca-de-mercadante-que-fica-e-viaja-para-a-reuniao-do-g-20-na-turquia\/\"},\"author\":{\"name\":\"Reda\u00e7\u00e3o\",\"@id\":\"https:\/\/www.notibras.com\/site\/#\/schema\/person\/36ab0979449956132d3e5b517ea76ac8\"},\"headline\":\"Levy afirma pela boca de Mercadante que fica, e vai \u00e0 reuni\u00e3o do G-20 na Turquia\",\"datePublished\":\"2015-09-04T00:50:14+00:00\",\"dateModified\":\"2015-09-04T16:56:24+00:00\",\"mainEntityOfPage\":{\"@id\":\"https:\/\/www.notibras.com\/site\/levy-diz-pela-boca-de-mercadante-que-fica-e-viaja-para-a-reuniao-do-g-20-na-turquia\/\"},\"wordCount\":679,\"commentCount\":0,\"publisher\":{\"@id\":\"https:\/\/www.notibras.com\/site\/#organization\"},\"image\":{\"@id\":\"https:\/\/www.notibras.com\/site\/levy-diz-pela-boca-de-mercadante-que-fica-e-viaja-para-a-reuniao-do-g-20-na-turquia\/#primaryimage\"},\"thumbnailUrl\":\"https:\/\/www.notibras.com\/site\/wp-content\/uploads\/2015\/09\/lemer.jpg\",\"articleSection\":[\"Brasil\"],\"inLanguage\":\"pt-BR\",\"potentialAction\":[{\"@type\":\"CommentAction\",\"name\":\"Comment\",\"target\":[\"https:\/\/www.notibras.com\/site\/levy-diz-pela-boca-de-mercadante-que-fica-e-viaja-para-a-reuniao-do-g-20-na-turquia\/#respond\"]}]},{\"@type\":\"WebPage\",\"@id\":\"https:\/\/www.notibras.com\/site\/levy-diz-pela-boca-de-mercadante-que-fica-e-viaja-para-a-reuniao-do-g-20-na-turquia\/\",\"url\":\"https:\/\/www.notibras.com\/site\/levy-diz-pela-boca-de-mercadante-que-fica-e-viaja-para-a-reuniao-do-g-20-na-turquia\/\",\"name\":\"Levy afirma pela boca de Mercadante que fica, e vai \u00e0 reuni\u00e3o do G-20 na Turquia - Notibras\",\"isPartOf\":{\"@id\":\"https:\/\/www.notibras.com\/site\/#website\"},\"primaryImageOfPage\":{\"@id\":\"https:\/\/www.notibras.com\/site\/levy-diz-pela-boca-de-mercadante-que-fica-e-viaja-para-a-reuniao-do-g-20-na-turquia\/#primaryimage\"},\"image\":{\"@id\":\"https:\/\/www.notibras.com\/site\/levy-diz-pela-boca-de-mercadante-que-fica-e-viaja-para-a-reuniao-do-g-20-na-turquia\/#primaryimage\"},\"thumbnailUrl\":\"https:\/\/www.notibras.com\/site\/wp-content\/uploads\/2015\/09\/lemer.jpg\",\"datePublished\":\"2015-09-04T00:50:14+00:00\",\"dateModified\":\"2015-09-04T16:56:24+00:00\",\"breadcrumb\":{\"@id\":\"https:\/\/www.notibras.com\/site\/levy-diz-pela-boca-de-mercadante-que-fica-e-viaja-para-a-reuniao-do-g-20-na-turquia\/#breadcrumb\"},\"inLanguage\":\"pt-BR\",\"potentialAction\":[{\"@type\":\"ReadAction\",\"target\":[\"https:\/\/www.notibras.com\/site\/levy-diz-pela-boca-de-mercadante-que-fica-e-viaja-para-a-reuniao-do-g-20-na-turquia\/\"]}]},{\"@type\":\"ImageObject\",\"inLanguage\":\"pt-BR\",\"@id\":\"https:\/\/www.notibras.com\/site\/levy-diz-pela-boca-de-mercadante-que-fica-e-viaja-para-a-reuniao-do-g-20-na-turquia\/#primaryimage\",\"url\":\"https:\/\/www.notibras.com\/site\/wp-content\/uploads\/2015\/09\/lemer.jpg\",\"contentUrl\":\"https:\/\/www.notibras.com\/site\/wp-content\/uploads\/2015\/09\/lemer.jpg\",\"width\":580,\"height\":388},{\"@type\":\"BreadcrumbList\",\"@id\":\"https:\/\/www.notibras.com\/site\/levy-diz-pela-boca-de-mercadante-que-fica-e-viaja-para-a-reuniao-do-g-20-na-turquia\/#breadcrumb\",\"itemListElement\":[{\"@type\":\"ListItem\",\"position\":1,\"name\":\"In\u00edcio\",\"item\":\"https:\/\/www.notibras.com\/site\/\"},{\"@type\":\"ListItem\",\"position\":2,\"name\":\"Levy afirma pela boca de Mercadante que fica, e vai \u00e0 reuni\u00e3o do G-20 na Turquia\"}]},{\"@type\":\"WebSite\",\"@id\":\"https:\/\/www.notibras.com\/site\/#website\",\"url\":\"https:\/\/www.notibras.com\/site\/\",\"name\":\"Notibras\",\"description\":\"Not\u00edcias de Bras\u00edlia, do Brasil e do Mundo\",\"publisher\":{\"@id\":\"https:\/\/www.notibras.com\/site\/#organization\"},\"potentialAction\":[{\"@type\":\"SearchAction\",\"target\":{\"@type\":\"EntryPoint\",\"urlTemplate\":\"https:\/\/www.notibras.com\/site\/?s={search_term_string}\"},\"query-input\":{\"@type\":\"PropertyValueSpecification\",\"valueRequired\":true,\"valueName\":\"search_term_string\"}}],\"inLanguage\":\"pt-BR\"},{\"@type\":\"Organization\",\"@id\":\"https:\/\/www.notibras.com\/site\/#organization\",\"name\":\"Grupo Notibras de Comunica\u00e7\u00e3o\",\"url\":\"https:\/\/www.notibras.com\/site\/\",\"logo\":{\"@type\":\"ImageObject\",\"inLanguage\":\"pt-BR\",\"@id\":\"https:\/\/www.notibras.com\/site\/#\/schema\/logo\/image\/\",\"url\":\"https:\/\/www.notibras.com\/site\/wp-content\/uploads\/2023\/01\/notibras23.png\",\"contentUrl\":\"https:\/\/www.notibras.com\/site\/wp-content\/uploads\/2023\/01\/notibras23.png\",\"width\":350,\"height\":87,\"caption\":\"Grupo Notibras de Comunica\u00e7\u00e3o\"},\"image\":{\"@id\":\"https:\/\/www.notibras.com\/site\/#\/schema\/logo\/image\/\"},\"sameAs\":[\"https:\/\/www.facebook.com\/notibras\/\",\"https:\/\/x.com\/Notibras\",\"https:\/\/www.instagram.com\/notibras\/\"]},{\"@type\":\"Person\",\"@id\":\"https:\/\/www.notibras.com\/site\/#\/schema\/person\/36ab0979449956132d3e5b517ea76ac8\",\"name\":\"Reda\u00e7\u00e3o\",\"image\":{\"@type\":\"ImageObject\",\"inLanguage\":\"pt-BR\",\"@id\":\"https:\/\/secure.gravatar.com\/avatar\/e0a867bdedb85fd243eadf09663511f96fc81e0720a4a42581f334ad4303aa6b?s=96&d=mm&r=g\",\"url\":\"https:\/\/secure.gravatar.com\/avatar\/e0a867bdedb85fd243eadf09663511f96fc81e0720a4a42581f334ad4303aa6b?s=96&d=mm&r=g\",\"contentUrl\":\"https:\/\/secure.gravatar.com\/avatar\/e0a867bdedb85fd243eadf09663511f96fc81e0720a4a42581f334ad4303aa6b?s=96&d=mm&r=g\",\"caption\":\"Reda\u00e7\u00e3o\"}}]}<\/script>\n<!-- \/ Yoast SEO plugin. -->","yoast_head_json":{"title":"Levy afirma pela boca de Mercadante que fica, e vai \u00e0 reuni\u00e3o do G-20 na Turquia - Notibras","robots":{"index":"index","follow":"follow","max-snippet":"max-snippet:-1","max-image-preview":"max-image-preview:large","max-video-preview":"max-video-preview:-1"},"canonical":"https:\/\/www.notibras.com\/site\/levy-diz-pela-boca-de-mercadante-que-fica-e-viaja-para-a-reuniao-do-g-20-na-turquia\/","og_locale":"pt_BR","og_type":"article","og_title":"Levy afirma pela boca de Mercadante que fica, e vai \u00e0 reuni\u00e3o do G-20 na Turquia - Notibras","og_description":"O ministro-chefe da Casa Civil, Aloizio Mercadante, negou os boatos sobre a sa\u00edda do ministro da Fazenda, Joaquim Levy, do governo. \u201c\u00c9 evidente que fica. Ele tem compromisso com o Brasil, compromisso com esse projeto, sabe a import\u00e2ncia do trabalho que ele tem para a s\u00e9tima economia do mundo como ministro da Fazenda\u201d, disse Mercadante [&hellip;]","og_url":"https:\/\/www.notibras.com\/site\/levy-diz-pela-boca-de-mercadante-que-fica-e-viaja-para-a-reuniao-do-g-20-na-turquia\/","og_site_name":"Notibras","article_publisher":"https:\/\/www.facebook.com\/notibras\/","article_published_time":"2015-09-04T00:50:14+00:00","article_modified_time":"2015-09-04T16:56:24+00:00","og_image":[{"width":580,"height":388,"url":"https:\/\/www.notibras.com\/site\/wp-content\/uploads\/2015\/09\/lemer.jpg","type":"image\/jpeg"}],"author":"Reda\u00e7\u00e3o","twitter_card":"summary_large_image","twitter_creator":"@Notibras","twitter_site":"@Notibras","twitter_misc":{"Escrito por":"Reda\u00e7\u00e3o","Est. tempo de leitura":"3 minutos"},"schema":{"@context":"https:\/\/schema.org","@graph":[{"@type":"Article","@id":"https:\/\/www.notibras.com\/site\/levy-diz-pela-boca-de-mercadante-que-fica-e-viaja-para-a-reuniao-do-g-20-na-turquia\/#article","isPartOf":{"@id":"https:\/\/www.notibras.com\/site\/levy-diz-pela-boca-de-mercadante-que-fica-e-viaja-para-a-reuniao-do-g-20-na-turquia\/"},"author":{"name":"Reda\u00e7\u00e3o","@id":"https:\/\/www.notibras.com\/site\/#\/schema\/person\/36ab0979449956132d3e5b517ea76ac8"},"headline":"Levy afirma pela boca de Mercadante que fica, e vai \u00e0 reuni\u00e3o do G-20 na Turquia","datePublished":"2015-09-04T00:50:14+00:00","dateModified":"2015-09-04T16:56:24+00:00","mainEntityOfPage":{"@id":"https:\/\/www.notibras.com\/site\/levy-diz-pela-boca-de-mercadante-que-fica-e-viaja-para-a-reuniao-do-g-20-na-turquia\/"},"wordCount":679,"commentCount":0,"publisher":{"@id":"https:\/\/www.notibras.com\/site\/#organization"},"image":{"@id":"https:\/\/www.notibras.com\/site\/levy-diz-pela-boca-de-mercadante-que-fica-e-viaja-para-a-reuniao-do-g-20-na-turquia\/#primaryimage"},"thumbnailUrl":"https:\/\/www.notibras.com\/site\/wp-content\/uploads\/2015\/09\/lemer.jpg","articleSection":["Brasil"],"inLanguage":"pt-BR","potentialAction":[{"@type":"CommentAction","name":"Comment","target":["https:\/\/www.notibras.com\/site\/levy-diz-pela-boca-de-mercadante-que-fica-e-viaja-para-a-reuniao-do-g-20-na-turquia\/#respond"]}]},{"@type":"WebPage","@id":"https:\/\/www.notibras.com\/site\/levy-diz-pela-boca-de-mercadante-que-fica-e-viaja-para-a-reuniao-do-g-20-na-turquia\/","url":"https:\/\/www.notibras.com\/site\/levy-diz-pela-boca-de-mercadante-que-fica-e-viaja-para-a-reuniao-do-g-20-na-turquia\/","name":"Levy afirma pela boca de Mercadante que fica, e vai \u00e0 reuni\u00e3o do G-20 na Turquia - Notibras","isPartOf":{"@id":"https:\/\/www.notibras.com\/site\/#website"},"primaryImageOfPage":{"@id":"https:\/\/www.notibras.com\/site\/levy-diz-pela-boca-de-mercadante-que-fica-e-viaja-para-a-reuniao-do-g-20-na-turquia\/#primaryimage"},"image":{"@id":"https:\/\/www.notibras.com\/site\/levy-diz-pela-boca-de-mercadante-que-fica-e-viaja-para-a-reuniao-do-g-20-na-turquia\/#primaryimage"},"thumbnailUrl":"https:\/\/www.notibras.com\/site\/wp-content\/uploads\/2015\/09\/lemer.jpg","datePublished":"2015-09-04T00:50:14+00:00","dateModified":"2015-09-04T16:56:24+00:00","breadcrumb":{"@id":"https:\/\/www.notibras.com\/site\/levy-diz-pela-boca-de-mercadante-que-fica-e-viaja-para-a-reuniao-do-g-20-na-turquia\/#breadcrumb"},"inLanguage":"pt-BR","potentialAction":[{"@type":"ReadAction","target":["https:\/\/www.notibras.com\/site\/levy-diz-pela-boca-de-mercadante-que-fica-e-viaja-para-a-reuniao-do-g-20-na-turquia\/"]}]},{"@type":"ImageObject","inLanguage":"pt-BR","@id":"https:\/\/www.notibras.com\/site\/levy-diz-pela-boca-de-mercadante-que-fica-e-viaja-para-a-reuniao-do-g-20-na-turquia\/#primaryimage","url":"https:\/\/www.notibras.com\/site\/wp-content\/uploads\/2015\/09\/lemer.jpg","contentUrl":"https:\/\/www.notibras.com\/site\/wp-content\/uploads\/2015\/09\/lemer.jpg","width":580,"height":388},{"@type":"BreadcrumbList","@id":"https:\/\/www.notibras.com\/site\/levy-diz-pela-boca-de-mercadante-que-fica-e-viaja-para-a-reuniao-do-g-20-na-turquia\/#breadcrumb","itemListElement":[{"@type":"ListItem","position":1,"name":"In\u00edcio","item":"https:\/\/www.notibras.com\/site\/"},{"@type":"ListItem","position":2,"name":"Levy afirma pela boca de Mercadante que fica, e vai \u00e0 reuni\u00e3o do G-20 na Turquia"}]},{"@type":"WebSite","@id":"https:\/\/www.notibras.com\/site\/#website","url":"https:\/\/www.notibras.com\/site\/","name":"Notibras","description":"Not\u00edcias de Bras\u00edlia, do Brasil e do Mundo","publisher":{"@id":"https:\/\/www.notibras.com\/site\/#organization"},"potentialAction":[{"@type":"SearchAction","target":{"@type":"EntryPoint","urlTemplate":"https:\/\/www.notibras.com\/site\/?s={search_term_string}"},"query-input":{"@type":"PropertyValueSpecification","valueRequired":true,"valueName":"search_term_string"}}],"inLanguage":"pt-BR"},{"@type":"Organization","@id":"https:\/\/www.notibras.com\/site\/#organization","name":"Grupo Notibras de Comunica\u00e7\u00e3o","url":"https:\/\/www.notibras.com\/site\/","logo":{"@type":"ImageObject","inLanguage":"pt-BR","@id":"https:\/\/www.notibras.com\/site\/#\/schema\/logo\/image\/","url":"https:\/\/www.notibras.com\/site\/wp-content\/uploads\/2023\/01\/notibras23.png","contentUrl":"https:\/\/www.notibras.com\/site\/wp-content\/uploads\/2023\/01\/notibras23.png","width":350,"height":87,"caption":"Grupo Notibras de Comunica\u00e7\u00e3o"},"image":{"@id":"https:\/\/www.notibras.com\/site\/#\/schema\/logo\/image\/"},"sameAs":["https:\/\/www.facebook.com\/notibras\/","https:\/\/x.com\/Notibras","https:\/\/www.instagram.com\/notibras\/"]},{"@type":"Person","@id":"https:\/\/www.notibras.com\/site\/#\/schema\/person\/36ab0979449956132d3e5b517ea76ac8","name":"Reda\u00e7\u00e3o","image":{"@type":"ImageObject","inLanguage":"pt-BR","@id":"https:\/\/secure.gravatar.com\/avatar\/e0a867bdedb85fd243eadf09663511f96fc81e0720a4a42581f334ad4303aa6b?s=96&d=mm&r=g","url":"https:\/\/secure.gravatar.com\/avatar\/e0a867bdedb85fd243eadf09663511f96fc81e0720a4a42581f334ad4303aa6b?s=96&d=mm&r=g","contentUrl":"https:\/\/secure.gravatar.com\/avatar\/e0a867bdedb85fd243eadf09663511f96fc81e0720a4a42581f334ad4303aa6b?s=96&d=mm&r=g","caption":"Reda\u00e7\u00e3o"}}]}},"amp_enabled":true,"_links":{"self":[{"href":"https:\/\/www.notibras.com\/site\/wp-json\/wp\/v2\/posts\/66101","targetHints":{"allow":["GET"]}}],"collection":[{"href":"https:\/\/www.notibras.com\/site\/wp-json\/wp\/v2\/posts"}],"about":[{"href":"https:\/\/www.notibras.com\/site\/wp-json\/wp\/v2\/types\/post"}],"author":[{"embeddable":true,"href":"https:\/\/www.notibras.com\/site\/wp-json\/wp\/v2\/users\/2"}],"replies":[{"embeddable":true,"href":"https:\/\/www.notibras.com\/site\/wp-json\/wp\/v2\/comments?post=66101"}],"version-history":[{"count":3,"href":"https:\/\/www.notibras.com\/site\/wp-json\/wp\/v2\/posts\/66101\/revisions"}],"predecessor-version":[{"id":66172,"href":"https:\/\/www.notibras.com\/site\/wp-json\/wp\/v2\/posts\/66101\/revisions\/66172"}],"wp:featuredmedia":[{"embeddable":true,"href":"https:\/\/www.notibras.com\/site\/wp-json\/wp\/v2\/media\/66102"}],"wp:attachment":[{"href":"https:\/\/www.notibras.com\/site\/wp-json\/wp\/v2\/media?parent=66101"}],"wp:term":[{"taxonomy":"category","embeddable":true,"href":"https:\/\/www.notibras.com\/site\/wp-json\/wp\/v2\/categories?post=66101"},{"taxonomy":"post_tag","embeddable":true,"href":"https:\/\/www.notibras.com\/site\/wp-json\/wp\/v2\/tags?post=66101"}],"curies":[{"name":"wp","href":"https:\/\/api.w.org\/{rel}","templated":true}]}}