{"id":6613,"date":"2014-04-12T10:56:31","date_gmt":"2014-04-12T13:56:31","guid":{"rendered":"http:\/\/www.notibras.com\/site\/?p=6613"},"modified":"2014-04-12T23:38:26","modified_gmt":"2014-04-13T02:38:26","slug":"passageiro-preso-ao-tentar-embarcar-com-roupa-engomada-com-cocaina","status":"publish","type":"post","link":"https:\/\/www.notibras.com\/site\/passageiro-preso-ao-tentar-embarcar-com-roupa-engomada-com-cocaina\/","title":{"rendered":"Passageiro preso com roupa engomada com coca\u00edna"},"content":{"rendered":"<p>A Pol\u00edcia Federal (PF) e a Receita Federal (RF) apreenderam roupas engomadas com coca\u00edna no aeroporto de Foz do Igua\u00e7u, no oeste do Paran\u00e1, por volta das 5h deste s\u00e1bado (12).<\/p>\n<p>Ao todo, eram tr\u00eas quilos da droga. As roupas estavam dentro de uma mala, e o respons\u00e1vel, de acordo com a pol\u00edcia, \u00e9 um homem de 33 anos. Ele foi preso pelo crime de tr\u00e1fico de drogas.<\/p>\n<p>Segundo a Pol\u00edcia Federal, os servidores desconfiaram do comportamento do suspeito e resolveram vistoriar a bagagem dele. Ao abrir a mala, logo suspeitaram da consist\u00eancia das roupas e realizaram um teste que apontou a presen\u00e7a de coca\u00edna.<\/p>\n<p>O suspeito informou \u00e0 pol\u00edcia que a droga seria levada para S\u00e3o Paulo. Ele \u00e9 reincidente, uma vez que j\u00e1 respondeu pelo crime de tr\u00e1fico de drogas.<\/p>\n","protected":false},"excerpt":{"rendered":"<p>A Pol\u00edcia Federal (PF) e a Receita Federal (RF) apreenderam roupas engomadas com coca\u00edna no aeroporto de Foz do Igua\u00e7u, no oeste do Paran\u00e1, por volta das 5h deste s\u00e1bado (12). Ao todo, eram tr\u00eas quilos da droga. As roupas estavam dentro de uma mala, e o respons\u00e1vel, de acordo com a pol\u00edcia, \u00e9 um [&hellip;]<\/p>\n","protected":false},"author":2,"featured_media":6614,"comment_status":"open","ping_status":"closed","sticky":false,"template":"","format":"standard","meta":{"_acf_changed":false,"footnotes":""},"categories":[16],"tags":[],"class_list":["post-6613","post","type-post","status-publish","format-standard","has-post-thumbnail","hentry","category-brasil"],"acf":[],"yoast_head":"<!-- This site is optimized with the Yoast SEO plugin v27.2 - https:\/\/yoast.com\/product\/yoast-seo-wordpress\/ -->\n<title>Passageiro preso com roupa engomada com coca\u00edna - Notibras<\/title>\n<meta name=\"robots\" content=\"index, follow, max-snippet:-1, max-image-preview:large, max-video-preview:-1\" \/>\n<link rel=\"canonical\" href=\"https:\/\/www.notibras.com\/site\/passageiro-preso-ao-tentar-embarcar-com-roupa-engomada-com-cocaina\/\" \/>\n<meta property=\"og:locale\" content=\"pt_BR\" \/>\n<meta property=\"og:type\" content=\"article\" \/>\n<meta property=\"og:title\" content=\"Passageiro preso com roupa engomada com coca\u00edna - Notibras\" \/>\n<meta property=\"og:description\" content=\"A Pol\u00edcia Federal (PF) e a Receita Federal (RF) apreenderam roupas engomadas com coca\u00edna no aeroporto de Foz do Igua\u00e7u, no oeste do Paran\u00e1, por volta das 5h deste s\u00e1bado (12). Ao todo, eram tr\u00eas quilos da droga. As roupas estavam dentro de uma mala, e o respons\u00e1vel, de acordo com a pol\u00edcia, \u00e9 um [&hellip;]\" \/>\n<meta property=\"og:url\" content=\"https:\/\/www.notibras.com\/site\/passageiro-preso-ao-tentar-embarcar-com-roupa-engomada-com-cocaina\/\" \/>\n<meta property=\"og:site_name\" content=\"Notibras\" \/>\n<meta property=\"article:publisher\" content=\"https:\/\/www.facebook.com\/notibras\/\" \/>\n<meta property=\"article:published_time\" content=\"2014-04-12T13:56:31+00:00\" \/>\n<meta property=\"article:modified_time\" content=\"2014-04-13T02:38:26+00:00\" \/>\n<meta property=\"og:image\" content=\"https:\/\/www.notibras.com\/site\/wp-content\/uploads\/2014\/04\/montagem_cocaina.jpg\" \/>\n\t<meta property=\"og:image:width\" content=\"620\" \/>\n\t<meta property=\"og:image:height\" content=\"465\" \/>\n\t<meta property=\"og:image:type\" content=\"image\/jpeg\" \/>\n<meta name=\"author\" content=\"Reda\u00e7\u00e3o\" \/>\n<meta name=\"twitter:card\" content=\"summary_large_image\" \/>\n<meta name=\"twitter:creator\" content=\"@Notibras\" \/>\n<meta name=\"twitter:site\" content=\"@Notibras\" \/>\n<meta name=\"twitter:label1\" content=\"Escrito por\" \/>\n\t<meta name=\"twitter:data1\" content=\"Reda\u00e7\u00e3o\" \/>\n\t<meta name=\"twitter:label2\" content=\"Est. tempo de leitura\" \/>\n\t<meta name=\"twitter:data2\" content=\"1 minuto\" \/>\n<script type=\"application\/ld+json\" class=\"yoast-schema-graph\">{\"@context\":\"https:\/\/schema.org\",\"@graph\":[{\"@type\":\"Article\",\"@id\":\"https:\/\/www.notibras.com\/site\/passageiro-preso-ao-tentar-embarcar-com-roupa-engomada-com-cocaina\/#article\",\"isPartOf\":{\"@id\":\"https:\/\/www.notibras.com\/site\/passageiro-preso-ao-tentar-embarcar-com-roupa-engomada-com-cocaina\/\"},\"author\":{\"name\":\"Reda\u00e7\u00e3o\",\"@id\":\"https:\/\/www.notibras.com\/site\/#\/schema\/person\/36ab0979449956132d3e5b517ea76ac8\"},\"headline\":\"Passageiro preso com roupa engomada com coca\u00edna\",\"datePublished\":\"2014-04-12T13:56:31+00:00\",\"dateModified\":\"2014-04-13T02:38:26+00:00\",\"mainEntityOfPage\":{\"@id\":\"https:\/\/www.notibras.com\/site\/passageiro-preso-ao-tentar-embarcar-com-roupa-engomada-com-cocaina\/\"},\"wordCount\":150,\"commentCount\":0,\"publisher\":{\"@id\":\"https:\/\/www.notibras.com\/site\/#organization\"},\"image\":{\"@id\":\"https:\/\/www.notibras.com\/site\/passageiro-preso-ao-tentar-embarcar-com-roupa-engomada-com-cocaina\/#primaryimage\"},\"thumbnailUrl\":\"https:\/\/www.notibras.com\/site\/wp-content\/uploads\/2014\/04\/montagem_cocaina.jpg\",\"articleSection\":[\"Brasil\"],\"inLanguage\":\"pt-BR\",\"potentialAction\":[{\"@type\":\"CommentAction\",\"name\":\"Comment\",\"target\":[\"https:\/\/www.notibras.com\/site\/passageiro-preso-ao-tentar-embarcar-com-roupa-engomada-com-cocaina\/#respond\"]}]},{\"@type\":\"WebPage\",\"@id\":\"https:\/\/www.notibras.com\/site\/passageiro-preso-ao-tentar-embarcar-com-roupa-engomada-com-cocaina\/\",\"url\":\"https:\/\/www.notibras.com\/site\/passageiro-preso-ao-tentar-embarcar-com-roupa-engomada-com-cocaina\/\",\"name\":\"Passageiro preso com roupa engomada com coca\u00edna - Notibras\",\"isPartOf\":{\"@id\":\"https:\/\/www.notibras.com\/site\/#website\"},\"primaryImageOfPage\":{\"@id\":\"https:\/\/www.notibras.com\/site\/passageiro-preso-ao-tentar-embarcar-com-roupa-engomada-com-cocaina\/#primaryimage\"},\"image\":{\"@id\":\"https:\/\/www.notibras.com\/site\/passageiro-preso-ao-tentar-embarcar-com-roupa-engomada-com-cocaina\/#primaryimage\"},\"thumbnailUrl\":\"https:\/\/www.notibras.com\/site\/wp-content\/uploads\/2014\/04\/montagem_cocaina.jpg\",\"datePublished\":\"2014-04-12T13:56:31+00:00\",\"dateModified\":\"2014-04-13T02:38:26+00:00\",\"breadcrumb\":{\"@id\":\"https:\/\/www.notibras.com\/site\/passageiro-preso-ao-tentar-embarcar-com-roupa-engomada-com-cocaina\/#breadcrumb\"},\"inLanguage\":\"pt-BR\",\"potentialAction\":[{\"@type\":\"ReadAction\",\"target\":[\"https:\/\/www.notibras.com\/site\/passageiro-preso-ao-tentar-embarcar-com-roupa-engomada-com-cocaina\/\"]}]},{\"@type\":\"ImageObject\",\"inLanguage\":\"pt-BR\",\"@id\":\"https:\/\/www.notibras.com\/site\/passageiro-preso-ao-tentar-embarcar-com-roupa-engomada-com-cocaina\/#primaryimage\",\"url\":\"https:\/\/www.notibras.com\/site\/wp-content\/uploads\/2014\/04\/montagem_cocaina.jpg\",\"contentUrl\":\"https:\/\/www.notibras.com\/site\/wp-content\/uploads\/2014\/04\/montagem_cocaina.jpg\",\"width\":620,\"height\":465},{\"@type\":\"BreadcrumbList\",\"@id\":\"https:\/\/www.notibras.com\/site\/passageiro-preso-ao-tentar-embarcar-com-roupa-engomada-com-cocaina\/#breadcrumb\",\"itemListElement\":[{\"@type\":\"ListItem\",\"position\":1,\"name\":\"In\u00edcio\",\"item\":\"https:\/\/www.notibras.com\/site\/\"},{\"@type\":\"ListItem\",\"position\":2,\"name\":\"Passageiro preso com roupa engomada com coca\u00edna\"}]},{\"@type\":\"WebSite\",\"@id\":\"https:\/\/www.notibras.com\/site\/#website\",\"url\":\"https:\/\/www.notibras.com\/site\/\",\"name\":\"Notibras\",\"description\":\"Not\u00edcias de Bras\u00edlia, do Brasil e do Mundo\",\"publisher\":{\"@id\":\"https:\/\/www.notibras.com\/site\/#organization\"},\"potentialAction\":[{\"@type\":\"SearchAction\",\"target\":{\"@type\":\"EntryPoint\",\"urlTemplate\":\"https:\/\/www.notibras.com\/site\/?s={search_term_string}\"},\"query-input\":{\"@type\":\"PropertyValueSpecification\",\"valueRequired\":true,\"valueName\":\"search_term_string\"}}],\"inLanguage\":\"pt-BR\"},{\"@type\":\"Organization\",\"@id\":\"https:\/\/www.notibras.com\/site\/#organization\",\"name\":\"Grupo Notibras de Comunica\u00e7\u00e3o\",\"url\":\"https:\/\/www.notibras.com\/site\/\",\"logo\":{\"@type\":\"ImageObject\",\"inLanguage\":\"pt-BR\",\"@id\":\"https:\/\/www.notibras.com\/site\/#\/schema\/logo\/image\/\",\"url\":\"https:\/\/www.notibras.com\/site\/wp-content\/uploads\/2023\/01\/notibras23.png\",\"contentUrl\":\"https:\/\/www.notibras.com\/site\/wp-content\/uploads\/2023\/01\/notibras23.png\",\"width\":350,\"height\":87,\"caption\":\"Grupo Notibras de Comunica\u00e7\u00e3o\"},\"image\":{\"@id\":\"https:\/\/www.notibras.com\/site\/#\/schema\/logo\/image\/\"},\"sameAs\":[\"https:\/\/www.facebook.com\/notibras\/\",\"https:\/\/x.com\/Notibras\",\"https:\/\/www.instagram.com\/notibras\/\"]},{\"@type\":\"Person\",\"@id\":\"https:\/\/www.notibras.com\/site\/#\/schema\/person\/36ab0979449956132d3e5b517ea76ac8\",\"name\":\"Reda\u00e7\u00e3o\",\"image\":{\"@type\":\"ImageObject\",\"inLanguage\":\"pt-BR\",\"@id\":\"https:\/\/secure.gravatar.com\/avatar\/e0a867bdedb85fd243eadf09663511f96fc81e0720a4a42581f334ad4303aa6b?s=96&d=mm&r=g\",\"url\":\"https:\/\/secure.gravatar.com\/avatar\/e0a867bdedb85fd243eadf09663511f96fc81e0720a4a42581f334ad4303aa6b?s=96&d=mm&r=g\",\"contentUrl\":\"https:\/\/secure.gravatar.com\/avatar\/e0a867bdedb85fd243eadf09663511f96fc81e0720a4a42581f334ad4303aa6b?s=96&d=mm&r=g\",\"caption\":\"Reda\u00e7\u00e3o\"}}]}<\/script>\n<!-- \/ Yoast SEO plugin. -->","yoast_head_json":{"title":"Passageiro preso com roupa engomada com coca\u00edna - Notibras","robots":{"index":"index","follow":"follow","max-snippet":"max-snippet:-1","max-image-preview":"max-image-preview:large","max-video-preview":"max-video-preview:-1"},"canonical":"https:\/\/www.notibras.com\/site\/passageiro-preso-ao-tentar-embarcar-com-roupa-engomada-com-cocaina\/","og_locale":"pt_BR","og_type":"article","og_title":"Passageiro preso com roupa engomada com coca\u00edna - Notibras","og_description":"A Pol\u00edcia Federal (PF) e a Receita Federal (RF) apreenderam roupas engomadas com coca\u00edna no aeroporto de Foz do Igua\u00e7u, no oeste do Paran\u00e1, por volta das 5h deste s\u00e1bado (12). Ao todo, eram tr\u00eas quilos da droga. As roupas estavam dentro de uma mala, e o respons\u00e1vel, de acordo com a pol\u00edcia, \u00e9 um [&hellip;]","og_url":"https:\/\/www.notibras.com\/site\/passageiro-preso-ao-tentar-embarcar-com-roupa-engomada-com-cocaina\/","og_site_name":"Notibras","article_publisher":"https:\/\/www.facebook.com\/notibras\/","article_published_time":"2014-04-12T13:56:31+00:00","article_modified_time":"2014-04-13T02:38:26+00:00","og_image":[{"width":620,"height":465,"url":"https:\/\/www.notibras.com\/site\/wp-content\/uploads\/2014\/04\/montagem_cocaina.jpg","type":"image\/jpeg"}],"author":"Reda\u00e7\u00e3o","twitter_card":"summary_large_image","twitter_creator":"@Notibras","twitter_site":"@Notibras","twitter_misc":{"Escrito por":"Reda\u00e7\u00e3o","Est. tempo de leitura":"1 minuto"},"schema":{"@context":"https:\/\/schema.org","@graph":[{"@type":"Article","@id":"https:\/\/www.notibras.com\/site\/passageiro-preso-ao-tentar-embarcar-com-roupa-engomada-com-cocaina\/#article","isPartOf":{"@id":"https:\/\/www.notibras.com\/site\/passageiro-preso-ao-tentar-embarcar-com-roupa-engomada-com-cocaina\/"},"author":{"name":"Reda\u00e7\u00e3o","@id":"https:\/\/www.notibras.com\/site\/#\/schema\/person\/36ab0979449956132d3e5b517ea76ac8"},"headline":"Passageiro preso com roupa engomada com coca\u00edna","datePublished":"2014-04-12T13:56:31+00:00","dateModified":"2014-04-13T02:38:26+00:00","mainEntityOfPage":{"@id":"https:\/\/www.notibras.com\/site\/passageiro-preso-ao-tentar-embarcar-com-roupa-engomada-com-cocaina\/"},"wordCount":150,"commentCount":0,"publisher":{"@id":"https:\/\/www.notibras.com\/site\/#organization"},"image":{"@id":"https:\/\/www.notibras.com\/site\/passageiro-preso-ao-tentar-embarcar-com-roupa-engomada-com-cocaina\/#primaryimage"},"thumbnailUrl":"https:\/\/www.notibras.com\/site\/wp-content\/uploads\/2014\/04\/montagem_cocaina.jpg","articleSection":["Brasil"],"inLanguage":"pt-BR","potentialAction":[{"@type":"CommentAction","name":"Comment","target":["https:\/\/www.notibras.com\/site\/passageiro-preso-ao-tentar-embarcar-com-roupa-engomada-com-cocaina\/#respond"]}]},{"@type":"WebPage","@id":"https:\/\/www.notibras.com\/site\/passageiro-preso-ao-tentar-embarcar-com-roupa-engomada-com-cocaina\/","url":"https:\/\/www.notibras.com\/site\/passageiro-preso-ao-tentar-embarcar-com-roupa-engomada-com-cocaina\/","name":"Passageiro preso com roupa engomada com coca\u00edna - Notibras","isPartOf":{"@id":"https:\/\/www.notibras.com\/site\/#website"},"primaryImageOfPage":{"@id":"https:\/\/www.notibras.com\/site\/passageiro-preso-ao-tentar-embarcar-com-roupa-engomada-com-cocaina\/#primaryimage"},"image":{"@id":"https:\/\/www.notibras.com\/site\/passageiro-preso-ao-tentar-embarcar-com-roupa-engomada-com-cocaina\/#primaryimage"},"thumbnailUrl":"https:\/\/www.notibras.com\/site\/wp-content\/uploads\/2014\/04\/montagem_cocaina.jpg","datePublished":"2014-04-12T13:56:31+00:00","dateModified":"2014-04-13T02:38:26+00:00","breadcrumb":{"@id":"https:\/\/www.notibras.com\/site\/passageiro-preso-ao-tentar-embarcar-com-roupa-engomada-com-cocaina\/#breadcrumb"},"inLanguage":"pt-BR","potentialAction":[{"@type":"ReadAction","target":["https:\/\/www.notibras.com\/site\/passageiro-preso-ao-tentar-embarcar-com-roupa-engomada-com-cocaina\/"]}]},{"@type":"ImageObject","inLanguage":"pt-BR","@id":"https:\/\/www.notibras.com\/site\/passageiro-preso-ao-tentar-embarcar-com-roupa-engomada-com-cocaina\/#primaryimage","url":"https:\/\/www.notibras.com\/site\/wp-content\/uploads\/2014\/04\/montagem_cocaina.jpg","contentUrl":"https:\/\/www.notibras.com\/site\/wp-content\/uploads\/2014\/04\/montagem_cocaina.jpg","width":620,"height":465},{"@type":"BreadcrumbList","@id":"https:\/\/www.notibras.com\/site\/passageiro-preso-ao-tentar-embarcar-com-roupa-engomada-com-cocaina\/#breadcrumb","itemListElement":[{"@type":"ListItem","position":1,"name":"In\u00edcio","item":"https:\/\/www.notibras.com\/site\/"},{"@type":"ListItem","position":2,"name":"Passageiro preso com roupa engomada com coca\u00edna"}]},{"@type":"WebSite","@id":"https:\/\/www.notibras.com\/site\/#website","url":"https:\/\/www.notibras.com\/site\/","name":"Notibras","description":"Not\u00edcias de Bras\u00edlia, do Brasil e do Mundo","publisher":{"@id":"https:\/\/www.notibras.com\/site\/#organization"},"potentialAction":[{"@type":"SearchAction","target":{"@type":"EntryPoint","urlTemplate":"https:\/\/www.notibras.com\/site\/?s={search_term_string}"},"query-input":{"@type":"PropertyValueSpecification","valueRequired":true,"valueName":"search_term_string"}}],"inLanguage":"pt-BR"},{"@type":"Organization","@id":"https:\/\/www.notibras.com\/site\/#organization","name":"Grupo Notibras de Comunica\u00e7\u00e3o","url":"https:\/\/www.notibras.com\/site\/","logo":{"@type":"ImageObject","inLanguage":"pt-BR","@id":"https:\/\/www.notibras.com\/site\/#\/schema\/logo\/image\/","url":"https:\/\/www.notibras.com\/site\/wp-content\/uploads\/2023\/01\/notibras23.png","contentUrl":"https:\/\/www.notibras.com\/site\/wp-content\/uploads\/2023\/01\/notibras23.png","width":350,"height":87,"caption":"Grupo Notibras de Comunica\u00e7\u00e3o"},"image":{"@id":"https:\/\/www.notibras.com\/site\/#\/schema\/logo\/image\/"},"sameAs":["https:\/\/www.facebook.com\/notibras\/","https:\/\/x.com\/Notibras","https:\/\/www.instagram.com\/notibras\/"]},{"@type":"Person","@id":"https:\/\/www.notibras.com\/site\/#\/schema\/person\/36ab0979449956132d3e5b517ea76ac8","name":"Reda\u00e7\u00e3o","image":{"@type":"ImageObject","inLanguage":"pt-BR","@id":"https:\/\/secure.gravatar.com\/avatar\/e0a867bdedb85fd243eadf09663511f96fc81e0720a4a42581f334ad4303aa6b?s=96&d=mm&r=g","url":"https:\/\/secure.gravatar.com\/avatar\/e0a867bdedb85fd243eadf09663511f96fc81e0720a4a42581f334ad4303aa6b?s=96&d=mm&r=g","contentUrl":"https:\/\/secure.gravatar.com\/avatar\/e0a867bdedb85fd243eadf09663511f96fc81e0720a4a42581f334ad4303aa6b?s=96&d=mm&r=g","caption":"Reda\u00e7\u00e3o"}}]}},"amp_enabled":true,"_links":{"self":[{"href":"https:\/\/www.notibras.com\/site\/wp-json\/wp\/v2\/posts\/6613","targetHints":{"allow":["GET"]}}],"collection":[{"href":"https:\/\/www.notibras.com\/site\/wp-json\/wp\/v2\/posts"}],"about":[{"href":"https:\/\/www.notibras.com\/site\/wp-json\/wp\/v2\/types\/post"}],"author":[{"embeddable":true,"href":"https:\/\/www.notibras.com\/site\/wp-json\/wp\/v2\/users\/2"}],"replies":[{"embeddable":true,"href":"https:\/\/www.notibras.com\/site\/wp-json\/wp\/v2\/comments?post=6613"}],"version-history":[{"count":0,"href":"https:\/\/www.notibras.com\/site\/wp-json\/wp\/v2\/posts\/6613\/revisions"}],"wp:featuredmedia":[{"embeddable":true,"href":"https:\/\/www.notibras.com\/site\/wp-json\/wp\/v2\/media\/6614"}],"wp:attachment":[{"href":"https:\/\/www.notibras.com\/site\/wp-json\/wp\/v2\/media?parent=6613"}],"wp:term":[{"taxonomy":"category","embeddable":true,"href":"https:\/\/www.notibras.com\/site\/wp-json\/wp\/v2\/categories?post=6613"},{"taxonomy":"post_tag","embeddable":true,"href":"https:\/\/www.notibras.com\/site\/wp-json\/wp\/v2\/tags?post=6613"}],"curies":[{"name":"wp","href":"https:\/\/api.w.org\/{rel}","templated":true}]}}