{"id":66152,"date":"2015-09-04T07:44:32","date_gmt":"2015-09-04T10:44:32","guid":{"rendered":"http:\/\/www.notibras.com\/site\/?p=66152"},"modified":"2015-09-04T11:47:49","modified_gmt":"2015-09-04T14:47:49","slug":"morre-modelo-de-25-anos-atropelada-enquanto-pedalava-na-avenida-faria-lima","status":"publish","type":"post","link":"https:\/\/www.notibras.com\/site\/morre-modelo-de-25-anos-atropelada-enquanto-pedalava-na-avenida-faria-lima\/","title":{"rendered":"Morre modelo de 25 anos atropelada quando pedalava na avenida Faria Lima"},"content":{"rendered":"<p>A modelo Mariana Livinalli Rodriguez, de 25 anos, atropelada por um \u00f4nibus na ciclovia da Avenida Brigadeiro Faria Lima (zona sul de S\u00e3o Paulo) na ter\u00e7a-feira, dia 1\u00ba, morreu na noite desta quinta-feira. A jovem sofreu traumatismo craniano e teve o \u00f3bito confirmado pelo Registro Geral do Hospital das Cl\u00ednicas.<\/p>\n<p>De acordo com as informa\u00e7\u00f5es dadas na portaria do HC, os pais haviam sido informados e estavam adiantando os documentos para a libera\u00e7\u00e3o do corpo. A ag\u00eancia JOY Model Management havia informado \u00e0s 22h13 sobre o \u00f3bito. Mas a assessoria do centro m\u00e9dico manteve a informa\u00e7\u00e3o de que, at\u00e9 o boletim das 22h, ainda n\u00e3o havia sido registrada a morte. Thiago Bonduky, rela\u00e7\u00f5es-p\u00fablicas e amigo da modelo, lamentou a morte.<\/p>\n<p>A ciclista nasceu em Soledade, no Rio Grande do Sul, morava sozinha em S\u00e3o Paulo e fazia trabalhos como modelo para a JOY. Ela tinha sido capa de duas edi\u00e7\u00f5es da revista Women&#8217;s Health e uma da Boa Forma. Se n\u00e3o fosse o contato com o trabalho, a jovem poderia n\u00e3o ter sido localizada pela fam\u00edlia ap\u00f3s o acidente, cujas causas ainda devem ser investigadas.<\/p>\n<p>Ontem, um agente de tr\u00e2nsito registrou os sem\u00e1foros &#8211; incluindo os dos ciclistas &#8211; no cruzamento da Faria Lima com a Rua Chopin Tavares de Lima para an\u00e1lise. A Prefeitura n\u00e3o disse se haver\u00e1 altera\u00e7\u00f5es no local.<\/p>\n<p>A pol\u00edcia suspeita de que Mariana tenha desrespeitado o sinal vermelho para bikes. Ela trafegava pela ciclovia no sentido Pra\u00e7a Pan-Americana e atravessou o cruzamento. O motorista estava no mesmo sentido pela avenida e fazia uma convers\u00e3o \u00e0 esquerda, no momento em que atingiu a modelo com a parte esquerda do ve\u00edculo. O caso foi registrado no 14.\u00ba DP (Pinheiros) como les\u00e3o corporal culposa (sem inten\u00e7\u00e3o).<\/p>\n<p>No boletim de ocorr\u00eancia, o motorista do \u00f4nibus afirmou que a v\u00edtima &#8220;n\u00e3o observou o sem\u00e1foro fechado para ela e atravessou a via&#8221;. Dois peritos da Pol\u00edcia Cient\u00edfica foram at\u00e9 o cruzamento e relataram no documento que &#8220;possivelmente a v\u00edtima n\u00e3o observou o sem\u00e1foro desfavor\u00e1vel&#8221;.<\/p>\n<p>Ontem, o prefeito Fernando Haddad (PT) comentou o acidente. &#8220;Vamos aguardar esse inqu\u00e9rito, vamos verificar o que aconteceu. Vamos deixar a per\u00edcia avaliar antes de ficar prejulgando o comportamento seja do motorista, seja da ciclista.&#8221;<\/p>\n","protected":false},"excerpt":{"rendered":"<p>A modelo Mariana Livinalli Rodriguez, de 25 anos, atropelada por um \u00f4nibus na ciclovia da Avenida Brigadeiro Faria Lima (zona sul de S\u00e3o Paulo) na ter\u00e7a-feira, dia 1\u00ba, morreu na noite desta quinta-feira. A jovem sofreu traumatismo craniano e teve o \u00f3bito confirmado pelo Registro Geral do Hospital das Cl\u00ednicas. De acordo com as informa\u00e7\u00f5es [&hellip;]<\/p>\n","protected":false},"author":2,"featured_media":66153,"comment_status":"open","ping_status":"closed","sticky":false,"template":"","format":"standard","meta":{"_acf_changed":false,"footnotes":""},"categories":[16],"tags":[],"class_list":["post-66152","post","type-post","status-publish","format-standard","has-post-thumbnail","hentry","category-brasil"],"acf":[],"yoast_head":"<!-- This site is optimized with the Yoast SEO plugin v27.2 - https:\/\/yoast.com\/product\/yoast-seo-wordpress\/ -->\n<title>Morre modelo de 25 anos atropelada quando pedalava na avenida Faria Lima - Notibras<\/title>\n<meta name=\"robots\" content=\"index, follow, max-snippet:-1, max-image-preview:large, max-video-preview:-1\" \/>\n<link rel=\"canonical\" href=\"https:\/\/www.notibras.com\/site\/morre-modelo-de-25-anos-atropelada-enquanto-pedalava-na-avenida-faria-lima\/\" \/>\n<meta property=\"og:locale\" content=\"pt_BR\" \/>\n<meta property=\"og:type\" content=\"article\" \/>\n<meta property=\"og:title\" content=\"Morre modelo de 25 anos atropelada quando pedalava na avenida Faria Lima - Notibras\" \/>\n<meta property=\"og:description\" content=\"A modelo Mariana Livinalli Rodriguez, de 25 anos, atropelada por um \u00f4nibus na ciclovia da Avenida Brigadeiro Faria Lima (zona sul de S\u00e3o Paulo) na ter\u00e7a-feira, dia 1\u00ba, morreu na noite desta quinta-feira. A jovem sofreu traumatismo craniano e teve o \u00f3bito confirmado pelo Registro Geral do Hospital das Cl\u00ednicas. De acordo com as informa\u00e7\u00f5es [&hellip;]\" \/>\n<meta property=\"og:url\" content=\"https:\/\/www.notibras.com\/site\/morre-modelo-de-25-anos-atropelada-enquanto-pedalava-na-avenida-faria-lima\/\" \/>\n<meta property=\"og:site_name\" content=\"Notibras\" \/>\n<meta property=\"article:publisher\" content=\"https:\/\/www.facebook.com\/notibras\/\" \/>\n<meta property=\"article:published_time\" content=\"2015-09-04T10:44:32+00:00\" \/>\n<meta property=\"article:modified_time\" content=\"2015-09-04T14:47:49+00:00\" \/>\n<meta property=\"og:image\" content=\"https:\/\/www.notibras.com\/site\/wp-content\/uploads\/2015\/09\/mod.jpg\" \/>\n\t<meta property=\"og:image:width\" content=\"620\" \/>\n\t<meta property=\"og:image:height\" content=\"415\" \/>\n\t<meta property=\"og:image:type\" content=\"image\/jpeg\" \/>\n<meta name=\"author\" content=\"Reda\u00e7\u00e3o\" \/>\n<meta name=\"twitter:card\" content=\"summary_large_image\" \/>\n<meta name=\"twitter:creator\" content=\"@Notibras\" \/>\n<meta name=\"twitter:site\" content=\"@Notibras\" \/>\n<meta name=\"twitter:label1\" content=\"Escrito por\" \/>\n\t<meta name=\"twitter:data1\" content=\"Reda\u00e7\u00e3o\" \/>\n\t<meta name=\"twitter:label2\" content=\"Est. tempo de leitura\" \/>\n\t<meta name=\"twitter:data2\" content=\"2 minutos\" \/>\n<script type=\"application\/ld+json\" class=\"yoast-schema-graph\">{\"@context\":\"https:\/\/schema.org\",\"@graph\":[{\"@type\":\"Article\",\"@id\":\"https:\/\/www.notibras.com\/site\/morre-modelo-de-25-anos-atropelada-enquanto-pedalava-na-avenida-faria-lima\/#article\",\"isPartOf\":{\"@id\":\"https:\/\/www.notibras.com\/site\/morre-modelo-de-25-anos-atropelada-enquanto-pedalava-na-avenida-faria-lima\/\"},\"author\":{\"name\":\"Reda\u00e7\u00e3o\",\"@id\":\"https:\/\/www.notibras.com\/site\/#\/schema\/person\/36ab0979449956132d3e5b517ea76ac8\"},\"headline\":\"Morre modelo de 25 anos atropelada quando pedalava na avenida Faria Lima\",\"datePublished\":\"2015-09-04T10:44:32+00:00\",\"dateModified\":\"2015-09-04T14:47:49+00:00\",\"mainEntityOfPage\":{\"@id\":\"https:\/\/www.notibras.com\/site\/morre-modelo-de-25-anos-atropelada-enquanto-pedalava-na-avenida-faria-lima\/\"},\"wordCount\":415,\"commentCount\":0,\"publisher\":{\"@id\":\"https:\/\/www.notibras.com\/site\/#organization\"},\"image\":{\"@id\":\"https:\/\/www.notibras.com\/site\/morre-modelo-de-25-anos-atropelada-enquanto-pedalava-na-avenida-faria-lima\/#primaryimage\"},\"thumbnailUrl\":\"https:\/\/www.notibras.com\/site\/wp-content\/uploads\/2015\/09\/mod.jpg\",\"articleSection\":[\"Brasil\"],\"inLanguage\":\"pt-BR\",\"potentialAction\":[{\"@type\":\"CommentAction\",\"name\":\"Comment\",\"target\":[\"https:\/\/www.notibras.com\/site\/morre-modelo-de-25-anos-atropelada-enquanto-pedalava-na-avenida-faria-lima\/#respond\"]}]},{\"@type\":\"WebPage\",\"@id\":\"https:\/\/www.notibras.com\/site\/morre-modelo-de-25-anos-atropelada-enquanto-pedalava-na-avenida-faria-lima\/\",\"url\":\"https:\/\/www.notibras.com\/site\/morre-modelo-de-25-anos-atropelada-enquanto-pedalava-na-avenida-faria-lima\/\",\"name\":\"Morre modelo de 25 anos atropelada quando pedalava na avenida Faria Lima - Notibras\",\"isPartOf\":{\"@id\":\"https:\/\/www.notibras.com\/site\/#website\"},\"primaryImageOfPage\":{\"@id\":\"https:\/\/www.notibras.com\/site\/morre-modelo-de-25-anos-atropelada-enquanto-pedalava-na-avenida-faria-lima\/#primaryimage\"},\"image\":{\"@id\":\"https:\/\/www.notibras.com\/site\/morre-modelo-de-25-anos-atropelada-enquanto-pedalava-na-avenida-faria-lima\/#primaryimage\"},\"thumbnailUrl\":\"https:\/\/www.notibras.com\/site\/wp-content\/uploads\/2015\/09\/mod.jpg\",\"datePublished\":\"2015-09-04T10:44:32+00:00\",\"dateModified\":\"2015-09-04T14:47:49+00:00\",\"breadcrumb\":{\"@id\":\"https:\/\/www.notibras.com\/site\/morre-modelo-de-25-anos-atropelada-enquanto-pedalava-na-avenida-faria-lima\/#breadcrumb\"},\"inLanguage\":\"pt-BR\",\"potentialAction\":[{\"@type\":\"ReadAction\",\"target\":[\"https:\/\/www.notibras.com\/site\/morre-modelo-de-25-anos-atropelada-enquanto-pedalava-na-avenida-faria-lima\/\"]}]},{\"@type\":\"ImageObject\",\"inLanguage\":\"pt-BR\",\"@id\":\"https:\/\/www.notibras.com\/site\/morre-modelo-de-25-anos-atropelada-enquanto-pedalava-na-avenida-faria-lima\/#primaryimage\",\"url\":\"https:\/\/www.notibras.com\/site\/wp-content\/uploads\/2015\/09\/mod.jpg\",\"contentUrl\":\"https:\/\/www.notibras.com\/site\/wp-content\/uploads\/2015\/09\/mod.jpg\",\"width\":620,\"height\":415},{\"@type\":\"BreadcrumbList\",\"@id\":\"https:\/\/www.notibras.com\/site\/morre-modelo-de-25-anos-atropelada-enquanto-pedalava-na-avenida-faria-lima\/#breadcrumb\",\"itemListElement\":[{\"@type\":\"ListItem\",\"position\":1,\"name\":\"In\u00edcio\",\"item\":\"https:\/\/www.notibras.com\/site\/\"},{\"@type\":\"ListItem\",\"position\":2,\"name\":\"Morre modelo de 25 anos atropelada quando pedalava na avenida Faria Lima\"}]},{\"@type\":\"WebSite\",\"@id\":\"https:\/\/www.notibras.com\/site\/#website\",\"url\":\"https:\/\/www.notibras.com\/site\/\",\"name\":\"Notibras\",\"description\":\"Not\u00edcias de Bras\u00edlia, do Brasil e do Mundo\",\"publisher\":{\"@id\":\"https:\/\/www.notibras.com\/site\/#organization\"},\"potentialAction\":[{\"@type\":\"SearchAction\",\"target\":{\"@type\":\"EntryPoint\",\"urlTemplate\":\"https:\/\/www.notibras.com\/site\/?s={search_term_string}\"},\"query-input\":{\"@type\":\"PropertyValueSpecification\",\"valueRequired\":true,\"valueName\":\"search_term_string\"}}],\"inLanguage\":\"pt-BR\"},{\"@type\":\"Organization\",\"@id\":\"https:\/\/www.notibras.com\/site\/#organization\",\"name\":\"Grupo Notibras de Comunica\u00e7\u00e3o\",\"url\":\"https:\/\/www.notibras.com\/site\/\",\"logo\":{\"@type\":\"ImageObject\",\"inLanguage\":\"pt-BR\",\"@id\":\"https:\/\/www.notibras.com\/site\/#\/schema\/logo\/image\/\",\"url\":\"https:\/\/www.notibras.com\/site\/wp-content\/uploads\/2023\/01\/notibras23.png\",\"contentUrl\":\"https:\/\/www.notibras.com\/site\/wp-content\/uploads\/2023\/01\/notibras23.png\",\"width\":350,\"height\":87,\"caption\":\"Grupo Notibras de Comunica\u00e7\u00e3o\"},\"image\":{\"@id\":\"https:\/\/www.notibras.com\/site\/#\/schema\/logo\/image\/\"},\"sameAs\":[\"https:\/\/www.facebook.com\/notibras\/\",\"https:\/\/x.com\/Notibras\",\"https:\/\/www.instagram.com\/notibras\/\"]},{\"@type\":\"Person\",\"@id\":\"https:\/\/www.notibras.com\/site\/#\/schema\/person\/36ab0979449956132d3e5b517ea76ac8\",\"name\":\"Reda\u00e7\u00e3o\",\"image\":{\"@type\":\"ImageObject\",\"inLanguage\":\"pt-BR\",\"@id\":\"https:\/\/secure.gravatar.com\/avatar\/e0a867bdedb85fd243eadf09663511f96fc81e0720a4a42581f334ad4303aa6b?s=96&d=mm&r=g\",\"url\":\"https:\/\/secure.gravatar.com\/avatar\/e0a867bdedb85fd243eadf09663511f96fc81e0720a4a42581f334ad4303aa6b?s=96&d=mm&r=g\",\"contentUrl\":\"https:\/\/secure.gravatar.com\/avatar\/e0a867bdedb85fd243eadf09663511f96fc81e0720a4a42581f334ad4303aa6b?s=96&d=mm&r=g\",\"caption\":\"Reda\u00e7\u00e3o\"}}]}<\/script>\n<!-- \/ Yoast SEO plugin. -->","yoast_head_json":{"title":"Morre modelo de 25 anos atropelada quando pedalava na avenida Faria Lima - Notibras","robots":{"index":"index","follow":"follow","max-snippet":"max-snippet:-1","max-image-preview":"max-image-preview:large","max-video-preview":"max-video-preview:-1"},"canonical":"https:\/\/www.notibras.com\/site\/morre-modelo-de-25-anos-atropelada-enquanto-pedalava-na-avenida-faria-lima\/","og_locale":"pt_BR","og_type":"article","og_title":"Morre modelo de 25 anos atropelada quando pedalava na avenida Faria Lima - Notibras","og_description":"A modelo Mariana Livinalli Rodriguez, de 25 anos, atropelada por um \u00f4nibus na ciclovia da Avenida Brigadeiro Faria Lima (zona sul de S\u00e3o Paulo) na ter\u00e7a-feira, dia 1\u00ba, morreu na noite desta quinta-feira. A jovem sofreu traumatismo craniano e teve o \u00f3bito confirmado pelo Registro Geral do Hospital das Cl\u00ednicas. De acordo com as informa\u00e7\u00f5es [&hellip;]","og_url":"https:\/\/www.notibras.com\/site\/morre-modelo-de-25-anos-atropelada-enquanto-pedalava-na-avenida-faria-lima\/","og_site_name":"Notibras","article_publisher":"https:\/\/www.facebook.com\/notibras\/","article_published_time":"2015-09-04T10:44:32+00:00","article_modified_time":"2015-09-04T14:47:49+00:00","og_image":[{"width":620,"height":415,"url":"https:\/\/www.notibras.com\/site\/wp-content\/uploads\/2015\/09\/mod.jpg","type":"image\/jpeg"}],"author":"Reda\u00e7\u00e3o","twitter_card":"summary_large_image","twitter_creator":"@Notibras","twitter_site":"@Notibras","twitter_misc":{"Escrito por":"Reda\u00e7\u00e3o","Est. tempo de leitura":"2 minutos"},"schema":{"@context":"https:\/\/schema.org","@graph":[{"@type":"Article","@id":"https:\/\/www.notibras.com\/site\/morre-modelo-de-25-anos-atropelada-enquanto-pedalava-na-avenida-faria-lima\/#article","isPartOf":{"@id":"https:\/\/www.notibras.com\/site\/morre-modelo-de-25-anos-atropelada-enquanto-pedalava-na-avenida-faria-lima\/"},"author":{"name":"Reda\u00e7\u00e3o","@id":"https:\/\/www.notibras.com\/site\/#\/schema\/person\/36ab0979449956132d3e5b517ea76ac8"},"headline":"Morre modelo de 25 anos atropelada quando pedalava na avenida Faria Lima","datePublished":"2015-09-04T10:44:32+00:00","dateModified":"2015-09-04T14:47:49+00:00","mainEntityOfPage":{"@id":"https:\/\/www.notibras.com\/site\/morre-modelo-de-25-anos-atropelada-enquanto-pedalava-na-avenida-faria-lima\/"},"wordCount":415,"commentCount":0,"publisher":{"@id":"https:\/\/www.notibras.com\/site\/#organization"},"image":{"@id":"https:\/\/www.notibras.com\/site\/morre-modelo-de-25-anos-atropelada-enquanto-pedalava-na-avenida-faria-lima\/#primaryimage"},"thumbnailUrl":"https:\/\/www.notibras.com\/site\/wp-content\/uploads\/2015\/09\/mod.jpg","articleSection":["Brasil"],"inLanguage":"pt-BR","potentialAction":[{"@type":"CommentAction","name":"Comment","target":["https:\/\/www.notibras.com\/site\/morre-modelo-de-25-anos-atropelada-enquanto-pedalava-na-avenida-faria-lima\/#respond"]}]},{"@type":"WebPage","@id":"https:\/\/www.notibras.com\/site\/morre-modelo-de-25-anos-atropelada-enquanto-pedalava-na-avenida-faria-lima\/","url":"https:\/\/www.notibras.com\/site\/morre-modelo-de-25-anos-atropelada-enquanto-pedalava-na-avenida-faria-lima\/","name":"Morre modelo de 25 anos atropelada quando pedalava na avenida Faria Lima - Notibras","isPartOf":{"@id":"https:\/\/www.notibras.com\/site\/#website"},"primaryImageOfPage":{"@id":"https:\/\/www.notibras.com\/site\/morre-modelo-de-25-anos-atropelada-enquanto-pedalava-na-avenida-faria-lima\/#primaryimage"},"image":{"@id":"https:\/\/www.notibras.com\/site\/morre-modelo-de-25-anos-atropelada-enquanto-pedalava-na-avenida-faria-lima\/#primaryimage"},"thumbnailUrl":"https:\/\/www.notibras.com\/site\/wp-content\/uploads\/2015\/09\/mod.jpg","datePublished":"2015-09-04T10:44:32+00:00","dateModified":"2015-09-04T14:47:49+00:00","breadcrumb":{"@id":"https:\/\/www.notibras.com\/site\/morre-modelo-de-25-anos-atropelada-enquanto-pedalava-na-avenida-faria-lima\/#breadcrumb"},"inLanguage":"pt-BR","potentialAction":[{"@type":"ReadAction","target":["https:\/\/www.notibras.com\/site\/morre-modelo-de-25-anos-atropelada-enquanto-pedalava-na-avenida-faria-lima\/"]}]},{"@type":"ImageObject","inLanguage":"pt-BR","@id":"https:\/\/www.notibras.com\/site\/morre-modelo-de-25-anos-atropelada-enquanto-pedalava-na-avenida-faria-lima\/#primaryimage","url":"https:\/\/www.notibras.com\/site\/wp-content\/uploads\/2015\/09\/mod.jpg","contentUrl":"https:\/\/www.notibras.com\/site\/wp-content\/uploads\/2015\/09\/mod.jpg","width":620,"height":415},{"@type":"BreadcrumbList","@id":"https:\/\/www.notibras.com\/site\/morre-modelo-de-25-anos-atropelada-enquanto-pedalava-na-avenida-faria-lima\/#breadcrumb","itemListElement":[{"@type":"ListItem","position":1,"name":"In\u00edcio","item":"https:\/\/www.notibras.com\/site\/"},{"@type":"ListItem","position":2,"name":"Morre modelo de 25 anos atropelada quando pedalava na avenida Faria Lima"}]},{"@type":"WebSite","@id":"https:\/\/www.notibras.com\/site\/#website","url":"https:\/\/www.notibras.com\/site\/","name":"Notibras","description":"Not\u00edcias de Bras\u00edlia, do Brasil e do Mundo","publisher":{"@id":"https:\/\/www.notibras.com\/site\/#organization"},"potentialAction":[{"@type":"SearchAction","target":{"@type":"EntryPoint","urlTemplate":"https:\/\/www.notibras.com\/site\/?s={search_term_string}"},"query-input":{"@type":"PropertyValueSpecification","valueRequired":true,"valueName":"search_term_string"}}],"inLanguage":"pt-BR"},{"@type":"Organization","@id":"https:\/\/www.notibras.com\/site\/#organization","name":"Grupo Notibras de Comunica\u00e7\u00e3o","url":"https:\/\/www.notibras.com\/site\/","logo":{"@type":"ImageObject","inLanguage":"pt-BR","@id":"https:\/\/www.notibras.com\/site\/#\/schema\/logo\/image\/","url":"https:\/\/www.notibras.com\/site\/wp-content\/uploads\/2023\/01\/notibras23.png","contentUrl":"https:\/\/www.notibras.com\/site\/wp-content\/uploads\/2023\/01\/notibras23.png","width":350,"height":87,"caption":"Grupo Notibras de Comunica\u00e7\u00e3o"},"image":{"@id":"https:\/\/www.notibras.com\/site\/#\/schema\/logo\/image\/"},"sameAs":["https:\/\/www.facebook.com\/notibras\/","https:\/\/x.com\/Notibras","https:\/\/www.instagram.com\/notibras\/"]},{"@type":"Person","@id":"https:\/\/www.notibras.com\/site\/#\/schema\/person\/36ab0979449956132d3e5b517ea76ac8","name":"Reda\u00e7\u00e3o","image":{"@type":"ImageObject","inLanguage":"pt-BR","@id":"https:\/\/secure.gravatar.com\/avatar\/e0a867bdedb85fd243eadf09663511f96fc81e0720a4a42581f334ad4303aa6b?s=96&d=mm&r=g","url":"https:\/\/secure.gravatar.com\/avatar\/e0a867bdedb85fd243eadf09663511f96fc81e0720a4a42581f334ad4303aa6b?s=96&d=mm&r=g","contentUrl":"https:\/\/secure.gravatar.com\/avatar\/e0a867bdedb85fd243eadf09663511f96fc81e0720a4a42581f334ad4303aa6b?s=96&d=mm&r=g","caption":"Reda\u00e7\u00e3o"}}]}},"amp_enabled":true,"_links":{"self":[{"href":"https:\/\/www.notibras.com\/site\/wp-json\/wp\/v2\/posts\/66152","targetHints":{"allow":["GET"]}}],"collection":[{"href":"https:\/\/www.notibras.com\/site\/wp-json\/wp\/v2\/posts"}],"about":[{"href":"https:\/\/www.notibras.com\/site\/wp-json\/wp\/v2\/types\/post"}],"author":[{"embeddable":true,"href":"https:\/\/www.notibras.com\/site\/wp-json\/wp\/v2\/users\/2"}],"replies":[{"embeddable":true,"href":"https:\/\/www.notibras.com\/site\/wp-json\/wp\/v2\/comments?post=66152"}],"version-history":[{"count":2,"href":"https:\/\/www.notibras.com\/site\/wp-json\/wp\/v2\/posts\/66152\/revisions"}],"predecessor-version":[{"id":66155,"href":"https:\/\/www.notibras.com\/site\/wp-json\/wp\/v2\/posts\/66152\/revisions\/66155"}],"wp:featuredmedia":[{"embeddable":true,"href":"https:\/\/www.notibras.com\/site\/wp-json\/wp\/v2\/media\/66153"}],"wp:attachment":[{"href":"https:\/\/www.notibras.com\/site\/wp-json\/wp\/v2\/media?parent=66152"}],"wp:term":[{"taxonomy":"category","embeddable":true,"href":"https:\/\/www.notibras.com\/site\/wp-json\/wp\/v2\/categories?post=66152"},{"taxonomy":"post_tag","embeddable":true,"href":"https:\/\/www.notibras.com\/site\/wp-json\/wp\/v2\/tags?post=66152"}],"curies":[{"name":"wp","href":"https:\/\/api.w.org\/{rel}","templated":true}]}}