{"id":66157,"date":"2015-09-04T02:54:43","date_gmt":"2015-09-04T05:54:43","guid":{"rendered":"http:\/\/www.notibras.com\/site\/?p=66157"},"modified":"2015-09-04T11:59:49","modified_gmt":"2015-09-04T14:59:49","slug":"saude-de-sao-paulo-comeca-a-se-preparar-para-enfrentar-nova-epidemia-de-dengue","status":"publish","type":"post","link":"https:\/\/www.notibras.com\/site\/saude-de-sao-paulo-comeca-a-se-preparar-para-enfrentar-nova-epidemia-de-dengue\/","title":{"rendered":"Sa\u00fade de S\u00e3o Paulo come\u00e7a a se preparar para enfrentar nova epidemia de dengue"},"content":{"rendered":"<p>A ocorr\u00eancia de casos de dengue no inverno em centenas de munic\u00edpios paulistas e a presen\u00e7a de larvas do mosquito Aedes aegypti mesmo no per\u00edodo mais frio do ano indicam que o Estado de S\u00e3o Paulo poder\u00e1 viver uma nova epidemia da doen\u00e7a no pr\u00f3ximo ver\u00e3o, com explos\u00e3o do n\u00famero de doentes tr\u00eas meses antes do per\u00edodo esperado.<\/p>\n<p>Dados apresentados ontem pela Secretaria Estadual da Sa\u00fade mostram que mais de 200 das 645 cidades paulistas est\u00e3o registrando transmiss\u00e3o do v\u00edrus durante o inverno. Outro levantamento, que mostra o \u00edndice de infesta\u00e7\u00e3o de larvas do mosquito Aedes aegypti em im\u00f3veis de 373 munic\u00edpios, revelou que sete cidades j\u00e1 est\u00e3o em situa\u00e7\u00e3o de risco por causa da presen\u00e7a do vetor e outras 86, em condi\u00e7\u00e3o de alerta.<\/p>\n<p>O quadro de infesta\u00e7\u00e3o, feito com base em dados de julho deste ano, \u00e9 similar ao observado no levantamento de outubro do ano passado, o que indica que a prolifera\u00e7\u00e3o do mosquito est\u00e1 ocorrendo mesmo no per\u00edodo mais frio do ano.<\/p>\n<p>&#8220;A eleva\u00e7\u00e3o da infesta\u00e7\u00e3o est\u00e1 se antecipando. Em um ano normal, a partir de janeiro ou fevereiro \u00e9 que se inicia a eleva\u00e7\u00e3o no n\u00famero de casos. Com a infesta\u00e7\u00e3o antecipada, temos o risco de o aumento de casos acontecer a partir de outubro, novembro&#8221;, disse Dalton Pereira da Fonseca Junior, superintendente da \u00e1rea de Controle de Endemias da secretaria.<\/p>\n<p>Diante do quadro, a secretaria anunciou na quinta-feira, 3, que vai dobrar o n\u00famero de agentes de combate \u00e0 dengue, com a contrata\u00e7\u00e3o tempor\u00e1ria de 500 desses profissionais para atuar nos pr\u00f3ximos tr\u00eas meses.<\/p>\n<p>A pasta tamb\u00e9m realizou uma reuni\u00e3o com mais de 350 prefeitos de cidades paulistas para apresentar o cen\u00e1rio de transmiss\u00e3o e definir estrat\u00e9gias de combate, como medidas de elimina\u00e7\u00e3o dos criadouros e capacita\u00e7\u00e3o de profissionais.<\/p>\n<p>&#8220;(No \u00faltimo ver\u00e3o) todo mundo fez o que podia fazer e claramente n\u00e3o foi suficiente. Temos de fazer mais e melhor. Em raz\u00e3o das mortes, vamos aprimorar muito a capacita\u00e7\u00e3o, a forma\u00e7\u00e3o dos profissionais de sa\u00fade, desde a aten\u00e7\u00e3o b\u00e1sica at\u00e9 o setor de emerg\u00eancia&#8221;, afirmou o secret\u00e1rio da Sa\u00fade, David Uip. Neste ano, o Estado de S\u00e3o Paulo bateu o recorde do n\u00famero de mortos pela doen\u00e7a, com 372 \u00f3bitos.<\/p>\n","protected":false},"excerpt":{"rendered":"<p>A ocorr\u00eancia de casos de dengue no inverno em centenas de munic\u00edpios paulistas e a presen\u00e7a de larvas do mosquito Aedes aegypti mesmo no per\u00edodo mais frio do ano indicam que o Estado de S\u00e3o Paulo poder\u00e1 viver uma nova epidemia da doen\u00e7a no pr\u00f3ximo ver\u00e3o, com explos\u00e3o do n\u00famero de doentes tr\u00eas meses antes [&hellip;]<\/p>\n","protected":false},"author":2,"featured_media":66158,"comment_status":"open","ping_status":"closed","sticky":false,"template":"","format":"standard","meta":{"_acf_changed":false,"footnotes":""},"categories":[16],"tags":[],"class_list":["post-66157","post","type-post","status-publish","format-standard","has-post-thumbnail","hentry","category-brasil"],"acf":[],"yoast_head":"<!-- This site is optimized with the Yoast SEO plugin v27.2 - https:\/\/yoast.com\/product\/yoast-seo-wordpress\/ -->\n<title>Sa\u00fade de S\u00e3o Paulo come\u00e7a a se preparar para enfrentar nova epidemia de dengue - Notibras<\/title>\n<meta name=\"robots\" content=\"index, follow, max-snippet:-1, max-image-preview:large, max-video-preview:-1\" \/>\n<link rel=\"canonical\" href=\"https:\/\/www.notibras.com\/site\/saude-de-sao-paulo-comeca-a-se-preparar-para-enfrentar-nova-epidemia-de-dengue\/\" \/>\n<meta property=\"og:locale\" content=\"pt_BR\" \/>\n<meta property=\"og:type\" content=\"article\" \/>\n<meta property=\"og:title\" content=\"Sa\u00fade de S\u00e3o Paulo come\u00e7a a se preparar para enfrentar nova epidemia de dengue - Notibras\" \/>\n<meta property=\"og:description\" content=\"A ocorr\u00eancia de casos de dengue no inverno em centenas de munic\u00edpios paulistas e a presen\u00e7a de larvas do mosquito Aedes aegypti mesmo no per\u00edodo mais frio do ano indicam que o Estado de S\u00e3o Paulo poder\u00e1 viver uma nova epidemia da doen\u00e7a no pr\u00f3ximo ver\u00e3o, com explos\u00e3o do n\u00famero de doentes tr\u00eas meses antes [&hellip;]\" \/>\n<meta property=\"og:url\" content=\"https:\/\/www.notibras.com\/site\/saude-de-sao-paulo-comeca-a-se-preparar-para-enfrentar-nova-epidemia-de-dengue\/\" \/>\n<meta property=\"og:site_name\" content=\"Notibras\" \/>\n<meta property=\"article:publisher\" content=\"https:\/\/www.facebook.com\/notibras\/\" \/>\n<meta property=\"article:published_time\" content=\"2015-09-04T05:54:43+00:00\" \/>\n<meta property=\"article:modified_time\" content=\"2015-09-04T14:59:49+00:00\" \/>\n<meta property=\"og:image\" content=\"https:\/\/www.notibras.com\/site\/wp-content\/uploads\/2015\/09\/epidemia-dengue.jpg\" \/>\n\t<meta property=\"og:image:width\" content=\"515\" \/>\n\t<meta property=\"og:image:height\" content=\"356\" \/>\n\t<meta property=\"og:image:type\" content=\"image\/jpeg\" \/>\n<meta name=\"author\" content=\"Reda\u00e7\u00e3o\" \/>\n<meta name=\"twitter:card\" content=\"summary_large_image\" \/>\n<meta name=\"twitter:creator\" content=\"@Notibras\" \/>\n<meta name=\"twitter:site\" content=\"@Notibras\" \/>\n<meta name=\"twitter:label1\" content=\"Escrito por\" \/>\n\t<meta name=\"twitter:data1\" content=\"Reda\u00e7\u00e3o\" \/>\n\t<meta name=\"twitter:label2\" content=\"Est. tempo de leitura\" \/>\n\t<meta name=\"twitter:data2\" content=\"2 minutos\" \/>\n<script type=\"application\/ld+json\" class=\"yoast-schema-graph\">{\"@context\":\"https:\/\/schema.org\",\"@graph\":[{\"@type\":\"Article\",\"@id\":\"https:\/\/www.notibras.com\/site\/saude-de-sao-paulo-comeca-a-se-preparar-para-enfrentar-nova-epidemia-de-dengue\/#article\",\"isPartOf\":{\"@id\":\"https:\/\/www.notibras.com\/site\/saude-de-sao-paulo-comeca-a-se-preparar-para-enfrentar-nova-epidemia-de-dengue\/\"},\"author\":{\"name\":\"Reda\u00e7\u00e3o\",\"@id\":\"https:\/\/www.notibras.com\/site\/#\/schema\/person\/36ab0979449956132d3e5b517ea76ac8\"},\"headline\":\"Sa\u00fade de S\u00e3o Paulo come\u00e7a a se preparar para enfrentar nova epidemia de dengue\",\"datePublished\":\"2015-09-04T05:54:43+00:00\",\"dateModified\":\"2015-09-04T14:59:49+00:00\",\"mainEntityOfPage\":{\"@id\":\"https:\/\/www.notibras.com\/site\/saude-de-sao-paulo-comeca-a-se-preparar-para-enfrentar-nova-epidemia-de-dengue\/\"},\"wordCount\":429,\"commentCount\":0,\"publisher\":{\"@id\":\"https:\/\/www.notibras.com\/site\/#organization\"},\"image\":{\"@id\":\"https:\/\/www.notibras.com\/site\/saude-de-sao-paulo-comeca-a-se-preparar-para-enfrentar-nova-epidemia-de-dengue\/#primaryimage\"},\"thumbnailUrl\":\"https:\/\/www.notibras.com\/site\/wp-content\/uploads\/2015\/09\/epidemia-dengue.jpg\",\"articleSection\":[\"Brasil\"],\"inLanguage\":\"pt-BR\",\"potentialAction\":[{\"@type\":\"CommentAction\",\"name\":\"Comment\",\"target\":[\"https:\/\/www.notibras.com\/site\/saude-de-sao-paulo-comeca-a-se-preparar-para-enfrentar-nova-epidemia-de-dengue\/#respond\"]}]},{\"@type\":\"WebPage\",\"@id\":\"https:\/\/www.notibras.com\/site\/saude-de-sao-paulo-comeca-a-se-preparar-para-enfrentar-nova-epidemia-de-dengue\/\",\"url\":\"https:\/\/www.notibras.com\/site\/saude-de-sao-paulo-comeca-a-se-preparar-para-enfrentar-nova-epidemia-de-dengue\/\",\"name\":\"Sa\u00fade de S\u00e3o Paulo come\u00e7a a se preparar para enfrentar nova epidemia de dengue - Notibras\",\"isPartOf\":{\"@id\":\"https:\/\/www.notibras.com\/site\/#website\"},\"primaryImageOfPage\":{\"@id\":\"https:\/\/www.notibras.com\/site\/saude-de-sao-paulo-comeca-a-se-preparar-para-enfrentar-nova-epidemia-de-dengue\/#primaryimage\"},\"image\":{\"@id\":\"https:\/\/www.notibras.com\/site\/saude-de-sao-paulo-comeca-a-se-preparar-para-enfrentar-nova-epidemia-de-dengue\/#primaryimage\"},\"thumbnailUrl\":\"https:\/\/www.notibras.com\/site\/wp-content\/uploads\/2015\/09\/epidemia-dengue.jpg\",\"datePublished\":\"2015-09-04T05:54:43+00:00\",\"dateModified\":\"2015-09-04T14:59:49+00:00\",\"breadcrumb\":{\"@id\":\"https:\/\/www.notibras.com\/site\/saude-de-sao-paulo-comeca-a-se-preparar-para-enfrentar-nova-epidemia-de-dengue\/#breadcrumb\"},\"inLanguage\":\"pt-BR\",\"potentialAction\":[{\"@type\":\"ReadAction\",\"target\":[\"https:\/\/www.notibras.com\/site\/saude-de-sao-paulo-comeca-a-se-preparar-para-enfrentar-nova-epidemia-de-dengue\/\"]}]},{\"@type\":\"ImageObject\",\"inLanguage\":\"pt-BR\",\"@id\":\"https:\/\/www.notibras.com\/site\/saude-de-sao-paulo-comeca-a-se-preparar-para-enfrentar-nova-epidemia-de-dengue\/#primaryimage\",\"url\":\"https:\/\/www.notibras.com\/site\/wp-content\/uploads\/2015\/09\/epidemia-dengue.jpg\",\"contentUrl\":\"https:\/\/www.notibras.com\/site\/wp-content\/uploads\/2015\/09\/epidemia-dengue.jpg\",\"width\":515,\"height\":356},{\"@type\":\"BreadcrumbList\",\"@id\":\"https:\/\/www.notibras.com\/site\/saude-de-sao-paulo-comeca-a-se-preparar-para-enfrentar-nova-epidemia-de-dengue\/#breadcrumb\",\"itemListElement\":[{\"@type\":\"ListItem\",\"position\":1,\"name\":\"In\u00edcio\",\"item\":\"https:\/\/www.notibras.com\/site\/\"},{\"@type\":\"ListItem\",\"position\":2,\"name\":\"Sa\u00fade de S\u00e3o Paulo come\u00e7a a se preparar para enfrentar nova epidemia de dengue\"}]},{\"@type\":\"WebSite\",\"@id\":\"https:\/\/www.notibras.com\/site\/#website\",\"url\":\"https:\/\/www.notibras.com\/site\/\",\"name\":\"Notibras\",\"description\":\"Not\u00edcias de Bras\u00edlia, do Brasil e do Mundo\",\"publisher\":{\"@id\":\"https:\/\/www.notibras.com\/site\/#organization\"},\"potentialAction\":[{\"@type\":\"SearchAction\",\"target\":{\"@type\":\"EntryPoint\",\"urlTemplate\":\"https:\/\/www.notibras.com\/site\/?s={search_term_string}\"},\"query-input\":{\"@type\":\"PropertyValueSpecification\",\"valueRequired\":true,\"valueName\":\"search_term_string\"}}],\"inLanguage\":\"pt-BR\"},{\"@type\":\"Organization\",\"@id\":\"https:\/\/www.notibras.com\/site\/#organization\",\"name\":\"Grupo Notibras de Comunica\u00e7\u00e3o\",\"url\":\"https:\/\/www.notibras.com\/site\/\",\"logo\":{\"@type\":\"ImageObject\",\"inLanguage\":\"pt-BR\",\"@id\":\"https:\/\/www.notibras.com\/site\/#\/schema\/logo\/image\/\",\"url\":\"https:\/\/www.notibras.com\/site\/wp-content\/uploads\/2023\/01\/notibras23.png\",\"contentUrl\":\"https:\/\/www.notibras.com\/site\/wp-content\/uploads\/2023\/01\/notibras23.png\",\"width\":350,\"height\":87,\"caption\":\"Grupo Notibras de Comunica\u00e7\u00e3o\"},\"image\":{\"@id\":\"https:\/\/www.notibras.com\/site\/#\/schema\/logo\/image\/\"},\"sameAs\":[\"https:\/\/www.facebook.com\/notibras\/\",\"https:\/\/x.com\/Notibras\",\"https:\/\/www.instagram.com\/notibras\/\"]},{\"@type\":\"Person\",\"@id\":\"https:\/\/www.notibras.com\/site\/#\/schema\/person\/36ab0979449956132d3e5b517ea76ac8\",\"name\":\"Reda\u00e7\u00e3o\",\"image\":{\"@type\":\"ImageObject\",\"inLanguage\":\"pt-BR\",\"@id\":\"https:\/\/secure.gravatar.com\/avatar\/e0a867bdedb85fd243eadf09663511f96fc81e0720a4a42581f334ad4303aa6b?s=96&d=mm&r=g\",\"url\":\"https:\/\/secure.gravatar.com\/avatar\/e0a867bdedb85fd243eadf09663511f96fc81e0720a4a42581f334ad4303aa6b?s=96&d=mm&r=g\",\"contentUrl\":\"https:\/\/secure.gravatar.com\/avatar\/e0a867bdedb85fd243eadf09663511f96fc81e0720a4a42581f334ad4303aa6b?s=96&d=mm&r=g\",\"caption\":\"Reda\u00e7\u00e3o\"}}]}<\/script>\n<!-- \/ Yoast SEO plugin. -->","yoast_head_json":{"title":"Sa\u00fade de S\u00e3o Paulo come\u00e7a a se preparar para enfrentar nova epidemia de dengue - Notibras","robots":{"index":"index","follow":"follow","max-snippet":"max-snippet:-1","max-image-preview":"max-image-preview:large","max-video-preview":"max-video-preview:-1"},"canonical":"https:\/\/www.notibras.com\/site\/saude-de-sao-paulo-comeca-a-se-preparar-para-enfrentar-nova-epidemia-de-dengue\/","og_locale":"pt_BR","og_type":"article","og_title":"Sa\u00fade de S\u00e3o Paulo come\u00e7a a se preparar para enfrentar nova epidemia de dengue - Notibras","og_description":"A ocorr\u00eancia de casos de dengue no inverno em centenas de munic\u00edpios paulistas e a presen\u00e7a de larvas do mosquito Aedes aegypti mesmo no per\u00edodo mais frio do ano indicam que o Estado de S\u00e3o Paulo poder\u00e1 viver uma nova epidemia da doen\u00e7a no pr\u00f3ximo ver\u00e3o, com explos\u00e3o do n\u00famero de doentes tr\u00eas meses antes [&hellip;]","og_url":"https:\/\/www.notibras.com\/site\/saude-de-sao-paulo-comeca-a-se-preparar-para-enfrentar-nova-epidemia-de-dengue\/","og_site_name":"Notibras","article_publisher":"https:\/\/www.facebook.com\/notibras\/","article_published_time":"2015-09-04T05:54:43+00:00","article_modified_time":"2015-09-04T14:59:49+00:00","og_image":[{"width":515,"height":356,"url":"https:\/\/www.notibras.com\/site\/wp-content\/uploads\/2015\/09\/epidemia-dengue.jpg","type":"image\/jpeg"}],"author":"Reda\u00e7\u00e3o","twitter_card":"summary_large_image","twitter_creator":"@Notibras","twitter_site":"@Notibras","twitter_misc":{"Escrito por":"Reda\u00e7\u00e3o","Est. tempo de leitura":"2 minutos"},"schema":{"@context":"https:\/\/schema.org","@graph":[{"@type":"Article","@id":"https:\/\/www.notibras.com\/site\/saude-de-sao-paulo-comeca-a-se-preparar-para-enfrentar-nova-epidemia-de-dengue\/#article","isPartOf":{"@id":"https:\/\/www.notibras.com\/site\/saude-de-sao-paulo-comeca-a-se-preparar-para-enfrentar-nova-epidemia-de-dengue\/"},"author":{"name":"Reda\u00e7\u00e3o","@id":"https:\/\/www.notibras.com\/site\/#\/schema\/person\/36ab0979449956132d3e5b517ea76ac8"},"headline":"Sa\u00fade de S\u00e3o Paulo come\u00e7a a se preparar para enfrentar nova epidemia de dengue","datePublished":"2015-09-04T05:54:43+00:00","dateModified":"2015-09-04T14:59:49+00:00","mainEntityOfPage":{"@id":"https:\/\/www.notibras.com\/site\/saude-de-sao-paulo-comeca-a-se-preparar-para-enfrentar-nova-epidemia-de-dengue\/"},"wordCount":429,"commentCount":0,"publisher":{"@id":"https:\/\/www.notibras.com\/site\/#organization"},"image":{"@id":"https:\/\/www.notibras.com\/site\/saude-de-sao-paulo-comeca-a-se-preparar-para-enfrentar-nova-epidemia-de-dengue\/#primaryimage"},"thumbnailUrl":"https:\/\/www.notibras.com\/site\/wp-content\/uploads\/2015\/09\/epidemia-dengue.jpg","articleSection":["Brasil"],"inLanguage":"pt-BR","potentialAction":[{"@type":"CommentAction","name":"Comment","target":["https:\/\/www.notibras.com\/site\/saude-de-sao-paulo-comeca-a-se-preparar-para-enfrentar-nova-epidemia-de-dengue\/#respond"]}]},{"@type":"WebPage","@id":"https:\/\/www.notibras.com\/site\/saude-de-sao-paulo-comeca-a-se-preparar-para-enfrentar-nova-epidemia-de-dengue\/","url":"https:\/\/www.notibras.com\/site\/saude-de-sao-paulo-comeca-a-se-preparar-para-enfrentar-nova-epidemia-de-dengue\/","name":"Sa\u00fade de S\u00e3o Paulo come\u00e7a a se preparar para enfrentar nova epidemia de dengue - Notibras","isPartOf":{"@id":"https:\/\/www.notibras.com\/site\/#website"},"primaryImageOfPage":{"@id":"https:\/\/www.notibras.com\/site\/saude-de-sao-paulo-comeca-a-se-preparar-para-enfrentar-nova-epidemia-de-dengue\/#primaryimage"},"image":{"@id":"https:\/\/www.notibras.com\/site\/saude-de-sao-paulo-comeca-a-se-preparar-para-enfrentar-nova-epidemia-de-dengue\/#primaryimage"},"thumbnailUrl":"https:\/\/www.notibras.com\/site\/wp-content\/uploads\/2015\/09\/epidemia-dengue.jpg","datePublished":"2015-09-04T05:54:43+00:00","dateModified":"2015-09-04T14:59:49+00:00","breadcrumb":{"@id":"https:\/\/www.notibras.com\/site\/saude-de-sao-paulo-comeca-a-se-preparar-para-enfrentar-nova-epidemia-de-dengue\/#breadcrumb"},"inLanguage":"pt-BR","potentialAction":[{"@type":"ReadAction","target":["https:\/\/www.notibras.com\/site\/saude-de-sao-paulo-comeca-a-se-preparar-para-enfrentar-nova-epidemia-de-dengue\/"]}]},{"@type":"ImageObject","inLanguage":"pt-BR","@id":"https:\/\/www.notibras.com\/site\/saude-de-sao-paulo-comeca-a-se-preparar-para-enfrentar-nova-epidemia-de-dengue\/#primaryimage","url":"https:\/\/www.notibras.com\/site\/wp-content\/uploads\/2015\/09\/epidemia-dengue.jpg","contentUrl":"https:\/\/www.notibras.com\/site\/wp-content\/uploads\/2015\/09\/epidemia-dengue.jpg","width":515,"height":356},{"@type":"BreadcrumbList","@id":"https:\/\/www.notibras.com\/site\/saude-de-sao-paulo-comeca-a-se-preparar-para-enfrentar-nova-epidemia-de-dengue\/#breadcrumb","itemListElement":[{"@type":"ListItem","position":1,"name":"In\u00edcio","item":"https:\/\/www.notibras.com\/site\/"},{"@type":"ListItem","position":2,"name":"Sa\u00fade de S\u00e3o Paulo come\u00e7a a se preparar para enfrentar nova epidemia de dengue"}]},{"@type":"WebSite","@id":"https:\/\/www.notibras.com\/site\/#website","url":"https:\/\/www.notibras.com\/site\/","name":"Notibras","description":"Not\u00edcias de Bras\u00edlia, do Brasil e do Mundo","publisher":{"@id":"https:\/\/www.notibras.com\/site\/#organization"},"potentialAction":[{"@type":"SearchAction","target":{"@type":"EntryPoint","urlTemplate":"https:\/\/www.notibras.com\/site\/?s={search_term_string}"},"query-input":{"@type":"PropertyValueSpecification","valueRequired":true,"valueName":"search_term_string"}}],"inLanguage":"pt-BR"},{"@type":"Organization","@id":"https:\/\/www.notibras.com\/site\/#organization","name":"Grupo Notibras de Comunica\u00e7\u00e3o","url":"https:\/\/www.notibras.com\/site\/","logo":{"@type":"ImageObject","inLanguage":"pt-BR","@id":"https:\/\/www.notibras.com\/site\/#\/schema\/logo\/image\/","url":"https:\/\/www.notibras.com\/site\/wp-content\/uploads\/2023\/01\/notibras23.png","contentUrl":"https:\/\/www.notibras.com\/site\/wp-content\/uploads\/2023\/01\/notibras23.png","width":350,"height":87,"caption":"Grupo Notibras de Comunica\u00e7\u00e3o"},"image":{"@id":"https:\/\/www.notibras.com\/site\/#\/schema\/logo\/image\/"},"sameAs":["https:\/\/www.facebook.com\/notibras\/","https:\/\/x.com\/Notibras","https:\/\/www.instagram.com\/notibras\/"]},{"@type":"Person","@id":"https:\/\/www.notibras.com\/site\/#\/schema\/person\/36ab0979449956132d3e5b517ea76ac8","name":"Reda\u00e7\u00e3o","image":{"@type":"ImageObject","inLanguage":"pt-BR","@id":"https:\/\/secure.gravatar.com\/avatar\/e0a867bdedb85fd243eadf09663511f96fc81e0720a4a42581f334ad4303aa6b?s=96&d=mm&r=g","url":"https:\/\/secure.gravatar.com\/avatar\/e0a867bdedb85fd243eadf09663511f96fc81e0720a4a42581f334ad4303aa6b?s=96&d=mm&r=g","contentUrl":"https:\/\/secure.gravatar.com\/avatar\/e0a867bdedb85fd243eadf09663511f96fc81e0720a4a42581f334ad4303aa6b?s=96&d=mm&r=g","caption":"Reda\u00e7\u00e3o"}}]}},"amp_enabled":true,"_links":{"self":[{"href":"https:\/\/www.notibras.com\/site\/wp-json\/wp\/v2\/posts\/66157","targetHints":{"allow":["GET"]}}],"collection":[{"href":"https:\/\/www.notibras.com\/site\/wp-json\/wp\/v2\/posts"}],"about":[{"href":"https:\/\/www.notibras.com\/site\/wp-json\/wp\/v2\/types\/post"}],"author":[{"embeddable":true,"href":"https:\/\/www.notibras.com\/site\/wp-json\/wp\/v2\/users\/2"}],"replies":[{"embeddable":true,"href":"https:\/\/www.notibras.com\/site\/wp-json\/wp\/v2\/comments?post=66157"}],"version-history":[{"count":1,"href":"https:\/\/www.notibras.com\/site\/wp-json\/wp\/v2\/posts\/66157\/revisions"}],"predecessor-version":[{"id":66159,"href":"https:\/\/www.notibras.com\/site\/wp-json\/wp\/v2\/posts\/66157\/revisions\/66159"}],"wp:featuredmedia":[{"embeddable":true,"href":"https:\/\/www.notibras.com\/site\/wp-json\/wp\/v2\/media\/66158"}],"wp:attachment":[{"href":"https:\/\/www.notibras.com\/site\/wp-json\/wp\/v2\/media?parent=66157"}],"wp:term":[{"taxonomy":"category","embeddable":true,"href":"https:\/\/www.notibras.com\/site\/wp-json\/wp\/v2\/categories?post=66157"},{"taxonomy":"post_tag","embeddable":true,"href":"https:\/\/www.notibras.com\/site\/wp-json\/wp\/v2\/tags?post=66157"}],"curies":[{"name":"wp","href":"https:\/\/api.w.org\/{rel}","templated":true}]}}