{"id":66193,"date":"2015-09-04T17:44:32","date_gmt":"2015-09-04T20:44:32","guid":{"rendered":"http:\/\/www.notibras.com\/site\/?p=66193"},"modified":"2015-09-05T21:17:54","modified_gmt":"2015-09-06T00:17:54","slug":"senador-pai-e-deputado-filho-podem-dividir-mesma-cela-na-lava-jato","status":"publish","type":"post","link":"https:\/\/www.notibras.com\/site\/senador-pai-e-deputado-filho-podem-dividir-mesma-cela-na-lava-jato\/","title":{"rendered":"Senador pai, filho deputado. Os dois s\u00e3o suspeitos; v\u00e3o dividir a mesma cela na Lava Jato?"},"content":{"rendered":"<p>A Procuradoria Geral da Rep\u00fablica ofereceu den\u00fancia ao Supremo Tribunal Federal nesta sexta-feira (4) de tr\u00eas parlamentares investigados na opera\u00e7\u00e3o Lava Jato. A Procuradoria encontrou ind\u00edcios que comprovam o envolvimento dos deputados Arthur Lira (PP-AL) e An\u00edbal Gomes (PMDB-CE), e do senador Benedito Lira (PP-AL) no esquema respons\u00e1vel por desviar recursos da Petrobras. Arthur \u00e9 filho de Benedito.<\/p>\n<p>O procurador-geral da Rep\u00fablica, Rodrigo Janot, ofereceu den\u00fancia contra Arthur e Benedito pela pr\u00e1tica de crimes de corrup\u00e7\u00e3o e lavagem de dinheiro. J\u00e1 An\u00edbal Gomes \u00e9 acusado de ter falsificado informa\u00e7\u00f5es na presta\u00e7\u00e3o de contas das elei\u00e7\u00f5es de 2014. Os tr\u00eas s\u00e3o alvos de inqu\u00e9ritos abertos em mar\u00e7o no Supremo Tribunal Federal (STF). Gomes \u00e9 investigado no mesmo processo do qual \u00e9 alvo o presidente do Senado, Renan Calheiros (PMDB-AL), contudo, as investiga\u00e7\u00f5es do presidente do Senado foram prorrogadas nesta sexta-feira por mais 60 dias, por decis\u00e3o do ministro Teori Zavascki, relator da Lava Jato no Tribunal.<\/p>\n<p>No in\u00edcio da semana, a Pol\u00edcia Federal havia encaminhado um relat\u00f3rio que apontava ind\u00edcios da pr\u00e1tica de crimes envolvendo Arthur e Benedito, que s\u00e3o filho e pai, e investigados nos mesmos inqu\u00e9ritos. O deputado \u00e9 presidente da Comiss\u00e3o de Constitui\u00e7\u00e3o e Justi\u00e7a (CCJ) da C\u00e2mara dos Deputados, onde passam todos os projetos que tramitam na Casa.<\/p>\n<p>Embora a PF tenha encaminhado ao Supremo um pedido de afastamento dos dois pol\u00edticos do mandato de parlamentar, tal solicita\u00e7\u00e3o n\u00e3o consta na den\u00fancia. A PF acredita que os dois parlamentares possam estar usando o cargo para se livrarem das investiga\u00e7\u00f5es e, por isso, pediu que deixem o mandato. Os dois pol\u00edticos s\u00e3o acusados de receber vantagens il\u00edcitas de obras realizadas pela Petrobras por meio de doa\u00e7\u00f5es oficiais e de pagamento de d\u00edvidas eleitorais e tiveram seus nomes citados pelos delatores do esquema.<\/p>\n<p>Os parlamentares foram citados por tr\u00eas delatores da Lava Jato: o doleiro Alberto Youssef, o ex-diretor da Petrobras Paulo Roberto Costa e o empreiteiro Ricardo Pessoa, dono da UTC. De acordo com Youssef, Arthur Lira teve uma d\u00edvida de R$ 200 mil paga pelo esquema. A den\u00fancia ainda permanece em sigilo por conter trechos da dela\u00e7\u00e3o de Ricardo Pessoa, que ainda permanece sob sigilo no Supremo.<\/p>\n<p>J\u00e1 An\u00edbal Gomes foi denunciado por ter falsificado documentos e informa\u00e7\u00f5es referentes a sua presta\u00e7\u00e3o de contas \u00e0 Justi\u00e7a Eleitoral. Embora o parlamentar tenha indicado que doou de seu pr\u00f3prio bolso R$ 207,4 mil para sua campanha, ao prestar depoimento a investigadores da Lava Jato, ele disse que, deste montante, R$ 100 mil eram provenientes de doa\u00e7\u00f5es feitas por &#8220;amigos e parentes&#8221;. A Procuradoria apresentou a acusa\u00e7\u00e3o com base nos artigos 350 e 353, previstos no C\u00f3digo Eleitoral.<\/p>\n<p>Para que os tr\u00eas parlamentares se tornem r\u00e9us e passem a responder a uma a\u00e7\u00e3o penal no STF \u00e9 preciso ainda que sejam realizadas oitivas das testemunhas e das partes envolvidas e ainda que o pedido seja analisado e aceito pelos ministros da Segunda Turma da Corte. O Supremo dever\u00e1 analisar ainda outras den\u00fancias j\u00e1 oferecidas pela PGR. Entre os investigados na Lava Jato, j\u00e1 foram denunciados: o presidente da C\u00e2mara, Eduardo Cunha (PMDB-RJ), o senador e ex-presidente Fernando Collor (PTB-AL) e a ex-deputada federal e prefeita de Rio Bonito Solange de Almeida (PMDB-RJ). Al\u00e9m desses, foram denunciados o ex-ministro de Collor Pedro Paulo Leoni, al\u00e9m de dois assessores do senador Cleverton Melo da Costa e Fernando Ant\u00f4nio da Silva Tiago; e Luis Pereira Duarte de Amorim, da TV Gazeta de AL, que tamb\u00e9m \u00e9 ligado a Collor.<\/p>\n<p>Procurado, o advogado de Arthur Lira, Pierpaolo Bottini, disse que a den\u00fancia apresenta &#8220;dados equivocados e tal equ\u00edvoco ser\u00e1 demonstrado ao STF por meio de documentos&#8221;. Al\u00e9m disso, a defesa esclarece que a campanha do deputado foi realizada &#8220;com recursos l\u00edcitos e isso est\u00e1 demonstrado na pr\u00f3pria investiga\u00e7\u00e3o&#8221;.<\/p>\n","protected":false},"excerpt":{"rendered":"<p>A Procuradoria Geral da Rep\u00fablica ofereceu den\u00fancia ao Supremo Tribunal Federal nesta sexta-feira (4) de tr\u00eas parlamentares investigados na opera\u00e7\u00e3o Lava Jato. A Procuradoria encontrou ind\u00edcios que comprovam o envolvimento dos deputados Arthur Lira (PP-AL) e An\u00edbal Gomes (PMDB-CE), e do senador Benedito Lira (PP-AL) no esquema respons\u00e1vel por desviar recursos da Petrobras. Arthur \u00e9 [&hellip;]<\/p>\n","protected":false},"author":2,"featured_media":66194,"comment_status":"open","ping_status":"closed","sticky":false,"template":"","format":"standard","meta":{"_acf_changed":false,"footnotes":""},"categories":[16],"tags":[],"class_list":["post-66193","post","type-post","status-publish","format-standard","has-post-thumbnail","hentry","category-brasil"],"acf":[],"yoast_head":"<!-- This site is optimized with the Yoast SEO plugin v27.2 - https:\/\/yoast.com\/product\/yoast-seo-wordpress\/ -->\n<title>Senador pai, filho deputado. Os dois s\u00e3o suspeitos; v\u00e3o dividir a mesma cela na Lava Jato? - Notibras<\/title>\n<meta name=\"robots\" content=\"index, follow, max-snippet:-1, max-image-preview:large, max-video-preview:-1\" \/>\n<link rel=\"canonical\" href=\"https:\/\/www.notibras.com\/site\/senador-pai-e-deputado-filho-podem-dividir-mesma-cela-na-lava-jato\/\" \/>\n<meta property=\"og:locale\" content=\"pt_BR\" \/>\n<meta property=\"og:type\" content=\"article\" \/>\n<meta property=\"og:title\" content=\"Senador pai, filho deputado. Os dois s\u00e3o suspeitos; v\u00e3o dividir a mesma cela na Lava Jato? - Notibras\" \/>\n<meta property=\"og:description\" content=\"A Procuradoria Geral da Rep\u00fablica ofereceu den\u00fancia ao Supremo Tribunal Federal nesta sexta-feira (4) de tr\u00eas parlamentares investigados na opera\u00e7\u00e3o Lava Jato. A Procuradoria encontrou ind\u00edcios que comprovam o envolvimento dos deputados Arthur Lira (PP-AL) e An\u00edbal Gomes (PMDB-CE), e do senador Benedito Lira (PP-AL) no esquema respons\u00e1vel por desviar recursos da Petrobras. Arthur \u00e9 [&hellip;]\" \/>\n<meta property=\"og:url\" content=\"https:\/\/www.notibras.com\/site\/senador-pai-e-deputado-filho-podem-dividir-mesma-cela-na-lava-jato\/\" \/>\n<meta property=\"og:site_name\" content=\"Notibras\" \/>\n<meta property=\"article:publisher\" content=\"https:\/\/www.facebook.com\/notibras\/\" \/>\n<meta property=\"article:published_time\" content=\"2015-09-04T20:44:32+00:00\" \/>\n<meta property=\"article:modified_time\" content=\"2015-09-06T00:17:54+00:00\" \/>\n<meta property=\"og:image\" content=\"https:\/\/www.notibras.com\/site\/wp-content\/uploads\/2015\/09\/arthur-lita-e-benedito-de-lira.jpg\" \/>\n\t<meta property=\"og:image:width\" content=\"1000\" \/>\n\t<meta property=\"og:image:height\" content=\"678\" \/>\n\t<meta property=\"og:image:type\" content=\"image\/jpeg\" \/>\n<meta name=\"author\" content=\"Reda\u00e7\u00e3o\" \/>\n<meta name=\"twitter:card\" content=\"summary_large_image\" \/>\n<meta name=\"twitter:creator\" content=\"@Notibras\" \/>\n<meta name=\"twitter:site\" content=\"@Notibras\" \/>\n<meta name=\"twitter:label1\" content=\"Escrito por\" \/>\n\t<meta name=\"twitter:data1\" content=\"Reda\u00e7\u00e3o\" \/>\n\t<meta name=\"twitter:label2\" content=\"Est. tempo de leitura\" \/>\n\t<meta name=\"twitter:data2\" content=\"3 minutos\" \/>\n<script type=\"application\/ld+json\" class=\"yoast-schema-graph\">{\"@context\":\"https:\/\/schema.org\",\"@graph\":[{\"@type\":\"Article\",\"@id\":\"https:\/\/www.notibras.com\/site\/senador-pai-e-deputado-filho-podem-dividir-mesma-cela-na-lava-jato\/#article\",\"isPartOf\":{\"@id\":\"https:\/\/www.notibras.com\/site\/senador-pai-e-deputado-filho-podem-dividir-mesma-cela-na-lava-jato\/\"},\"author\":{\"name\":\"Reda\u00e7\u00e3o\",\"@id\":\"https:\/\/www.notibras.com\/site\/#\/schema\/person\/36ab0979449956132d3e5b517ea76ac8\"},\"headline\":\"Senador pai, filho deputado. Os dois s\u00e3o suspeitos; v\u00e3o dividir a mesma cela na Lava Jato?\",\"datePublished\":\"2015-09-04T20:44:32+00:00\",\"dateModified\":\"2015-09-06T00:17:54+00:00\",\"mainEntityOfPage\":{\"@id\":\"https:\/\/www.notibras.com\/site\/senador-pai-e-deputado-filho-podem-dividir-mesma-cela-na-lava-jato\/\"},\"wordCount\":695,\"commentCount\":0,\"publisher\":{\"@id\":\"https:\/\/www.notibras.com\/site\/#organization\"},\"image\":{\"@id\":\"https:\/\/www.notibras.com\/site\/senador-pai-e-deputado-filho-podem-dividir-mesma-cela-na-lava-jato\/#primaryimage\"},\"thumbnailUrl\":\"https:\/\/www.notibras.com\/site\/wp-content\/uploads\/2015\/09\/arthur-lita-e-benedito-de-lira.jpg\",\"articleSection\":[\"Brasil\"],\"inLanguage\":\"pt-BR\",\"potentialAction\":[{\"@type\":\"CommentAction\",\"name\":\"Comment\",\"target\":[\"https:\/\/www.notibras.com\/site\/senador-pai-e-deputado-filho-podem-dividir-mesma-cela-na-lava-jato\/#respond\"]}]},{\"@type\":\"WebPage\",\"@id\":\"https:\/\/www.notibras.com\/site\/senador-pai-e-deputado-filho-podem-dividir-mesma-cela-na-lava-jato\/\",\"url\":\"https:\/\/www.notibras.com\/site\/senador-pai-e-deputado-filho-podem-dividir-mesma-cela-na-lava-jato\/\",\"name\":\"Senador pai, filho deputado. Os dois s\u00e3o suspeitos; v\u00e3o dividir a mesma cela na Lava Jato? - Notibras\",\"isPartOf\":{\"@id\":\"https:\/\/www.notibras.com\/site\/#website\"},\"primaryImageOfPage\":{\"@id\":\"https:\/\/www.notibras.com\/site\/senador-pai-e-deputado-filho-podem-dividir-mesma-cela-na-lava-jato\/#primaryimage\"},\"image\":{\"@id\":\"https:\/\/www.notibras.com\/site\/senador-pai-e-deputado-filho-podem-dividir-mesma-cela-na-lava-jato\/#primaryimage\"},\"thumbnailUrl\":\"https:\/\/www.notibras.com\/site\/wp-content\/uploads\/2015\/09\/arthur-lita-e-benedito-de-lira.jpg\",\"datePublished\":\"2015-09-04T20:44:32+00:00\",\"dateModified\":\"2015-09-06T00:17:54+00:00\",\"breadcrumb\":{\"@id\":\"https:\/\/www.notibras.com\/site\/senador-pai-e-deputado-filho-podem-dividir-mesma-cela-na-lava-jato\/#breadcrumb\"},\"inLanguage\":\"pt-BR\",\"potentialAction\":[{\"@type\":\"ReadAction\",\"target\":[\"https:\/\/www.notibras.com\/site\/senador-pai-e-deputado-filho-podem-dividir-mesma-cela-na-lava-jato\/\"]}]},{\"@type\":\"ImageObject\",\"inLanguage\":\"pt-BR\",\"@id\":\"https:\/\/www.notibras.com\/site\/senador-pai-e-deputado-filho-podem-dividir-mesma-cela-na-lava-jato\/#primaryimage\",\"url\":\"https:\/\/www.notibras.com\/site\/wp-content\/uploads\/2015\/09\/arthur-lita-e-benedito-de-lira.jpg\",\"contentUrl\":\"https:\/\/www.notibras.com\/site\/wp-content\/uploads\/2015\/09\/arthur-lita-e-benedito-de-lira.jpg\",\"width\":1000,\"height\":678},{\"@type\":\"BreadcrumbList\",\"@id\":\"https:\/\/www.notibras.com\/site\/senador-pai-e-deputado-filho-podem-dividir-mesma-cela-na-lava-jato\/#breadcrumb\",\"itemListElement\":[{\"@type\":\"ListItem\",\"position\":1,\"name\":\"In\u00edcio\",\"item\":\"https:\/\/www.notibras.com\/site\/\"},{\"@type\":\"ListItem\",\"position\":2,\"name\":\"Senador pai, filho deputado. Os dois s\u00e3o suspeitos; v\u00e3o dividir a mesma cela na Lava Jato?\"}]},{\"@type\":\"WebSite\",\"@id\":\"https:\/\/www.notibras.com\/site\/#website\",\"url\":\"https:\/\/www.notibras.com\/site\/\",\"name\":\"Notibras\",\"description\":\"Not\u00edcias de Bras\u00edlia, do Brasil e do Mundo\",\"publisher\":{\"@id\":\"https:\/\/www.notibras.com\/site\/#organization\"},\"potentialAction\":[{\"@type\":\"SearchAction\",\"target\":{\"@type\":\"EntryPoint\",\"urlTemplate\":\"https:\/\/www.notibras.com\/site\/?s={search_term_string}\"},\"query-input\":{\"@type\":\"PropertyValueSpecification\",\"valueRequired\":true,\"valueName\":\"search_term_string\"}}],\"inLanguage\":\"pt-BR\"},{\"@type\":\"Organization\",\"@id\":\"https:\/\/www.notibras.com\/site\/#organization\",\"name\":\"Grupo Notibras de Comunica\u00e7\u00e3o\",\"url\":\"https:\/\/www.notibras.com\/site\/\",\"logo\":{\"@type\":\"ImageObject\",\"inLanguage\":\"pt-BR\",\"@id\":\"https:\/\/www.notibras.com\/site\/#\/schema\/logo\/image\/\",\"url\":\"https:\/\/www.notibras.com\/site\/wp-content\/uploads\/2023\/01\/notibras23.png\",\"contentUrl\":\"https:\/\/www.notibras.com\/site\/wp-content\/uploads\/2023\/01\/notibras23.png\",\"width\":350,\"height\":87,\"caption\":\"Grupo Notibras de Comunica\u00e7\u00e3o\"},\"image\":{\"@id\":\"https:\/\/www.notibras.com\/site\/#\/schema\/logo\/image\/\"},\"sameAs\":[\"https:\/\/www.facebook.com\/notibras\/\",\"https:\/\/x.com\/Notibras\",\"https:\/\/www.instagram.com\/notibras\/\"]},{\"@type\":\"Person\",\"@id\":\"https:\/\/www.notibras.com\/site\/#\/schema\/person\/36ab0979449956132d3e5b517ea76ac8\",\"name\":\"Reda\u00e7\u00e3o\",\"image\":{\"@type\":\"ImageObject\",\"inLanguage\":\"pt-BR\",\"@id\":\"https:\/\/secure.gravatar.com\/avatar\/e0a867bdedb85fd243eadf09663511f96fc81e0720a4a42581f334ad4303aa6b?s=96&d=mm&r=g\",\"url\":\"https:\/\/secure.gravatar.com\/avatar\/e0a867bdedb85fd243eadf09663511f96fc81e0720a4a42581f334ad4303aa6b?s=96&d=mm&r=g\",\"contentUrl\":\"https:\/\/secure.gravatar.com\/avatar\/e0a867bdedb85fd243eadf09663511f96fc81e0720a4a42581f334ad4303aa6b?s=96&d=mm&r=g\",\"caption\":\"Reda\u00e7\u00e3o\"}}]}<\/script>\n<!-- \/ Yoast SEO plugin. -->","yoast_head_json":{"title":"Senador pai, filho deputado. Os dois s\u00e3o suspeitos; v\u00e3o dividir a mesma cela na Lava Jato? - Notibras","robots":{"index":"index","follow":"follow","max-snippet":"max-snippet:-1","max-image-preview":"max-image-preview:large","max-video-preview":"max-video-preview:-1"},"canonical":"https:\/\/www.notibras.com\/site\/senador-pai-e-deputado-filho-podem-dividir-mesma-cela-na-lava-jato\/","og_locale":"pt_BR","og_type":"article","og_title":"Senador pai, filho deputado. Os dois s\u00e3o suspeitos; v\u00e3o dividir a mesma cela na Lava Jato? - Notibras","og_description":"A Procuradoria Geral da Rep\u00fablica ofereceu den\u00fancia ao Supremo Tribunal Federal nesta sexta-feira (4) de tr\u00eas parlamentares investigados na opera\u00e7\u00e3o Lava Jato. A Procuradoria encontrou ind\u00edcios que comprovam o envolvimento dos deputados Arthur Lira (PP-AL) e An\u00edbal Gomes (PMDB-CE), e do senador Benedito Lira (PP-AL) no esquema respons\u00e1vel por desviar recursos da Petrobras. Arthur \u00e9 [&hellip;]","og_url":"https:\/\/www.notibras.com\/site\/senador-pai-e-deputado-filho-podem-dividir-mesma-cela-na-lava-jato\/","og_site_name":"Notibras","article_publisher":"https:\/\/www.facebook.com\/notibras\/","article_published_time":"2015-09-04T20:44:32+00:00","article_modified_time":"2015-09-06T00:17:54+00:00","og_image":[{"width":1000,"height":678,"url":"https:\/\/www.notibras.com\/site\/wp-content\/uploads\/2015\/09\/arthur-lita-e-benedito-de-lira.jpg","type":"image\/jpeg"}],"author":"Reda\u00e7\u00e3o","twitter_card":"summary_large_image","twitter_creator":"@Notibras","twitter_site":"@Notibras","twitter_misc":{"Escrito por":"Reda\u00e7\u00e3o","Est. tempo de leitura":"3 minutos"},"schema":{"@context":"https:\/\/schema.org","@graph":[{"@type":"Article","@id":"https:\/\/www.notibras.com\/site\/senador-pai-e-deputado-filho-podem-dividir-mesma-cela-na-lava-jato\/#article","isPartOf":{"@id":"https:\/\/www.notibras.com\/site\/senador-pai-e-deputado-filho-podem-dividir-mesma-cela-na-lava-jato\/"},"author":{"name":"Reda\u00e7\u00e3o","@id":"https:\/\/www.notibras.com\/site\/#\/schema\/person\/36ab0979449956132d3e5b517ea76ac8"},"headline":"Senador pai, filho deputado. Os dois s\u00e3o suspeitos; v\u00e3o dividir a mesma cela na Lava Jato?","datePublished":"2015-09-04T20:44:32+00:00","dateModified":"2015-09-06T00:17:54+00:00","mainEntityOfPage":{"@id":"https:\/\/www.notibras.com\/site\/senador-pai-e-deputado-filho-podem-dividir-mesma-cela-na-lava-jato\/"},"wordCount":695,"commentCount":0,"publisher":{"@id":"https:\/\/www.notibras.com\/site\/#organization"},"image":{"@id":"https:\/\/www.notibras.com\/site\/senador-pai-e-deputado-filho-podem-dividir-mesma-cela-na-lava-jato\/#primaryimage"},"thumbnailUrl":"https:\/\/www.notibras.com\/site\/wp-content\/uploads\/2015\/09\/arthur-lita-e-benedito-de-lira.jpg","articleSection":["Brasil"],"inLanguage":"pt-BR","potentialAction":[{"@type":"CommentAction","name":"Comment","target":["https:\/\/www.notibras.com\/site\/senador-pai-e-deputado-filho-podem-dividir-mesma-cela-na-lava-jato\/#respond"]}]},{"@type":"WebPage","@id":"https:\/\/www.notibras.com\/site\/senador-pai-e-deputado-filho-podem-dividir-mesma-cela-na-lava-jato\/","url":"https:\/\/www.notibras.com\/site\/senador-pai-e-deputado-filho-podem-dividir-mesma-cela-na-lava-jato\/","name":"Senador pai, filho deputado. Os dois s\u00e3o suspeitos; v\u00e3o dividir a mesma cela na Lava Jato? - Notibras","isPartOf":{"@id":"https:\/\/www.notibras.com\/site\/#website"},"primaryImageOfPage":{"@id":"https:\/\/www.notibras.com\/site\/senador-pai-e-deputado-filho-podem-dividir-mesma-cela-na-lava-jato\/#primaryimage"},"image":{"@id":"https:\/\/www.notibras.com\/site\/senador-pai-e-deputado-filho-podem-dividir-mesma-cela-na-lava-jato\/#primaryimage"},"thumbnailUrl":"https:\/\/www.notibras.com\/site\/wp-content\/uploads\/2015\/09\/arthur-lita-e-benedito-de-lira.jpg","datePublished":"2015-09-04T20:44:32+00:00","dateModified":"2015-09-06T00:17:54+00:00","breadcrumb":{"@id":"https:\/\/www.notibras.com\/site\/senador-pai-e-deputado-filho-podem-dividir-mesma-cela-na-lava-jato\/#breadcrumb"},"inLanguage":"pt-BR","potentialAction":[{"@type":"ReadAction","target":["https:\/\/www.notibras.com\/site\/senador-pai-e-deputado-filho-podem-dividir-mesma-cela-na-lava-jato\/"]}]},{"@type":"ImageObject","inLanguage":"pt-BR","@id":"https:\/\/www.notibras.com\/site\/senador-pai-e-deputado-filho-podem-dividir-mesma-cela-na-lava-jato\/#primaryimage","url":"https:\/\/www.notibras.com\/site\/wp-content\/uploads\/2015\/09\/arthur-lita-e-benedito-de-lira.jpg","contentUrl":"https:\/\/www.notibras.com\/site\/wp-content\/uploads\/2015\/09\/arthur-lita-e-benedito-de-lira.jpg","width":1000,"height":678},{"@type":"BreadcrumbList","@id":"https:\/\/www.notibras.com\/site\/senador-pai-e-deputado-filho-podem-dividir-mesma-cela-na-lava-jato\/#breadcrumb","itemListElement":[{"@type":"ListItem","position":1,"name":"In\u00edcio","item":"https:\/\/www.notibras.com\/site\/"},{"@type":"ListItem","position":2,"name":"Senador pai, filho deputado. Os dois s\u00e3o suspeitos; v\u00e3o dividir a mesma cela na Lava Jato?"}]},{"@type":"WebSite","@id":"https:\/\/www.notibras.com\/site\/#website","url":"https:\/\/www.notibras.com\/site\/","name":"Notibras","description":"Not\u00edcias de Bras\u00edlia, do Brasil e do Mundo","publisher":{"@id":"https:\/\/www.notibras.com\/site\/#organization"},"potentialAction":[{"@type":"SearchAction","target":{"@type":"EntryPoint","urlTemplate":"https:\/\/www.notibras.com\/site\/?s={search_term_string}"},"query-input":{"@type":"PropertyValueSpecification","valueRequired":true,"valueName":"search_term_string"}}],"inLanguage":"pt-BR"},{"@type":"Organization","@id":"https:\/\/www.notibras.com\/site\/#organization","name":"Grupo Notibras de Comunica\u00e7\u00e3o","url":"https:\/\/www.notibras.com\/site\/","logo":{"@type":"ImageObject","inLanguage":"pt-BR","@id":"https:\/\/www.notibras.com\/site\/#\/schema\/logo\/image\/","url":"https:\/\/www.notibras.com\/site\/wp-content\/uploads\/2023\/01\/notibras23.png","contentUrl":"https:\/\/www.notibras.com\/site\/wp-content\/uploads\/2023\/01\/notibras23.png","width":350,"height":87,"caption":"Grupo Notibras de Comunica\u00e7\u00e3o"},"image":{"@id":"https:\/\/www.notibras.com\/site\/#\/schema\/logo\/image\/"},"sameAs":["https:\/\/www.facebook.com\/notibras\/","https:\/\/x.com\/Notibras","https:\/\/www.instagram.com\/notibras\/"]},{"@type":"Person","@id":"https:\/\/www.notibras.com\/site\/#\/schema\/person\/36ab0979449956132d3e5b517ea76ac8","name":"Reda\u00e7\u00e3o","image":{"@type":"ImageObject","inLanguage":"pt-BR","@id":"https:\/\/secure.gravatar.com\/avatar\/e0a867bdedb85fd243eadf09663511f96fc81e0720a4a42581f334ad4303aa6b?s=96&d=mm&r=g","url":"https:\/\/secure.gravatar.com\/avatar\/e0a867bdedb85fd243eadf09663511f96fc81e0720a4a42581f334ad4303aa6b?s=96&d=mm&r=g","contentUrl":"https:\/\/secure.gravatar.com\/avatar\/e0a867bdedb85fd243eadf09663511f96fc81e0720a4a42581f334ad4303aa6b?s=96&d=mm&r=g","caption":"Reda\u00e7\u00e3o"}}]}},"amp_enabled":true,"_links":{"self":[{"href":"https:\/\/www.notibras.com\/site\/wp-json\/wp\/v2\/posts\/66193","targetHints":{"allow":["GET"]}}],"collection":[{"href":"https:\/\/www.notibras.com\/site\/wp-json\/wp\/v2\/posts"}],"about":[{"href":"https:\/\/www.notibras.com\/site\/wp-json\/wp\/v2\/types\/post"}],"author":[{"embeddable":true,"href":"https:\/\/www.notibras.com\/site\/wp-json\/wp\/v2\/users\/2"}],"replies":[{"embeddable":true,"href":"https:\/\/www.notibras.com\/site\/wp-json\/wp\/v2\/comments?post=66193"}],"version-history":[{"count":10,"href":"https:\/\/www.notibras.com\/site\/wp-json\/wp\/v2\/posts\/66193\/revisions"}],"predecessor-version":[{"id":66367,"href":"https:\/\/www.notibras.com\/site\/wp-json\/wp\/v2\/posts\/66193\/revisions\/66367"}],"wp:featuredmedia":[{"embeddable":true,"href":"https:\/\/www.notibras.com\/site\/wp-json\/wp\/v2\/media\/66194"}],"wp:attachment":[{"href":"https:\/\/www.notibras.com\/site\/wp-json\/wp\/v2\/media?parent=66193"}],"wp:term":[{"taxonomy":"category","embeddable":true,"href":"https:\/\/www.notibras.com\/site\/wp-json\/wp\/v2\/categories?post=66193"},{"taxonomy":"post_tag","embeddable":true,"href":"https:\/\/www.notibras.com\/site\/wp-json\/wp\/v2\/tags?post=66193"}],"curies":[{"name":"wp","href":"https:\/\/api.w.org\/{rel}","templated":true}]}}