{"id":66209,"date":"2015-09-04T21:02:32","date_gmt":"2015-09-05T00:02:32","guid":{"rendered":"http:\/\/www.notibras.com\/site\/?p=66209"},"modified":"2015-09-04T21:02:32","modified_gmt":"2015-09-05T00:02:32","slug":"fala-sobre-popularidade-de-dilma-afasta-temer-cada-vez-mais-do-palacio-do-planalto","status":"publish","type":"post","link":"https:\/\/www.notibras.com\/site\/fala-sobre-popularidade-de-dilma-afasta-temer-cada-vez-mais-do-palacio-do-planalto\/","title":{"rendered":"Fala sobre popularidade de Dilma afasta Temer cada vez mais do Pal\u00e1cio do Planalto"},"content":{"rendered":"<p>A fala do vice-presidente Michel Temer sobre a popularidade da presidente Dilma Rousseff foi vista por lideran\u00e7as da oposi\u00e7\u00e3o como uma sinaliza\u00e7\u00e3o de que o afastamento do peemedebista do Pal\u00e1cio do Planalto \u00e9 um caminho sem volta. &#8220;Essa fala \u00e9 um sintoma de que a rela\u00e7\u00e3o n\u00e3o est\u00e1 t\u00e3o tranquila como deveria ser. Acho que revela um certo nervosismo, uma certa impaci\u00eancia do vice em rela\u00e7\u00e3o \u00e0 situa\u00e7\u00e3o do Pa\u00eds&#8221;, disse o senador \u00c1lvaro Dias (PSDB-PR).<\/p>\n<p>Reservadamente, um outro senador tucano avalia que, mais do que as declara\u00e7\u00f5es do vice, o fato de o peemedebista ter aceitado participar de um encontro com um grupo anti-Dilma &#8220;amplia o afastamento&#8221; e marca uma &#8220;ruptura&#8221; no relacionamento entre os dois.<\/p>\n<p>Na noite de quinta-feira, 3, Temer disse a um grupo de empres\u00e1rios que, se Dilma mantivesse os atuais \u00edndices de aprova\u00e7\u00e3o, seria &#8220;dif\u00edcil&#8221; continuar mais tr\u00eas anos no governo. O encontro foi organizado por Ros\u00e2ngela Lyra, que lidera o grupo batizado de &#8216;Acorda, Brasil&#8217;, que \u00e9 a favor do impeachment da presidente.<\/p>\n<p>A empres\u00e1ria j\u00e1 teria manifestado a pol\u00edticos pr\u00f3ximos que \u00e9 a favor da &#8220;solu\u00e7\u00e3o Temer&#8221;, ou seja, que o seu grupo apoiaria o vice caso ele viesse assumir \u00e0 Presid\u00eancia no lugar de Dilma.<\/p>\n","protected":false},"excerpt":{"rendered":"<p>A fala do vice-presidente Michel Temer sobre a popularidade da presidente Dilma Rousseff foi vista por lideran\u00e7as da oposi\u00e7\u00e3o como uma sinaliza\u00e7\u00e3o de que o afastamento do peemedebista do Pal\u00e1cio do Planalto \u00e9 um caminho sem volta. &#8220;Essa fala \u00e9 um sintoma de que a rela\u00e7\u00e3o n\u00e3o est\u00e1 t\u00e3o tranquila como deveria ser. Acho que [&hellip;]<\/p>\n","protected":false},"author":2,"featured_media":66210,"comment_status":"open","ping_status":"closed","sticky":false,"template":"","format":"standard","meta":{"_acf_changed":false,"footnotes":""},"categories":[16],"tags":[],"class_list":["post-66209","post","type-post","status-publish","format-standard","has-post-thumbnail","hentry","category-brasil"],"acf":[],"yoast_head":"<!-- This site is optimized with the Yoast SEO plugin v27.2 - https:\/\/yoast.com\/product\/yoast-seo-wordpress\/ -->\n<title>Fala sobre popularidade de Dilma afasta Temer cada vez mais do Pal\u00e1cio do Planalto - Notibras<\/title>\n<meta name=\"robots\" content=\"index, follow, max-snippet:-1, max-image-preview:large, max-video-preview:-1\" \/>\n<link rel=\"canonical\" href=\"https:\/\/www.notibras.com\/site\/fala-sobre-popularidade-de-dilma-afasta-temer-cada-vez-mais-do-palacio-do-planalto\/\" \/>\n<meta property=\"og:locale\" content=\"pt_BR\" \/>\n<meta property=\"og:type\" content=\"article\" \/>\n<meta property=\"og:title\" content=\"Fala sobre popularidade de Dilma afasta Temer cada vez mais do Pal\u00e1cio do Planalto - Notibras\" \/>\n<meta property=\"og:description\" content=\"A fala do vice-presidente Michel Temer sobre a popularidade da presidente Dilma Rousseff foi vista por lideran\u00e7as da oposi\u00e7\u00e3o como uma sinaliza\u00e7\u00e3o de que o afastamento do peemedebista do Pal\u00e1cio do Planalto \u00e9 um caminho sem volta. &#8220;Essa fala \u00e9 um sintoma de que a rela\u00e7\u00e3o n\u00e3o est\u00e1 t\u00e3o tranquila como deveria ser. Acho que [&hellip;]\" \/>\n<meta property=\"og:url\" content=\"https:\/\/www.notibras.com\/site\/fala-sobre-popularidade-de-dilma-afasta-temer-cada-vez-mais-do-palacio-do-planalto\/\" \/>\n<meta property=\"og:site_name\" content=\"Notibras\" \/>\n<meta property=\"article:publisher\" content=\"https:\/\/www.facebook.com\/notibras\/\" \/>\n<meta property=\"article:published_time\" content=\"2015-09-05T00:02:32+00:00\" \/>\n<meta property=\"og:image\" content=\"https:\/\/www.notibras.com\/site\/wp-content\/uploads\/2015\/09\/tedi.jpg\" \/>\n\t<meta property=\"og:image:width\" content=\"259\" \/>\n\t<meta property=\"og:image:height\" content=\"194\" \/>\n\t<meta property=\"og:image:type\" content=\"image\/jpeg\" \/>\n<meta name=\"author\" content=\"Reda\u00e7\u00e3o\" \/>\n<meta name=\"twitter:card\" content=\"summary_large_image\" \/>\n<meta name=\"twitter:creator\" content=\"@Notibras\" \/>\n<meta name=\"twitter:site\" content=\"@Notibras\" \/>\n<meta name=\"twitter:label1\" content=\"Escrito por\" \/>\n\t<meta name=\"twitter:data1\" content=\"Reda\u00e7\u00e3o\" \/>\n\t<meta name=\"twitter:label2\" content=\"Est. tempo de leitura\" \/>\n\t<meta name=\"twitter:data2\" content=\"1 minuto\" \/>\n<script type=\"application\/ld+json\" class=\"yoast-schema-graph\">{\"@context\":\"https:\/\/schema.org\",\"@graph\":[{\"@type\":\"Article\",\"@id\":\"https:\/\/www.notibras.com\/site\/fala-sobre-popularidade-de-dilma-afasta-temer-cada-vez-mais-do-palacio-do-planalto\/#article\",\"isPartOf\":{\"@id\":\"https:\/\/www.notibras.com\/site\/fala-sobre-popularidade-de-dilma-afasta-temer-cada-vez-mais-do-palacio-do-planalto\/\"},\"author\":{\"name\":\"Reda\u00e7\u00e3o\",\"@id\":\"https:\/\/www.notibras.com\/site\/#\/schema\/person\/36ab0979449956132d3e5b517ea76ac8\"},\"headline\":\"Fala sobre popularidade de Dilma afasta Temer cada vez mais do Pal\u00e1cio do Planalto\",\"datePublished\":\"2015-09-05T00:02:32+00:00\",\"mainEntityOfPage\":{\"@id\":\"https:\/\/www.notibras.com\/site\/fala-sobre-popularidade-de-dilma-afasta-temer-cada-vez-mais-do-palacio-do-planalto\/\"},\"wordCount\":233,\"commentCount\":0,\"publisher\":{\"@id\":\"https:\/\/www.notibras.com\/site\/#organization\"},\"image\":{\"@id\":\"https:\/\/www.notibras.com\/site\/fala-sobre-popularidade-de-dilma-afasta-temer-cada-vez-mais-do-palacio-do-planalto\/#primaryimage\"},\"thumbnailUrl\":\"https:\/\/www.notibras.com\/site\/wp-content\/uploads\/2015\/09\/tedi.jpg\",\"articleSection\":[\"Brasil\"],\"inLanguage\":\"pt-BR\",\"potentialAction\":[{\"@type\":\"CommentAction\",\"name\":\"Comment\",\"target\":[\"https:\/\/www.notibras.com\/site\/fala-sobre-popularidade-de-dilma-afasta-temer-cada-vez-mais-do-palacio-do-planalto\/#respond\"]}]},{\"@type\":\"WebPage\",\"@id\":\"https:\/\/www.notibras.com\/site\/fala-sobre-popularidade-de-dilma-afasta-temer-cada-vez-mais-do-palacio-do-planalto\/\",\"url\":\"https:\/\/www.notibras.com\/site\/fala-sobre-popularidade-de-dilma-afasta-temer-cada-vez-mais-do-palacio-do-planalto\/\",\"name\":\"Fala sobre popularidade de Dilma afasta Temer cada vez mais do Pal\u00e1cio do Planalto - Notibras\",\"isPartOf\":{\"@id\":\"https:\/\/www.notibras.com\/site\/#website\"},\"primaryImageOfPage\":{\"@id\":\"https:\/\/www.notibras.com\/site\/fala-sobre-popularidade-de-dilma-afasta-temer-cada-vez-mais-do-palacio-do-planalto\/#primaryimage\"},\"image\":{\"@id\":\"https:\/\/www.notibras.com\/site\/fala-sobre-popularidade-de-dilma-afasta-temer-cada-vez-mais-do-palacio-do-planalto\/#primaryimage\"},\"thumbnailUrl\":\"https:\/\/www.notibras.com\/site\/wp-content\/uploads\/2015\/09\/tedi.jpg\",\"datePublished\":\"2015-09-05T00:02:32+00:00\",\"breadcrumb\":{\"@id\":\"https:\/\/www.notibras.com\/site\/fala-sobre-popularidade-de-dilma-afasta-temer-cada-vez-mais-do-palacio-do-planalto\/#breadcrumb\"},\"inLanguage\":\"pt-BR\",\"potentialAction\":[{\"@type\":\"ReadAction\",\"target\":[\"https:\/\/www.notibras.com\/site\/fala-sobre-popularidade-de-dilma-afasta-temer-cada-vez-mais-do-palacio-do-planalto\/\"]}]},{\"@type\":\"ImageObject\",\"inLanguage\":\"pt-BR\",\"@id\":\"https:\/\/www.notibras.com\/site\/fala-sobre-popularidade-de-dilma-afasta-temer-cada-vez-mais-do-palacio-do-planalto\/#primaryimage\",\"url\":\"https:\/\/www.notibras.com\/site\/wp-content\/uploads\/2015\/09\/tedi.jpg\",\"contentUrl\":\"https:\/\/www.notibras.com\/site\/wp-content\/uploads\/2015\/09\/tedi.jpg\",\"width\":259,\"height\":194},{\"@type\":\"BreadcrumbList\",\"@id\":\"https:\/\/www.notibras.com\/site\/fala-sobre-popularidade-de-dilma-afasta-temer-cada-vez-mais-do-palacio-do-planalto\/#breadcrumb\",\"itemListElement\":[{\"@type\":\"ListItem\",\"position\":1,\"name\":\"In\u00edcio\",\"item\":\"https:\/\/www.notibras.com\/site\/\"},{\"@type\":\"ListItem\",\"position\":2,\"name\":\"Fala sobre popularidade de Dilma afasta Temer cada vez mais do Pal\u00e1cio do Planalto\"}]},{\"@type\":\"WebSite\",\"@id\":\"https:\/\/www.notibras.com\/site\/#website\",\"url\":\"https:\/\/www.notibras.com\/site\/\",\"name\":\"Notibras\",\"description\":\"Not\u00edcias de Bras\u00edlia, do Brasil e do Mundo\",\"publisher\":{\"@id\":\"https:\/\/www.notibras.com\/site\/#organization\"},\"potentialAction\":[{\"@type\":\"SearchAction\",\"target\":{\"@type\":\"EntryPoint\",\"urlTemplate\":\"https:\/\/www.notibras.com\/site\/?s={search_term_string}\"},\"query-input\":{\"@type\":\"PropertyValueSpecification\",\"valueRequired\":true,\"valueName\":\"search_term_string\"}}],\"inLanguage\":\"pt-BR\"},{\"@type\":\"Organization\",\"@id\":\"https:\/\/www.notibras.com\/site\/#organization\",\"name\":\"Grupo Notibras de Comunica\u00e7\u00e3o\",\"url\":\"https:\/\/www.notibras.com\/site\/\",\"logo\":{\"@type\":\"ImageObject\",\"inLanguage\":\"pt-BR\",\"@id\":\"https:\/\/www.notibras.com\/site\/#\/schema\/logo\/image\/\",\"url\":\"https:\/\/www.notibras.com\/site\/wp-content\/uploads\/2023\/01\/notibras23.png\",\"contentUrl\":\"https:\/\/www.notibras.com\/site\/wp-content\/uploads\/2023\/01\/notibras23.png\",\"width\":350,\"height\":87,\"caption\":\"Grupo Notibras de Comunica\u00e7\u00e3o\"},\"image\":{\"@id\":\"https:\/\/www.notibras.com\/site\/#\/schema\/logo\/image\/\"},\"sameAs\":[\"https:\/\/www.facebook.com\/notibras\/\",\"https:\/\/x.com\/Notibras\",\"https:\/\/www.instagram.com\/notibras\/\"]},{\"@type\":\"Person\",\"@id\":\"https:\/\/www.notibras.com\/site\/#\/schema\/person\/36ab0979449956132d3e5b517ea76ac8\",\"name\":\"Reda\u00e7\u00e3o\",\"image\":{\"@type\":\"ImageObject\",\"inLanguage\":\"pt-BR\",\"@id\":\"https:\/\/secure.gravatar.com\/avatar\/e0a867bdedb85fd243eadf09663511f96fc81e0720a4a42581f334ad4303aa6b?s=96&d=mm&r=g\",\"url\":\"https:\/\/secure.gravatar.com\/avatar\/e0a867bdedb85fd243eadf09663511f96fc81e0720a4a42581f334ad4303aa6b?s=96&d=mm&r=g\",\"contentUrl\":\"https:\/\/secure.gravatar.com\/avatar\/e0a867bdedb85fd243eadf09663511f96fc81e0720a4a42581f334ad4303aa6b?s=96&d=mm&r=g\",\"caption\":\"Reda\u00e7\u00e3o\"}}]}<\/script>\n<!-- \/ Yoast SEO plugin. -->","yoast_head_json":{"title":"Fala sobre popularidade de Dilma afasta Temer cada vez mais do Pal\u00e1cio do Planalto - Notibras","robots":{"index":"index","follow":"follow","max-snippet":"max-snippet:-1","max-image-preview":"max-image-preview:large","max-video-preview":"max-video-preview:-1"},"canonical":"https:\/\/www.notibras.com\/site\/fala-sobre-popularidade-de-dilma-afasta-temer-cada-vez-mais-do-palacio-do-planalto\/","og_locale":"pt_BR","og_type":"article","og_title":"Fala sobre popularidade de Dilma afasta Temer cada vez mais do Pal\u00e1cio do Planalto - Notibras","og_description":"A fala do vice-presidente Michel Temer sobre a popularidade da presidente Dilma Rousseff foi vista por lideran\u00e7as da oposi\u00e7\u00e3o como uma sinaliza\u00e7\u00e3o de que o afastamento do peemedebista do Pal\u00e1cio do Planalto \u00e9 um caminho sem volta. &#8220;Essa fala \u00e9 um sintoma de que a rela\u00e7\u00e3o n\u00e3o est\u00e1 t\u00e3o tranquila como deveria ser. Acho que [&hellip;]","og_url":"https:\/\/www.notibras.com\/site\/fala-sobre-popularidade-de-dilma-afasta-temer-cada-vez-mais-do-palacio-do-planalto\/","og_site_name":"Notibras","article_publisher":"https:\/\/www.facebook.com\/notibras\/","article_published_time":"2015-09-05T00:02:32+00:00","og_image":[{"width":259,"height":194,"url":"https:\/\/www.notibras.com\/site\/wp-content\/uploads\/2015\/09\/tedi.jpg","type":"image\/jpeg"}],"author":"Reda\u00e7\u00e3o","twitter_card":"summary_large_image","twitter_creator":"@Notibras","twitter_site":"@Notibras","twitter_misc":{"Escrito por":"Reda\u00e7\u00e3o","Est. tempo de leitura":"1 minuto"},"schema":{"@context":"https:\/\/schema.org","@graph":[{"@type":"Article","@id":"https:\/\/www.notibras.com\/site\/fala-sobre-popularidade-de-dilma-afasta-temer-cada-vez-mais-do-palacio-do-planalto\/#article","isPartOf":{"@id":"https:\/\/www.notibras.com\/site\/fala-sobre-popularidade-de-dilma-afasta-temer-cada-vez-mais-do-palacio-do-planalto\/"},"author":{"name":"Reda\u00e7\u00e3o","@id":"https:\/\/www.notibras.com\/site\/#\/schema\/person\/36ab0979449956132d3e5b517ea76ac8"},"headline":"Fala sobre popularidade de Dilma afasta Temer cada vez mais do Pal\u00e1cio do Planalto","datePublished":"2015-09-05T00:02:32+00:00","mainEntityOfPage":{"@id":"https:\/\/www.notibras.com\/site\/fala-sobre-popularidade-de-dilma-afasta-temer-cada-vez-mais-do-palacio-do-planalto\/"},"wordCount":233,"commentCount":0,"publisher":{"@id":"https:\/\/www.notibras.com\/site\/#organization"},"image":{"@id":"https:\/\/www.notibras.com\/site\/fala-sobre-popularidade-de-dilma-afasta-temer-cada-vez-mais-do-palacio-do-planalto\/#primaryimage"},"thumbnailUrl":"https:\/\/www.notibras.com\/site\/wp-content\/uploads\/2015\/09\/tedi.jpg","articleSection":["Brasil"],"inLanguage":"pt-BR","potentialAction":[{"@type":"CommentAction","name":"Comment","target":["https:\/\/www.notibras.com\/site\/fala-sobre-popularidade-de-dilma-afasta-temer-cada-vez-mais-do-palacio-do-planalto\/#respond"]}]},{"@type":"WebPage","@id":"https:\/\/www.notibras.com\/site\/fala-sobre-popularidade-de-dilma-afasta-temer-cada-vez-mais-do-palacio-do-planalto\/","url":"https:\/\/www.notibras.com\/site\/fala-sobre-popularidade-de-dilma-afasta-temer-cada-vez-mais-do-palacio-do-planalto\/","name":"Fala sobre popularidade de Dilma afasta Temer cada vez mais do Pal\u00e1cio do Planalto - Notibras","isPartOf":{"@id":"https:\/\/www.notibras.com\/site\/#website"},"primaryImageOfPage":{"@id":"https:\/\/www.notibras.com\/site\/fala-sobre-popularidade-de-dilma-afasta-temer-cada-vez-mais-do-palacio-do-planalto\/#primaryimage"},"image":{"@id":"https:\/\/www.notibras.com\/site\/fala-sobre-popularidade-de-dilma-afasta-temer-cada-vez-mais-do-palacio-do-planalto\/#primaryimage"},"thumbnailUrl":"https:\/\/www.notibras.com\/site\/wp-content\/uploads\/2015\/09\/tedi.jpg","datePublished":"2015-09-05T00:02:32+00:00","breadcrumb":{"@id":"https:\/\/www.notibras.com\/site\/fala-sobre-popularidade-de-dilma-afasta-temer-cada-vez-mais-do-palacio-do-planalto\/#breadcrumb"},"inLanguage":"pt-BR","potentialAction":[{"@type":"ReadAction","target":["https:\/\/www.notibras.com\/site\/fala-sobre-popularidade-de-dilma-afasta-temer-cada-vez-mais-do-palacio-do-planalto\/"]}]},{"@type":"ImageObject","inLanguage":"pt-BR","@id":"https:\/\/www.notibras.com\/site\/fala-sobre-popularidade-de-dilma-afasta-temer-cada-vez-mais-do-palacio-do-planalto\/#primaryimage","url":"https:\/\/www.notibras.com\/site\/wp-content\/uploads\/2015\/09\/tedi.jpg","contentUrl":"https:\/\/www.notibras.com\/site\/wp-content\/uploads\/2015\/09\/tedi.jpg","width":259,"height":194},{"@type":"BreadcrumbList","@id":"https:\/\/www.notibras.com\/site\/fala-sobre-popularidade-de-dilma-afasta-temer-cada-vez-mais-do-palacio-do-planalto\/#breadcrumb","itemListElement":[{"@type":"ListItem","position":1,"name":"In\u00edcio","item":"https:\/\/www.notibras.com\/site\/"},{"@type":"ListItem","position":2,"name":"Fala sobre popularidade de Dilma afasta Temer cada vez mais do Pal\u00e1cio do Planalto"}]},{"@type":"WebSite","@id":"https:\/\/www.notibras.com\/site\/#website","url":"https:\/\/www.notibras.com\/site\/","name":"Notibras","description":"Not\u00edcias de Bras\u00edlia, do Brasil e do Mundo","publisher":{"@id":"https:\/\/www.notibras.com\/site\/#organization"},"potentialAction":[{"@type":"SearchAction","target":{"@type":"EntryPoint","urlTemplate":"https:\/\/www.notibras.com\/site\/?s={search_term_string}"},"query-input":{"@type":"PropertyValueSpecification","valueRequired":true,"valueName":"search_term_string"}}],"inLanguage":"pt-BR"},{"@type":"Organization","@id":"https:\/\/www.notibras.com\/site\/#organization","name":"Grupo Notibras de Comunica\u00e7\u00e3o","url":"https:\/\/www.notibras.com\/site\/","logo":{"@type":"ImageObject","inLanguage":"pt-BR","@id":"https:\/\/www.notibras.com\/site\/#\/schema\/logo\/image\/","url":"https:\/\/www.notibras.com\/site\/wp-content\/uploads\/2023\/01\/notibras23.png","contentUrl":"https:\/\/www.notibras.com\/site\/wp-content\/uploads\/2023\/01\/notibras23.png","width":350,"height":87,"caption":"Grupo Notibras de Comunica\u00e7\u00e3o"},"image":{"@id":"https:\/\/www.notibras.com\/site\/#\/schema\/logo\/image\/"},"sameAs":["https:\/\/www.facebook.com\/notibras\/","https:\/\/x.com\/Notibras","https:\/\/www.instagram.com\/notibras\/"]},{"@type":"Person","@id":"https:\/\/www.notibras.com\/site\/#\/schema\/person\/36ab0979449956132d3e5b517ea76ac8","name":"Reda\u00e7\u00e3o","image":{"@type":"ImageObject","inLanguage":"pt-BR","@id":"https:\/\/secure.gravatar.com\/avatar\/e0a867bdedb85fd243eadf09663511f96fc81e0720a4a42581f334ad4303aa6b?s=96&d=mm&r=g","url":"https:\/\/secure.gravatar.com\/avatar\/e0a867bdedb85fd243eadf09663511f96fc81e0720a4a42581f334ad4303aa6b?s=96&d=mm&r=g","contentUrl":"https:\/\/secure.gravatar.com\/avatar\/e0a867bdedb85fd243eadf09663511f96fc81e0720a4a42581f334ad4303aa6b?s=96&d=mm&r=g","caption":"Reda\u00e7\u00e3o"}}]}},"amp_enabled":true,"_links":{"self":[{"href":"https:\/\/www.notibras.com\/site\/wp-json\/wp\/v2\/posts\/66209","targetHints":{"allow":["GET"]}}],"collection":[{"href":"https:\/\/www.notibras.com\/site\/wp-json\/wp\/v2\/posts"}],"about":[{"href":"https:\/\/www.notibras.com\/site\/wp-json\/wp\/v2\/types\/post"}],"author":[{"embeddable":true,"href":"https:\/\/www.notibras.com\/site\/wp-json\/wp\/v2\/users\/2"}],"replies":[{"embeddable":true,"href":"https:\/\/www.notibras.com\/site\/wp-json\/wp\/v2\/comments?post=66209"}],"version-history":[{"count":1,"href":"https:\/\/www.notibras.com\/site\/wp-json\/wp\/v2\/posts\/66209\/revisions"}],"predecessor-version":[{"id":66211,"href":"https:\/\/www.notibras.com\/site\/wp-json\/wp\/v2\/posts\/66209\/revisions\/66211"}],"wp:featuredmedia":[{"embeddable":true,"href":"https:\/\/www.notibras.com\/site\/wp-json\/wp\/v2\/media\/66210"}],"wp:attachment":[{"href":"https:\/\/www.notibras.com\/site\/wp-json\/wp\/v2\/media?parent=66209"}],"wp:term":[{"taxonomy":"category","embeddable":true,"href":"https:\/\/www.notibras.com\/site\/wp-json\/wp\/v2\/categories?post=66209"},{"taxonomy":"post_tag","embeddable":true,"href":"https:\/\/www.notibras.com\/site\/wp-json\/wp\/v2\/tags?post=66209"}],"curies":[{"name":"wp","href":"https:\/\/api.w.org\/{rel}","templated":true}]}}