{"id":6626,"date":"2014-04-12T12:31:22","date_gmt":"2014-04-12T15:31:22","guid":{"rendered":"http:\/\/www.notibras.com\/site\/?p=6626"},"modified":"2014-04-12T12:31:22","modified_gmt":"2014-04-12T15:31:22","slug":"delubio-atras-da-cela-vai-ter-de-comer-ovo-da-pascoa-quadrado","status":"publish","type":"post","link":"https:\/\/www.notibras.com\/site\/delubio-atras-da-cela-vai-ter-de-comer-ovo-da-pascoa-quadrado\/","title":{"rendered":"Del\u00fabio, atr\u00e1s da cela, vai ter de comer ovo da P\u00e1scoa quadrado"},"content":{"rendered":"<p>O ex-tesoureiro do PT Del\u00fabio Soares teve negado nesta sexta-feira seu pedido para passar o feriado de P\u00e1scoa com a fam\u00edlia, na cidade de Buriti Alegre, em Goi\u00e1s. O juiz M\u00e1rio Jos\u00e9 de Assis Pegado, da Vara de Execu\u00e7\u00f5es Penais do Distrito Federal, justificou que Del\u00fabio ainda n\u00e3o cumpriu um sexto da pena e, por esse motivo, n\u00e3o teria direito \u00e0s chamadas sa\u00eddas tempor\u00e1rias.<\/p>\n","protected":false},"excerpt":{"rendered":"<p>O ex-tesoureiro do PT Del\u00fabio Soares teve negado nesta sexta-feira seu pedido para passar o feriado de P\u00e1scoa com a fam\u00edlia, na cidade de Buriti Alegre, em Goi\u00e1s. O juiz M\u00e1rio Jos\u00e9 de Assis Pegado, da Vara de Execu\u00e7\u00f5es Penais do Distrito Federal, justificou que Del\u00fabio ainda n\u00e3o cumpriu um sexto da pena e, por [&hellip;]<\/p>\n","protected":false},"author":2,"featured_media":6627,"comment_status":"open","ping_status":"closed","sticky":false,"template":"","format":"standard","meta":{"_acf_changed":false,"footnotes":""},"categories":[26],"tags":[],"class_list":["post-6626","post","type-post","status-publish","format-standard","has-post-thumbnail","hentry","category-eleicoes-2022"],"acf":[],"yoast_head":"<!-- This site is optimized with the Yoast SEO plugin v27.2 - https:\/\/yoast.com\/product\/yoast-seo-wordpress\/ -->\n<title>Del\u00fabio, atr\u00e1s da cela, vai ter de comer ovo da P\u00e1scoa quadrado - Notibras<\/title>\n<meta name=\"robots\" content=\"index, follow, max-snippet:-1, max-image-preview:large, max-video-preview:-1\" \/>\n<link rel=\"canonical\" href=\"https:\/\/www.notibras.com\/site\/delubio-atras-da-cela-vai-ter-de-comer-ovo-da-pascoa-quadrado\/\" \/>\n<meta property=\"og:locale\" content=\"pt_BR\" \/>\n<meta property=\"og:type\" content=\"article\" \/>\n<meta property=\"og:title\" content=\"Del\u00fabio, atr\u00e1s da cela, vai ter de comer ovo da P\u00e1scoa quadrado - Notibras\" \/>\n<meta property=\"og:description\" content=\"O ex-tesoureiro do PT Del\u00fabio Soares teve negado nesta sexta-feira seu pedido para passar o feriado de P\u00e1scoa com a fam\u00edlia, na cidade de Buriti Alegre, em Goi\u00e1s. O juiz M\u00e1rio Jos\u00e9 de Assis Pegado, da Vara de Execu\u00e7\u00f5es Penais do Distrito Federal, justificou que Del\u00fabio ainda n\u00e3o cumpriu um sexto da pena e, por [&hellip;]\" \/>\n<meta property=\"og:url\" content=\"https:\/\/www.notibras.com\/site\/delubio-atras-da-cela-vai-ter-de-comer-ovo-da-pascoa-quadrado\/\" \/>\n<meta property=\"og:site_name\" content=\"Notibras\" \/>\n<meta property=\"article:publisher\" content=\"https:\/\/www.facebook.com\/notibras\/\" \/>\n<meta property=\"article:published_time\" content=\"2014-04-12T15:31:22+00:00\" \/>\n<meta property=\"og:image\" content=\"https:\/\/www.notibras.com\/site\/wp-content\/uploads\/2014\/04\/peri44.jpg\" \/>\n\t<meta property=\"og:image:width\" content=\"277\" \/>\n\t<meta property=\"og:image:height\" content=\"182\" \/>\n\t<meta property=\"og:image:type\" content=\"image\/jpeg\" \/>\n<meta name=\"author\" content=\"Reda\u00e7\u00e3o\" \/>\n<meta name=\"twitter:card\" content=\"summary_large_image\" \/>\n<meta name=\"twitter:creator\" content=\"@Notibras\" \/>\n<meta name=\"twitter:site\" content=\"@Notibras\" \/>\n<meta name=\"twitter:label1\" content=\"Escrito por\" \/>\n\t<meta name=\"twitter:data1\" content=\"Reda\u00e7\u00e3o\" \/>\n<script type=\"application\/ld+json\" class=\"yoast-schema-graph\">{\"@context\":\"https:\/\/schema.org\",\"@graph\":[{\"@type\":\"Article\",\"@id\":\"https:\/\/www.notibras.com\/site\/delubio-atras-da-cela-vai-ter-de-comer-ovo-da-pascoa-quadrado\/#article\",\"isPartOf\":{\"@id\":\"https:\/\/www.notibras.com\/site\/delubio-atras-da-cela-vai-ter-de-comer-ovo-da-pascoa-quadrado\/\"},\"author\":{\"name\":\"Reda\u00e7\u00e3o\",\"@id\":\"https:\/\/www.notibras.com\/site\/#\/schema\/person\/36ab0979449956132d3e5b517ea76ac8\"},\"headline\":\"Del\u00fabio, atr\u00e1s da cela, vai ter de comer ovo da P\u00e1scoa quadrado\",\"datePublished\":\"2014-04-12T15:31:22+00:00\",\"mainEntityOfPage\":{\"@id\":\"https:\/\/www.notibras.com\/site\/delubio-atras-da-cela-vai-ter-de-comer-ovo-da-pascoa-quadrado\/\"},\"wordCount\":90,\"commentCount\":0,\"publisher\":{\"@id\":\"https:\/\/www.notibras.com\/site\/#organization\"},\"image\":{\"@id\":\"https:\/\/www.notibras.com\/site\/delubio-atras-da-cela-vai-ter-de-comer-ovo-da-pascoa-quadrado\/#primaryimage\"},\"thumbnailUrl\":\"https:\/\/www.notibras.com\/site\/wp-content\/uploads\/2014\/04\/peri44.jpg\",\"articleSection\":[\"Elei\u00e7\u00f5es 2022\"],\"inLanguage\":\"pt-BR\",\"potentialAction\":[{\"@type\":\"CommentAction\",\"name\":\"Comment\",\"target\":[\"https:\/\/www.notibras.com\/site\/delubio-atras-da-cela-vai-ter-de-comer-ovo-da-pascoa-quadrado\/#respond\"]}]},{\"@type\":\"WebPage\",\"@id\":\"https:\/\/www.notibras.com\/site\/delubio-atras-da-cela-vai-ter-de-comer-ovo-da-pascoa-quadrado\/\",\"url\":\"https:\/\/www.notibras.com\/site\/delubio-atras-da-cela-vai-ter-de-comer-ovo-da-pascoa-quadrado\/\",\"name\":\"Del\u00fabio, atr\u00e1s da cela, vai ter de comer ovo da P\u00e1scoa quadrado - Notibras\",\"isPartOf\":{\"@id\":\"https:\/\/www.notibras.com\/site\/#website\"},\"primaryImageOfPage\":{\"@id\":\"https:\/\/www.notibras.com\/site\/delubio-atras-da-cela-vai-ter-de-comer-ovo-da-pascoa-quadrado\/#primaryimage\"},\"image\":{\"@id\":\"https:\/\/www.notibras.com\/site\/delubio-atras-da-cela-vai-ter-de-comer-ovo-da-pascoa-quadrado\/#primaryimage\"},\"thumbnailUrl\":\"https:\/\/www.notibras.com\/site\/wp-content\/uploads\/2014\/04\/peri44.jpg\",\"datePublished\":\"2014-04-12T15:31:22+00:00\",\"breadcrumb\":{\"@id\":\"https:\/\/www.notibras.com\/site\/delubio-atras-da-cela-vai-ter-de-comer-ovo-da-pascoa-quadrado\/#breadcrumb\"},\"inLanguage\":\"pt-BR\",\"potentialAction\":[{\"@type\":\"ReadAction\",\"target\":[\"https:\/\/www.notibras.com\/site\/delubio-atras-da-cela-vai-ter-de-comer-ovo-da-pascoa-quadrado\/\"]}]},{\"@type\":\"ImageObject\",\"inLanguage\":\"pt-BR\",\"@id\":\"https:\/\/www.notibras.com\/site\/delubio-atras-da-cela-vai-ter-de-comer-ovo-da-pascoa-quadrado\/#primaryimage\",\"url\":\"https:\/\/www.notibras.com\/site\/wp-content\/uploads\/2014\/04\/peri44.jpg\",\"contentUrl\":\"https:\/\/www.notibras.com\/site\/wp-content\/uploads\/2014\/04\/peri44.jpg\",\"width\":277,\"height\":182},{\"@type\":\"BreadcrumbList\",\"@id\":\"https:\/\/www.notibras.com\/site\/delubio-atras-da-cela-vai-ter-de-comer-ovo-da-pascoa-quadrado\/#breadcrumb\",\"itemListElement\":[{\"@type\":\"ListItem\",\"position\":1,\"name\":\"In\u00edcio\",\"item\":\"https:\/\/www.notibras.com\/site\/\"},{\"@type\":\"ListItem\",\"position\":2,\"name\":\"Del\u00fabio, atr\u00e1s da cela, vai ter de comer ovo da P\u00e1scoa quadrado\"}]},{\"@type\":\"WebSite\",\"@id\":\"https:\/\/www.notibras.com\/site\/#website\",\"url\":\"https:\/\/www.notibras.com\/site\/\",\"name\":\"Notibras\",\"description\":\"Not\u00edcias de Bras\u00edlia, do Brasil e do Mundo\",\"publisher\":{\"@id\":\"https:\/\/www.notibras.com\/site\/#organization\"},\"potentialAction\":[{\"@type\":\"SearchAction\",\"target\":{\"@type\":\"EntryPoint\",\"urlTemplate\":\"https:\/\/www.notibras.com\/site\/?s={search_term_string}\"},\"query-input\":{\"@type\":\"PropertyValueSpecification\",\"valueRequired\":true,\"valueName\":\"search_term_string\"}}],\"inLanguage\":\"pt-BR\"},{\"@type\":\"Organization\",\"@id\":\"https:\/\/www.notibras.com\/site\/#organization\",\"name\":\"Grupo Notibras de Comunica\u00e7\u00e3o\",\"url\":\"https:\/\/www.notibras.com\/site\/\",\"logo\":{\"@type\":\"ImageObject\",\"inLanguage\":\"pt-BR\",\"@id\":\"https:\/\/www.notibras.com\/site\/#\/schema\/logo\/image\/\",\"url\":\"https:\/\/www.notibras.com\/site\/wp-content\/uploads\/2023\/01\/notibras23.png\",\"contentUrl\":\"https:\/\/www.notibras.com\/site\/wp-content\/uploads\/2023\/01\/notibras23.png\",\"width\":350,\"height\":87,\"caption\":\"Grupo Notibras de Comunica\u00e7\u00e3o\"},\"image\":{\"@id\":\"https:\/\/www.notibras.com\/site\/#\/schema\/logo\/image\/\"},\"sameAs\":[\"https:\/\/www.facebook.com\/notibras\/\",\"https:\/\/x.com\/Notibras\",\"https:\/\/www.instagram.com\/notibras\/\"]},{\"@type\":\"Person\",\"@id\":\"https:\/\/www.notibras.com\/site\/#\/schema\/person\/36ab0979449956132d3e5b517ea76ac8\",\"name\":\"Reda\u00e7\u00e3o\",\"image\":{\"@type\":\"ImageObject\",\"inLanguage\":\"pt-BR\",\"@id\":\"https:\/\/secure.gravatar.com\/avatar\/e0a867bdedb85fd243eadf09663511f96fc81e0720a4a42581f334ad4303aa6b?s=96&d=mm&r=g\",\"url\":\"https:\/\/secure.gravatar.com\/avatar\/e0a867bdedb85fd243eadf09663511f96fc81e0720a4a42581f334ad4303aa6b?s=96&d=mm&r=g\",\"contentUrl\":\"https:\/\/secure.gravatar.com\/avatar\/e0a867bdedb85fd243eadf09663511f96fc81e0720a4a42581f334ad4303aa6b?s=96&d=mm&r=g\",\"caption\":\"Reda\u00e7\u00e3o\"}}]}<\/script>\n<!-- \/ Yoast SEO plugin. -->","yoast_head_json":{"title":"Del\u00fabio, atr\u00e1s da cela, vai ter de comer ovo da P\u00e1scoa quadrado - Notibras","robots":{"index":"index","follow":"follow","max-snippet":"max-snippet:-1","max-image-preview":"max-image-preview:large","max-video-preview":"max-video-preview:-1"},"canonical":"https:\/\/www.notibras.com\/site\/delubio-atras-da-cela-vai-ter-de-comer-ovo-da-pascoa-quadrado\/","og_locale":"pt_BR","og_type":"article","og_title":"Del\u00fabio, atr\u00e1s da cela, vai ter de comer ovo da P\u00e1scoa quadrado - Notibras","og_description":"O ex-tesoureiro do PT Del\u00fabio Soares teve negado nesta sexta-feira seu pedido para passar o feriado de P\u00e1scoa com a fam\u00edlia, na cidade de Buriti Alegre, em Goi\u00e1s. O juiz M\u00e1rio Jos\u00e9 de Assis Pegado, da Vara de Execu\u00e7\u00f5es Penais do Distrito Federal, justificou que Del\u00fabio ainda n\u00e3o cumpriu um sexto da pena e, por [&hellip;]","og_url":"https:\/\/www.notibras.com\/site\/delubio-atras-da-cela-vai-ter-de-comer-ovo-da-pascoa-quadrado\/","og_site_name":"Notibras","article_publisher":"https:\/\/www.facebook.com\/notibras\/","article_published_time":"2014-04-12T15:31:22+00:00","og_image":[{"width":277,"height":182,"url":"https:\/\/www.notibras.com\/site\/wp-content\/uploads\/2014\/04\/peri44.jpg","type":"image\/jpeg"}],"author":"Reda\u00e7\u00e3o","twitter_card":"summary_large_image","twitter_creator":"@Notibras","twitter_site":"@Notibras","twitter_misc":{"Escrito por":"Reda\u00e7\u00e3o"},"schema":{"@context":"https:\/\/schema.org","@graph":[{"@type":"Article","@id":"https:\/\/www.notibras.com\/site\/delubio-atras-da-cela-vai-ter-de-comer-ovo-da-pascoa-quadrado\/#article","isPartOf":{"@id":"https:\/\/www.notibras.com\/site\/delubio-atras-da-cela-vai-ter-de-comer-ovo-da-pascoa-quadrado\/"},"author":{"name":"Reda\u00e7\u00e3o","@id":"https:\/\/www.notibras.com\/site\/#\/schema\/person\/36ab0979449956132d3e5b517ea76ac8"},"headline":"Del\u00fabio, atr\u00e1s da cela, vai ter de comer ovo da P\u00e1scoa quadrado","datePublished":"2014-04-12T15:31:22+00:00","mainEntityOfPage":{"@id":"https:\/\/www.notibras.com\/site\/delubio-atras-da-cela-vai-ter-de-comer-ovo-da-pascoa-quadrado\/"},"wordCount":90,"commentCount":0,"publisher":{"@id":"https:\/\/www.notibras.com\/site\/#organization"},"image":{"@id":"https:\/\/www.notibras.com\/site\/delubio-atras-da-cela-vai-ter-de-comer-ovo-da-pascoa-quadrado\/#primaryimage"},"thumbnailUrl":"https:\/\/www.notibras.com\/site\/wp-content\/uploads\/2014\/04\/peri44.jpg","articleSection":["Elei\u00e7\u00f5es 2022"],"inLanguage":"pt-BR","potentialAction":[{"@type":"CommentAction","name":"Comment","target":["https:\/\/www.notibras.com\/site\/delubio-atras-da-cela-vai-ter-de-comer-ovo-da-pascoa-quadrado\/#respond"]}]},{"@type":"WebPage","@id":"https:\/\/www.notibras.com\/site\/delubio-atras-da-cela-vai-ter-de-comer-ovo-da-pascoa-quadrado\/","url":"https:\/\/www.notibras.com\/site\/delubio-atras-da-cela-vai-ter-de-comer-ovo-da-pascoa-quadrado\/","name":"Del\u00fabio, atr\u00e1s da cela, vai ter de comer ovo da P\u00e1scoa quadrado - Notibras","isPartOf":{"@id":"https:\/\/www.notibras.com\/site\/#website"},"primaryImageOfPage":{"@id":"https:\/\/www.notibras.com\/site\/delubio-atras-da-cela-vai-ter-de-comer-ovo-da-pascoa-quadrado\/#primaryimage"},"image":{"@id":"https:\/\/www.notibras.com\/site\/delubio-atras-da-cela-vai-ter-de-comer-ovo-da-pascoa-quadrado\/#primaryimage"},"thumbnailUrl":"https:\/\/www.notibras.com\/site\/wp-content\/uploads\/2014\/04\/peri44.jpg","datePublished":"2014-04-12T15:31:22+00:00","breadcrumb":{"@id":"https:\/\/www.notibras.com\/site\/delubio-atras-da-cela-vai-ter-de-comer-ovo-da-pascoa-quadrado\/#breadcrumb"},"inLanguage":"pt-BR","potentialAction":[{"@type":"ReadAction","target":["https:\/\/www.notibras.com\/site\/delubio-atras-da-cela-vai-ter-de-comer-ovo-da-pascoa-quadrado\/"]}]},{"@type":"ImageObject","inLanguage":"pt-BR","@id":"https:\/\/www.notibras.com\/site\/delubio-atras-da-cela-vai-ter-de-comer-ovo-da-pascoa-quadrado\/#primaryimage","url":"https:\/\/www.notibras.com\/site\/wp-content\/uploads\/2014\/04\/peri44.jpg","contentUrl":"https:\/\/www.notibras.com\/site\/wp-content\/uploads\/2014\/04\/peri44.jpg","width":277,"height":182},{"@type":"BreadcrumbList","@id":"https:\/\/www.notibras.com\/site\/delubio-atras-da-cela-vai-ter-de-comer-ovo-da-pascoa-quadrado\/#breadcrumb","itemListElement":[{"@type":"ListItem","position":1,"name":"In\u00edcio","item":"https:\/\/www.notibras.com\/site\/"},{"@type":"ListItem","position":2,"name":"Del\u00fabio, atr\u00e1s da cela, vai ter de comer ovo da P\u00e1scoa quadrado"}]},{"@type":"WebSite","@id":"https:\/\/www.notibras.com\/site\/#website","url":"https:\/\/www.notibras.com\/site\/","name":"Notibras","description":"Not\u00edcias de Bras\u00edlia, do Brasil e do Mundo","publisher":{"@id":"https:\/\/www.notibras.com\/site\/#organization"},"potentialAction":[{"@type":"SearchAction","target":{"@type":"EntryPoint","urlTemplate":"https:\/\/www.notibras.com\/site\/?s={search_term_string}"},"query-input":{"@type":"PropertyValueSpecification","valueRequired":true,"valueName":"search_term_string"}}],"inLanguage":"pt-BR"},{"@type":"Organization","@id":"https:\/\/www.notibras.com\/site\/#organization","name":"Grupo Notibras de Comunica\u00e7\u00e3o","url":"https:\/\/www.notibras.com\/site\/","logo":{"@type":"ImageObject","inLanguage":"pt-BR","@id":"https:\/\/www.notibras.com\/site\/#\/schema\/logo\/image\/","url":"https:\/\/www.notibras.com\/site\/wp-content\/uploads\/2023\/01\/notibras23.png","contentUrl":"https:\/\/www.notibras.com\/site\/wp-content\/uploads\/2023\/01\/notibras23.png","width":350,"height":87,"caption":"Grupo Notibras de Comunica\u00e7\u00e3o"},"image":{"@id":"https:\/\/www.notibras.com\/site\/#\/schema\/logo\/image\/"},"sameAs":["https:\/\/www.facebook.com\/notibras\/","https:\/\/x.com\/Notibras","https:\/\/www.instagram.com\/notibras\/"]},{"@type":"Person","@id":"https:\/\/www.notibras.com\/site\/#\/schema\/person\/36ab0979449956132d3e5b517ea76ac8","name":"Reda\u00e7\u00e3o","image":{"@type":"ImageObject","inLanguage":"pt-BR","@id":"https:\/\/secure.gravatar.com\/avatar\/e0a867bdedb85fd243eadf09663511f96fc81e0720a4a42581f334ad4303aa6b?s=96&d=mm&r=g","url":"https:\/\/secure.gravatar.com\/avatar\/e0a867bdedb85fd243eadf09663511f96fc81e0720a4a42581f334ad4303aa6b?s=96&d=mm&r=g","contentUrl":"https:\/\/secure.gravatar.com\/avatar\/e0a867bdedb85fd243eadf09663511f96fc81e0720a4a42581f334ad4303aa6b?s=96&d=mm&r=g","caption":"Reda\u00e7\u00e3o"}}]}},"amp_enabled":true,"_links":{"self":[{"href":"https:\/\/www.notibras.com\/site\/wp-json\/wp\/v2\/posts\/6626","targetHints":{"allow":["GET"]}}],"collection":[{"href":"https:\/\/www.notibras.com\/site\/wp-json\/wp\/v2\/posts"}],"about":[{"href":"https:\/\/www.notibras.com\/site\/wp-json\/wp\/v2\/types\/post"}],"author":[{"embeddable":true,"href":"https:\/\/www.notibras.com\/site\/wp-json\/wp\/v2\/users\/2"}],"replies":[{"embeddable":true,"href":"https:\/\/www.notibras.com\/site\/wp-json\/wp\/v2\/comments?post=6626"}],"version-history":[{"count":0,"href":"https:\/\/www.notibras.com\/site\/wp-json\/wp\/v2\/posts\/6626\/revisions"}],"wp:featuredmedia":[{"embeddable":true,"href":"https:\/\/www.notibras.com\/site\/wp-json\/wp\/v2\/media\/6627"}],"wp:attachment":[{"href":"https:\/\/www.notibras.com\/site\/wp-json\/wp\/v2\/media?parent=6626"}],"wp:term":[{"taxonomy":"category","embeddable":true,"href":"https:\/\/www.notibras.com\/site\/wp-json\/wp\/v2\/categories?post=6626"},{"taxonomy":"post_tag","embeddable":true,"href":"https:\/\/www.notibras.com\/site\/wp-json\/wp\/v2\/tags?post=6626"}],"curies":[{"name":"wp","href":"https:\/\/api.w.org\/{rel}","templated":true}]}}