{"id":6632,"date":"2014-04-12T12:33:02","date_gmt":"2014-04-12T15:33:02","guid":{"rendered":"http:\/\/www.notibras.com\/site\/?p=6632"},"modified":"2014-04-12T12:33:02","modified_gmt":"2014-04-12T15:33:02","slug":"assessor-irado-deixa-erika-kokay-entre-a-cruz-e-a-espada","status":"publish","type":"post","link":"https:\/\/www.notibras.com\/site\/assessor-irado-deixa-erika-kokay-entre-a-cruz-e-a-espada\/","title":{"rendered":"Assessor irado deixa Erika Kokay entre a cruz e a espada"},"content":{"rendered":"<p>Erika Kokay, do PT brasiliense, est\u00e1 prestes a demitir um assessor. Tudo isso para evitar maiores problemas com a den\u00fancia feita pelo senador Aloysio Nunes, l\u00edder do PSDB no Senado, contra Rodrigo Grassi Cademartori, assessor\u00a0 da deputada. Cademartori teria hostilizado Joaquim Barbosa, ministro do Superior Tribunal Federal, quando sa\u00eda de um bar, na sexta-feira, dia 4.<\/p>\n","protected":false},"excerpt":{"rendered":"<p>Erika Kokay, do PT brasiliense, est\u00e1 prestes a demitir um assessor. Tudo isso para evitar maiores problemas com a den\u00fancia feita pelo senador Aloysio Nunes, l\u00edder do PSDB no Senado, contra Rodrigo Grassi Cademartori, assessor\u00a0 da deputada. Cademartori teria hostilizado Joaquim Barbosa, ministro do Superior Tribunal Federal, quando sa\u00eda de um bar, na sexta-feira, dia [&hellip;]<\/p>\n","protected":false},"author":2,"featured_media":6633,"comment_status":"open","ping_status":"closed","sticky":false,"template":"","format":"standard","meta":{"_acf_changed":false,"footnotes":""},"categories":[26],"tags":[],"class_list":["post-6632","post","type-post","status-publish","format-standard","has-post-thumbnail","hentry","category-eleicoes-2022"],"acf":[],"yoast_head":"<!-- This site is optimized with the Yoast SEO plugin v27.2 - https:\/\/yoast.com\/product\/yoast-seo-wordpress\/ -->\n<title>Assessor irado deixa Erika Kokay entre a cruz e a espada - Notibras<\/title>\n<meta name=\"robots\" content=\"index, follow, max-snippet:-1, max-image-preview:large, max-video-preview:-1\" \/>\n<link rel=\"canonical\" href=\"https:\/\/www.notibras.com\/site\/assessor-irado-deixa-erika-kokay-entre-a-cruz-e-a-espada\/\" \/>\n<meta property=\"og:locale\" content=\"pt_BR\" \/>\n<meta property=\"og:type\" content=\"article\" \/>\n<meta property=\"og:title\" content=\"Assessor irado deixa Erika Kokay entre a cruz e a espada - Notibras\" \/>\n<meta property=\"og:description\" content=\"Erika Kokay, do PT brasiliense, est\u00e1 prestes a demitir um assessor. Tudo isso para evitar maiores problemas com a den\u00fancia feita pelo senador Aloysio Nunes, l\u00edder do PSDB no Senado, contra Rodrigo Grassi Cademartori, assessor\u00a0 da deputada. Cademartori teria hostilizado Joaquim Barbosa, ministro do Superior Tribunal Federal, quando sa\u00eda de um bar, na sexta-feira, dia [&hellip;]\" \/>\n<meta property=\"og:url\" content=\"https:\/\/www.notibras.com\/site\/assessor-irado-deixa-erika-kokay-entre-a-cruz-e-a-espada\/\" \/>\n<meta property=\"og:site_name\" content=\"Notibras\" \/>\n<meta property=\"article:publisher\" content=\"https:\/\/www.facebook.com\/notibras\/\" \/>\n<meta property=\"article:published_time\" content=\"2014-04-12T15:33:02+00:00\" \/>\n<meta property=\"og:image\" content=\"https:\/\/www.notibras.com\/site\/wp-content\/uploads\/2014\/04\/peri24.jpg\" \/>\n\t<meta property=\"og:image:width\" content=\"600\" \/>\n\t<meta property=\"og:image:height\" content=\"397\" \/>\n\t<meta property=\"og:image:type\" content=\"image\/jpeg\" \/>\n<meta name=\"author\" content=\"Reda\u00e7\u00e3o\" \/>\n<meta name=\"twitter:card\" content=\"summary_large_image\" \/>\n<meta name=\"twitter:creator\" content=\"@Notibras\" \/>\n<meta name=\"twitter:site\" content=\"@Notibras\" \/>\n<meta name=\"twitter:label1\" content=\"Escrito por\" \/>\n\t<meta name=\"twitter:data1\" content=\"Reda\u00e7\u00e3o\" \/>\n<script type=\"application\/ld+json\" class=\"yoast-schema-graph\">{\"@context\":\"https:\/\/schema.org\",\"@graph\":[{\"@type\":\"Article\",\"@id\":\"https:\/\/www.notibras.com\/site\/assessor-irado-deixa-erika-kokay-entre-a-cruz-e-a-espada\/#article\",\"isPartOf\":{\"@id\":\"https:\/\/www.notibras.com\/site\/assessor-irado-deixa-erika-kokay-entre-a-cruz-e-a-espada\/\"},\"author\":{\"name\":\"Reda\u00e7\u00e3o\",\"@id\":\"https:\/\/www.notibras.com\/site\/#\/schema\/person\/36ab0979449956132d3e5b517ea76ac8\"},\"headline\":\"Assessor irado deixa Erika Kokay entre a cruz e a espada\",\"datePublished\":\"2014-04-12T15:33:02+00:00\",\"mainEntityOfPage\":{\"@id\":\"https:\/\/www.notibras.com\/site\/assessor-irado-deixa-erika-kokay-entre-a-cruz-e-a-espada\/\"},\"wordCount\":69,\"commentCount\":0,\"publisher\":{\"@id\":\"https:\/\/www.notibras.com\/site\/#organization\"},\"image\":{\"@id\":\"https:\/\/www.notibras.com\/site\/assessor-irado-deixa-erika-kokay-entre-a-cruz-e-a-espada\/#primaryimage\"},\"thumbnailUrl\":\"https:\/\/www.notibras.com\/site\/wp-content\/uploads\/2014\/04\/peri24.jpg\",\"articleSection\":[\"Elei\u00e7\u00f5es 2022\"],\"inLanguage\":\"pt-BR\",\"potentialAction\":[{\"@type\":\"CommentAction\",\"name\":\"Comment\",\"target\":[\"https:\/\/www.notibras.com\/site\/assessor-irado-deixa-erika-kokay-entre-a-cruz-e-a-espada\/#respond\"]}]},{\"@type\":\"WebPage\",\"@id\":\"https:\/\/www.notibras.com\/site\/assessor-irado-deixa-erika-kokay-entre-a-cruz-e-a-espada\/\",\"url\":\"https:\/\/www.notibras.com\/site\/assessor-irado-deixa-erika-kokay-entre-a-cruz-e-a-espada\/\",\"name\":\"Assessor irado deixa Erika Kokay entre a cruz e a espada - Notibras\",\"isPartOf\":{\"@id\":\"https:\/\/www.notibras.com\/site\/#website\"},\"primaryImageOfPage\":{\"@id\":\"https:\/\/www.notibras.com\/site\/assessor-irado-deixa-erika-kokay-entre-a-cruz-e-a-espada\/#primaryimage\"},\"image\":{\"@id\":\"https:\/\/www.notibras.com\/site\/assessor-irado-deixa-erika-kokay-entre-a-cruz-e-a-espada\/#primaryimage\"},\"thumbnailUrl\":\"https:\/\/www.notibras.com\/site\/wp-content\/uploads\/2014\/04\/peri24.jpg\",\"datePublished\":\"2014-04-12T15:33:02+00:00\",\"breadcrumb\":{\"@id\":\"https:\/\/www.notibras.com\/site\/assessor-irado-deixa-erika-kokay-entre-a-cruz-e-a-espada\/#breadcrumb\"},\"inLanguage\":\"pt-BR\",\"potentialAction\":[{\"@type\":\"ReadAction\",\"target\":[\"https:\/\/www.notibras.com\/site\/assessor-irado-deixa-erika-kokay-entre-a-cruz-e-a-espada\/\"]}]},{\"@type\":\"ImageObject\",\"inLanguage\":\"pt-BR\",\"@id\":\"https:\/\/www.notibras.com\/site\/assessor-irado-deixa-erika-kokay-entre-a-cruz-e-a-espada\/#primaryimage\",\"url\":\"https:\/\/www.notibras.com\/site\/wp-content\/uploads\/2014\/04\/peri24.jpg\",\"contentUrl\":\"https:\/\/www.notibras.com\/site\/wp-content\/uploads\/2014\/04\/peri24.jpg\",\"width\":600,\"height\":397},{\"@type\":\"BreadcrumbList\",\"@id\":\"https:\/\/www.notibras.com\/site\/assessor-irado-deixa-erika-kokay-entre-a-cruz-e-a-espada\/#breadcrumb\",\"itemListElement\":[{\"@type\":\"ListItem\",\"position\":1,\"name\":\"In\u00edcio\",\"item\":\"https:\/\/www.notibras.com\/site\/\"},{\"@type\":\"ListItem\",\"position\":2,\"name\":\"Assessor irado deixa Erika Kokay entre a cruz e a espada\"}]},{\"@type\":\"WebSite\",\"@id\":\"https:\/\/www.notibras.com\/site\/#website\",\"url\":\"https:\/\/www.notibras.com\/site\/\",\"name\":\"Notibras\",\"description\":\"Not\u00edcias de Bras\u00edlia, do Brasil e do Mundo\",\"publisher\":{\"@id\":\"https:\/\/www.notibras.com\/site\/#organization\"},\"potentialAction\":[{\"@type\":\"SearchAction\",\"target\":{\"@type\":\"EntryPoint\",\"urlTemplate\":\"https:\/\/www.notibras.com\/site\/?s={search_term_string}\"},\"query-input\":{\"@type\":\"PropertyValueSpecification\",\"valueRequired\":true,\"valueName\":\"search_term_string\"}}],\"inLanguage\":\"pt-BR\"},{\"@type\":\"Organization\",\"@id\":\"https:\/\/www.notibras.com\/site\/#organization\",\"name\":\"Grupo Notibras de Comunica\u00e7\u00e3o\",\"url\":\"https:\/\/www.notibras.com\/site\/\",\"logo\":{\"@type\":\"ImageObject\",\"inLanguage\":\"pt-BR\",\"@id\":\"https:\/\/www.notibras.com\/site\/#\/schema\/logo\/image\/\",\"url\":\"https:\/\/www.notibras.com\/site\/wp-content\/uploads\/2023\/01\/notibras23.png\",\"contentUrl\":\"https:\/\/www.notibras.com\/site\/wp-content\/uploads\/2023\/01\/notibras23.png\",\"width\":350,\"height\":87,\"caption\":\"Grupo Notibras de Comunica\u00e7\u00e3o\"},\"image\":{\"@id\":\"https:\/\/www.notibras.com\/site\/#\/schema\/logo\/image\/\"},\"sameAs\":[\"https:\/\/www.facebook.com\/notibras\/\",\"https:\/\/x.com\/Notibras\",\"https:\/\/www.instagram.com\/notibras\/\"]},{\"@type\":\"Person\",\"@id\":\"https:\/\/www.notibras.com\/site\/#\/schema\/person\/36ab0979449956132d3e5b517ea76ac8\",\"name\":\"Reda\u00e7\u00e3o\",\"image\":{\"@type\":\"ImageObject\",\"inLanguage\":\"pt-BR\",\"@id\":\"https:\/\/secure.gravatar.com\/avatar\/e0a867bdedb85fd243eadf09663511f96fc81e0720a4a42581f334ad4303aa6b?s=96&d=mm&r=g\",\"url\":\"https:\/\/secure.gravatar.com\/avatar\/e0a867bdedb85fd243eadf09663511f96fc81e0720a4a42581f334ad4303aa6b?s=96&d=mm&r=g\",\"contentUrl\":\"https:\/\/secure.gravatar.com\/avatar\/e0a867bdedb85fd243eadf09663511f96fc81e0720a4a42581f334ad4303aa6b?s=96&d=mm&r=g\",\"caption\":\"Reda\u00e7\u00e3o\"}}]}<\/script>\n<!-- \/ Yoast SEO plugin. -->","yoast_head_json":{"title":"Assessor irado deixa Erika Kokay entre a cruz e a espada - Notibras","robots":{"index":"index","follow":"follow","max-snippet":"max-snippet:-1","max-image-preview":"max-image-preview:large","max-video-preview":"max-video-preview:-1"},"canonical":"https:\/\/www.notibras.com\/site\/assessor-irado-deixa-erika-kokay-entre-a-cruz-e-a-espada\/","og_locale":"pt_BR","og_type":"article","og_title":"Assessor irado deixa Erika Kokay entre a cruz e a espada - Notibras","og_description":"Erika Kokay, do PT brasiliense, est\u00e1 prestes a demitir um assessor. Tudo isso para evitar maiores problemas com a den\u00fancia feita pelo senador Aloysio Nunes, l\u00edder do PSDB no Senado, contra Rodrigo Grassi Cademartori, assessor\u00a0 da deputada. Cademartori teria hostilizado Joaquim Barbosa, ministro do Superior Tribunal Federal, quando sa\u00eda de um bar, na sexta-feira, dia [&hellip;]","og_url":"https:\/\/www.notibras.com\/site\/assessor-irado-deixa-erika-kokay-entre-a-cruz-e-a-espada\/","og_site_name":"Notibras","article_publisher":"https:\/\/www.facebook.com\/notibras\/","article_published_time":"2014-04-12T15:33:02+00:00","og_image":[{"width":600,"height":397,"url":"https:\/\/www.notibras.com\/site\/wp-content\/uploads\/2014\/04\/peri24.jpg","type":"image\/jpeg"}],"author":"Reda\u00e7\u00e3o","twitter_card":"summary_large_image","twitter_creator":"@Notibras","twitter_site":"@Notibras","twitter_misc":{"Escrito por":"Reda\u00e7\u00e3o"},"schema":{"@context":"https:\/\/schema.org","@graph":[{"@type":"Article","@id":"https:\/\/www.notibras.com\/site\/assessor-irado-deixa-erika-kokay-entre-a-cruz-e-a-espada\/#article","isPartOf":{"@id":"https:\/\/www.notibras.com\/site\/assessor-irado-deixa-erika-kokay-entre-a-cruz-e-a-espada\/"},"author":{"name":"Reda\u00e7\u00e3o","@id":"https:\/\/www.notibras.com\/site\/#\/schema\/person\/36ab0979449956132d3e5b517ea76ac8"},"headline":"Assessor irado deixa Erika Kokay entre a cruz e a espada","datePublished":"2014-04-12T15:33:02+00:00","mainEntityOfPage":{"@id":"https:\/\/www.notibras.com\/site\/assessor-irado-deixa-erika-kokay-entre-a-cruz-e-a-espada\/"},"wordCount":69,"commentCount":0,"publisher":{"@id":"https:\/\/www.notibras.com\/site\/#organization"},"image":{"@id":"https:\/\/www.notibras.com\/site\/assessor-irado-deixa-erika-kokay-entre-a-cruz-e-a-espada\/#primaryimage"},"thumbnailUrl":"https:\/\/www.notibras.com\/site\/wp-content\/uploads\/2014\/04\/peri24.jpg","articleSection":["Elei\u00e7\u00f5es 2022"],"inLanguage":"pt-BR","potentialAction":[{"@type":"CommentAction","name":"Comment","target":["https:\/\/www.notibras.com\/site\/assessor-irado-deixa-erika-kokay-entre-a-cruz-e-a-espada\/#respond"]}]},{"@type":"WebPage","@id":"https:\/\/www.notibras.com\/site\/assessor-irado-deixa-erika-kokay-entre-a-cruz-e-a-espada\/","url":"https:\/\/www.notibras.com\/site\/assessor-irado-deixa-erika-kokay-entre-a-cruz-e-a-espada\/","name":"Assessor irado deixa Erika Kokay entre a cruz e a espada - Notibras","isPartOf":{"@id":"https:\/\/www.notibras.com\/site\/#website"},"primaryImageOfPage":{"@id":"https:\/\/www.notibras.com\/site\/assessor-irado-deixa-erika-kokay-entre-a-cruz-e-a-espada\/#primaryimage"},"image":{"@id":"https:\/\/www.notibras.com\/site\/assessor-irado-deixa-erika-kokay-entre-a-cruz-e-a-espada\/#primaryimage"},"thumbnailUrl":"https:\/\/www.notibras.com\/site\/wp-content\/uploads\/2014\/04\/peri24.jpg","datePublished":"2014-04-12T15:33:02+00:00","breadcrumb":{"@id":"https:\/\/www.notibras.com\/site\/assessor-irado-deixa-erika-kokay-entre-a-cruz-e-a-espada\/#breadcrumb"},"inLanguage":"pt-BR","potentialAction":[{"@type":"ReadAction","target":["https:\/\/www.notibras.com\/site\/assessor-irado-deixa-erika-kokay-entre-a-cruz-e-a-espada\/"]}]},{"@type":"ImageObject","inLanguage":"pt-BR","@id":"https:\/\/www.notibras.com\/site\/assessor-irado-deixa-erika-kokay-entre-a-cruz-e-a-espada\/#primaryimage","url":"https:\/\/www.notibras.com\/site\/wp-content\/uploads\/2014\/04\/peri24.jpg","contentUrl":"https:\/\/www.notibras.com\/site\/wp-content\/uploads\/2014\/04\/peri24.jpg","width":600,"height":397},{"@type":"BreadcrumbList","@id":"https:\/\/www.notibras.com\/site\/assessor-irado-deixa-erika-kokay-entre-a-cruz-e-a-espada\/#breadcrumb","itemListElement":[{"@type":"ListItem","position":1,"name":"In\u00edcio","item":"https:\/\/www.notibras.com\/site\/"},{"@type":"ListItem","position":2,"name":"Assessor irado deixa Erika Kokay entre a cruz e a espada"}]},{"@type":"WebSite","@id":"https:\/\/www.notibras.com\/site\/#website","url":"https:\/\/www.notibras.com\/site\/","name":"Notibras","description":"Not\u00edcias de Bras\u00edlia, do Brasil e do Mundo","publisher":{"@id":"https:\/\/www.notibras.com\/site\/#organization"},"potentialAction":[{"@type":"SearchAction","target":{"@type":"EntryPoint","urlTemplate":"https:\/\/www.notibras.com\/site\/?s={search_term_string}"},"query-input":{"@type":"PropertyValueSpecification","valueRequired":true,"valueName":"search_term_string"}}],"inLanguage":"pt-BR"},{"@type":"Organization","@id":"https:\/\/www.notibras.com\/site\/#organization","name":"Grupo Notibras de Comunica\u00e7\u00e3o","url":"https:\/\/www.notibras.com\/site\/","logo":{"@type":"ImageObject","inLanguage":"pt-BR","@id":"https:\/\/www.notibras.com\/site\/#\/schema\/logo\/image\/","url":"https:\/\/www.notibras.com\/site\/wp-content\/uploads\/2023\/01\/notibras23.png","contentUrl":"https:\/\/www.notibras.com\/site\/wp-content\/uploads\/2023\/01\/notibras23.png","width":350,"height":87,"caption":"Grupo Notibras de Comunica\u00e7\u00e3o"},"image":{"@id":"https:\/\/www.notibras.com\/site\/#\/schema\/logo\/image\/"},"sameAs":["https:\/\/www.facebook.com\/notibras\/","https:\/\/x.com\/Notibras","https:\/\/www.instagram.com\/notibras\/"]},{"@type":"Person","@id":"https:\/\/www.notibras.com\/site\/#\/schema\/person\/36ab0979449956132d3e5b517ea76ac8","name":"Reda\u00e7\u00e3o","image":{"@type":"ImageObject","inLanguage":"pt-BR","@id":"https:\/\/secure.gravatar.com\/avatar\/e0a867bdedb85fd243eadf09663511f96fc81e0720a4a42581f334ad4303aa6b?s=96&d=mm&r=g","url":"https:\/\/secure.gravatar.com\/avatar\/e0a867bdedb85fd243eadf09663511f96fc81e0720a4a42581f334ad4303aa6b?s=96&d=mm&r=g","contentUrl":"https:\/\/secure.gravatar.com\/avatar\/e0a867bdedb85fd243eadf09663511f96fc81e0720a4a42581f334ad4303aa6b?s=96&d=mm&r=g","caption":"Reda\u00e7\u00e3o"}}]}},"amp_enabled":true,"_links":{"self":[{"href":"https:\/\/www.notibras.com\/site\/wp-json\/wp\/v2\/posts\/6632","targetHints":{"allow":["GET"]}}],"collection":[{"href":"https:\/\/www.notibras.com\/site\/wp-json\/wp\/v2\/posts"}],"about":[{"href":"https:\/\/www.notibras.com\/site\/wp-json\/wp\/v2\/types\/post"}],"author":[{"embeddable":true,"href":"https:\/\/www.notibras.com\/site\/wp-json\/wp\/v2\/users\/2"}],"replies":[{"embeddable":true,"href":"https:\/\/www.notibras.com\/site\/wp-json\/wp\/v2\/comments?post=6632"}],"version-history":[{"count":0,"href":"https:\/\/www.notibras.com\/site\/wp-json\/wp\/v2\/posts\/6632\/revisions"}],"wp:featuredmedia":[{"embeddable":true,"href":"https:\/\/www.notibras.com\/site\/wp-json\/wp\/v2\/media\/6633"}],"wp:attachment":[{"href":"https:\/\/www.notibras.com\/site\/wp-json\/wp\/v2\/media?parent=6632"}],"wp:term":[{"taxonomy":"category","embeddable":true,"href":"https:\/\/www.notibras.com\/site\/wp-json\/wp\/v2\/categories?post=6632"},{"taxonomy":"post_tag","embeddable":true,"href":"https:\/\/www.notibras.com\/site\/wp-json\/wp\/v2\/tags?post=6632"}],"curies":[{"name":"wp","href":"https:\/\/api.w.org\/{rel}","templated":true}]}}