{"id":66327,"date":"2015-09-05T12:56:26","date_gmt":"2015-09-05T15:56:26","guid":{"rendered":"http:\/\/www.notibras.com\/site\/?p=66327"},"modified":"2015-09-05T12:58:59","modified_gmt":"2015-09-05T15:58:59","slug":"intercambio-educacional-de-brasil-e-reino-unido-esta-mais-consolidado","status":"publish","type":"post","link":"https:\/\/www.notibras.com\/site\/intercambio-educacional-de-brasil-e-reino-unido-esta-mais-consolidado\/","title":{"rendered":"Interc\u00e2mbio educacional Brasil e Reino Unido est\u00e1 mais forte"},"content":{"rendered":"<p>Os la\u00e7os educacionais que ligam Reino Unido e Brasil est\u00e3o mais fortes do que nunca. Desde 1938, quando levamos o poeta Vinicius de Moraes a Oxford (como primeiro bolsista brasileiro do governo brit\u00e2nico), at\u00e9 hoje, com o programa Ci\u00eancia sem Fronteiras, foram milhares de estudantes em nossas escolas e universidades.<\/p>\n<p>O programa Chevening, que oferece bolsas de mestrado a jovens com potencial de lideran\u00e7a, triplicou o n\u00famero de vagas para brasileiros no ano passado. Enquanto escrevo, cerca de 80 deles est\u00e3o com as malas prontas. Embarcam em setembro para come\u00e7ar seus estudos na Inglaterra, Esc\u00f3cia, Pa\u00eds de Gales e Irlanda do Norte. Temos muito a comemorar. Mais que isso, o Reino Unido quer ampliar as iniciativas em torno da educa\u00e7\u00e3o aqui no Brasil.<\/p>\n<p>Estamos muito animados com as novas iniciativas bilaterais em torno do ensino t\u00e9cnico-vocacional. Entre as prioridades na \u00e1rea de educa\u00e7\u00e3o est\u00e3o programas e projetos que valorizem o talento de indiv\u00edduos que, por um motivo ou outro, n\u00e3o desejam ou n\u00e3o podem ingressar em uma universidade. Sabemos, com certeza, que o Brasil conhece o potencial do ensino profissionalizante, um setor da educa\u00e7\u00e3o extremamente importante para a economia de qualquer pa\u00eds.<\/p>\n<p>Hoje, existem no Reino Unido 382 colleges dedicados ao treinamento de mais de 3 milh\u00f5es de indiv\u00edduos todos os anos: jovens, adultos e pessoas com mais de 60 anos. Essas institui\u00e7\u00f5es movimentam cerca de 8 bilh\u00f5es de libras por ano.<\/p>\n<p>Temos muitos alunos estrangeiros em nossos colleges: 41.500 pessoas, alguns brasileiros est\u00e3o entre esses alunos. Queremos que nossos la\u00e7os se fortale\u00e7am na \u00e1rea de ensino vocacional. Seria \u00f3timo, por exemplo, criarmos o programa Capacidades Sem Fronteiras.<\/p>\n<p>Demos in\u00edcio, em 2014, a um programa de interc\u00e2mbio entre reitores brit\u00e2nicos e diretores de escolas t\u00e9cnicas brasileiras como o Senai. A ideia desse projeto \u00e9 trocar experi\u00eancias, discutir metodologias, planejar o futuro, fechar parcerias. O Brasil tem iniciativas brilhantes nessa \u00e1rea, como as unidades m\u00f3veis do Senac, por exemplo. S\u00e3o ideias criativas assim que podemos compartilhar.<\/p>\n<p>Do lado brit\u00e2nico, tamb\u00e9m gostar\u00edamos de dividir nossas experi\u00eancias com o ensino profissionalizante de pessoas com defici\u00eancia. Nossos colleges t\u00eam feito adapta\u00e7\u00f5es significativas para incluir essas pessoas em seus programas, aproveitando ao m\u00e1ximo os talentos individuais. Esse \u00e9 um assunto de especial relev\u00e2ncia para mim, porque o meu filho est\u00e1 no espectro autista.<\/p>\n<p>Apesar de distantes geograficamente e separados por um oceano, Brasil e Reino Unido se aproximam mais ano a ano quando o assunto \u00e9 educa\u00e7\u00e3o. Quanto mais nos conhecemos, mais vemos que alguns dos nossos desafios s\u00e3o comuns. E nossas vit\u00f3rias tamb\u00e9m ser\u00e3o.<\/p>\n<p><strong>Alex Ellis<\/strong><\/p>\n","protected":false},"excerpt":{"rendered":"<p>Os la\u00e7os educacionais que ligam Reino Unido e Brasil est\u00e3o mais fortes do que nunca. Desde 1938, quando levamos o poeta Vinicius de Moraes a Oxford (como primeiro bolsista brasileiro do governo brit\u00e2nico), at\u00e9 hoje, com o programa Ci\u00eancia sem Fronteiras, foram milhares de estudantes em nossas escolas e universidades. O programa Chevening, que oferece [&hellip;]<\/p>\n","protected":false},"author":2,"featured_media":66328,"comment_status":"open","ping_status":"closed","sticky":false,"template":"","format":"standard","meta":{"_acf_changed":false,"footnotes":""},"categories":[25],"tags":[],"class_list":["post-66327","post","type-post","status-publish","format-standard","has-post-thumbnail","hentry","category-opina-ai"],"acf":[],"yoast_head":"<!-- This site is optimized with the Yoast SEO plugin v27.2 - https:\/\/yoast.com\/product\/yoast-seo-wordpress\/ -->\n<title>Interc\u00e2mbio educacional Brasil e Reino Unido est\u00e1 mais forte - Notibras<\/title>\n<meta name=\"robots\" content=\"index, follow, max-snippet:-1, max-image-preview:large, max-video-preview:-1\" \/>\n<link rel=\"canonical\" href=\"https:\/\/www.notibras.com\/site\/intercambio-educacional-de-brasil-e-reino-unido-esta-mais-consolidado\/\" \/>\n<meta property=\"og:locale\" content=\"pt_BR\" \/>\n<meta property=\"og:type\" content=\"article\" \/>\n<meta property=\"og:title\" content=\"Interc\u00e2mbio educacional Brasil e Reino Unido est\u00e1 mais forte - Notibras\" \/>\n<meta property=\"og:description\" content=\"Os la\u00e7os educacionais que ligam Reino Unido e Brasil est\u00e3o mais fortes do que nunca. Desde 1938, quando levamos o poeta Vinicius de Moraes a Oxford (como primeiro bolsista brasileiro do governo brit\u00e2nico), at\u00e9 hoje, com o programa Ci\u00eancia sem Fronteiras, foram milhares de estudantes em nossas escolas e universidades. O programa Chevening, que oferece [&hellip;]\" \/>\n<meta property=\"og:url\" content=\"https:\/\/www.notibras.com\/site\/intercambio-educacional-de-brasil-e-reino-unido-esta-mais-consolidado\/\" \/>\n<meta property=\"og:site_name\" content=\"Notibras\" \/>\n<meta property=\"article:publisher\" content=\"https:\/\/www.facebook.com\/notibras\/\" \/>\n<meta property=\"article:published_time\" content=\"2015-09-05T15:56:26+00:00\" \/>\n<meta property=\"article:modified_time\" content=\"2015-09-05T15:58:59+00:00\" \/>\n<meta property=\"og:image\" content=\"https:\/\/www.notibras.com\/site\/wp-content\/uploads\/2015\/09\/rosa_consed2.jpg\" \/>\n\t<meta property=\"og:image:width\" content=\"1474\" \/>\n\t<meta property=\"og:image:height\" content=\"856\" \/>\n\t<meta property=\"og:image:type\" content=\"image\/jpeg\" \/>\n<meta name=\"author\" content=\"Reda\u00e7\u00e3o\" \/>\n<meta name=\"twitter:card\" content=\"summary_large_image\" \/>\n<meta name=\"twitter:creator\" content=\"@Notibras\" \/>\n<meta name=\"twitter:site\" content=\"@Notibras\" \/>\n<meta name=\"twitter:label1\" content=\"Escrito por\" \/>\n\t<meta name=\"twitter:data1\" content=\"Reda\u00e7\u00e3o\" \/>\n\t<meta name=\"twitter:label2\" content=\"Est. tempo de leitura\" \/>\n\t<meta name=\"twitter:data2\" content=\"2 minutos\" \/>\n<script type=\"application\/ld+json\" class=\"yoast-schema-graph\">{\"@context\":\"https:\/\/schema.org\",\"@graph\":[{\"@type\":\"Article\",\"@id\":\"https:\/\/www.notibras.com\/site\/intercambio-educacional-de-brasil-e-reino-unido-esta-mais-consolidado\/#article\",\"isPartOf\":{\"@id\":\"https:\/\/www.notibras.com\/site\/intercambio-educacional-de-brasil-e-reino-unido-esta-mais-consolidado\/\"},\"author\":{\"name\":\"Reda\u00e7\u00e3o\",\"@id\":\"https:\/\/www.notibras.com\/site\/#\/schema\/person\/36ab0979449956132d3e5b517ea76ac8\"},\"headline\":\"Interc\u00e2mbio educacional Brasil e Reino Unido est\u00e1 mais forte\",\"datePublished\":\"2015-09-05T15:56:26+00:00\",\"dateModified\":\"2015-09-05T15:58:59+00:00\",\"mainEntityOfPage\":{\"@id\":\"https:\/\/www.notibras.com\/site\/intercambio-educacional-de-brasil-e-reino-unido-esta-mais-consolidado\/\"},\"wordCount\":468,\"commentCount\":0,\"publisher\":{\"@id\":\"https:\/\/www.notibras.com\/site\/#organization\"},\"image\":{\"@id\":\"https:\/\/www.notibras.com\/site\/intercambio-educacional-de-brasil-e-reino-unido-esta-mais-consolidado\/#primaryimage\"},\"thumbnailUrl\":\"https:\/\/www.notibras.com\/site\/wp-content\/uploads\/2015\/09\/rosa_consed2.jpg\",\"articleSection\":[\"Opina a\u00ed\"],\"inLanguage\":\"pt-BR\",\"potentialAction\":[{\"@type\":\"CommentAction\",\"name\":\"Comment\",\"target\":[\"https:\/\/www.notibras.com\/site\/intercambio-educacional-de-brasil-e-reino-unido-esta-mais-consolidado\/#respond\"]}]},{\"@type\":\"WebPage\",\"@id\":\"https:\/\/www.notibras.com\/site\/intercambio-educacional-de-brasil-e-reino-unido-esta-mais-consolidado\/\",\"url\":\"https:\/\/www.notibras.com\/site\/intercambio-educacional-de-brasil-e-reino-unido-esta-mais-consolidado\/\",\"name\":\"Interc\u00e2mbio educacional Brasil e Reino Unido est\u00e1 mais forte - Notibras\",\"isPartOf\":{\"@id\":\"https:\/\/www.notibras.com\/site\/#website\"},\"primaryImageOfPage\":{\"@id\":\"https:\/\/www.notibras.com\/site\/intercambio-educacional-de-brasil-e-reino-unido-esta-mais-consolidado\/#primaryimage\"},\"image\":{\"@id\":\"https:\/\/www.notibras.com\/site\/intercambio-educacional-de-brasil-e-reino-unido-esta-mais-consolidado\/#primaryimage\"},\"thumbnailUrl\":\"https:\/\/www.notibras.com\/site\/wp-content\/uploads\/2015\/09\/rosa_consed2.jpg\",\"datePublished\":\"2015-09-05T15:56:26+00:00\",\"dateModified\":\"2015-09-05T15:58:59+00:00\",\"breadcrumb\":{\"@id\":\"https:\/\/www.notibras.com\/site\/intercambio-educacional-de-brasil-e-reino-unido-esta-mais-consolidado\/#breadcrumb\"},\"inLanguage\":\"pt-BR\",\"potentialAction\":[{\"@type\":\"ReadAction\",\"target\":[\"https:\/\/www.notibras.com\/site\/intercambio-educacional-de-brasil-e-reino-unido-esta-mais-consolidado\/\"]}]},{\"@type\":\"ImageObject\",\"inLanguage\":\"pt-BR\",\"@id\":\"https:\/\/www.notibras.com\/site\/intercambio-educacional-de-brasil-e-reino-unido-esta-mais-consolidado\/#primaryimage\",\"url\":\"https:\/\/www.notibras.com\/site\/wp-content\/uploads\/2015\/09\/rosa_consed2.jpg\",\"contentUrl\":\"https:\/\/www.notibras.com\/site\/wp-content\/uploads\/2015\/09\/rosa_consed2.jpg\",\"width\":1474,\"height\":856},{\"@type\":\"BreadcrumbList\",\"@id\":\"https:\/\/www.notibras.com\/site\/intercambio-educacional-de-brasil-e-reino-unido-esta-mais-consolidado\/#breadcrumb\",\"itemListElement\":[{\"@type\":\"ListItem\",\"position\":1,\"name\":\"In\u00edcio\",\"item\":\"https:\/\/www.notibras.com\/site\/\"},{\"@type\":\"ListItem\",\"position\":2,\"name\":\"Interc\u00e2mbio educacional Brasil e Reino Unido est\u00e1 mais forte\"}]},{\"@type\":\"WebSite\",\"@id\":\"https:\/\/www.notibras.com\/site\/#website\",\"url\":\"https:\/\/www.notibras.com\/site\/\",\"name\":\"Notibras\",\"description\":\"Not\u00edcias de Bras\u00edlia, do Brasil e do Mundo\",\"publisher\":{\"@id\":\"https:\/\/www.notibras.com\/site\/#organization\"},\"potentialAction\":[{\"@type\":\"SearchAction\",\"target\":{\"@type\":\"EntryPoint\",\"urlTemplate\":\"https:\/\/www.notibras.com\/site\/?s={search_term_string}\"},\"query-input\":{\"@type\":\"PropertyValueSpecification\",\"valueRequired\":true,\"valueName\":\"search_term_string\"}}],\"inLanguage\":\"pt-BR\"},{\"@type\":\"Organization\",\"@id\":\"https:\/\/www.notibras.com\/site\/#organization\",\"name\":\"Grupo Notibras de Comunica\u00e7\u00e3o\",\"url\":\"https:\/\/www.notibras.com\/site\/\",\"logo\":{\"@type\":\"ImageObject\",\"inLanguage\":\"pt-BR\",\"@id\":\"https:\/\/www.notibras.com\/site\/#\/schema\/logo\/image\/\",\"url\":\"https:\/\/www.notibras.com\/site\/wp-content\/uploads\/2023\/01\/notibras23.png\",\"contentUrl\":\"https:\/\/www.notibras.com\/site\/wp-content\/uploads\/2023\/01\/notibras23.png\",\"width\":350,\"height\":87,\"caption\":\"Grupo Notibras de Comunica\u00e7\u00e3o\"},\"image\":{\"@id\":\"https:\/\/www.notibras.com\/site\/#\/schema\/logo\/image\/\"},\"sameAs\":[\"https:\/\/www.facebook.com\/notibras\/\",\"https:\/\/x.com\/Notibras\",\"https:\/\/www.instagram.com\/notibras\/\"]},{\"@type\":\"Person\",\"@id\":\"https:\/\/www.notibras.com\/site\/#\/schema\/person\/36ab0979449956132d3e5b517ea76ac8\",\"name\":\"Reda\u00e7\u00e3o\",\"image\":{\"@type\":\"ImageObject\",\"inLanguage\":\"pt-BR\",\"@id\":\"https:\/\/secure.gravatar.com\/avatar\/e0a867bdedb85fd243eadf09663511f96fc81e0720a4a42581f334ad4303aa6b?s=96&d=mm&r=g\",\"url\":\"https:\/\/secure.gravatar.com\/avatar\/e0a867bdedb85fd243eadf09663511f96fc81e0720a4a42581f334ad4303aa6b?s=96&d=mm&r=g\",\"contentUrl\":\"https:\/\/secure.gravatar.com\/avatar\/e0a867bdedb85fd243eadf09663511f96fc81e0720a4a42581f334ad4303aa6b?s=96&d=mm&r=g\",\"caption\":\"Reda\u00e7\u00e3o\"}}]}<\/script>\n<!-- \/ Yoast SEO plugin. -->","yoast_head_json":{"title":"Interc\u00e2mbio educacional Brasil e Reino Unido est\u00e1 mais forte - Notibras","robots":{"index":"index","follow":"follow","max-snippet":"max-snippet:-1","max-image-preview":"max-image-preview:large","max-video-preview":"max-video-preview:-1"},"canonical":"https:\/\/www.notibras.com\/site\/intercambio-educacional-de-brasil-e-reino-unido-esta-mais-consolidado\/","og_locale":"pt_BR","og_type":"article","og_title":"Interc\u00e2mbio educacional Brasil e Reino Unido est\u00e1 mais forte - Notibras","og_description":"Os la\u00e7os educacionais que ligam Reino Unido e Brasil est\u00e3o mais fortes do que nunca. Desde 1938, quando levamos o poeta Vinicius de Moraes a Oxford (como primeiro bolsista brasileiro do governo brit\u00e2nico), at\u00e9 hoje, com o programa Ci\u00eancia sem Fronteiras, foram milhares de estudantes em nossas escolas e universidades. O programa Chevening, que oferece [&hellip;]","og_url":"https:\/\/www.notibras.com\/site\/intercambio-educacional-de-brasil-e-reino-unido-esta-mais-consolidado\/","og_site_name":"Notibras","article_publisher":"https:\/\/www.facebook.com\/notibras\/","article_published_time":"2015-09-05T15:56:26+00:00","article_modified_time":"2015-09-05T15:58:59+00:00","og_image":[{"width":1474,"height":856,"url":"https:\/\/www.notibras.com\/site\/wp-content\/uploads\/2015\/09\/rosa_consed2.jpg","type":"image\/jpeg"}],"author":"Reda\u00e7\u00e3o","twitter_card":"summary_large_image","twitter_creator":"@Notibras","twitter_site":"@Notibras","twitter_misc":{"Escrito por":"Reda\u00e7\u00e3o","Est. tempo de leitura":"2 minutos"},"schema":{"@context":"https:\/\/schema.org","@graph":[{"@type":"Article","@id":"https:\/\/www.notibras.com\/site\/intercambio-educacional-de-brasil-e-reino-unido-esta-mais-consolidado\/#article","isPartOf":{"@id":"https:\/\/www.notibras.com\/site\/intercambio-educacional-de-brasil-e-reino-unido-esta-mais-consolidado\/"},"author":{"name":"Reda\u00e7\u00e3o","@id":"https:\/\/www.notibras.com\/site\/#\/schema\/person\/36ab0979449956132d3e5b517ea76ac8"},"headline":"Interc\u00e2mbio educacional Brasil e Reino Unido est\u00e1 mais forte","datePublished":"2015-09-05T15:56:26+00:00","dateModified":"2015-09-05T15:58:59+00:00","mainEntityOfPage":{"@id":"https:\/\/www.notibras.com\/site\/intercambio-educacional-de-brasil-e-reino-unido-esta-mais-consolidado\/"},"wordCount":468,"commentCount":0,"publisher":{"@id":"https:\/\/www.notibras.com\/site\/#organization"},"image":{"@id":"https:\/\/www.notibras.com\/site\/intercambio-educacional-de-brasil-e-reino-unido-esta-mais-consolidado\/#primaryimage"},"thumbnailUrl":"https:\/\/www.notibras.com\/site\/wp-content\/uploads\/2015\/09\/rosa_consed2.jpg","articleSection":["Opina a\u00ed"],"inLanguage":"pt-BR","potentialAction":[{"@type":"CommentAction","name":"Comment","target":["https:\/\/www.notibras.com\/site\/intercambio-educacional-de-brasil-e-reino-unido-esta-mais-consolidado\/#respond"]}]},{"@type":"WebPage","@id":"https:\/\/www.notibras.com\/site\/intercambio-educacional-de-brasil-e-reino-unido-esta-mais-consolidado\/","url":"https:\/\/www.notibras.com\/site\/intercambio-educacional-de-brasil-e-reino-unido-esta-mais-consolidado\/","name":"Interc\u00e2mbio educacional Brasil e Reino Unido est\u00e1 mais forte - Notibras","isPartOf":{"@id":"https:\/\/www.notibras.com\/site\/#website"},"primaryImageOfPage":{"@id":"https:\/\/www.notibras.com\/site\/intercambio-educacional-de-brasil-e-reino-unido-esta-mais-consolidado\/#primaryimage"},"image":{"@id":"https:\/\/www.notibras.com\/site\/intercambio-educacional-de-brasil-e-reino-unido-esta-mais-consolidado\/#primaryimage"},"thumbnailUrl":"https:\/\/www.notibras.com\/site\/wp-content\/uploads\/2015\/09\/rosa_consed2.jpg","datePublished":"2015-09-05T15:56:26+00:00","dateModified":"2015-09-05T15:58:59+00:00","breadcrumb":{"@id":"https:\/\/www.notibras.com\/site\/intercambio-educacional-de-brasil-e-reino-unido-esta-mais-consolidado\/#breadcrumb"},"inLanguage":"pt-BR","potentialAction":[{"@type":"ReadAction","target":["https:\/\/www.notibras.com\/site\/intercambio-educacional-de-brasil-e-reino-unido-esta-mais-consolidado\/"]}]},{"@type":"ImageObject","inLanguage":"pt-BR","@id":"https:\/\/www.notibras.com\/site\/intercambio-educacional-de-brasil-e-reino-unido-esta-mais-consolidado\/#primaryimage","url":"https:\/\/www.notibras.com\/site\/wp-content\/uploads\/2015\/09\/rosa_consed2.jpg","contentUrl":"https:\/\/www.notibras.com\/site\/wp-content\/uploads\/2015\/09\/rosa_consed2.jpg","width":1474,"height":856},{"@type":"BreadcrumbList","@id":"https:\/\/www.notibras.com\/site\/intercambio-educacional-de-brasil-e-reino-unido-esta-mais-consolidado\/#breadcrumb","itemListElement":[{"@type":"ListItem","position":1,"name":"In\u00edcio","item":"https:\/\/www.notibras.com\/site\/"},{"@type":"ListItem","position":2,"name":"Interc\u00e2mbio educacional Brasil e Reino Unido est\u00e1 mais forte"}]},{"@type":"WebSite","@id":"https:\/\/www.notibras.com\/site\/#website","url":"https:\/\/www.notibras.com\/site\/","name":"Notibras","description":"Not\u00edcias de Bras\u00edlia, do Brasil e do Mundo","publisher":{"@id":"https:\/\/www.notibras.com\/site\/#organization"},"potentialAction":[{"@type":"SearchAction","target":{"@type":"EntryPoint","urlTemplate":"https:\/\/www.notibras.com\/site\/?s={search_term_string}"},"query-input":{"@type":"PropertyValueSpecification","valueRequired":true,"valueName":"search_term_string"}}],"inLanguage":"pt-BR"},{"@type":"Organization","@id":"https:\/\/www.notibras.com\/site\/#organization","name":"Grupo Notibras de Comunica\u00e7\u00e3o","url":"https:\/\/www.notibras.com\/site\/","logo":{"@type":"ImageObject","inLanguage":"pt-BR","@id":"https:\/\/www.notibras.com\/site\/#\/schema\/logo\/image\/","url":"https:\/\/www.notibras.com\/site\/wp-content\/uploads\/2023\/01\/notibras23.png","contentUrl":"https:\/\/www.notibras.com\/site\/wp-content\/uploads\/2023\/01\/notibras23.png","width":350,"height":87,"caption":"Grupo Notibras de Comunica\u00e7\u00e3o"},"image":{"@id":"https:\/\/www.notibras.com\/site\/#\/schema\/logo\/image\/"},"sameAs":["https:\/\/www.facebook.com\/notibras\/","https:\/\/x.com\/Notibras","https:\/\/www.instagram.com\/notibras\/"]},{"@type":"Person","@id":"https:\/\/www.notibras.com\/site\/#\/schema\/person\/36ab0979449956132d3e5b517ea76ac8","name":"Reda\u00e7\u00e3o","image":{"@type":"ImageObject","inLanguage":"pt-BR","@id":"https:\/\/secure.gravatar.com\/avatar\/e0a867bdedb85fd243eadf09663511f96fc81e0720a4a42581f334ad4303aa6b?s=96&d=mm&r=g","url":"https:\/\/secure.gravatar.com\/avatar\/e0a867bdedb85fd243eadf09663511f96fc81e0720a4a42581f334ad4303aa6b?s=96&d=mm&r=g","contentUrl":"https:\/\/secure.gravatar.com\/avatar\/e0a867bdedb85fd243eadf09663511f96fc81e0720a4a42581f334ad4303aa6b?s=96&d=mm&r=g","caption":"Reda\u00e7\u00e3o"}}]}},"amp_enabled":true,"_links":{"self":[{"href":"https:\/\/www.notibras.com\/site\/wp-json\/wp\/v2\/posts\/66327","targetHints":{"allow":["GET"]}}],"collection":[{"href":"https:\/\/www.notibras.com\/site\/wp-json\/wp\/v2\/posts"}],"about":[{"href":"https:\/\/www.notibras.com\/site\/wp-json\/wp\/v2\/types\/post"}],"author":[{"embeddable":true,"href":"https:\/\/www.notibras.com\/site\/wp-json\/wp\/v2\/users\/2"}],"replies":[{"embeddable":true,"href":"https:\/\/www.notibras.com\/site\/wp-json\/wp\/v2\/comments?post=66327"}],"version-history":[{"count":3,"href":"https:\/\/www.notibras.com\/site\/wp-json\/wp\/v2\/posts\/66327\/revisions"}],"predecessor-version":[{"id":66331,"href":"https:\/\/www.notibras.com\/site\/wp-json\/wp\/v2\/posts\/66327\/revisions\/66331"}],"wp:featuredmedia":[{"embeddable":true,"href":"https:\/\/www.notibras.com\/site\/wp-json\/wp\/v2\/media\/66328"}],"wp:attachment":[{"href":"https:\/\/www.notibras.com\/site\/wp-json\/wp\/v2\/media?parent=66327"}],"wp:term":[{"taxonomy":"category","embeddable":true,"href":"https:\/\/www.notibras.com\/site\/wp-json\/wp\/v2\/categories?post=66327"},{"taxonomy":"post_tag","embeddable":true,"href":"https:\/\/www.notibras.com\/site\/wp-json\/wp\/v2\/tags?post=66327"}],"curies":[{"name":"wp","href":"https:\/\/api.w.org\/{rel}","templated":true}]}}