{"id":66348,"date":"2015-09-05T19:37:56","date_gmt":"2015-09-05T22:37:56","guid":{"rendered":"http:\/\/www.notibras.com\/site\/?p=66348"},"modified":"2015-09-06T10:47:29","modified_gmt":"2015-09-06T13:47:29","slug":"brasil-tem-atuacao-discreta-na-vitoria-de-1x0-sobre-a-costa-rica","status":"publish","type":"post","link":"https:\/\/www.notibras.com\/site\/brasil-tem-atuacao-discreta-na-vitoria-de-1x0-sobre-a-costa-rica\/","title":{"rendered":"Brasil tem atua\u00e7\u00e3o discreta na vit\u00f3ria de 1&#215;0 sobre a Costa Rica, com gol de Hulk"},"content":{"rendered":"<p>Sem brilho, sem Neymar de titular e com pouqu\u00edssimo p\u00fablico, o Brasil venceu a Costa Rica na tarde deste s\u00e1bado (5) em Nova Jersey, nos Estados Unidos, por 1 a 0. Com gol solit\u00e1rio e poss\u00edvel falta de Hulk, a sele\u00e7\u00e3o de Dunga mostrou um futebol de controle de posse de bola e muitas jogadas pelas laterais de campo, mas que nao empolgou, assim como havia sido na Copa Am\u00e9rica.<\/p>\n<p>A arbitragem ainda anulou um gol legal para cada lado. O banco de reservas, que tinha o craque do Barcelona e tamb\u00e9m Kak\u00e1, foi mais olhado do que o pr\u00f3prio jogo.<\/p>\n<p>O time repetiu o que treinou durante a semana, abrindo bastante o jogo. N\u00e3o \u00e0 toa, os dois destaques individuais brasileiros foram Marcelo e Douglas Costa. Mesmo no banco, Neymar foi o centro das aten\u00e7\u00f5es e teve seu nome muito gritado.<\/p>\n<p>Dentro de campo, no entanto, ele foi discreto e arrancou menos gritos do quando esteve fora, sentado no banco ou aquecendo ao lado de Kak\u00e1, que foi ovacionado quando entrou no lugar de Hulk. Lucas Lima, estreante da tarde, tamb\u00e9m foi bem e serviu como distribuidor de bolas do meio para as laterais.<\/p>\n<p>Na defesa, desfalcada por Filipe Lu\u00eds e Daniel Alves e sem Thiago Silva, a equipe mostrou seguran\u00e7a e quase n\u00e3o foi incomodada. A melhor defesa de Grohe aconteceu quando o lance j\u00e1 estava invalidado por impedimento. A sele\u00e7\u00e3o agora embarca para Boston, onde enfrenta os Estados Unidos, no dia 8.<\/p>\n","protected":false},"excerpt":{"rendered":"<p>Sem brilho, sem Neymar de titular e com pouqu\u00edssimo p\u00fablico, o Brasil venceu a Costa Rica na tarde deste s\u00e1bado (5) em Nova Jersey, nos Estados Unidos, por 1 a 0. Com gol solit\u00e1rio e poss\u00edvel falta de Hulk, a sele\u00e7\u00e3o de Dunga mostrou um futebol de controle de posse de bola e muitas jogadas [&hellip;]<\/p>\n","protected":false},"author":2,"featured_media":66349,"comment_status":"open","ping_status":"closed","sticky":false,"template":"","format":"standard","meta":{"_acf_changed":false,"footnotes":""},"categories":[29],"tags":[],"class_list":["post-66348","post","type-post","status-publish","format-standard","has-post-thumbnail","hentry","category-futebol"],"acf":[],"yoast_head":"<!-- This site is optimized with the Yoast SEO plugin v27.2 - https:\/\/yoast.com\/product\/yoast-seo-wordpress\/ -->\n<title>Brasil tem atua\u00e7\u00e3o discreta na vit\u00f3ria de 1x0 sobre a Costa Rica, com gol de Hulk - Notibras<\/title>\n<meta name=\"robots\" content=\"index, follow, max-snippet:-1, max-image-preview:large, max-video-preview:-1\" \/>\n<link rel=\"canonical\" href=\"https:\/\/www.notibras.com\/site\/brasil-tem-atuacao-discreta-na-vitoria-de-1x0-sobre-a-costa-rica\/\" \/>\n<meta property=\"og:locale\" content=\"pt_BR\" \/>\n<meta property=\"og:type\" content=\"article\" \/>\n<meta property=\"og:title\" content=\"Brasil tem atua\u00e7\u00e3o discreta na vit\u00f3ria de 1x0 sobre a Costa Rica, com gol de Hulk - Notibras\" \/>\n<meta property=\"og:description\" content=\"Sem brilho, sem Neymar de titular e com pouqu\u00edssimo p\u00fablico, o Brasil venceu a Costa Rica na tarde deste s\u00e1bado (5) em Nova Jersey, nos Estados Unidos, por 1 a 0. Com gol solit\u00e1rio e poss\u00edvel falta de Hulk, a sele\u00e7\u00e3o de Dunga mostrou um futebol de controle de posse de bola e muitas jogadas [&hellip;]\" \/>\n<meta property=\"og:url\" content=\"https:\/\/www.notibras.com\/site\/brasil-tem-atuacao-discreta-na-vitoria-de-1x0-sobre-a-costa-rica\/\" \/>\n<meta property=\"og:site_name\" content=\"Notibras\" \/>\n<meta property=\"article:publisher\" content=\"https:\/\/www.facebook.com\/notibras\/\" \/>\n<meta property=\"article:published_time\" content=\"2015-09-05T22:37:56+00:00\" \/>\n<meta property=\"article:modified_time\" content=\"2015-09-06T13:47:29+00:00\" \/>\n<meta property=\"og:image\" content=\"https:\/\/www.notibras.com\/site\/wp-content\/uploads\/2015\/09\/Brasil-Costa-Rafael-Ribeiro-CBF_LANIMA20150905_0111_38.jpg\" \/>\n\t<meta property=\"og:image:width\" content=\"585\" \/>\n\t<meta property=\"og:image:height\" content=\"395\" \/>\n\t<meta property=\"og:image:type\" content=\"image\/jpeg\" \/>\n<meta name=\"author\" content=\"Reda\u00e7\u00e3o\" \/>\n<meta name=\"twitter:card\" content=\"summary_large_image\" \/>\n<meta name=\"twitter:creator\" content=\"@Notibras\" \/>\n<meta name=\"twitter:site\" content=\"@Notibras\" \/>\n<meta name=\"twitter:label1\" content=\"Escrito por\" \/>\n\t<meta name=\"twitter:data1\" content=\"Reda\u00e7\u00e3o\" \/>\n\t<meta name=\"twitter:label2\" content=\"Est. tempo de leitura\" \/>\n\t<meta name=\"twitter:data2\" content=\"1 minuto\" \/>\n<script type=\"application\/ld+json\" class=\"yoast-schema-graph\">{\"@context\":\"https:\/\/schema.org\",\"@graph\":[{\"@type\":\"Article\",\"@id\":\"https:\/\/www.notibras.com\/site\/brasil-tem-atuacao-discreta-na-vitoria-de-1x0-sobre-a-costa-rica\/#article\",\"isPartOf\":{\"@id\":\"https:\/\/www.notibras.com\/site\/brasil-tem-atuacao-discreta-na-vitoria-de-1x0-sobre-a-costa-rica\/\"},\"author\":{\"name\":\"Reda\u00e7\u00e3o\",\"@id\":\"https:\/\/www.notibras.com\/site\/#\/schema\/person\/36ab0979449956132d3e5b517ea76ac8\"},\"headline\":\"Brasil tem atua\u00e7\u00e3o discreta na vit\u00f3ria de 1&#215;0 sobre a Costa Rica, com gol de Hulk\",\"datePublished\":\"2015-09-05T22:37:56+00:00\",\"dateModified\":\"2015-09-06T13:47:29+00:00\",\"mainEntityOfPage\":{\"@id\":\"https:\/\/www.notibras.com\/site\/brasil-tem-atuacao-discreta-na-vitoria-de-1x0-sobre-a-costa-rica\/\"},\"wordCount\":274,\"commentCount\":0,\"publisher\":{\"@id\":\"https:\/\/www.notibras.com\/site\/#organization\"},\"image\":{\"@id\":\"https:\/\/www.notibras.com\/site\/brasil-tem-atuacao-discreta-na-vitoria-de-1x0-sobre-a-costa-rica\/#primaryimage\"},\"thumbnailUrl\":\"https:\/\/www.notibras.com\/site\/wp-content\/uploads\/2015\/09\/Brasil-Costa-Rafael-Ribeiro-CBF_LANIMA20150905_0111_38.jpg\",\"articleSection\":[\"Futebol\"],\"inLanguage\":\"pt-BR\",\"potentialAction\":[{\"@type\":\"CommentAction\",\"name\":\"Comment\",\"target\":[\"https:\/\/www.notibras.com\/site\/brasil-tem-atuacao-discreta-na-vitoria-de-1x0-sobre-a-costa-rica\/#respond\"]}]},{\"@type\":\"WebPage\",\"@id\":\"https:\/\/www.notibras.com\/site\/brasil-tem-atuacao-discreta-na-vitoria-de-1x0-sobre-a-costa-rica\/\",\"url\":\"https:\/\/www.notibras.com\/site\/brasil-tem-atuacao-discreta-na-vitoria-de-1x0-sobre-a-costa-rica\/\",\"name\":\"Brasil tem atua\u00e7\u00e3o discreta na vit\u00f3ria de 1x0 sobre a Costa Rica, com gol de Hulk - Notibras\",\"isPartOf\":{\"@id\":\"https:\/\/www.notibras.com\/site\/#website\"},\"primaryImageOfPage\":{\"@id\":\"https:\/\/www.notibras.com\/site\/brasil-tem-atuacao-discreta-na-vitoria-de-1x0-sobre-a-costa-rica\/#primaryimage\"},\"image\":{\"@id\":\"https:\/\/www.notibras.com\/site\/brasil-tem-atuacao-discreta-na-vitoria-de-1x0-sobre-a-costa-rica\/#primaryimage\"},\"thumbnailUrl\":\"https:\/\/www.notibras.com\/site\/wp-content\/uploads\/2015\/09\/Brasil-Costa-Rafael-Ribeiro-CBF_LANIMA20150905_0111_38.jpg\",\"datePublished\":\"2015-09-05T22:37:56+00:00\",\"dateModified\":\"2015-09-06T13:47:29+00:00\",\"breadcrumb\":{\"@id\":\"https:\/\/www.notibras.com\/site\/brasil-tem-atuacao-discreta-na-vitoria-de-1x0-sobre-a-costa-rica\/#breadcrumb\"},\"inLanguage\":\"pt-BR\",\"potentialAction\":[{\"@type\":\"ReadAction\",\"target\":[\"https:\/\/www.notibras.com\/site\/brasil-tem-atuacao-discreta-na-vitoria-de-1x0-sobre-a-costa-rica\/\"]}]},{\"@type\":\"ImageObject\",\"inLanguage\":\"pt-BR\",\"@id\":\"https:\/\/www.notibras.com\/site\/brasil-tem-atuacao-discreta-na-vitoria-de-1x0-sobre-a-costa-rica\/#primaryimage\",\"url\":\"https:\/\/www.notibras.com\/site\/wp-content\/uploads\/2015\/09\/Brasil-Costa-Rafael-Ribeiro-CBF_LANIMA20150905_0111_38.jpg\",\"contentUrl\":\"https:\/\/www.notibras.com\/site\/wp-content\/uploads\/2015\/09\/Brasil-Costa-Rafael-Ribeiro-CBF_LANIMA20150905_0111_38.jpg\",\"width\":585,\"height\":395},{\"@type\":\"BreadcrumbList\",\"@id\":\"https:\/\/www.notibras.com\/site\/brasil-tem-atuacao-discreta-na-vitoria-de-1x0-sobre-a-costa-rica\/#breadcrumb\",\"itemListElement\":[{\"@type\":\"ListItem\",\"position\":1,\"name\":\"In\u00edcio\",\"item\":\"https:\/\/www.notibras.com\/site\/\"},{\"@type\":\"ListItem\",\"position\":2,\"name\":\"Brasil tem atua\u00e7\u00e3o discreta na vit\u00f3ria de 1&#215;0 sobre a Costa Rica, com gol de Hulk\"}]},{\"@type\":\"WebSite\",\"@id\":\"https:\/\/www.notibras.com\/site\/#website\",\"url\":\"https:\/\/www.notibras.com\/site\/\",\"name\":\"Notibras\",\"description\":\"Not\u00edcias de Bras\u00edlia, do Brasil e do Mundo\",\"publisher\":{\"@id\":\"https:\/\/www.notibras.com\/site\/#organization\"},\"potentialAction\":[{\"@type\":\"SearchAction\",\"target\":{\"@type\":\"EntryPoint\",\"urlTemplate\":\"https:\/\/www.notibras.com\/site\/?s={search_term_string}\"},\"query-input\":{\"@type\":\"PropertyValueSpecification\",\"valueRequired\":true,\"valueName\":\"search_term_string\"}}],\"inLanguage\":\"pt-BR\"},{\"@type\":\"Organization\",\"@id\":\"https:\/\/www.notibras.com\/site\/#organization\",\"name\":\"Grupo Notibras de Comunica\u00e7\u00e3o\",\"url\":\"https:\/\/www.notibras.com\/site\/\",\"logo\":{\"@type\":\"ImageObject\",\"inLanguage\":\"pt-BR\",\"@id\":\"https:\/\/www.notibras.com\/site\/#\/schema\/logo\/image\/\",\"url\":\"https:\/\/www.notibras.com\/site\/wp-content\/uploads\/2023\/01\/notibras23.png\",\"contentUrl\":\"https:\/\/www.notibras.com\/site\/wp-content\/uploads\/2023\/01\/notibras23.png\",\"width\":350,\"height\":87,\"caption\":\"Grupo Notibras de Comunica\u00e7\u00e3o\"},\"image\":{\"@id\":\"https:\/\/www.notibras.com\/site\/#\/schema\/logo\/image\/\"},\"sameAs\":[\"https:\/\/www.facebook.com\/notibras\/\",\"https:\/\/x.com\/Notibras\",\"https:\/\/www.instagram.com\/notibras\/\"]},{\"@type\":\"Person\",\"@id\":\"https:\/\/www.notibras.com\/site\/#\/schema\/person\/36ab0979449956132d3e5b517ea76ac8\",\"name\":\"Reda\u00e7\u00e3o\",\"image\":{\"@type\":\"ImageObject\",\"inLanguage\":\"pt-BR\",\"@id\":\"https:\/\/secure.gravatar.com\/avatar\/e0a867bdedb85fd243eadf09663511f96fc81e0720a4a42581f334ad4303aa6b?s=96&d=mm&r=g\",\"url\":\"https:\/\/secure.gravatar.com\/avatar\/e0a867bdedb85fd243eadf09663511f96fc81e0720a4a42581f334ad4303aa6b?s=96&d=mm&r=g\",\"contentUrl\":\"https:\/\/secure.gravatar.com\/avatar\/e0a867bdedb85fd243eadf09663511f96fc81e0720a4a42581f334ad4303aa6b?s=96&d=mm&r=g\",\"caption\":\"Reda\u00e7\u00e3o\"}}]}<\/script>\n<!-- \/ Yoast SEO plugin. -->","yoast_head_json":{"title":"Brasil tem atua\u00e7\u00e3o discreta na vit\u00f3ria de 1x0 sobre a Costa Rica, com gol de Hulk - Notibras","robots":{"index":"index","follow":"follow","max-snippet":"max-snippet:-1","max-image-preview":"max-image-preview:large","max-video-preview":"max-video-preview:-1"},"canonical":"https:\/\/www.notibras.com\/site\/brasil-tem-atuacao-discreta-na-vitoria-de-1x0-sobre-a-costa-rica\/","og_locale":"pt_BR","og_type":"article","og_title":"Brasil tem atua\u00e7\u00e3o discreta na vit\u00f3ria de 1x0 sobre a Costa Rica, com gol de Hulk - Notibras","og_description":"Sem brilho, sem Neymar de titular e com pouqu\u00edssimo p\u00fablico, o Brasil venceu a Costa Rica na tarde deste s\u00e1bado (5) em Nova Jersey, nos Estados Unidos, por 1 a 0. Com gol solit\u00e1rio e poss\u00edvel falta de Hulk, a sele\u00e7\u00e3o de Dunga mostrou um futebol de controle de posse de bola e muitas jogadas [&hellip;]","og_url":"https:\/\/www.notibras.com\/site\/brasil-tem-atuacao-discreta-na-vitoria-de-1x0-sobre-a-costa-rica\/","og_site_name":"Notibras","article_publisher":"https:\/\/www.facebook.com\/notibras\/","article_published_time":"2015-09-05T22:37:56+00:00","article_modified_time":"2015-09-06T13:47:29+00:00","og_image":[{"width":585,"height":395,"url":"https:\/\/www.notibras.com\/site\/wp-content\/uploads\/2015\/09\/Brasil-Costa-Rafael-Ribeiro-CBF_LANIMA20150905_0111_38.jpg","type":"image\/jpeg"}],"author":"Reda\u00e7\u00e3o","twitter_card":"summary_large_image","twitter_creator":"@Notibras","twitter_site":"@Notibras","twitter_misc":{"Escrito por":"Reda\u00e7\u00e3o","Est. tempo de leitura":"1 minuto"},"schema":{"@context":"https:\/\/schema.org","@graph":[{"@type":"Article","@id":"https:\/\/www.notibras.com\/site\/brasil-tem-atuacao-discreta-na-vitoria-de-1x0-sobre-a-costa-rica\/#article","isPartOf":{"@id":"https:\/\/www.notibras.com\/site\/brasil-tem-atuacao-discreta-na-vitoria-de-1x0-sobre-a-costa-rica\/"},"author":{"name":"Reda\u00e7\u00e3o","@id":"https:\/\/www.notibras.com\/site\/#\/schema\/person\/36ab0979449956132d3e5b517ea76ac8"},"headline":"Brasil tem atua\u00e7\u00e3o discreta na vit\u00f3ria de 1&#215;0 sobre a Costa Rica, com gol de Hulk","datePublished":"2015-09-05T22:37:56+00:00","dateModified":"2015-09-06T13:47:29+00:00","mainEntityOfPage":{"@id":"https:\/\/www.notibras.com\/site\/brasil-tem-atuacao-discreta-na-vitoria-de-1x0-sobre-a-costa-rica\/"},"wordCount":274,"commentCount":0,"publisher":{"@id":"https:\/\/www.notibras.com\/site\/#organization"},"image":{"@id":"https:\/\/www.notibras.com\/site\/brasil-tem-atuacao-discreta-na-vitoria-de-1x0-sobre-a-costa-rica\/#primaryimage"},"thumbnailUrl":"https:\/\/www.notibras.com\/site\/wp-content\/uploads\/2015\/09\/Brasil-Costa-Rafael-Ribeiro-CBF_LANIMA20150905_0111_38.jpg","articleSection":["Futebol"],"inLanguage":"pt-BR","potentialAction":[{"@type":"CommentAction","name":"Comment","target":["https:\/\/www.notibras.com\/site\/brasil-tem-atuacao-discreta-na-vitoria-de-1x0-sobre-a-costa-rica\/#respond"]}]},{"@type":"WebPage","@id":"https:\/\/www.notibras.com\/site\/brasil-tem-atuacao-discreta-na-vitoria-de-1x0-sobre-a-costa-rica\/","url":"https:\/\/www.notibras.com\/site\/brasil-tem-atuacao-discreta-na-vitoria-de-1x0-sobre-a-costa-rica\/","name":"Brasil tem atua\u00e7\u00e3o discreta na vit\u00f3ria de 1x0 sobre a Costa Rica, com gol de Hulk - Notibras","isPartOf":{"@id":"https:\/\/www.notibras.com\/site\/#website"},"primaryImageOfPage":{"@id":"https:\/\/www.notibras.com\/site\/brasil-tem-atuacao-discreta-na-vitoria-de-1x0-sobre-a-costa-rica\/#primaryimage"},"image":{"@id":"https:\/\/www.notibras.com\/site\/brasil-tem-atuacao-discreta-na-vitoria-de-1x0-sobre-a-costa-rica\/#primaryimage"},"thumbnailUrl":"https:\/\/www.notibras.com\/site\/wp-content\/uploads\/2015\/09\/Brasil-Costa-Rafael-Ribeiro-CBF_LANIMA20150905_0111_38.jpg","datePublished":"2015-09-05T22:37:56+00:00","dateModified":"2015-09-06T13:47:29+00:00","breadcrumb":{"@id":"https:\/\/www.notibras.com\/site\/brasil-tem-atuacao-discreta-na-vitoria-de-1x0-sobre-a-costa-rica\/#breadcrumb"},"inLanguage":"pt-BR","potentialAction":[{"@type":"ReadAction","target":["https:\/\/www.notibras.com\/site\/brasil-tem-atuacao-discreta-na-vitoria-de-1x0-sobre-a-costa-rica\/"]}]},{"@type":"ImageObject","inLanguage":"pt-BR","@id":"https:\/\/www.notibras.com\/site\/brasil-tem-atuacao-discreta-na-vitoria-de-1x0-sobre-a-costa-rica\/#primaryimage","url":"https:\/\/www.notibras.com\/site\/wp-content\/uploads\/2015\/09\/Brasil-Costa-Rafael-Ribeiro-CBF_LANIMA20150905_0111_38.jpg","contentUrl":"https:\/\/www.notibras.com\/site\/wp-content\/uploads\/2015\/09\/Brasil-Costa-Rafael-Ribeiro-CBF_LANIMA20150905_0111_38.jpg","width":585,"height":395},{"@type":"BreadcrumbList","@id":"https:\/\/www.notibras.com\/site\/brasil-tem-atuacao-discreta-na-vitoria-de-1x0-sobre-a-costa-rica\/#breadcrumb","itemListElement":[{"@type":"ListItem","position":1,"name":"In\u00edcio","item":"https:\/\/www.notibras.com\/site\/"},{"@type":"ListItem","position":2,"name":"Brasil tem atua\u00e7\u00e3o discreta na vit\u00f3ria de 1&#215;0 sobre a Costa Rica, com gol de Hulk"}]},{"@type":"WebSite","@id":"https:\/\/www.notibras.com\/site\/#website","url":"https:\/\/www.notibras.com\/site\/","name":"Notibras","description":"Not\u00edcias de Bras\u00edlia, do Brasil e do Mundo","publisher":{"@id":"https:\/\/www.notibras.com\/site\/#organization"},"potentialAction":[{"@type":"SearchAction","target":{"@type":"EntryPoint","urlTemplate":"https:\/\/www.notibras.com\/site\/?s={search_term_string}"},"query-input":{"@type":"PropertyValueSpecification","valueRequired":true,"valueName":"search_term_string"}}],"inLanguage":"pt-BR"},{"@type":"Organization","@id":"https:\/\/www.notibras.com\/site\/#organization","name":"Grupo Notibras de Comunica\u00e7\u00e3o","url":"https:\/\/www.notibras.com\/site\/","logo":{"@type":"ImageObject","inLanguage":"pt-BR","@id":"https:\/\/www.notibras.com\/site\/#\/schema\/logo\/image\/","url":"https:\/\/www.notibras.com\/site\/wp-content\/uploads\/2023\/01\/notibras23.png","contentUrl":"https:\/\/www.notibras.com\/site\/wp-content\/uploads\/2023\/01\/notibras23.png","width":350,"height":87,"caption":"Grupo Notibras de Comunica\u00e7\u00e3o"},"image":{"@id":"https:\/\/www.notibras.com\/site\/#\/schema\/logo\/image\/"},"sameAs":["https:\/\/www.facebook.com\/notibras\/","https:\/\/x.com\/Notibras","https:\/\/www.instagram.com\/notibras\/"]},{"@type":"Person","@id":"https:\/\/www.notibras.com\/site\/#\/schema\/person\/36ab0979449956132d3e5b517ea76ac8","name":"Reda\u00e7\u00e3o","image":{"@type":"ImageObject","inLanguage":"pt-BR","@id":"https:\/\/secure.gravatar.com\/avatar\/e0a867bdedb85fd243eadf09663511f96fc81e0720a4a42581f334ad4303aa6b?s=96&d=mm&r=g","url":"https:\/\/secure.gravatar.com\/avatar\/e0a867bdedb85fd243eadf09663511f96fc81e0720a4a42581f334ad4303aa6b?s=96&d=mm&r=g","contentUrl":"https:\/\/secure.gravatar.com\/avatar\/e0a867bdedb85fd243eadf09663511f96fc81e0720a4a42581f334ad4303aa6b?s=96&d=mm&r=g","caption":"Reda\u00e7\u00e3o"}}]}},"amp_enabled":true,"_links":{"self":[{"href":"https:\/\/www.notibras.com\/site\/wp-json\/wp\/v2\/posts\/66348","targetHints":{"allow":["GET"]}}],"collection":[{"href":"https:\/\/www.notibras.com\/site\/wp-json\/wp\/v2\/posts"}],"about":[{"href":"https:\/\/www.notibras.com\/site\/wp-json\/wp\/v2\/types\/post"}],"author":[{"embeddable":true,"href":"https:\/\/www.notibras.com\/site\/wp-json\/wp\/v2\/users\/2"}],"replies":[{"embeddable":true,"href":"https:\/\/www.notibras.com\/site\/wp-json\/wp\/v2\/comments?post=66348"}],"version-history":[{"count":2,"href":"https:\/\/www.notibras.com\/site\/wp-json\/wp\/v2\/posts\/66348\/revisions"}],"predecessor-version":[{"id":66392,"href":"https:\/\/www.notibras.com\/site\/wp-json\/wp\/v2\/posts\/66348\/revisions\/66392"}],"wp:featuredmedia":[{"embeddable":true,"href":"https:\/\/www.notibras.com\/site\/wp-json\/wp\/v2\/media\/66349"}],"wp:attachment":[{"href":"https:\/\/www.notibras.com\/site\/wp-json\/wp\/v2\/media?parent=66348"}],"wp:term":[{"taxonomy":"category","embeddable":true,"href":"https:\/\/www.notibras.com\/site\/wp-json\/wp\/v2\/categories?post=66348"},{"taxonomy":"post_tag","embeddable":true,"href":"https:\/\/www.notibras.com\/site\/wp-json\/wp\/v2\/tags?post=66348"}],"curies":[{"name":"wp","href":"https:\/\/api.w.org\/{rel}","templated":true}]}}