{"id":66368,"date":"2015-09-05T21:39:42","date_gmt":"2015-09-06T00:39:42","guid":{"rendered":"http:\/\/www.notibras.com\/site\/?p=66368"},"modified":"2015-09-05T21:42:25","modified_gmt":"2015-09-06T00:42:25","slug":"corpo-de-menino-de-cinco-anos-e-encontrado-em-freezer-e-revolta-a-vizinhanca","status":"publish","type":"post","link":"https:\/\/www.notibras.com\/site\/corpo-de-menino-de-cinco-anos-e-encontrado-em-freezer-e-revolta-a-vizinhanca\/","title":{"rendered":"Corpo de menino de cinco anos \u00e9 encontrado em freezer e revolta vizinhan\u00e7a paulista"},"content":{"rendered":"<p>O corpo de um menino, com apar\u00eancia de ter cinco anos de idade, foi encontrado em um freezer no interior de um apartamento vazio na Rua Santo Amaro, regi\u00e3o central de S\u00e3o Paulo. O cad\u00e1ver estava envolvido em um len\u00e7ol e sacos pl\u00e1sticos.<\/p>\n<p>Os pais da crian\u00e7a ainda n\u00e3o foram encontrados e o caso \u00e9 investigado pelo Departamento de Homic\u00eddios e Prote\u00e7\u00e3o \u00e0 Pessoa (DHPP) como homic\u00eddio. Os vizinhos ficaram revoltados e deixaram, mensagens contra os pais, supostos assassinos.<\/p>\n<p>O corpo foi encontrado por um mensageiro de 45 anos que se identificou \u00e0 pol\u00edcia como primo do homem, um vendedor de 26 anos, que alugava o im\u00f3vel. O menino, segundo ele, seria filho do comerciante. Al\u00e9m do menino, o casal, de origem africana, teria outros dois filhos.<\/p>\n<p>O informante disse \u00e0 pol\u00edcia que estranhou o fato de o primo deixar de abrir a loja de doces da qual era propriet\u00e1rio. Quando foi verificar se tinha ocorrido algo no apartamento do vendedor, sentiu um cheiro &#8220;muito forte&#8221; e chamou o propriet\u00e1rio do local. Foi ent\u00e3o que encontraram o cad\u00e1ver e decidiram chamar a pol\u00edcia.<\/p>\n<p>Foi realizada per\u00edcia no local e solicitado carro de cad\u00e1ver para a crian\u00e7a. O DHPP solicitou imagens do circuito interno do edif\u00edcio para ajudar nas investiga\u00e7\u00f5es. Um boletim de ocorr\u00eancia de homic\u00eddio simples foi registrado no 5\u00ba Distrito Policial (Aclima\u00e7\u00e3o) e no DHPP.<\/p>\n","protected":false},"excerpt":{"rendered":"<p>O corpo de um menino, com apar\u00eancia de ter cinco anos de idade, foi encontrado em um freezer no interior de um apartamento vazio na Rua Santo Amaro, regi\u00e3o central de S\u00e3o Paulo. O cad\u00e1ver estava envolvido em um len\u00e7ol e sacos pl\u00e1sticos. Os pais da crian\u00e7a ainda n\u00e3o foram encontrados e o caso \u00e9 [&hellip;]<\/p>\n","protected":false},"author":2,"featured_media":66369,"comment_status":"open","ping_status":"closed","sticky":false,"template":"","format":"standard","meta":{"_acf_changed":false,"footnotes":""},"categories":[16],"tags":[],"class_list":["post-66368","post","type-post","status-publish","format-standard","has-post-thumbnail","hentry","category-brasil"],"acf":[],"yoast_head":"<!-- This site is optimized with the Yoast SEO plugin v27.2 - https:\/\/yoast.com\/product\/yoast-seo-wordpress\/ -->\n<title>Corpo de menino de cinco anos \u00e9 encontrado em freezer e revolta vizinhan\u00e7a paulista - Notibras<\/title>\n<meta name=\"robots\" content=\"index, follow, max-snippet:-1, max-image-preview:large, max-video-preview:-1\" \/>\n<link rel=\"canonical\" href=\"https:\/\/www.notibras.com\/site\/corpo-de-menino-de-cinco-anos-e-encontrado-em-freezer-e-revolta-a-vizinhanca\/\" \/>\n<meta property=\"og:locale\" content=\"pt_BR\" \/>\n<meta property=\"og:type\" content=\"article\" \/>\n<meta property=\"og:title\" content=\"Corpo de menino de cinco anos \u00e9 encontrado em freezer e revolta vizinhan\u00e7a paulista - Notibras\" \/>\n<meta property=\"og:description\" content=\"O corpo de um menino, com apar\u00eancia de ter cinco anos de idade, foi encontrado em um freezer no interior de um apartamento vazio na Rua Santo Amaro, regi\u00e3o central de S\u00e3o Paulo. O cad\u00e1ver estava envolvido em um len\u00e7ol e sacos pl\u00e1sticos. Os pais da crian\u00e7a ainda n\u00e3o foram encontrados e o caso \u00e9 [&hellip;]\" \/>\n<meta property=\"og:url\" content=\"https:\/\/www.notibras.com\/site\/corpo-de-menino-de-cinco-anos-e-encontrado-em-freezer-e-revolta-a-vizinhanca\/\" \/>\n<meta property=\"og:site_name\" content=\"Notibras\" \/>\n<meta property=\"article:publisher\" content=\"https:\/\/www.facebook.com\/notibras\/\" \/>\n<meta property=\"article:published_time\" content=\"2015-09-06T00:39:42+00:00\" \/>\n<meta property=\"article:modified_time\" content=\"2015-09-06T00:42:25+00:00\" \/>\n<meta property=\"og:image\" content=\"https:\/\/www.notibras.com\/site\/wp-content\/uploads\/2015\/09\/geladeira22.jpg\" \/>\n\t<meta property=\"og:image:width\" content=\"620\" \/>\n\t<meta property=\"og:image:height\" content=\"465\" \/>\n\t<meta property=\"og:image:type\" content=\"image\/jpeg\" \/>\n<meta name=\"author\" content=\"Reda\u00e7\u00e3o\" \/>\n<meta name=\"twitter:card\" content=\"summary_large_image\" \/>\n<meta name=\"twitter:creator\" content=\"@Notibras\" \/>\n<meta name=\"twitter:site\" content=\"@Notibras\" \/>\n<meta name=\"twitter:label1\" content=\"Escrito por\" \/>\n\t<meta name=\"twitter:data1\" content=\"Reda\u00e7\u00e3o\" \/>\n\t<meta name=\"twitter:label2\" content=\"Est. tempo de leitura\" \/>\n\t<meta name=\"twitter:data2\" content=\"1 minuto\" \/>\n<script type=\"application\/ld+json\" class=\"yoast-schema-graph\">{\"@context\":\"https:\/\/schema.org\",\"@graph\":[{\"@type\":\"Article\",\"@id\":\"https:\/\/www.notibras.com\/site\/corpo-de-menino-de-cinco-anos-e-encontrado-em-freezer-e-revolta-a-vizinhanca\/#article\",\"isPartOf\":{\"@id\":\"https:\/\/www.notibras.com\/site\/corpo-de-menino-de-cinco-anos-e-encontrado-em-freezer-e-revolta-a-vizinhanca\/\"},\"author\":{\"name\":\"Reda\u00e7\u00e3o\",\"@id\":\"https:\/\/www.notibras.com\/site\/#\/schema\/person\/36ab0979449956132d3e5b517ea76ac8\"},\"headline\":\"Corpo de menino de cinco anos \u00e9 encontrado em freezer e revolta vizinhan\u00e7a paulista\",\"datePublished\":\"2015-09-06T00:39:42+00:00\",\"dateModified\":\"2015-09-06T00:42:25+00:00\",\"mainEntityOfPage\":{\"@id\":\"https:\/\/www.notibras.com\/site\/corpo-de-menino-de-cinco-anos-e-encontrado-em-freezer-e-revolta-a-vizinhanca\/\"},\"wordCount\":261,\"commentCount\":0,\"publisher\":{\"@id\":\"https:\/\/www.notibras.com\/site\/#organization\"},\"image\":{\"@id\":\"https:\/\/www.notibras.com\/site\/corpo-de-menino-de-cinco-anos-e-encontrado-em-freezer-e-revolta-a-vizinhanca\/#primaryimage\"},\"thumbnailUrl\":\"https:\/\/www.notibras.com\/site\/wp-content\/uploads\/2015\/09\/geladeira22.jpg\",\"articleSection\":[\"Brasil\"],\"inLanguage\":\"pt-BR\",\"potentialAction\":[{\"@type\":\"CommentAction\",\"name\":\"Comment\",\"target\":[\"https:\/\/www.notibras.com\/site\/corpo-de-menino-de-cinco-anos-e-encontrado-em-freezer-e-revolta-a-vizinhanca\/#respond\"]}]},{\"@type\":\"WebPage\",\"@id\":\"https:\/\/www.notibras.com\/site\/corpo-de-menino-de-cinco-anos-e-encontrado-em-freezer-e-revolta-a-vizinhanca\/\",\"url\":\"https:\/\/www.notibras.com\/site\/corpo-de-menino-de-cinco-anos-e-encontrado-em-freezer-e-revolta-a-vizinhanca\/\",\"name\":\"Corpo de menino de cinco anos \u00e9 encontrado em freezer e revolta vizinhan\u00e7a paulista - Notibras\",\"isPartOf\":{\"@id\":\"https:\/\/www.notibras.com\/site\/#website\"},\"primaryImageOfPage\":{\"@id\":\"https:\/\/www.notibras.com\/site\/corpo-de-menino-de-cinco-anos-e-encontrado-em-freezer-e-revolta-a-vizinhanca\/#primaryimage\"},\"image\":{\"@id\":\"https:\/\/www.notibras.com\/site\/corpo-de-menino-de-cinco-anos-e-encontrado-em-freezer-e-revolta-a-vizinhanca\/#primaryimage\"},\"thumbnailUrl\":\"https:\/\/www.notibras.com\/site\/wp-content\/uploads\/2015\/09\/geladeira22.jpg\",\"datePublished\":\"2015-09-06T00:39:42+00:00\",\"dateModified\":\"2015-09-06T00:42:25+00:00\",\"breadcrumb\":{\"@id\":\"https:\/\/www.notibras.com\/site\/corpo-de-menino-de-cinco-anos-e-encontrado-em-freezer-e-revolta-a-vizinhanca\/#breadcrumb\"},\"inLanguage\":\"pt-BR\",\"potentialAction\":[{\"@type\":\"ReadAction\",\"target\":[\"https:\/\/www.notibras.com\/site\/corpo-de-menino-de-cinco-anos-e-encontrado-em-freezer-e-revolta-a-vizinhanca\/\"]}]},{\"@type\":\"ImageObject\",\"inLanguage\":\"pt-BR\",\"@id\":\"https:\/\/www.notibras.com\/site\/corpo-de-menino-de-cinco-anos-e-encontrado-em-freezer-e-revolta-a-vizinhanca\/#primaryimage\",\"url\":\"https:\/\/www.notibras.com\/site\/wp-content\/uploads\/2015\/09\/geladeira22.jpg\",\"contentUrl\":\"https:\/\/www.notibras.com\/site\/wp-content\/uploads\/2015\/09\/geladeira22.jpg\",\"width\":620,\"height\":465},{\"@type\":\"BreadcrumbList\",\"@id\":\"https:\/\/www.notibras.com\/site\/corpo-de-menino-de-cinco-anos-e-encontrado-em-freezer-e-revolta-a-vizinhanca\/#breadcrumb\",\"itemListElement\":[{\"@type\":\"ListItem\",\"position\":1,\"name\":\"In\u00edcio\",\"item\":\"https:\/\/www.notibras.com\/site\/\"},{\"@type\":\"ListItem\",\"position\":2,\"name\":\"Corpo de menino de cinco anos \u00e9 encontrado em freezer e revolta vizinhan\u00e7a paulista\"}]},{\"@type\":\"WebSite\",\"@id\":\"https:\/\/www.notibras.com\/site\/#website\",\"url\":\"https:\/\/www.notibras.com\/site\/\",\"name\":\"Notibras\",\"description\":\"Not\u00edcias de Bras\u00edlia, do Brasil e do Mundo\",\"publisher\":{\"@id\":\"https:\/\/www.notibras.com\/site\/#organization\"},\"potentialAction\":[{\"@type\":\"SearchAction\",\"target\":{\"@type\":\"EntryPoint\",\"urlTemplate\":\"https:\/\/www.notibras.com\/site\/?s={search_term_string}\"},\"query-input\":{\"@type\":\"PropertyValueSpecification\",\"valueRequired\":true,\"valueName\":\"search_term_string\"}}],\"inLanguage\":\"pt-BR\"},{\"@type\":\"Organization\",\"@id\":\"https:\/\/www.notibras.com\/site\/#organization\",\"name\":\"Grupo Notibras de Comunica\u00e7\u00e3o\",\"url\":\"https:\/\/www.notibras.com\/site\/\",\"logo\":{\"@type\":\"ImageObject\",\"inLanguage\":\"pt-BR\",\"@id\":\"https:\/\/www.notibras.com\/site\/#\/schema\/logo\/image\/\",\"url\":\"https:\/\/www.notibras.com\/site\/wp-content\/uploads\/2023\/01\/notibras23.png\",\"contentUrl\":\"https:\/\/www.notibras.com\/site\/wp-content\/uploads\/2023\/01\/notibras23.png\",\"width\":350,\"height\":87,\"caption\":\"Grupo Notibras de Comunica\u00e7\u00e3o\"},\"image\":{\"@id\":\"https:\/\/www.notibras.com\/site\/#\/schema\/logo\/image\/\"},\"sameAs\":[\"https:\/\/www.facebook.com\/notibras\/\",\"https:\/\/x.com\/Notibras\",\"https:\/\/www.instagram.com\/notibras\/\"]},{\"@type\":\"Person\",\"@id\":\"https:\/\/www.notibras.com\/site\/#\/schema\/person\/36ab0979449956132d3e5b517ea76ac8\",\"name\":\"Reda\u00e7\u00e3o\",\"image\":{\"@type\":\"ImageObject\",\"inLanguage\":\"pt-BR\",\"@id\":\"https:\/\/secure.gravatar.com\/avatar\/e0a867bdedb85fd243eadf09663511f96fc81e0720a4a42581f334ad4303aa6b?s=96&d=mm&r=g\",\"url\":\"https:\/\/secure.gravatar.com\/avatar\/e0a867bdedb85fd243eadf09663511f96fc81e0720a4a42581f334ad4303aa6b?s=96&d=mm&r=g\",\"contentUrl\":\"https:\/\/secure.gravatar.com\/avatar\/e0a867bdedb85fd243eadf09663511f96fc81e0720a4a42581f334ad4303aa6b?s=96&d=mm&r=g\",\"caption\":\"Reda\u00e7\u00e3o\"}}]}<\/script>\n<!-- \/ Yoast SEO plugin. -->","yoast_head_json":{"title":"Corpo de menino de cinco anos \u00e9 encontrado em freezer e revolta vizinhan\u00e7a paulista - Notibras","robots":{"index":"index","follow":"follow","max-snippet":"max-snippet:-1","max-image-preview":"max-image-preview:large","max-video-preview":"max-video-preview:-1"},"canonical":"https:\/\/www.notibras.com\/site\/corpo-de-menino-de-cinco-anos-e-encontrado-em-freezer-e-revolta-a-vizinhanca\/","og_locale":"pt_BR","og_type":"article","og_title":"Corpo de menino de cinco anos \u00e9 encontrado em freezer e revolta vizinhan\u00e7a paulista - Notibras","og_description":"O corpo de um menino, com apar\u00eancia de ter cinco anos de idade, foi encontrado em um freezer no interior de um apartamento vazio na Rua Santo Amaro, regi\u00e3o central de S\u00e3o Paulo. O cad\u00e1ver estava envolvido em um len\u00e7ol e sacos pl\u00e1sticos. Os pais da crian\u00e7a ainda n\u00e3o foram encontrados e o caso \u00e9 [&hellip;]","og_url":"https:\/\/www.notibras.com\/site\/corpo-de-menino-de-cinco-anos-e-encontrado-em-freezer-e-revolta-a-vizinhanca\/","og_site_name":"Notibras","article_publisher":"https:\/\/www.facebook.com\/notibras\/","article_published_time":"2015-09-06T00:39:42+00:00","article_modified_time":"2015-09-06T00:42:25+00:00","og_image":[{"width":620,"height":465,"url":"https:\/\/www.notibras.com\/site\/wp-content\/uploads\/2015\/09\/geladeira22.jpg","type":"image\/jpeg"}],"author":"Reda\u00e7\u00e3o","twitter_card":"summary_large_image","twitter_creator":"@Notibras","twitter_site":"@Notibras","twitter_misc":{"Escrito por":"Reda\u00e7\u00e3o","Est. tempo de leitura":"1 minuto"},"schema":{"@context":"https:\/\/schema.org","@graph":[{"@type":"Article","@id":"https:\/\/www.notibras.com\/site\/corpo-de-menino-de-cinco-anos-e-encontrado-em-freezer-e-revolta-a-vizinhanca\/#article","isPartOf":{"@id":"https:\/\/www.notibras.com\/site\/corpo-de-menino-de-cinco-anos-e-encontrado-em-freezer-e-revolta-a-vizinhanca\/"},"author":{"name":"Reda\u00e7\u00e3o","@id":"https:\/\/www.notibras.com\/site\/#\/schema\/person\/36ab0979449956132d3e5b517ea76ac8"},"headline":"Corpo de menino de cinco anos \u00e9 encontrado em freezer e revolta vizinhan\u00e7a paulista","datePublished":"2015-09-06T00:39:42+00:00","dateModified":"2015-09-06T00:42:25+00:00","mainEntityOfPage":{"@id":"https:\/\/www.notibras.com\/site\/corpo-de-menino-de-cinco-anos-e-encontrado-em-freezer-e-revolta-a-vizinhanca\/"},"wordCount":261,"commentCount":0,"publisher":{"@id":"https:\/\/www.notibras.com\/site\/#organization"},"image":{"@id":"https:\/\/www.notibras.com\/site\/corpo-de-menino-de-cinco-anos-e-encontrado-em-freezer-e-revolta-a-vizinhanca\/#primaryimage"},"thumbnailUrl":"https:\/\/www.notibras.com\/site\/wp-content\/uploads\/2015\/09\/geladeira22.jpg","articleSection":["Brasil"],"inLanguage":"pt-BR","potentialAction":[{"@type":"CommentAction","name":"Comment","target":["https:\/\/www.notibras.com\/site\/corpo-de-menino-de-cinco-anos-e-encontrado-em-freezer-e-revolta-a-vizinhanca\/#respond"]}]},{"@type":"WebPage","@id":"https:\/\/www.notibras.com\/site\/corpo-de-menino-de-cinco-anos-e-encontrado-em-freezer-e-revolta-a-vizinhanca\/","url":"https:\/\/www.notibras.com\/site\/corpo-de-menino-de-cinco-anos-e-encontrado-em-freezer-e-revolta-a-vizinhanca\/","name":"Corpo de menino de cinco anos \u00e9 encontrado em freezer e revolta vizinhan\u00e7a paulista - Notibras","isPartOf":{"@id":"https:\/\/www.notibras.com\/site\/#website"},"primaryImageOfPage":{"@id":"https:\/\/www.notibras.com\/site\/corpo-de-menino-de-cinco-anos-e-encontrado-em-freezer-e-revolta-a-vizinhanca\/#primaryimage"},"image":{"@id":"https:\/\/www.notibras.com\/site\/corpo-de-menino-de-cinco-anos-e-encontrado-em-freezer-e-revolta-a-vizinhanca\/#primaryimage"},"thumbnailUrl":"https:\/\/www.notibras.com\/site\/wp-content\/uploads\/2015\/09\/geladeira22.jpg","datePublished":"2015-09-06T00:39:42+00:00","dateModified":"2015-09-06T00:42:25+00:00","breadcrumb":{"@id":"https:\/\/www.notibras.com\/site\/corpo-de-menino-de-cinco-anos-e-encontrado-em-freezer-e-revolta-a-vizinhanca\/#breadcrumb"},"inLanguage":"pt-BR","potentialAction":[{"@type":"ReadAction","target":["https:\/\/www.notibras.com\/site\/corpo-de-menino-de-cinco-anos-e-encontrado-em-freezer-e-revolta-a-vizinhanca\/"]}]},{"@type":"ImageObject","inLanguage":"pt-BR","@id":"https:\/\/www.notibras.com\/site\/corpo-de-menino-de-cinco-anos-e-encontrado-em-freezer-e-revolta-a-vizinhanca\/#primaryimage","url":"https:\/\/www.notibras.com\/site\/wp-content\/uploads\/2015\/09\/geladeira22.jpg","contentUrl":"https:\/\/www.notibras.com\/site\/wp-content\/uploads\/2015\/09\/geladeira22.jpg","width":620,"height":465},{"@type":"BreadcrumbList","@id":"https:\/\/www.notibras.com\/site\/corpo-de-menino-de-cinco-anos-e-encontrado-em-freezer-e-revolta-a-vizinhanca\/#breadcrumb","itemListElement":[{"@type":"ListItem","position":1,"name":"In\u00edcio","item":"https:\/\/www.notibras.com\/site\/"},{"@type":"ListItem","position":2,"name":"Corpo de menino de cinco anos \u00e9 encontrado em freezer e revolta vizinhan\u00e7a paulista"}]},{"@type":"WebSite","@id":"https:\/\/www.notibras.com\/site\/#website","url":"https:\/\/www.notibras.com\/site\/","name":"Notibras","description":"Not\u00edcias de Bras\u00edlia, do Brasil e do Mundo","publisher":{"@id":"https:\/\/www.notibras.com\/site\/#organization"},"potentialAction":[{"@type":"SearchAction","target":{"@type":"EntryPoint","urlTemplate":"https:\/\/www.notibras.com\/site\/?s={search_term_string}"},"query-input":{"@type":"PropertyValueSpecification","valueRequired":true,"valueName":"search_term_string"}}],"inLanguage":"pt-BR"},{"@type":"Organization","@id":"https:\/\/www.notibras.com\/site\/#organization","name":"Grupo Notibras de Comunica\u00e7\u00e3o","url":"https:\/\/www.notibras.com\/site\/","logo":{"@type":"ImageObject","inLanguage":"pt-BR","@id":"https:\/\/www.notibras.com\/site\/#\/schema\/logo\/image\/","url":"https:\/\/www.notibras.com\/site\/wp-content\/uploads\/2023\/01\/notibras23.png","contentUrl":"https:\/\/www.notibras.com\/site\/wp-content\/uploads\/2023\/01\/notibras23.png","width":350,"height":87,"caption":"Grupo Notibras de Comunica\u00e7\u00e3o"},"image":{"@id":"https:\/\/www.notibras.com\/site\/#\/schema\/logo\/image\/"},"sameAs":["https:\/\/www.facebook.com\/notibras\/","https:\/\/x.com\/Notibras","https:\/\/www.instagram.com\/notibras\/"]},{"@type":"Person","@id":"https:\/\/www.notibras.com\/site\/#\/schema\/person\/36ab0979449956132d3e5b517ea76ac8","name":"Reda\u00e7\u00e3o","image":{"@type":"ImageObject","inLanguage":"pt-BR","@id":"https:\/\/secure.gravatar.com\/avatar\/e0a867bdedb85fd243eadf09663511f96fc81e0720a4a42581f334ad4303aa6b?s=96&d=mm&r=g","url":"https:\/\/secure.gravatar.com\/avatar\/e0a867bdedb85fd243eadf09663511f96fc81e0720a4a42581f334ad4303aa6b?s=96&d=mm&r=g","contentUrl":"https:\/\/secure.gravatar.com\/avatar\/e0a867bdedb85fd243eadf09663511f96fc81e0720a4a42581f334ad4303aa6b?s=96&d=mm&r=g","caption":"Reda\u00e7\u00e3o"}}]}},"amp_enabled":true,"_links":{"self":[{"href":"https:\/\/www.notibras.com\/site\/wp-json\/wp\/v2\/posts\/66368","targetHints":{"allow":["GET"]}}],"collection":[{"href":"https:\/\/www.notibras.com\/site\/wp-json\/wp\/v2\/posts"}],"about":[{"href":"https:\/\/www.notibras.com\/site\/wp-json\/wp\/v2\/types\/post"}],"author":[{"embeddable":true,"href":"https:\/\/www.notibras.com\/site\/wp-json\/wp\/v2\/users\/2"}],"replies":[{"embeddable":true,"href":"https:\/\/www.notibras.com\/site\/wp-json\/wp\/v2\/comments?post=66368"}],"version-history":[{"count":2,"href":"https:\/\/www.notibras.com\/site\/wp-json\/wp\/v2\/posts\/66368\/revisions"}],"predecessor-version":[{"id":66371,"href":"https:\/\/www.notibras.com\/site\/wp-json\/wp\/v2\/posts\/66368\/revisions\/66371"}],"wp:featuredmedia":[{"embeddable":true,"href":"https:\/\/www.notibras.com\/site\/wp-json\/wp\/v2\/media\/66369"}],"wp:attachment":[{"href":"https:\/\/www.notibras.com\/site\/wp-json\/wp\/v2\/media?parent=66368"}],"wp:term":[{"taxonomy":"category","embeddable":true,"href":"https:\/\/www.notibras.com\/site\/wp-json\/wp\/v2\/categories?post=66368"},{"taxonomy":"post_tag","embeddable":true,"href":"https:\/\/www.notibras.com\/site\/wp-json\/wp\/v2\/tags?post=66368"}],"curies":[{"name":"wp","href":"https:\/\/api.w.org\/{rel}","templated":true}]}}