{"id":66372,"date":"2015-09-05T21:43:55","date_gmt":"2015-09-06T00:43:55","guid":{"rendered":"http:\/\/www.notibras.com\/site\/?p=66372"},"modified":"2015-09-05T21:43:55","modified_gmt":"2015-09-06T00:43:55","slug":"imigrantes-resgatados-por-navio-brasileiro-nao-comiam-ha-dois-dias-diz-comandante","status":"publish","type":"post","link":"https:\/\/www.notibras.com\/site\/imigrantes-resgatados-por-navio-brasileiro-nao-comiam-ha-dois-dias-diz-comandante\/","title":{"rendered":"Imigrantes resgatados por navio brasileiro n\u00e3o comiam h\u00e1 dois dias, diz comandante"},"content":{"rendered":"<p>Os 220 imigrantes resgatados pela Marinha brasileira no mar Mediterr\u00e2neo, na sexta-feira (4), vinham da L\u00edbia, estavam havia sete dias no mar e n\u00e3o se alimentavam nem bebiam \u00e1gua havia dois dias, contou \u00e0 BBC Brasil Alexandre Amendoeira Nunes, comandante da corveta Barroso, que efetuou o resgate.<\/p>\n<p>A embarca\u00e7\u00e3o, que deixou o Rio de Janeiro no dia 8 de agosto, se dirigia ao L\u00edbano para substituir a fragata brasileira que atua em miss\u00e3o de paz da ONU.<\/p>\n<p>Por volta das 18h50 (13h30 no hor\u00e1rio de Bras\u00edlia), foi acionada pela guarda costeira italiana para ajudar a buscar um navio com centenas de imigrantes que corria o risco de naufragar a cerca de 50 quil\u00f4metros dali.<\/p>\n<p>Segundo o comandante, os imigrantes foram visualizados aproximadamente duas horas mais tarde.<\/p>\n<p>&#8220;Era um barco de pequeno porte, de madeira, semelhante a esses regionais que existem na Amaz\u00f4nia. Estava superlotado&#8221;, afirmou.<\/p>\n<p>Ao todo, o navio brasileiro resgatou 220 pessoas &#8211; 94 mulheres, 89 homens e 37 crian\u00e7as, entre elas quatro de colo. O traslado entre as embarca\u00e7\u00f5es levou cerca de uma hora.<\/p>\n<p>&#8220;Havia duas lanchas da guarda costeira nas proximidades. Como nosso navio era maior, levamos o maior n\u00famero de pessoas&#8221;, relatou Nunes.<\/p>\n<p>De acordo com o militar, as condi\u00e7\u00f5es eram muito prec\u00e1rias.<\/p>\n<p>&#8220;Eles (os imigrantes) se encontravam muito debilitados, estavam havia sete dias no mar. Estavam muito desidratados, com assaduras, queimaduras de sol. Uma senhora estava com o bra\u00e7o quebrado&#8221;, contou.<\/p>\n<p>Ap\u00f3s serem embarcados, os imigrantes receberam primeiros socorros. &#8220;Usamos pomadas e hidrata\u00e7\u00e3o oral. Nos casos mais graves, foi preciso usar hidrata\u00e7\u00e3o intravenosa.&#8221;<\/p>\n<p>Segundo Nunes, a Marinha est\u00e1 preparada e acostumada com casos de salvamento, mas essa experi\u00eancia com imigrantes foi algo in\u00e9dito.<\/p>\n<p>&#8220;Tenho uma filha de nove anos. E s\u00e3o crian\u00e7as que estavam ali. Mas voc\u00ea n\u00e3o pode se deixar abalar para poder fazer o salvamento da melhor forma poss\u00edvel. A tripula\u00e7\u00e3o reagiu bem&#8221;, contou.<\/p>\n<p>Os imigrantes, disse, demonstraram preocupa\u00e7\u00e3o ao ver um navio estrangeiro se aproximar, mas ficaram mais tranquilos ao saber que era brasileiro.<\/p>\n<p>&#8220;Eles depois conseguiram dormir, descansar durante a noite. Muitos estavam havia dois dias sem \u00e1gua nem comida.&#8221;<\/p>\n<p>De acordo com o militar, o navio da Marinha possu\u00eda suprimentos para atender essa demanda inesperada. &#8220;Temos sempre de sair preparados para esse tipo de ocorr\u00eancia, para ficar 30 dias no mar&#8221;.<\/p>\n","protected":false},"excerpt":{"rendered":"<p>Os 220 imigrantes resgatados pela Marinha brasileira no mar Mediterr\u00e2neo, na sexta-feira (4), vinham da L\u00edbia, estavam havia sete dias no mar e n\u00e3o se alimentavam nem bebiam \u00e1gua havia dois dias, contou \u00e0 BBC Brasil Alexandre Amendoeira Nunes, comandante da corveta Barroso, que efetuou o resgate. A embarca\u00e7\u00e3o, que deixou o Rio de Janeiro [&hellip;]<\/p>\n","protected":false},"author":2,"featured_media":66373,"comment_status":"open","ping_status":"closed","sticky":false,"template":"","format":"standard","meta":{"_acf_changed":false,"footnotes":""},"categories":[16],"tags":[],"class_list":["post-66372","post","type-post","status-publish","format-standard","has-post-thumbnail","hentry","category-brasil"],"acf":[],"yoast_head":"<!-- This site is optimized with the Yoast SEO plugin v27.2 - https:\/\/yoast.com\/product\/yoast-seo-wordpress\/ -->\n<title>Imigrantes resgatados por navio brasileiro n\u00e3o comiam h\u00e1 dois dias, diz comandante - Notibras<\/title>\n<meta name=\"robots\" content=\"index, follow, max-snippet:-1, max-image-preview:large, max-video-preview:-1\" \/>\n<link rel=\"canonical\" href=\"https:\/\/www.notibras.com\/site\/imigrantes-resgatados-por-navio-brasileiro-nao-comiam-ha-dois-dias-diz-comandante\/\" \/>\n<meta property=\"og:locale\" content=\"pt_BR\" \/>\n<meta property=\"og:type\" content=\"article\" \/>\n<meta property=\"og:title\" content=\"Imigrantes resgatados por navio brasileiro n\u00e3o comiam h\u00e1 dois dias, diz comandante - Notibras\" \/>\n<meta property=\"og:description\" content=\"Os 220 imigrantes resgatados pela Marinha brasileira no mar Mediterr\u00e2neo, na sexta-feira (4), vinham da L\u00edbia, estavam havia sete dias no mar e n\u00e3o se alimentavam nem bebiam \u00e1gua havia dois dias, contou \u00e0 BBC Brasil Alexandre Amendoeira Nunes, comandante da corveta Barroso, que efetuou o resgate. A embarca\u00e7\u00e3o, que deixou o Rio de Janeiro [&hellip;]\" \/>\n<meta property=\"og:url\" content=\"https:\/\/www.notibras.com\/site\/imigrantes-resgatados-por-navio-brasileiro-nao-comiam-ha-dois-dias-diz-comandante\/\" \/>\n<meta property=\"og:site_name\" content=\"Notibras\" \/>\n<meta property=\"article:publisher\" content=\"https:\/\/www.facebook.com\/notibras\/\" \/>\n<meta property=\"article:published_time\" content=\"2015-09-06T00:43:55+00:00\" \/>\n<meta property=\"og:image\" content=\"https:\/\/www.notibras.com\/site\/wp-content\/uploads\/2015\/09\/5set2015-imigrantes-resgatados-desembarcam-do-navio-da-marinha-brasileira-barroso-no-porto-de-catania-na-sicilia-italia-1441483349995_615x300.jpg\" \/>\n\t<meta property=\"og:image:width\" content=\"615\" \/>\n\t<meta property=\"og:image:height\" content=\"300\" \/>\n\t<meta property=\"og:image:type\" content=\"image\/jpeg\" \/>\n<meta name=\"author\" content=\"Reda\u00e7\u00e3o\" \/>\n<meta name=\"twitter:card\" content=\"summary_large_image\" \/>\n<meta name=\"twitter:creator\" content=\"@Notibras\" \/>\n<meta name=\"twitter:site\" content=\"@Notibras\" \/>\n<meta name=\"twitter:label1\" content=\"Escrito por\" \/>\n\t<meta name=\"twitter:data1\" content=\"Reda\u00e7\u00e3o\" \/>\n\t<meta name=\"twitter:label2\" content=\"Est. tempo de leitura\" \/>\n\t<meta name=\"twitter:data2\" content=\"2 minutos\" \/>\n<script type=\"application\/ld+json\" class=\"yoast-schema-graph\">{\"@context\":\"https:\/\/schema.org\",\"@graph\":[{\"@type\":\"Article\",\"@id\":\"https:\/\/www.notibras.com\/site\/imigrantes-resgatados-por-navio-brasileiro-nao-comiam-ha-dois-dias-diz-comandante\/#article\",\"isPartOf\":{\"@id\":\"https:\/\/www.notibras.com\/site\/imigrantes-resgatados-por-navio-brasileiro-nao-comiam-ha-dois-dias-diz-comandante\/\"},\"author\":{\"name\":\"Reda\u00e7\u00e3o\",\"@id\":\"https:\/\/www.notibras.com\/site\/#\/schema\/person\/36ab0979449956132d3e5b517ea76ac8\"},\"headline\":\"Imigrantes resgatados por navio brasileiro n\u00e3o comiam h\u00e1 dois dias, diz comandante\",\"datePublished\":\"2015-09-06T00:43:55+00:00\",\"mainEntityOfPage\":{\"@id\":\"https:\/\/www.notibras.com\/site\/imigrantes-resgatados-por-navio-brasileiro-nao-comiam-ha-dois-dias-diz-comandante\/\"},\"wordCount\":413,\"commentCount\":0,\"publisher\":{\"@id\":\"https:\/\/www.notibras.com\/site\/#organization\"},\"image\":{\"@id\":\"https:\/\/www.notibras.com\/site\/imigrantes-resgatados-por-navio-brasileiro-nao-comiam-ha-dois-dias-diz-comandante\/#primaryimage\"},\"thumbnailUrl\":\"https:\/\/www.notibras.com\/site\/wp-content\/uploads\/2015\/09\/5set2015-imigrantes-resgatados-desembarcam-do-navio-da-marinha-brasileira-barroso-no-porto-de-catania-na-sicilia-italia-1441483349995_615x300.jpg\",\"articleSection\":[\"Brasil\"],\"inLanguage\":\"pt-BR\",\"potentialAction\":[{\"@type\":\"CommentAction\",\"name\":\"Comment\",\"target\":[\"https:\/\/www.notibras.com\/site\/imigrantes-resgatados-por-navio-brasileiro-nao-comiam-ha-dois-dias-diz-comandante\/#respond\"]}]},{\"@type\":\"WebPage\",\"@id\":\"https:\/\/www.notibras.com\/site\/imigrantes-resgatados-por-navio-brasileiro-nao-comiam-ha-dois-dias-diz-comandante\/\",\"url\":\"https:\/\/www.notibras.com\/site\/imigrantes-resgatados-por-navio-brasileiro-nao-comiam-ha-dois-dias-diz-comandante\/\",\"name\":\"Imigrantes resgatados por navio brasileiro n\u00e3o comiam h\u00e1 dois dias, diz comandante - Notibras\",\"isPartOf\":{\"@id\":\"https:\/\/www.notibras.com\/site\/#website\"},\"primaryImageOfPage\":{\"@id\":\"https:\/\/www.notibras.com\/site\/imigrantes-resgatados-por-navio-brasileiro-nao-comiam-ha-dois-dias-diz-comandante\/#primaryimage\"},\"image\":{\"@id\":\"https:\/\/www.notibras.com\/site\/imigrantes-resgatados-por-navio-brasileiro-nao-comiam-ha-dois-dias-diz-comandante\/#primaryimage\"},\"thumbnailUrl\":\"https:\/\/www.notibras.com\/site\/wp-content\/uploads\/2015\/09\/5set2015-imigrantes-resgatados-desembarcam-do-navio-da-marinha-brasileira-barroso-no-porto-de-catania-na-sicilia-italia-1441483349995_615x300.jpg\",\"datePublished\":\"2015-09-06T00:43:55+00:00\",\"breadcrumb\":{\"@id\":\"https:\/\/www.notibras.com\/site\/imigrantes-resgatados-por-navio-brasileiro-nao-comiam-ha-dois-dias-diz-comandante\/#breadcrumb\"},\"inLanguage\":\"pt-BR\",\"potentialAction\":[{\"@type\":\"ReadAction\",\"target\":[\"https:\/\/www.notibras.com\/site\/imigrantes-resgatados-por-navio-brasileiro-nao-comiam-ha-dois-dias-diz-comandante\/\"]}]},{\"@type\":\"ImageObject\",\"inLanguage\":\"pt-BR\",\"@id\":\"https:\/\/www.notibras.com\/site\/imigrantes-resgatados-por-navio-brasileiro-nao-comiam-ha-dois-dias-diz-comandante\/#primaryimage\",\"url\":\"https:\/\/www.notibras.com\/site\/wp-content\/uploads\/2015\/09\/5set2015-imigrantes-resgatados-desembarcam-do-navio-da-marinha-brasileira-barroso-no-porto-de-catania-na-sicilia-italia-1441483349995_615x300.jpg\",\"contentUrl\":\"https:\/\/www.notibras.com\/site\/wp-content\/uploads\/2015\/09\/5set2015-imigrantes-resgatados-desembarcam-do-navio-da-marinha-brasileira-barroso-no-porto-de-catania-na-sicilia-italia-1441483349995_615x300.jpg\",\"width\":615,\"height\":300},{\"@type\":\"BreadcrumbList\",\"@id\":\"https:\/\/www.notibras.com\/site\/imigrantes-resgatados-por-navio-brasileiro-nao-comiam-ha-dois-dias-diz-comandante\/#breadcrumb\",\"itemListElement\":[{\"@type\":\"ListItem\",\"position\":1,\"name\":\"In\u00edcio\",\"item\":\"https:\/\/www.notibras.com\/site\/\"},{\"@type\":\"ListItem\",\"position\":2,\"name\":\"Imigrantes resgatados por navio brasileiro n\u00e3o comiam h\u00e1 dois dias, diz comandante\"}]},{\"@type\":\"WebSite\",\"@id\":\"https:\/\/www.notibras.com\/site\/#website\",\"url\":\"https:\/\/www.notibras.com\/site\/\",\"name\":\"Notibras\",\"description\":\"Not\u00edcias de Bras\u00edlia, do Brasil e do Mundo\",\"publisher\":{\"@id\":\"https:\/\/www.notibras.com\/site\/#organization\"},\"potentialAction\":[{\"@type\":\"SearchAction\",\"target\":{\"@type\":\"EntryPoint\",\"urlTemplate\":\"https:\/\/www.notibras.com\/site\/?s={search_term_string}\"},\"query-input\":{\"@type\":\"PropertyValueSpecification\",\"valueRequired\":true,\"valueName\":\"search_term_string\"}}],\"inLanguage\":\"pt-BR\"},{\"@type\":\"Organization\",\"@id\":\"https:\/\/www.notibras.com\/site\/#organization\",\"name\":\"Grupo Notibras de Comunica\u00e7\u00e3o\",\"url\":\"https:\/\/www.notibras.com\/site\/\",\"logo\":{\"@type\":\"ImageObject\",\"inLanguage\":\"pt-BR\",\"@id\":\"https:\/\/www.notibras.com\/site\/#\/schema\/logo\/image\/\",\"url\":\"https:\/\/www.notibras.com\/site\/wp-content\/uploads\/2023\/01\/notibras23.png\",\"contentUrl\":\"https:\/\/www.notibras.com\/site\/wp-content\/uploads\/2023\/01\/notibras23.png\",\"width\":350,\"height\":87,\"caption\":\"Grupo Notibras de Comunica\u00e7\u00e3o\"},\"image\":{\"@id\":\"https:\/\/www.notibras.com\/site\/#\/schema\/logo\/image\/\"},\"sameAs\":[\"https:\/\/www.facebook.com\/notibras\/\",\"https:\/\/x.com\/Notibras\",\"https:\/\/www.instagram.com\/notibras\/\"]},{\"@type\":\"Person\",\"@id\":\"https:\/\/www.notibras.com\/site\/#\/schema\/person\/36ab0979449956132d3e5b517ea76ac8\",\"name\":\"Reda\u00e7\u00e3o\",\"image\":{\"@type\":\"ImageObject\",\"inLanguage\":\"pt-BR\",\"@id\":\"https:\/\/secure.gravatar.com\/avatar\/e0a867bdedb85fd243eadf09663511f96fc81e0720a4a42581f334ad4303aa6b?s=96&d=mm&r=g\",\"url\":\"https:\/\/secure.gravatar.com\/avatar\/e0a867bdedb85fd243eadf09663511f96fc81e0720a4a42581f334ad4303aa6b?s=96&d=mm&r=g\",\"contentUrl\":\"https:\/\/secure.gravatar.com\/avatar\/e0a867bdedb85fd243eadf09663511f96fc81e0720a4a42581f334ad4303aa6b?s=96&d=mm&r=g\",\"caption\":\"Reda\u00e7\u00e3o\"}}]}<\/script>\n<!-- \/ Yoast SEO plugin. -->","yoast_head_json":{"title":"Imigrantes resgatados por navio brasileiro n\u00e3o comiam h\u00e1 dois dias, diz comandante - Notibras","robots":{"index":"index","follow":"follow","max-snippet":"max-snippet:-1","max-image-preview":"max-image-preview:large","max-video-preview":"max-video-preview:-1"},"canonical":"https:\/\/www.notibras.com\/site\/imigrantes-resgatados-por-navio-brasileiro-nao-comiam-ha-dois-dias-diz-comandante\/","og_locale":"pt_BR","og_type":"article","og_title":"Imigrantes resgatados por navio brasileiro n\u00e3o comiam h\u00e1 dois dias, diz comandante - Notibras","og_description":"Os 220 imigrantes resgatados pela Marinha brasileira no mar Mediterr\u00e2neo, na sexta-feira (4), vinham da L\u00edbia, estavam havia sete dias no mar e n\u00e3o se alimentavam nem bebiam \u00e1gua havia dois dias, contou \u00e0 BBC Brasil Alexandre Amendoeira Nunes, comandante da corveta Barroso, que efetuou o resgate. A embarca\u00e7\u00e3o, que deixou o Rio de Janeiro [&hellip;]","og_url":"https:\/\/www.notibras.com\/site\/imigrantes-resgatados-por-navio-brasileiro-nao-comiam-ha-dois-dias-diz-comandante\/","og_site_name":"Notibras","article_publisher":"https:\/\/www.facebook.com\/notibras\/","article_published_time":"2015-09-06T00:43:55+00:00","og_image":[{"width":615,"height":300,"url":"https:\/\/www.notibras.com\/site\/wp-content\/uploads\/2015\/09\/5set2015-imigrantes-resgatados-desembarcam-do-navio-da-marinha-brasileira-barroso-no-porto-de-catania-na-sicilia-italia-1441483349995_615x300.jpg","type":"image\/jpeg"}],"author":"Reda\u00e7\u00e3o","twitter_card":"summary_large_image","twitter_creator":"@Notibras","twitter_site":"@Notibras","twitter_misc":{"Escrito por":"Reda\u00e7\u00e3o","Est. tempo de leitura":"2 minutos"},"schema":{"@context":"https:\/\/schema.org","@graph":[{"@type":"Article","@id":"https:\/\/www.notibras.com\/site\/imigrantes-resgatados-por-navio-brasileiro-nao-comiam-ha-dois-dias-diz-comandante\/#article","isPartOf":{"@id":"https:\/\/www.notibras.com\/site\/imigrantes-resgatados-por-navio-brasileiro-nao-comiam-ha-dois-dias-diz-comandante\/"},"author":{"name":"Reda\u00e7\u00e3o","@id":"https:\/\/www.notibras.com\/site\/#\/schema\/person\/36ab0979449956132d3e5b517ea76ac8"},"headline":"Imigrantes resgatados por navio brasileiro n\u00e3o comiam h\u00e1 dois dias, diz comandante","datePublished":"2015-09-06T00:43:55+00:00","mainEntityOfPage":{"@id":"https:\/\/www.notibras.com\/site\/imigrantes-resgatados-por-navio-brasileiro-nao-comiam-ha-dois-dias-diz-comandante\/"},"wordCount":413,"commentCount":0,"publisher":{"@id":"https:\/\/www.notibras.com\/site\/#organization"},"image":{"@id":"https:\/\/www.notibras.com\/site\/imigrantes-resgatados-por-navio-brasileiro-nao-comiam-ha-dois-dias-diz-comandante\/#primaryimage"},"thumbnailUrl":"https:\/\/www.notibras.com\/site\/wp-content\/uploads\/2015\/09\/5set2015-imigrantes-resgatados-desembarcam-do-navio-da-marinha-brasileira-barroso-no-porto-de-catania-na-sicilia-italia-1441483349995_615x300.jpg","articleSection":["Brasil"],"inLanguage":"pt-BR","potentialAction":[{"@type":"CommentAction","name":"Comment","target":["https:\/\/www.notibras.com\/site\/imigrantes-resgatados-por-navio-brasileiro-nao-comiam-ha-dois-dias-diz-comandante\/#respond"]}]},{"@type":"WebPage","@id":"https:\/\/www.notibras.com\/site\/imigrantes-resgatados-por-navio-brasileiro-nao-comiam-ha-dois-dias-diz-comandante\/","url":"https:\/\/www.notibras.com\/site\/imigrantes-resgatados-por-navio-brasileiro-nao-comiam-ha-dois-dias-diz-comandante\/","name":"Imigrantes resgatados por navio brasileiro n\u00e3o comiam h\u00e1 dois dias, diz comandante - Notibras","isPartOf":{"@id":"https:\/\/www.notibras.com\/site\/#website"},"primaryImageOfPage":{"@id":"https:\/\/www.notibras.com\/site\/imigrantes-resgatados-por-navio-brasileiro-nao-comiam-ha-dois-dias-diz-comandante\/#primaryimage"},"image":{"@id":"https:\/\/www.notibras.com\/site\/imigrantes-resgatados-por-navio-brasileiro-nao-comiam-ha-dois-dias-diz-comandante\/#primaryimage"},"thumbnailUrl":"https:\/\/www.notibras.com\/site\/wp-content\/uploads\/2015\/09\/5set2015-imigrantes-resgatados-desembarcam-do-navio-da-marinha-brasileira-barroso-no-porto-de-catania-na-sicilia-italia-1441483349995_615x300.jpg","datePublished":"2015-09-06T00:43:55+00:00","breadcrumb":{"@id":"https:\/\/www.notibras.com\/site\/imigrantes-resgatados-por-navio-brasileiro-nao-comiam-ha-dois-dias-diz-comandante\/#breadcrumb"},"inLanguage":"pt-BR","potentialAction":[{"@type":"ReadAction","target":["https:\/\/www.notibras.com\/site\/imigrantes-resgatados-por-navio-brasileiro-nao-comiam-ha-dois-dias-diz-comandante\/"]}]},{"@type":"ImageObject","inLanguage":"pt-BR","@id":"https:\/\/www.notibras.com\/site\/imigrantes-resgatados-por-navio-brasileiro-nao-comiam-ha-dois-dias-diz-comandante\/#primaryimage","url":"https:\/\/www.notibras.com\/site\/wp-content\/uploads\/2015\/09\/5set2015-imigrantes-resgatados-desembarcam-do-navio-da-marinha-brasileira-barroso-no-porto-de-catania-na-sicilia-italia-1441483349995_615x300.jpg","contentUrl":"https:\/\/www.notibras.com\/site\/wp-content\/uploads\/2015\/09\/5set2015-imigrantes-resgatados-desembarcam-do-navio-da-marinha-brasileira-barroso-no-porto-de-catania-na-sicilia-italia-1441483349995_615x300.jpg","width":615,"height":300},{"@type":"BreadcrumbList","@id":"https:\/\/www.notibras.com\/site\/imigrantes-resgatados-por-navio-brasileiro-nao-comiam-ha-dois-dias-diz-comandante\/#breadcrumb","itemListElement":[{"@type":"ListItem","position":1,"name":"In\u00edcio","item":"https:\/\/www.notibras.com\/site\/"},{"@type":"ListItem","position":2,"name":"Imigrantes resgatados por navio brasileiro n\u00e3o comiam h\u00e1 dois dias, diz comandante"}]},{"@type":"WebSite","@id":"https:\/\/www.notibras.com\/site\/#website","url":"https:\/\/www.notibras.com\/site\/","name":"Notibras","description":"Not\u00edcias de Bras\u00edlia, do Brasil e do Mundo","publisher":{"@id":"https:\/\/www.notibras.com\/site\/#organization"},"potentialAction":[{"@type":"SearchAction","target":{"@type":"EntryPoint","urlTemplate":"https:\/\/www.notibras.com\/site\/?s={search_term_string}"},"query-input":{"@type":"PropertyValueSpecification","valueRequired":true,"valueName":"search_term_string"}}],"inLanguage":"pt-BR"},{"@type":"Organization","@id":"https:\/\/www.notibras.com\/site\/#organization","name":"Grupo Notibras de Comunica\u00e7\u00e3o","url":"https:\/\/www.notibras.com\/site\/","logo":{"@type":"ImageObject","inLanguage":"pt-BR","@id":"https:\/\/www.notibras.com\/site\/#\/schema\/logo\/image\/","url":"https:\/\/www.notibras.com\/site\/wp-content\/uploads\/2023\/01\/notibras23.png","contentUrl":"https:\/\/www.notibras.com\/site\/wp-content\/uploads\/2023\/01\/notibras23.png","width":350,"height":87,"caption":"Grupo Notibras de Comunica\u00e7\u00e3o"},"image":{"@id":"https:\/\/www.notibras.com\/site\/#\/schema\/logo\/image\/"},"sameAs":["https:\/\/www.facebook.com\/notibras\/","https:\/\/x.com\/Notibras","https:\/\/www.instagram.com\/notibras\/"]},{"@type":"Person","@id":"https:\/\/www.notibras.com\/site\/#\/schema\/person\/36ab0979449956132d3e5b517ea76ac8","name":"Reda\u00e7\u00e3o","image":{"@type":"ImageObject","inLanguage":"pt-BR","@id":"https:\/\/secure.gravatar.com\/avatar\/e0a867bdedb85fd243eadf09663511f96fc81e0720a4a42581f334ad4303aa6b?s=96&d=mm&r=g","url":"https:\/\/secure.gravatar.com\/avatar\/e0a867bdedb85fd243eadf09663511f96fc81e0720a4a42581f334ad4303aa6b?s=96&d=mm&r=g","contentUrl":"https:\/\/secure.gravatar.com\/avatar\/e0a867bdedb85fd243eadf09663511f96fc81e0720a4a42581f334ad4303aa6b?s=96&d=mm&r=g","caption":"Reda\u00e7\u00e3o"}}]}},"amp_enabled":true,"_links":{"self":[{"href":"https:\/\/www.notibras.com\/site\/wp-json\/wp\/v2\/posts\/66372","targetHints":{"allow":["GET"]}}],"collection":[{"href":"https:\/\/www.notibras.com\/site\/wp-json\/wp\/v2\/posts"}],"about":[{"href":"https:\/\/www.notibras.com\/site\/wp-json\/wp\/v2\/types\/post"}],"author":[{"embeddable":true,"href":"https:\/\/www.notibras.com\/site\/wp-json\/wp\/v2\/users\/2"}],"replies":[{"embeddable":true,"href":"https:\/\/www.notibras.com\/site\/wp-json\/wp\/v2\/comments?post=66372"}],"version-history":[{"count":1,"href":"https:\/\/www.notibras.com\/site\/wp-json\/wp\/v2\/posts\/66372\/revisions"}],"predecessor-version":[{"id":66374,"href":"https:\/\/www.notibras.com\/site\/wp-json\/wp\/v2\/posts\/66372\/revisions\/66374"}],"wp:featuredmedia":[{"embeddable":true,"href":"https:\/\/www.notibras.com\/site\/wp-json\/wp\/v2\/media\/66373"}],"wp:attachment":[{"href":"https:\/\/www.notibras.com\/site\/wp-json\/wp\/v2\/media?parent=66372"}],"wp:term":[{"taxonomy":"category","embeddable":true,"href":"https:\/\/www.notibras.com\/site\/wp-json\/wp\/v2\/categories?post=66372"},{"taxonomy":"post_tag","embeddable":true,"href":"https:\/\/www.notibras.com\/site\/wp-json\/wp\/v2\/tags?post=66372"}],"curies":[{"name":"wp","href":"https:\/\/api.w.org\/{rel}","templated":true}]}}