{"id":66384,"date":"2015-09-05T21:38:06","date_gmt":"2015-09-06T00:38:06","guid":{"rendered":"http:\/\/www.notibras.com\/site\/?p=66384"},"modified":"2015-09-05T22:10:43","modified_gmt":"2015-09-06T01:10:43","slug":"sao-paulo-bate-inter-e-faz-festa-para-a-torcida-em-noite-de-festa-para-rogerio-ceni","status":"publish","type":"post","link":"https:\/\/www.notibras.com\/site\/sao-paulo-bate-inter-e-faz-festa-para-a-torcida-em-noite-de-festa-para-rogerio-ceni\/","title":{"rendered":"S\u00e3o Paulo bate Inter e faz festa para a torcida em noite de festa para Rog\u00e9rio Ceni"},"content":{"rendered":"<p>A festa era de Rog\u00e9rio Ceni, mas foi outro Rog\u00e9rio, atacante e estreante, que aos 24 anos e 3 minutos do segundo tempo brilhou no Morumbi neste s\u00e1bado (5): vit\u00f3ria do S\u00e3o Paulo por 2 a 0 sobre o Internacional, pelo Brasileir\u00e3o, na noite em que o clube da casa festejou os 25 anos de Ceni, desfalque por les\u00e3o, no S\u00e3o Paulo. A atua\u00e7\u00e3o do xar\u00e1 do capit\u00e3o foi o grande destaque da partida, que ainda contou com gol de Michel Bastos e boa exibi\u00e7\u00e3o de Paulo Henrique Ganso, que participou dos dois gols.<\/p>\n<p>Ceni n\u00e3o foi o \u00fanico desfalque. O t\u00e9cnico Juan Carlos Osorio teve de superar a aus\u00eancia de 12 jogadores para vencer o Internacional. S\u00f3 tr\u00eas titulares puderam jogar &#8211; al\u00e9m de Ganso e Michel Bastos, o lateral direito Bruno. Principalmente no segundo tempo, mesmo remendado o S\u00e3o Paulo jogou \u00f3timo futebol ofensivo e chegou v\u00e1rias vezes ao gol do Inter.<\/p>\n<p>A vit\u00f3ria mant\u00e9m o S\u00e3o Paulo na briga pelo G-4 &#8211; o clube do Morumbi vai \u00e0 4\u00aa posi\u00e7\u00e3o, com 38 pontos, mas ainda pode ser ultrapassado pelo Atl\u00e9tico-PR na rodada. O Internacional, derrotado, fica com 31 pontos e se mant\u00e9m na zona intermedi\u00e1ria da tabela, perdendo a chance de se aproximar do grupo que briga pela classifica\u00e7\u00e3o \u00e0 Copa Libertadores.<\/p>\n","protected":false},"excerpt":{"rendered":"<p>A festa era de Rog\u00e9rio Ceni, mas foi outro Rog\u00e9rio, atacante e estreante, que aos 24 anos e 3 minutos do segundo tempo brilhou no Morumbi neste s\u00e1bado (5): vit\u00f3ria do S\u00e3o Paulo por 2 a 0 sobre o Internacional, pelo Brasileir\u00e3o, na noite em que o clube da casa festejou os 25 anos de [&hellip;]<\/p>\n","protected":false},"author":2,"featured_media":66385,"comment_status":"open","ping_status":"closed","sticky":false,"template":"","format":"standard","meta":{"_acf_changed":false,"footnotes":""},"categories":[29],"tags":[],"class_list":["post-66384","post","type-post","status-publish","format-standard","has-post-thumbnail","hentry","category-futebol"],"acf":[],"yoast_head":"<!-- This site is optimized with the Yoast SEO plugin v27.2 - https:\/\/yoast.com\/product\/yoast-seo-wordpress\/ -->\n<title>S\u00e3o Paulo bate Inter e faz festa para a torcida em noite de festa para Rog\u00e9rio Ceni - Notibras<\/title>\n<meta name=\"robots\" content=\"index, follow, max-snippet:-1, max-image-preview:large, max-video-preview:-1\" \/>\n<link rel=\"canonical\" href=\"https:\/\/www.notibras.com\/site\/sao-paulo-bate-inter-e-faz-festa-para-a-torcida-em-noite-de-festa-para-rogerio-ceni\/\" \/>\n<meta property=\"og:locale\" content=\"pt_BR\" \/>\n<meta property=\"og:type\" content=\"article\" \/>\n<meta property=\"og:title\" content=\"S\u00e3o Paulo bate Inter e faz festa para a torcida em noite de festa para Rog\u00e9rio Ceni - Notibras\" \/>\n<meta property=\"og:description\" content=\"A festa era de Rog\u00e9rio Ceni, mas foi outro Rog\u00e9rio, atacante e estreante, que aos 24 anos e 3 minutos do segundo tempo brilhou no Morumbi neste s\u00e1bado (5): vit\u00f3ria do S\u00e3o Paulo por 2 a 0 sobre o Internacional, pelo Brasileir\u00e3o, na noite em que o clube da casa festejou os 25 anos de [&hellip;]\" \/>\n<meta property=\"og:url\" content=\"https:\/\/www.notibras.com\/site\/sao-paulo-bate-inter-e-faz-festa-para-a-torcida-em-noite-de-festa-para-rogerio-ceni\/\" \/>\n<meta property=\"og:site_name\" content=\"Notibras\" \/>\n<meta property=\"article:publisher\" content=\"https:\/\/www.facebook.com\/notibras\/\" \/>\n<meta property=\"article:published_time\" content=\"2015-09-06T00:38:06+00:00\" \/>\n<meta property=\"article:modified_time\" content=\"2015-09-06T01:10:43+00:00\" \/>\n<meta property=\"og:image\" content=\"https:\/\/www.notibras.com\/site\/wp-content\/uploads\/2015\/09\/Paulo-Internacional-Morumbi-fotoAle-CabralLANCEPress_LANIMA20150905_0153_39.jpg\" \/>\n\t<meta property=\"og:image:width\" content=\"585\" \/>\n\t<meta property=\"og:image:height\" content=\"395\" \/>\n\t<meta property=\"og:image:type\" content=\"image\/jpeg\" \/>\n<meta name=\"author\" content=\"Reda\u00e7\u00e3o\" \/>\n<meta name=\"twitter:card\" content=\"summary_large_image\" \/>\n<meta name=\"twitter:creator\" content=\"@Notibras\" \/>\n<meta name=\"twitter:site\" content=\"@Notibras\" \/>\n<meta name=\"twitter:label1\" content=\"Escrito por\" \/>\n\t<meta name=\"twitter:data1\" content=\"Reda\u00e7\u00e3o\" \/>\n\t<meta name=\"twitter:label2\" content=\"Est. tempo de leitura\" \/>\n\t<meta name=\"twitter:data2\" content=\"1 minuto\" \/>\n<script type=\"application\/ld+json\" class=\"yoast-schema-graph\">{\"@context\":\"https:\/\/schema.org\",\"@graph\":[{\"@type\":\"Article\",\"@id\":\"https:\/\/www.notibras.com\/site\/sao-paulo-bate-inter-e-faz-festa-para-a-torcida-em-noite-de-festa-para-rogerio-ceni\/#article\",\"isPartOf\":{\"@id\":\"https:\/\/www.notibras.com\/site\/sao-paulo-bate-inter-e-faz-festa-para-a-torcida-em-noite-de-festa-para-rogerio-ceni\/\"},\"author\":{\"name\":\"Reda\u00e7\u00e3o\",\"@id\":\"https:\/\/www.notibras.com\/site\/#\/schema\/person\/36ab0979449956132d3e5b517ea76ac8\"},\"headline\":\"S\u00e3o Paulo bate Inter e faz festa para a torcida em noite de festa para Rog\u00e9rio Ceni\",\"datePublished\":\"2015-09-06T00:38:06+00:00\",\"dateModified\":\"2015-09-06T01:10:43+00:00\",\"mainEntityOfPage\":{\"@id\":\"https:\/\/www.notibras.com\/site\/sao-paulo-bate-inter-e-faz-festa-para-a-torcida-em-noite-de-festa-para-rogerio-ceni\/\"},\"wordCount\":248,\"commentCount\":0,\"publisher\":{\"@id\":\"https:\/\/www.notibras.com\/site\/#organization\"},\"image\":{\"@id\":\"https:\/\/www.notibras.com\/site\/sao-paulo-bate-inter-e-faz-festa-para-a-torcida-em-noite-de-festa-para-rogerio-ceni\/#primaryimage\"},\"thumbnailUrl\":\"https:\/\/www.notibras.com\/site\/wp-content\/uploads\/2015\/09\/Paulo-Internacional-Morumbi-fotoAle-CabralLANCEPress_LANIMA20150905_0153_39.jpg\",\"articleSection\":[\"Futebol\"],\"inLanguage\":\"pt-BR\",\"potentialAction\":[{\"@type\":\"CommentAction\",\"name\":\"Comment\",\"target\":[\"https:\/\/www.notibras.com\/site\/sao-paulo-bate-inter-e-faz-festa-para-a-torcida-em-noite-de-festa-para-rogerio-ceni\/#respond\"]}]},{\"@type\":\"WebPage\",\"@id\":\"https:\/\/www.notibras.com\/site\/sao-paulo-bate-inter-e-faz-festa-para-a-torcida-em-noite-de-festa-para-rogerio-ceni\/\",\"url\":\"https:\/\/www.notibras.com\/site\/sao-paulo-bate-inter-e-faz-festa-para-a-torcida-em-noite-de-festa-para-rogerio-ceni\/\",\"name\":\"S\u00e3o Paulo bate Inter e faz festa para a torcida em noite de festa para Rog\u00e9rio Ceni - Notibras\",\"isPartOf\":{\"@id\":\"https:\/\/www.notibras.com\/site\/#website\"},\"primaryImageOfPage\":{\"@id\":\"https:\/\/www.notibras.com\/site\/sao-paulo-bate-inter-e-faz-festa-para-a-torcida-em-noite-de-festa-para-rogerio-ceni\/#primaryimage\"},\"image\":{\"@id\":\"https:\/\/www.notibras.com\/site\/sao-paulo-bate-inter-e-faz-festa-para-a-torcida-em-noite-de-festa-para-rogerio-ceni\/#primaryimage\"},\"thumbnailUrl\":\"https:\/\/www.notibras.com\/site\/wp-content\/uploads\/2015\/09\/Paulo-Internacional-Morumbi-fotoAle-CabralLANCEPress_LANIMA20150905_0153_39.jpg\",\"datePublished\":\"2015-09-06T00:38:06+00:00\",\"dateModified\":\"2015-09-06T01:10:43+00:00\",\"breadcrumb\":{\"@id\":\"https:\/\/www.notibras.com\/site\/sao-paulo-bate-inter-e-faz-festa-para-a-torcida-em-noite-de-festa-para-rogerio-ceni\/#breadcrumb\"},\"inLanguage\":\"pt-BR\",\"potentialAction\":[{\"@type\":\"ReadAction\",\"target\":[\"https:\/\/www.notibras.com\/site\/sao-paulo-bate-inter-e-faz-festa-para-a-torcida-em-noite-de-festa-para-rogerio-ceni\/\"]}]},{\"@type\":\"ImageObject\",\"inLanguage\":\"pt-BR\",\"@id\":\"https:\/\/www.notibras.com\/site\/sao-paulo-bate-inter-e-faz-festa-para-a-torcida-em-noite-de-festa-para-rogerio-ceni\/#primaryimage\",\"url\":\"https:\/\/www.notibras.com\/site\/wp-content\/uploads\/2015\/09\/Paulo-Internacional-Morumbi-fotoAle-CabralLANCEPress_LANIMA20150905_0153_39.jpg\",\"contentUrl\":\"https:\/\/www.notibras.com\/site\/wp-content\/uploads\/2015\/09\/Paulo-Internacional-Morumbi-fotoAle-CabralLANCEPress_LANIMA20150905_0153_39.jpg\",\"width\":585,\"height\":395},{\"@type\":\"BreadcrumbList\",\"@id\":\"https:\/\/www.notibras.com\/site\/sao-paulo-bate-inter-e-faz-festa-para-a-torcida-em-noite-de-festa-para-rogerio-ceni\/#breadcrumb\",\"itemListElement\":[{\"@type\":\"ListItem\",\"position\":1,\"name\":\"In\u00edcio\",\"item\":\"https:\/\/www.notibras.com\/site\/\"},{\"@type\":\"ListItem\",\"position\":2,\"name\":\"S\u00e3o Paulo bate Inter e faz festa para a torcida em noite de festa para Rog\u00e9rio Ceni\"}]},{\"@type\":\"WebSite\",\"@id\":\"https:\/\/www.notibras.com\/site\/#website\",\"url\":\"https:\/\/www.notibras.com\/site\/\",\"name\":\"Notibras\",\"description\":\"Not\u00edcias de Bras\u00edlia, do Brasil e do Mundo\",\"publisher\":{\"@id\":\"https:\/\/www.notibras.com\/site\/#organization\"},\"potentialAction\":[{\"@type\":\"SearchAction\",\"target\":{\"@type\":\"EntryPoint\",\"urlTemplate\":\"https:\/\/www.notibras.com\/site\/?s={search_term_string}\"},\"query-input\":{\"@type\":\"PropertyValueSpecification\",\"valueRequired\":true,\"valueName\":\"search_term_string\"}}],\"inLanguage\":\"pt-BR\"},{\"@type\":\"Organization\",\"@id\":\"https:\/\/www.notibras.com\/site\/#organization\",\"name\":\"Grupo Notibras de Comunica\u00e7\u00e3o\",\"url\":\"https:\/\/www.notibras.com\/site\/\",\"logo\":{\"@type\":\"ImageObject\",\"inLanguage\":\"pt-BR\",\"@id\":\"https:\/\/www.notibras.com\/site\/#\/schema\/logo\/image\/\",\"url\":\"https:\/\/www.notibras.com\/site\/wp-content\/uploads\/2023\/01\/notibras23.png\",\"contentUrl\":\"https:\/\/www.notibras.com\/site\/wp-content\/uploads\/2023\/01\/notibras23.png\",\"width\":350,\"height\":87,\"caption\":\"Grupo Notibras de Comunica\u00e7\u00e3o\"},\"image\":{\"@id\":\"https:\/\/www.notibras.com\/site\/#\/schema\/logo\/image\/\"},\"sameAs\":[\"https:\/\/www.facebook.com\/notibras\/\",\"https:\/\/x.com\/Notibras\",\"https:\/\/www.instagram.com\/notibras\/\"]},{\"@type\":\"Person\",\"@id\":\"https:\/\/www.notibras.com\/site\/#\/schema\/person\/36ab0979449956132d3e5b517ea76ac8\",\"name\":\"Reda\u00e7\u00e3o\",\"image\":{\"@type\":\"ImageObject\",\"inLanguage\":\"pt-BR\",\"@id\":\"https:\/\/secure.gravatar.com\/avatar\/e0a867bdedb85fd243eadf09663511f96fc81e0720a4a42581f334ad4303aa6b?s=96&d=mm&r=g\",\"url\":\"https:\/\/secure.gravatar.com\/avatar\/e0a867bdedb85fd243eadf09663511f96fc81e0720a4a42581f334ad4303aa6b?s=96&d=mm&r=g\",\"contentUrl\":\"https:\/\/secure.gravatar.com\/avatar\/e0a867bdedb85fd243eadf09663511f96fc81e0720a4a42581f334ad4303aa6b?s=96&d=mm&r=g\",\"caption\":\"Reda\u00e7\u00e3o\"}}]}<\/script>\n<!-- \/ Yoast SEO plugin. -->","yoast_head_json":{"title":"S\u00e3o Paulo bate Inter e faz festa para a torcida em noite de festa para Rog\u00e9rio Ceni - Notibras","robots":{"index":"index","follow":"follow","max-snippet":"max-snippet:-1","max-image-preview":"max-image-preview:large","max-video-preview":"max-video-preview:-1"},"canonical":"https:\/\/www.notibras.com\/site\/sao-paulo-bate-inter-e-faz-festa-para-a-torcida-em-noite-de-festa-para-rogerio-ceni\/","og_locale":"pt_BR","og_type":"article","og_title":"S\u00e3o Paulo bate Inter e faz festa para a torcida em noite de festa para Rog\u00e9rio Ceni - Notibras","og_description":"A festa era de Rog\u00e9rio Ceni, mas foi outro Rog\u00e9rio, atacante e estreante, que aos 24 anos e 3 minutos do segundo tempo brilhou no Morumbi neste s\u00e1bado (5): vit\u00f3ria do S\u00e3o Paulo por 2 a 0 sobre o Internacional, pelo Brasileir\u00e3o, na noite em que o clube da casa festejou os 25 anos de [&hellip;]","og_url":"https:\/\/www.notibras.com\/site\/sao-paulo-bate-inter-e-faz-festa-para-a-torcida-em-noite-de-festa-para-rogerio-ceni\/","og_site_name":"Notibras","article_publisher":"https:\/\/www.facebook.com\/notibras\/","article_published_time":"2015-09-06T00:38:06+00:00","article_modified_time":"2015-09-06T01:10:43+00:00","og_image":[{"width":585,"height":395,"url":"https:\/\/www.notibras.com\/site\/wp-content\/uploads\/2015\/09\/Paulo-Internacional-Morumbi-fotoAle-CabralLANCEPress_LANIMA20150905_0153_39.jpg","type":"image\/jpeg"}],"author":"Reda\u00e7\u00e3o","twitter_card":"summary_large_image","twitter_creator":"@Notibras","twitter_site":"@Notibras","twitter_misc":{"Escrito por":"Reda\u00e7\u00e3o","Est. tempo de leitura":"1 minuto"},"schema":{"@context":"https:\/\/schema.org","@graph":[{"@type":"Article","@id":"https:\/\/www.notibras.com\/site\/sao-paulo-bate-inter-e-faz-festa-para-a-torcida-em-noite-de-festa-para-rogerio-ceni\/#article","isPartOf":{"@id":"https:\/\/www.notibras.com\/site\/sao-paulo-bate-inter-e-faz-festa-para-a-torcida-em-noite-de-festa-para-rogerio-ceni\/"},"author":{"name":"Reda\u00e7\u00e3o","@id":"https:\/\/www.notibras.com\/site\/#\/schema\/person\/36ab0979449956132d3e5b517ea76ac8"},"headline":"S\u00e3o Paulo bate Inter e faz festa para a torcida em noite de festa para Rog\u00e9rio Ceni","datePublished":"2015-09-06T00:38:06+00:00","dateModified":"2015-09-06T01:10:43+00:00","mainEntityOfPage":{"@id":"https:\/\/www.notibras.com\/site\/sao-paulo-bate-inter-e-faz-festa-para-a-torcida-em-noite-de-festa-para-rogerio-ceni\/"},"wordCount":248,"commentCount":0,"publisher":{"@id":"https:\/\/www.notibras.com\/site\/#organization"},"image":{"@id":"https:\/\/www.notibras.com\/site\/sao-paulo-bate-inter-e-faz-festa-para-a-torcida-em-noite-de-festa-para-rogerio-ceni\/#primaryimage"},"thumbnailUrl":"https:\/\/www.notibras.com\/site\/wp-content\/uploads\/2015\/09\/Paulo-Internacional-Morumbi-fotoAle-CabralLANCEPress_LANIMA20150905_0153_39.jpg","articleSection":["Futebol"],"inLanguage":"pt-BR","potentialAction":[{"@type":"CommentAction","name":"Comment","target":["https:\/\/www.notibras.com\/site\/sao-paulo-bate-inter-e-faz-festa-para-a-torcida-em-noite-de-festa-para-rogerio-ceni\/#respond"]}]},{"@type":"WebPage","@id":"https:\/\/www.notibras.com\/site\/sao-paulo-bate-inter-e-faz-festa-para-a-torcida-em-noite-de-festa-para-rogerio-ceni\/","url":"https:\/\/www.notibras.com\/site\/sao-paulo-bate-inter-e-faz-festa-para-a-torcida-em-noite-de-festa-para-rogerio-ceni\/","name":"S\u00e3o Paulo bate Inter e faz festa para a torcida em noite de festa para Rog\u00e9rio Ceni - Notibras","isPartOf":{"@id":"https:\/\/www.notibras.com\/site\/#website"},"primaryImageOfPage":{"@id":"https:\/\/www.notibras.com\/site\/sao-paulo-bate-inter-e-faz-festa-para-a-torcida-em-noite-de-festa-para-rogerio-ceni\/#primaryimage"},"image":{"@id":"https:\/\/www.notibras.com\/site\/sao-paulo-bate-inter-e-faz-festa-para-a-torcida-em-noite-de-festa-para-rogerio-ceni\/#primaryimage"},"thumbnailUrl":"https:\/\/www.notibras.com\/site\/wp-content\/uploads\/2015\/09\/Paulo-Internacional-Morumbi-fotoAle-CabralLANCEPress_LANIMA20150905_0153_39.jpg","datePublished":"2015-09-06T00:38:06+00:00","dateModified":"2015-09-06T01:10:43+00:00","breadcrumb":{"@id":"https:\/\/www.notibras.com\/site\/sao-paulo-bate-inter-e-faz-festa-para-a-torcida-em-noite-de-festa-para-rogerio-ceni\/#breadcrumb"},"inLanguage":"pt-BR","potentialAction":[{"@type":"ReadAction","target":["https:\/\/www.notibras.com\/site\/sao-paulo-bate-inter-e-faz-festa-para-a-torcida-em-noite-de-festa-para-rogerio-ceni\/"]}]},{"@type":"ImageObject","inLanguage":"pt-BR","@id":"https:\/\/www.notibras.com\/site\/sao-paulo-bate-inter-e-faz-festa-para-a-torcida-em-noite-de-festa-para-rogerio-ceni\/#primaryimage","url":"https:\/\/www.notibras.com\/site\/wp-content\/uploads\/2015\/09\/Paulo-Internacional-Morumbi-fotoAle-CabralLANCEPress_LANIMA20150905_0153_39.jpg","contentUrl":"https:\/\/www.notibras.com\/site\/wp-content\/uploads\/2015\/09\/Paulo-Internacional-Morumbi-fotoAle-CabralLANCEPress_LANIMA20150905_0153_39.jpg","width":585,"height":395},{"@type":"BreadcrumbList","@id":"https:\/\/www.notibras.com\/site\/sao-paulo-bate-inter-e-faz-festa-para-a-torcida-em-noite-de-festa-para-rogerio-ceni\/#breadcrumb","itemListElement":[{"@type":"ListItem","position":1,"name":"In\u00edcio","item":"https:\/\/www.notibras.com\/site\/"},{"@type":"ListItem","position":2,"name":"S\u00e3o Paulo bate Inter e faz festa para a torcida em noite de festa para Rog\u00e9rio Ceni"}]},{"@type":"WebSite","@id":"https:\/\/www.notibras.com\/site\/#website","url":"https:\/\/www.notibras.com\/site\/","name":"Notibras","description":"Not\u00edcias de Bras\u00edlia, do Brasil e do Mundo","publisher":{"@id":"https:\/\/www.notibras.com\/site\/#organization"},"potentialAction":[{"@type":"SearchAction","target":{"@type":"EntryPoint","urlTemplate":"https:\/\/www.notibras.com\/site\/?s={search_term_string}"},"query-input":{"@type":"PropertyValueSpecification","valueRequired":true,"valueName":"search_term_string"}}],"inLanguage":"pt-BR"},{"@type":"Organization","@id":"https:\/\/www.notibras.com\/site\/#organization","name":"Grupo Notibras de Comunica\u00e7\u00e3o","url":"https:\/\/www.notibras.com\/site\/","logo":{"@type":"ImageObject","inLanguage":"pt-BR","@id":"https:\/\/www.notibras.com\/site\/#\/schema\/logo\/image\/","url":"https:\/\/www.notibras.com\/site\/wp-content\/uploads\/2023\/01\/notibras23.png","contentUrl":"https:\/\/www.notibras.com\/site\/wp-content\/uploads\/2023\/01\/notibras23.png","width":350,"height":87,"caption":"Grupo Notibras de Comunica\u00e7\u00e3o"},"image":{"@id":"https:\/\/www.notibras.com\/site\/#\/schema\/logo\/image\/"},"sameAs":["https:\/\/www.facebook.com\/notibras\/","https:\/\/x.com\/Notibras","https:\/\/www.instagram.com\/notibras\/"]},{"@type":"Person","@id":"https:\/\/www.notibras.com\/site\/#\/schema\/person\/36ab0979449956132d3e5b517ea76ac8","name":"Reda\u00e7\u00e3o","image":{"@type":"ImageObject","inLanguage":"pt-BR","@id":"https:\/\/secure.gravatar.com\/avatar\/e0a867bdedb85fd243eadf09663511f96fc81e0720a4a42581f334ad4303aa6b?s=96&d=mm&r=g","url":"https:\/\/secure.gravatar.com\/avatar\/e0a867bdedb85fd243eadf09663511f96fc81e0720a4a42581f334ad4303aa6b?s=96&d=mm&r=g","contentUrl":"https:\/\/secure.gravatar.com\/avatar\/e0a867bdedb85fd243eadf09663511f96fc81e0720a4a42581f334ad4303aa6b?s=96&d=mm&r=g","caption":"Reda\u00e7\u00e3o"}}]}},"amp_enabled":true,"_links":{"self":[{"href":"https:\/\/www.notibras.com\/site\/wp-json\/wp\/v2\/posts\/66384","targetHints":{"allow":["GET"]}}],"collection":[{"href":"https:\/\/www.notibras.com\/site\/wp-json\/wp\/v2\/posts"}],"about":[{"href":"https:\/\/www.notibras.com\/site\/wp-json\/wp\/v2\/types\/post"}],"author":[{"embeddable":true,"href":"https:\/\/www.notibras.com\/site\/wp-json\/wp\/v2\/users\/2"}],"replies":[{"embeddable":true,"href":"https:\/\/www.notibras.com\/site\/wp-json\/wp\/v2\/comments?post=66384"}],"version-history":[{"count":1,"href":"https:\/\/www.notibras.com\/site\/wp-json\/wp\/v2\/posts\/66384\/revisions"}],"predecessor-version":[{"id":66386,"href":"https:\/\/www.notibras.com\/site\/wp-json\/wp\/v2\/posts\/66384\/revisions\/66386"}],"wp:featuredmedia":[{"embeddable":true,"href":"https:\/\/www.notibras.com\/site\/wp-json\/wp\/v2\/media\/66385"}],"wp:attachment":[{"href":"https:\/\/www.notibras.com\/site\/wp-json\/wp\/v2\/media?parent=66384"}],"wp:term":[{"taxonomy":"category","embeddable":true,"href":"https:\/\/www.notibras.com\/site\/wp-json\/wp\/v2\/categories?post=66384"},{"taxonomy":"post_tag","embeddable":true,"href":"https:\/\/www.notibras.com\/site\/wp-json\/wp\/v2\/tags?post=66384"}],"curies":[{"name":"wp","href":"https:\/\/api.w.org\/{rel}","templated":true}]}}