{"id":66416,"date":"2015-09-06T09:57:22","date_gmt":"2015-09-06T12:57:22","guid":{"rendered":"http:\/\/www.notibras.com\/site\/?p=66416"},"modified":"2015-09-07T12:05:46","modified_gmt":"2015-09-07T15:05:46","slug":"raiz-esboca-virar-novo-partido-e-pode-furar-a-rede-da-ex-ministra-marina-silva","status":"publish","type":"post","link":"https:\/\/www.notibras.com\/site\/raiz-esboca-virar-novo-partido-e-pode-furar-a-rede-da-ex-ministra-marina-silva\/","title":{"rendered":"Raiz esbo\u00e7a virar novo partido e pode furar a Rede da ex-ministra Marina Silva no pleito de 2016"},"content":{"rendered":"<p>A Raiz, movimento que come\u00e7ou com dissidentes do grupo em torno de Marina Silva, planeja fazer uma assembleia de funda\u00e7\u00e3o do seu partido em janeiro de 2016, aproveitando o F\u00f3rum Social Mundial em Porto Alegre. Curiosamente, o movimento acontece quando Marina est\u00e1 prestes a conseguir no Tribunal Superior Eleitoral o aval para que sua Rede Sustentabilidade se oficialize como partido.<\/p>\n<p>A Raiz come\u00e7a agora o processo que a Rede j\u00e1 trilha h\u00e1 mais de dois anos. Far\u00e1 uma assembleia de funda\u00e7\u00e3o para ent\u00e3o pedir autoriza\u00e7\u00e3o ao TSE para come\u00e7ar a colher assinaturas. O movimento se expandiu. Tem hoje site, documentos publicados e um estatuto. Conta com mais de 800 militantes &#8211; cerca de 40 deles vieram da Rede Sustentabilidade, de onde se desgarraram desiludidos ap\u00f3s um processo eleitoral conturbado, em que Marina virou candidata presidencial ap\u00f3s a morte de Eduardo Campos e, depois de sair derrotada no primeiro turno acabou apoiando A\u00e9cio Neves do PSDB.<\/p>\n<p>O apoio foi a gota d&#8217;\u00e1gua para os militantes que, ent\u00e3o, romperam com a Rede. Vieram para o projeto hoje intitulado Raiz membros que tinham postos de dire\u00e7\u00e3o na Rede, como Renato Ribeiro, Marcelo Pilon, Em\u00edlio Franco Jr. e Valfredo Pires, que eram da Executiva estadual da Rede em S\u00e3o Paulo, Marcelo Soares, que era da Executiva no Rio Grande do Sul, e Washington Carvalho e C\u00e9lio Turino da Executiva nacional.<\/p>\n<p>&#8220;N\u00e3o queria fazer cr\u00edticas \u00e0 Rede, n\u00f3s tomamos caminhos diferentes e desejamos a eles boa sorte&#8221;, disse Turino, atualmente a principal lideran\u00e7a da Raiz, ao Broadcast Pol\u00edtico, servi\u00e7o em tempo real da Ag\u00eancia Estado. O historiador diz que leva de ensinamento do que hoje v\u00ea como erros da Rede a necessidade de ter uma perspectiva mais clara e menos conjuntural do partido que pretende ajudar a criar. &#8220;A gente gastou muita energia na defini\u00e7\u00e3o de rumos pol\u00edticos e princ\u00edpios mais claros, que foi algo que faltou na Rede&#8221;, afirmou.<\/p>\n<p>Questionado sobre o momento de crise pol\u00edtica e econ\u00f4mica, em que o Congresso discute uma reforma pol\u00edtica, Turino defende n\u00e3o ser uma contradi\u00e7\u00e3o agregar mais uma legenda \u00e0s 32 que j\u00e1 existem no Pa\u00eds. &#8220;Tem todos esses partidos, mas tamb\u00e9m n\u00e3o os temos de fato. \u00c9 tudo muito igual. \u00c9 necess\u00e1rio criar alternativas, porque estamos em um quadro de depress\u00e3o social muito grande e o principal malef\u00edcio desse processo \u00e9 a desesperan\u00e7a, que gera medo e gera \u00f3dio. Pode parecer utopia, mas precisamos de generosidade, de caminhos irmanados&#8221;, defendeu Turino.<\/p>\n<p>Neste feriado prolongado, a Raiz promove uma plen\u00e1ria em S\u00e3o Paulo, que \u00e9 mais um encontro em que debatem os fundamentos ideol\u00f3gicos e rumos pol\u00edticos at\u00e9 esta segunda-feira, 7. O encontro tem participa\u00e7\u00e3o prevista de pol\u00edticos que apoiam o movimento, como deputada federal Luiza Erundina (PSB-SP), o ex-deputado que atua no governo de Flavio Dino no Maranh\u00e3o (PCdoB), Domingos Dutra, que foi do PT e atualmente est\u00e1 no Solidariedade, e de Mar\u00edlia Arraes, vereadora de Recife, que brigou com a fam\u00edlia por considerar que ela n\u00e3o tem defendido os princ\u00edpios do av\u00f4 falecido Miguel Arraes.<\/p>\n<p>Inspirado em movimentos como o Podemos, da Espanha, e o Syriza, da Gr\u00e9cia, a Raiz pretende ser um partido baseado nos conceitos do bem comum, do bem viver e do ecossocialismo. No campo da esquerda, o grupo enxerga que \u00e9 preciso encontrar um novo modelo civilizat\u00f3rio, de conviv\u00eancia com o meio ambiente e de supera\u00e7\u00e3o do consumismo. &#8220;O sistema pol\u00edtico e econ\u00f4mico tem que estar a servi\u00e7o da vida e n\u00e3o o contr\u00e1rio.&#8221;<\/p>\n<p>Assim como a Rede, a Raiz pretende ter uma estrutura mais horizontal, sem um presidente e com decis\u00f5es colegiadas. O movimento j\u00e1 tem hoje e pretende levar para a forma\u00e7\u00e3o de partido a organiza\u00e7\u00e3o em c\u00edrculos tem\u00e1ticos, com c\u00edrculos de jovens, LGBT, regionais etc. Segundo Turino, o projeto atual \u00e9 que o que seriam as executivas estaduais e nacional da Raiz se chamem &#8220;esferas&#8221;. &#8220;Alguns dos nossos representantes v\u00e3o ser eleitos em conven\u00e7\u00e3o, algumas pessoas ser\u00e3o indicadas pelos c\u00edrculos e outras por grupos de trabalhos.<\/p>\n<p>As esferas estaduais tamb\u00e9m far\u00e3o indica\u00e7\u00f5es para a nacional e haver\u00e1 integrantes escolhidos por sorteio. Tudo isso evita a composi\u00e7\u00e3o por tend\u00eancias ou por grupos pol\u00edticos.<\/p>\n","protected":false},"excerpt":{"rendered":"<p>A Raiz, movimento que come\u00e7ou com dissidentes do grupo em torno de Marina Silva, planeja fazer uma assembleia de funda\u00e7\u00e3o do seu partido em janeiro de 2016, aproveitando o F\u00f3rum Social Mundial em Porto Alegre. Curiosamente, o movimento acontece quando Marina est\u00e1 prestes a conseguir no Tribunal Superior Eleitoral o aval para que sua Rede [&hellip;]<\/p>\n","protected":false},"author":2,"featured_media":66417,"comment_status":"open","ping_status":"closed","sticky":false,"template":"","format":"standard","meta":{"_acf_changed":false,"footnotes":""},"categories":[16],"tags":[],"class_list":["post-66416","post","type-post","status-publish","format-standard","has-post-thumbnail","hentry","category-brasil"],"acf":[],"yoast_head":"<!-- This site is optimized with the Yoast SEO plugin v27.2 - https:\/\/yoast.com\/product\/yoast-seo-wordpress\/ -->\n<title>Raiz esbo\u00e7a virar novo partido e pode furar a Rede da ex-ministra Marina Silva no pleito de 2016 - Notibras<\/title>\n<meta name=\"robots\" content=\"index, follow, max-snippet:-1, max-image-preview:large, max-video-preview:-1\" \/>\n<link rel=\"canonical\" href=\"https:\/\/www.notibras.com\/site\/raiz-esboca-virar-novo-partido-e-pode-furar-a-rede-da-ex-ministra-marina-silva\/\" \/>\n<meta property=\"og:locale\" content=\"pt_BR\" \/>\n<meta property=\"og:type\" content=\"article\" \/>\n<meta property=\"og:title\" content=\"Raiz esbo\u00e7a virar novo partido e pode furar a Rede da ex-ministra Marina Silva no pleito de 2016 - Notibras\" \/>\n<meta property=\"og:description\" content=\"A Raiz, movimento que come\u00e7ou com dissidentes do grupo em torno de Marina Silva, planeja fazer uma assembleia de funda\u00e7\u00e3o do seu partido em janeiro de 2016, aproveitando o F\u00f3rum Social Mundial em Porto Alegre. Curiosamente, o movimento acontece quando Marina est\u00e1 prestes a conseguir no Tribunal Superior Eleitoral o aval para que sua Rede [&hellip;]\" \/>\n<meta property=\"og:url\" content=\"https:\/\/www.notibras.com\/site\/raiz-esboca-virar-novo-partido-e-pode-furar-a-rede-da-ex-ministra-marina-silva\/\" \/>\n<meta property=\"og:site_name\" content=\"Notibras\" \/>\n<meta property=\"article:publisher\" content=\"https:\/\/www.facebook.com\/notibras\/\" \/>\n<meta property=\"article:published_time\" content=\"2015-09-06T12:57:22+00:00\" \/>\n<meta property=\"article:modified_time\" content=\"2015-09-07T15:05:46+00:00\" \/>\n<meta property=\"og:image\" content=\"https:\/\/www.notibras.com\/site\/wp-content\/uploads\/2015\/09\/masi.jpg\" \/>\n\t<meta property=\"og:image:width\" content=\"278\" \/>\n\t<meta property=\"og:image:height\" content=\"181\" \/>\n\t<meta property=\"og:image:type\" content=\"image\/jpeg\" \/>\n<meta name=\"author\" content=\"Reda\u00e7\u00e3o\" \/>\n<meta name=\"twitter:card\" content=\"summary_large_image\" \/>\n<meta name=\"twitter:creator\" content=\"@Notibras\" \/>\n<meta name=\"twitter:site\" content=\"@Notibras\" \/>\n<meta name=\"twitter:label1\" content=\"Escrito por\" \/>\n\t<meta name=\"twitter:data1\" content=\"Reda\u00e7\u00e3o\" \/>\n\t<meta name=\"twitter:label2\" content=\"Est. tempo de leitura\" \/>\n\t<meta name=\"twitter:data2\" content=\"4 minutos\" \/>\n<script type=\"application\/ld+json\" class=\"yoast-schema-graph\">{\"@context\":\"https:\/\/schema.org\",\"@graph\":[{\"@type\":\"Article\",\"@id\":\"https:\/\/www.notibras.com\/site\/raiz-esboca-virar-novo-partido-e-pode-furar-a-rede-da-ex-ministra-marina-silva\/#article\",\"isPartOf\":{\"@id\":\"https:\/\/www.notibras.com\/site\/raiz-esboca-virar-novo-partido-e-pode-furar-a-rede-da-ex-ministra-marina-silva\/\"},\"author\":{\"name\":\"Reda\u00e7\u00e3o\",\"@id\":\"https:\/\/www.notibras.com\/site\/#\/schema\/person\/36ab0979449956132d3e5b517ea76ac8\"},\"headline\":\"Raiz esbo\u00e7a virar novo partido e pode furar a Rede da ex-ministra Marina Silva no pleito de 2016\",\"datePublished\":\"2015-09-06T12:57:22+00:00\",\"dateModified\":\"2015-09-07T15:05:46+00:00\",\"mainEntityOfPage\":{\"@id\":\"https:\/\/www.notibras.com\/site\/raiz-esboca-virar-novo-partido-e-pode-furar-a-rede-da-ex-ministra-marina-silva\/\"},\"wordCount\":765,\"commentCount\":0,\"publisher\":{\"@id\":\"https:\/\/www.notibras.com\/site\/#organization\"},\"image\":{\"@id\":\"https:\/\/www.notibras.com\/site\/raiz-esboca-virar-novo-partido-e-pode-furar-a-rede-da-ex-ministra-marina-silva\/#primaryimage\"},\"thumbnailUrl\":\"https:\/\/www.notibras.com\/site\/wp-content\/uploads\/2015\/09\/masi.jpg\",\"articleSection\":[\"Brasil\"],\"inLanguage\":\"pt-BR\",\"potentialAction\":[{\"@type\":\"CommentAction\",\"name\":\"Comment\",\"target\":[\"https:\/\/www.notibras.com\/site\/raiz-esboca-virar-novo-partido-e-pode-furar-a-rede-da-ex-ministra-marina-silva\/#respond\"]}]},{\"@type\":\"WebPage\",\"@id\":\"https:\/\/www.notibras.com\/site\/raiz-esboca-virar-novo-partido-e-pode-furar-a-rede-da-ex-ministra-marina-silva\/\",\"url\":\"https:\/\/www.notibras.com\/site\/raiz-esboca-virar-novo-partido-e-pode-furar-a-rede-da-ex-ministra-marina-silva\/\",\"name\":\"Raiz esbo\u00e7a virar novo partido e pode furar a Rede da ex-ministra Marina Silva no pleito de 2016 - Notibras\",\"isPartOf\":{\"@id\":\"https:\/\/www.notibras.com\/site\/#website\"},\"primaryImageOfPage\":{\"@id\":\"https:\/\/www.notibras.com\/site\/raiz-esboca-virar-novo-partido-e-pode-furar-a-rede-da-ex-ministra-marina-silva\/#primaryimage\"},\"image\":{\"@id\":\"https:\/\/www.notibras.com\/site\/raiz-esboca-virar-novo-partido-e-pode-furar-a-rede-da-ex-ministra-marina-silva\/#primaryimage\"},\"thumbnailUrl\":\"https:\/\/www.notibras.com\/site\/wp-content\/uploads\/2015\/09\/masi.jpg\",\"datePublished\":\"2015-09-06T12:57:22+00:00\",\"dateModified\":\"2015-09-07T15:05:46+00:00\",\"breadcrumb\":{\"@id\":\"https:\/\/www.notibras.com\/site\/raiz-esboca-virar-novo-partido-e-pode-furar-a-rede-da-ex-ministra-marina-silva\/#breadcrumb\"},\"inLanguage\":\"pt-BR\",\"potentialAction\":[{\"@type\":\"ReadAction\",\"target\":[\"https:\/\/www.notibras.com\/site\/raiz-esboca-virar-novo-partido-e-pode-furar-a-rede-da-ex-ministra-marina-silva\/\"]}]},{\"@type\":\"ImageObject\",\"inLanguage\":\"pt-BR\",\"@id\":\"https:\/\/www.notibras.com\/site\/raiz-esboca-virar-novo-partido-e-pode-furar-a-rede-da-ex-ministra-marina-silva\/#primaryimage\",\"url\":\"https:\/\/www.notibras.com\/site\/wp-content\/uploads\/2015\/09\/masi.jpg\",\"contentUrl\":\"https:\/\/www.notibras.com\/site\/wp-content\/uploads\/2015\/09\/masi.jpg\",\"width\":278,\"height\":181},{\"@type\":\"BreadcrumbList\",\"@id\":\"https:\/\/www.notibras.com\/site\/raiz-esboca-virar-novo-partido-e-pode-furar-a-rede-da-ex-ministra-marina-silva\/#breadcrumb\",\"itemListElement\":[{\"@type\":\"ListItem\",\"position\":1,\"name\":\"In\u00edcio\",\"item\":\"https:\/\/www.notibras.com\/site\/\"},{\"@type\":\"ListItem\",\"position\":2,\"name\":\"Raiz esbo\u00e7a virar novo partido e pode furar a Rede da ex-ministra Marina Silva no pleito de 2016\"}]},{\"@type\":\"WebSite\",\"@id\":\"https:\/\/www.notibras.com\/site\/#website\",\"url\":\"https:\/\/www.notibras.com\/site\/\",\"name\":\"Notibras\",\"description\":\"Not\u00edcias de Bras\u00edlia, do Brasil e do Mundo\",\"publisher\":{\"@id\":\"https:\/\/www.notibras.com\/site\/#organization\"},\"potentialAction\":[{\"@type\":\"SearchAction\",\"target\":{\"@type\":\"EntryPoint\",\"urlTemplate\":\"https:\/\/www.notibras.com\/site\/?s={search_term_string}\"},\"query-input\":{\"@type\":\"PropertyValueSpecification\",\"valueRequired\":true,\"valueName\":\"search_term_string\"}}],\"inLanguage\":\"pt-BR\"},{\"@type\":\"Organization\",\"@id\":\"https:\/\/www.notibras.com\/site\/#organization\",\"name\":\"Grupo Notibras de Comunica\u00e7\u00e3o\",\"url\":\"https:\/\/www.notibras.com\/site\/\",\"logo\":{\"@type\":\"ImageObject\",\"inLanguage\":\"pt-BR\",\"@id\":\"https:\/\/www.notibras.com\/site\/#\/schema\/logo\/image\/\",\"url\":\"https:\/\/www.notibras.com\/site\/wp-content\/uploads\/2023\/01\/notibras23.png\",\"contentUrl\":\"https:\/\/www.notibras.com\/site\/wp-content\/uploads\/2023\/01\/notibras23.png\",\"width\":350,\"height\":87,\"caption\":\"Grupo Notibras de Comunica\u00e7\u00e3o\"},\"image\":{\"@id\":\"https:\/\/www.notibras.com\/site\/#\/schema\/logo\/image\/\"},\"sameAs\":[\"https:\/\/www.facebook.com\/notibras\/\",\"https:\/\/x.com\/Notibras\",\"https:\/\/www.instagram.com\/notibras\/\"]},{\"@type\":\"Person\",\"@id\":\"https:\/\/www.notibras.com\/site\/#\/schema\/person\/36ab0979449956132d3e5b517ea76ac8\",\"name\":\"Reda\u00e7\u00e3o\",\"image\":{\"@type\":\"ImageObject\",\"inLanguage\":\"pt-BR\",\"@id\":\"https:\/\/secure.gravatar.com\/avatar\/e0a867bdedb85fd243eadf09663511f96fc81e0720a4a42581f334ad4303aa6b?s=96&d=mm&r=g\",\"url\":\"https:\/\/secure.gravatar.com\/avatar\/e0a867bdedb85fd243eadf09663511f96fc81e0720a4a42581f334ad4303aa6b?s=96&d=mm&r=g\",\"contentUrl\":\"https:\/\/secure.gravatar.com\/avatar\/e0a867bdedb85fd243eadf09663511f96fc81e0720a4a42581f334ad4303aa6b?s=96&d=mm&r=g\",\"caption\":\"Reda\u00e7\u00e3o\"}}]}<\/script>\n<!-- \/ Yoast SEO plugin. -->","yoast_head_json":{"title":"Raiz esbo\u00e7a virar novo partido e pode furar a Rede da ex-ministra Marina Silva no pleito de 2016 - Notibras","robots":{"index":"index","follow":"follow","max-snippet":"max-snippet:-1","max-image-preview":"max-image-preview:large","max-video-preview":"max-video-preview:-1"},"canonical":"https:\/\/www.notibras.com\/site\/raiz-esboca-virar-novo-partido-e-pode-furar-a-rede-da-ex-ministra-marina-silva\/","og_locale":"pt_BR","og_type":"article","og_title":"Raiz esbo\u00e7a virar novo partido e pode furar a Rede da ex-ministra Marina Silva no pleito de 2016 - Notibras","og_description":"A Raiz, movimento que come\u00e7ou com dissidentes do grupo em torno de Marina Silva, planeja fazer uma assembleia de funda\u00e7\u00e3o do seu partido em janeiro de 2016, aproveitando o F\u00f3rum Social Mundial em Porto Alegre. Curiosamente, o movimento acontece quando Marina est\u00e1 prestes a conseguir no Tribunal Superior Eleitoral o aval para que sua Rede [&hellip;]","og_url":"https:\/\/www.notibras.com\/site\/raiz-esboca-virar-novo-partido-e-pode-furar-a-rede-da-ex-ministra-marina-silva\/","og_site_name":"Notibras","article_publisher":"https:\/\/www.facebook.com\/notibras\/","article_published_time":"2015-09-06T12:57:22+00:00","article_modified_time":"2015-09-07T15:05:46+00:00","og_image":[{"width":278,"height":181,"url":"https:\/\/www.notibras.com\/site\/wp-content\/uploads\/2015\/09\/masi.jpg","type":"image\/jpeg"}],"author":"Reda\u00e7\u00e3o","twitter_card":"summary_large_image","twitter_creator":"@Notibras","twitter_site":"@Notibras","twitter_misc":{"Escrito por":"Reda\u00e7\u00e3o","Est. tempo de leitura":"4 minutos"},"schema":{"@context":"https:\/\/schema.org","@graph":[{"@type":"Article","@id":"https:\/\/www.notibras.com\/site\/raiz-esboca-virar-novo-partido-e-pode-furar-a-rede-da-ex-ministra-marina-silva\/#article","isPartOf":{"@id":"https:\/\/www.notibras.com\/site\/raiz-esboca-virar-novo-partido-e-pode-furar-a-rede-da-ex-ministra-marina-silva\/"},"author":{"name":"Reda\u00e7\u00e3o","@id":"https:\/\/www.notibras.com\/site\/#\/schema\/person\/36ab0979449956132d3e5b517ea76ac8"},"headline":"Raiz esbo\u00e7a virar novo partido e pode furar a Rede da ex-ministra Marina Silva no pleito de 2016","datePublished":"2015-09-06T12:57:22+00:00","dateModified":"2015-09-07T15:05:46+00:00","mainEntityOfPage":{"@id":"https:\/\/www.notibras.com\/site\/raiz-esboca-virar-novo-partido-e-pode-furar-a-rede-da-ex-ministra-marina-silva\/"},"wordCount":765,"commentCount":0,"publisher":{"@id":"https:\/\/www.notibras.com\/site\/#organization"},"image":{"@id":"https:\/\/www.notibras.com\/site\/raiz-esboca-virar-novo-partido-e-pode-furar-a-rede-da-ex-ministra-marina-silva\/#primaryimage"},"thumbnailUrl":"https:\/\/www.notibras.com\/site\/wp-content\/uploads\/2015\/09\/masi.jpg","articleSection":["Brasil"],"inLanguage":"pt-BR","potentialAction":[{"@type":"CommentAction","name":"Comment","target":["https:\/\/www.notibras.com\/site\/raiz-esboca-virar-novo-partido-e-pode-furar-a-rede-da-ex-ministra-marina-silva\/#respond"]}]},{"@type":"WebPage","@id":"https:\/\/www.notibras.com\/site\/raiz-esboca-virar-novo-partido-e-pode-furar-a-rede-da-ex-ministra-marina-silva\/","url":"https:\/\/www.notibras.com\/site\/raiz-esboca-virar-novo-partido-e-pode-furar-a-rede-da-ex-ministra-marina-silva\/","name":"Raiz esbo\u00e7a virar novo partido e pode furar a Rede da ex-ministra Marina Silva no pleito de 2016 - Notibras","isPartOf":{"@id":"https:\/\/www.notibras.com\/site\/#website"},"primaryImageOfPage":{"@id":"https:\/\/www.notibras.com\/site\/raiz-esboca-virar-novo-partido-e-pode-furar-a-rede-da-ex-ministra-marina-silva\/#primaryimage"},"image":{"@id":"https:\/\/www.notibras.com\/site\/raiz-esboca-virar-novo-partido-e-pode-furar-a-rede-da-ex-ministra-marina-silva\/#primaryimage"},"thumbnailUrl":"https:\/\/www.notibras.com\/site\/wp-content\/uploads\/2015\/09\/masi.jpg","datePublished":"2015-09-06T12:57:22+00:00","dateModified":"2015-09-07T15:05:46+00:00","breadcrumb":{"@id":"https:\/\/www.notibras.com\/site\/raiz-esboca-virar-novo-partido-e-pode-furar-a-rede-da-ex-ministra-marina-silva\/#breadcrumb"},"inLanguage":"pt-BR","potentialAction":[{"@type":"ReadAction","target":["https:\/\/www.notibras.com\/site\/raiz-esboca-virar-novo-partido-e-pode-furar-a-rede-da-ex-ministra-marina-silva\/"]}]},{"@type":"ImageObject","inLanguage":"pt-BR","@id":"https:\/\/www.notibras.com\/site\/raiz-esboca-virar-novo-partido-e-pode-furar-a-rede-da-ex-ministra-marina-silva\/#primaryimage","url":"https:\/\/www.notibras.com\/site\/wp-content\/uploads\/2015\/09\/masi.jpg","contentUrl":"https:\/\/www.notibras.com\/site\/wp-content\/uploads\/2015\/09\/masi.jpg","width":278,"height":181},{"@type":"BreadcrumbList","@id":"https:\/\/www.notibras.com\/site\/raiz-esboca-virar-novo-partido-e-pode-furar-a-rede-da-ex-ministra-marina-silva\/#breadcrumb","itemListElement":[{"@type":"ListItem","position":1,"name":"In\u00edcio","item":"https:\/\/www.notibras.com\/site\/"},{"@type":"ListItem","position":2,"name":"Raiz esbo\u00e7a virar novo partido e pode furar a Rede da ex-ministra Marina Silva no pleito de 2016"}]},{"@type":"WebSite","@id":"https:\/\/www.notibras.com\/site\/#website","url":"https:\/\/www.notibras.com\/site\/","name":"Notibras","description":"Not\u00edcias de Bras\u00edlia, do Brasil e do Mundo","publisher":{"@id":"https:\/\/www.notibras.com\/site\/#organization"},"potentialAction":[{"@type":"SearchAction","target":{"@type":"EntryPoint","urlTemplate":"https:\/\/www.notibras.com\/site\/?s={search_term_string}"},"query-input":{"@type":"PropertyValueSpecification","valueRequired":true,"valueName":"search_term_string"}}],"inLanguage":"pt-BR"},{"@type":"Organization","@id":"https:\/\/www.notibras.com\/site\/#organization","name":"Grupo Notibras de Comunica\u00e7\u00e3o","url":"https:\/\/www.notibras.com\/site\/","logo":{"@type":"ImageObject","inLanguage":"pt-BR","@id":"https:\/\/www.notibras.com\/site\/#\/schema\/logo\/image\/","url":"https:\/\/www.notibras.com\/site\/wp-content\/uploads\/2023\/01\/notibras23.png","contentUrl":"https:\/\/www.notibras.com\/site\/wp-content\/uploads\/2023\/01\/notibras23.png","width":350,"height":87,"caption":"Grupo Notibras de Comunica\u00e7\u00e3o"},"image":{"@id":"https:\/\/www.notibras.com\/site\/#\/schema\/logo\/image\/"},"sameAs":["https:\/\/www.facebook.com\/notibras\/","https:\/\/x.com\/Notibras","https:\/\/www.instagram.com\/notibras\/"]},{"@type":"Person","@id":"https:\/\/www.notibras.com\/site\/#\/schema\/person\/36ab0979449956132d3e5b517ea76ac8","name":"Reda\u00e7\u00e3o","image":{"@type":"ImageObject","inLanguage":"pt-BR","@id":"https:\/\/secure.gravatar.com\/avatar\/e0a867bdedb85fd243eadf09663511f96fc81e0720a4a42581f334ad4303aa6b?s=96&d=mm&r=g","url":"https:\/\/secure.gravatar.com\/avatar\/e0a867bdedb85fd243eadf09663511f96fc81e0720a4a42581f334ad4303aa6b?s=96&d=mm&r=g","contentUrl":"https:\/\/secure.gravatar.com\/avatar\/e0a867bdedb85fd243eadf09663511f96fc81e0720a4a42581f334ad4303aa6b?s=96&d=mm&r=g","caption":"Reda\u00e7\u00e3o"}}]}},"amp_enabled":true,"_links":{"self":[{"href":"https:\/\/www.notibras.com\/site\/wp-json\/wp\/v2\/posts\/66416","targetHints":{"allow":["GET"]}}],"collection":[{"href":"https:\/\/www.notibras.com\/site\/wp-json\/wp\/v2\/posts"}],"about":[{"href":"https:\/\/www.notibras.com\/site\/wp-json\/wp\/v2\/types\/post"}],"author":[{"embeddable":true,"href":"https:\/\/www.notibras.com\/site\/wp-json\/wp\/v2\/users\/2"}],"replies":[{"embeddable":true,"href":"https:\/\/www.notibras.com\/site\/wp-json\/wp\/v2\/comments?post=66416"}],"version-history":[{"count":2,"href":"https:\/\/www.notibras.com\/site\/wp-json\/wp\/v2\/posts\/66416\/revisions"}],"predecessor-version":[{"id":66533,"href":"https:\/\/www.notibras.com\/site\/wp-json\/wp\/v2\/posts\/66416\/revisions\/66533"}],"wp:featuredmedia":[{"embeddable":true,"href":"https:\/\/www.notibras.com\/site\/wp-json\/wp\/v2\/media\/66417"}],"wp:attachment":[{"href":"https:\/\/www.notibras.com\/site\/wp-json\/wp\/v2\/media?parent=66416"}],"wp:term":[{"taxonomy":"category","embeddable":true,"href":"https:\/\/www.notibras.com\/site\/wp-json\/wp\/v2\/categories?post=66416"},{"taxonomy":"post_tag","embeddable":true,"href":"https:\/\/www.notibras.com\/site\/wp-json\/wp\/v2\/tags?post=66416"}],"curies":[{"name":"wp","href":"https:\/\/api.w.org\/{rel}","templated":true}]}}