{"id":66442,"date":"2015-09-06T18:01:53","date_gmt":"2015-09-06T21:01:53","guid":{"rendered":"http:\/\/www.notibras.com\/site\/?p=66442"},"modified":"2015-09-09T10:41:29","modified_gmt":"2015-09-09T13:41:29","slug":"timao-vai-atras-do-prejuizo-e-arranca-empate-do-verdao-em-3x3","status":"publish","type":"post","link":"https:\/\/www.notibras.com\/site\/timao-vai-atras-do-prejuizo-e-arranca-empate-do-verdao-em-3x3\/","title":{"rendered":"Corinthians corre atr\u00e1s do preju\u00edzo e arranca empate do Palmeiras em 3&#215;3"},"content":{"rendered":"<p>Palmeiras e Corinthians empataram por 3 a 3 na tarde deste domingo (6), no Allianz Parque, em S\u00e3o Paulo, em cl\u00e1ssico que teve cinco gols apenas no primeiro tempo. O Palmeiras nunca esteve atr\u00e1s no placar, mas viu o Corinthians buscar o empate tr\u00eas vezes e garantir um ponto &#8211; o resultado somando \u00e0 vit\u00f3ria do Atl\u00e9tico-MG sobre o Vasco faz a folga do Corinthians na lideran\u00e7a do Brasileir\u00e3o cair para cinco pontos.<\/p>\n<p>O cl\u00e1ssico foi de excelente n\u00edvel de futebol e mostrou superioridade do Palmeiras, que teve n\u00famero muito maior de finaliza\u00e7\u00f5es e chances claras para ampliar o placar para 4 a 2 no in\u00edcio do segundo tempo &#8211; as chances perdidas custaram caro ao time de Marcelo Oliveira perde a chance de se aproximar do G-4 com o empate e fica na zona intermedi\u00e1ria da tabela, com 35 pontos &#8211; S\u00e3o Paulo, 4\u00ba colocado, tem 38.<\/p>\n<p>Foram cinco gols s\u00f3 no primeiro tempo, que provaram a qualidade do cl\u00e1ssico paulista deste domingo. Quem abriu o placar do Allianz Parque foi o lateral direito Lucas, do Palmeiras. Em contra-ataque ap\u00f3s chance desperdi\u00e7ada pelo Corinthians, o meia Dudu deu pelo passe longo em profundidade para o lateral, que invadiu a \u00e1rea corintiana pela direita, chutou cruzado e viu a bola desviar em Guilherme Arana, enganar o goleiro C\u00e1ssio e acabar dentro do gol.<\/p>\n<p>O empate corintiano veio com Arana, que aproveitou chegada pela esquerda para sair com a bola dominada na cara de Fernando Prass e finalizar na sa\u00edda do goleiro palmeirense.<\/p>\n<p>Minutos depois, o time da casa respondeu: novamente Lucas pela direita, mas dessa vez com cruzamento que encontrou o n\u00e3o t\u00e3o alto Robinho, que venceu a marca\u00e7\u00e3o do zagueiro Gil e desempatou de cabe\u00e7a. O cl\u00e1ssico se provou parelho com o novo empate do Corinthians, na sequ\u00eancia. Em bola sobrada na \u00e1rea, Vagner Love tentou finalizar e o volante Amaral acabou colocando no pr\u00f3prio gol, marcando gol contra.<\/p>\n<p>O segundo desempate aconteceu no fim do primeiro tempo: Z\u00e9 Roberto cruzou escanteio, Alecsandro desviou, e Dudu, que j\u00e1 tinha dado uma assist\u00eancia, completou de cabe\u00e7a. No fim da etapa inicial Renato Augusto ainda perdeu a chance de marcar o terceiro do Corinthians.<\/p>\n<p>Tite trocou o jovem Marciel pelo experiente Cristian no intervalo, e o Corinthians pareceu perder a ocupa\u00e7\u00e3o no centro de campo. O Palmeiras manteve a intensidade e ainda nos primeiros 15 minutos da segunda etapa conseguiu quatro finaliza\u00e7\u00f5es &#8211; tr\u00eas ap\u00f3s cobran\u00e7a de escanteio &#8211; e teve chance clara de ampliar o placar. O Corinthians perdeu grande chance mais tarde com o pr\u00f3prio Cristian, que recebeu bola na entrada da pequena \u00e1rea, finalizou, mas viu Fernando Prass realizar excelente defesa.<\/p>\n","protected":false},"excerpt":{"rendered":"<p>Palmeiras e Corinthians empataram por 3 a 3 na tarde deste domingo (6), no Allianz Parque, em S\u00e3o Paulo, em cl\u00e1ssico que teve cinco gols apenas no primeiro tempo. O Palmeiras nunca esteve atr\u00e1s no placar, mas viu o Corinthians buscar o empate tr\u00eas vezes e garantir um ponto &#8211; o resultado somando \u00e0 vit\u00f3ria [&hellip;]<\/p>\n","protected":false},"author":2,"featured_media":66443,"comment_status":"open","ping_status":"closed","sticky":false,"template":"","format":"standard","meta":{"_acf_changed":false,"footnotes":""},"categories":[29],"tags":[],"class_list":["post-66442","post","type-post","status-publish","format-standard","has-post-thumbnail","hentry","category-futebol"],"acf":[],"yoast_head":"<!-- This site is optimized with the Yoast SEO plugin v27.2 - https:\/\/yoast.com\/product\/yoast-seo-wordpress\/ -->\n<title>Corinthians corre atr\u00e1s do preju\u00edzo e arranca empate do Palmeiras em 3x3 - Notibras<\/title>\n<meta name=\"robots\" content=\"index, follow, max-snippet:-1, max-image-preview:large, max-video-preview:-1\" \/>\n<link rel=\"canonical\" href=\"https:\/\/www.notibras.com\/site\/timao-vai-atras-do-prejuizo-e-arranca-empate-do-verdao-em-3x3\/\" \/>\n<meta property=\"og:locale\" content=\"pt_BR\" \/>\n<meta property=\"og:type\" content=\"article\" \/>\n<meta property=\"og:title\" content=\"Corinthians corre atr\u00e1s do preju\u00edzo e arranca empate do Palmeiras em 3x3 - Notibras\" \/>\n<meta property=\"og:description\" content=\"Palmeiras e Corinthians empataram por 3 a 3 na tarde deste domingo (6), no Allianz Parque, em S\u00e3o Paulo, em cl\u00e1ssico que teve cinco gols apenas no primeiro tempo. O Palmeiras nunca esteve atr\u00e1s no placar, mas viu o Corinthians buscar o empate tr\u00eas vezes e garantir um ponto &#8211; o resultado somando \u00e0 vit\u00f3ria [&hellip;]\" \/>\n<meta property=\"og:url\" content=\"https:\/\/www.notibras.com\/site\/timao-vai-atras-do-prejuizo-e-arranca-empate-do-verdao-em-3x3\/\" \/>\n<meta property=\"og:site_name\" content=\"Notibras\" \/>\n<meta property=\"article:publisher\" content=\"https:\/\/www.facebook.com\/notibras\/\" \/>\n<meta property=\"article:published_time\" content=\"2015-09-06T21:01:53+00:00\" \/>\n<meta property=\"article:modified_time\" content=\"2015-09-09T13:41:29+00:00\" \/>\n<meta property=\"og:image\" content=\"https:\/\/www.notibras.com\/site\/wp-content\/uploads\/2015\/09\/Campeonato_Brasileiro_-_Palmeiras_x_Corinthians_-foto-Miguel_Schincariol-LANCE-Press_LANIMA20150906_0104_52.jpg\" \/>\n\t<meta property=\"og:image:width\" content=\"527\" \/>\n\t<meta property=\"og:image:height\" content=\"307\" \/>\n\t<meta property=\"og:image:type\" content=\"image\/jpeg\" \/>\n<meta name=\"author\" content=\"Reda\u00e7\u00e3o\" \/>\n<meta name=\"twitter:card\" content=\"summary_large_image\" \/>\n<meta name=\"twitter:creator\" content=\"@Notibras\" \/>\n<meta name=\"twitter:site\" content=\"@Notibras\" \/>\n<meta name=\"twitter:label1\" content=\"Escrito por\" \/>\n\t<meta name=\"twitter:data1\" content=\"Reda\u00e7\u00e3o\" \/>\n\t<meta name=\"twitter:label2\" content=\"Est. tempo de leitura\" \/>\n\t<meta name=\"twitter:data2\" content=\"2 minutos\" \/>\n<script type=\"application\/ld+json\" class=\"yoast-schema-graph\">{\"@context\":\"https:\/\/schema.org\",\"@graph\":[{\"@type\":\"Article\",\"@id\":\"https:\/\/www.notibras.com\/site\/timao-vai-atras-do-prejuizo-e-arranca-empate-do-verdao-em-3x3\/#article\",\"isPartOf\":{\"@id\":\"https:\/\/www.notibras.com\/site\/timao-vai-atras-do-prejuizo-e-arranca-empate-do-verdao-em-3x3\/\"},\"author\":{\"name\":\"Reda\u00e7\u00e3o\",\"@id\":\"https:\/\/www.notibras.com\/site\/#\/schema\/person\/36ab0979449956132d3e5b517ea76ac8\"},\"headline\":\"Corinthians corre atr\u00e1s do preju\u00edzo e arranca empate do Palmeiras em 3&#215;3\",\"datePublished\":\"2015-09-06T21:01:53+00:00\",\"dateModified\":\"2015-09-09T13:41:29+00:00\",\"mainEntityOfPage\":{\"@id\":\"https:\/\/www.notibras.com\/site\/timao-vai-atras-do-prejuizo-e-arranca-empate-do-verdao-em-3x3\/\"},\"wordCount\":482,\"commentCount\":0,\"publisher\":{\"@id\":\"https:\/\/www.notibras.com\/site\/#organization\"},\"image\":{\"@id\":\"https:\/\/www.notibras.com\/site\/timao-vai-atras-do-prejuizo-e-arranca-empate-do-verdao-em-3x3\/#primaryimage\"},\"thumbnailUrl\":\"https:\/\/www.notibras.com\/site\/wp-content\/uploads\/2015\/09\/Campeonato_Brasileiro_-_Palmeiras_x_Corinthians_-foto-Miguel_Schincariol-LANCE-Press_LANIMA20150906_0104_52.jpg\",\"articleSection\":[\"Futebol\"],\"inLanguage\":\"pt-BR\",\"potentialAction\":[{\"@type\":\"CommentAction\",\"name\":\"Comment\",\"target\":[\"https:\/\/www.notibras.com\/site\/timao-vai-atras-do-prejuizo-e-arranca-empate-do-verdao-em-3x3\/#respond\"]}]},{\"@type\":\"WebPage\",\"@id\":\"https:\/\/www.notibras.com\/site\/timao-vai-atras-do-prejuizo-e-arranca-empate-do-verdao-em-3x3\/\",\"url\":\"https:\/\/www.notibras.com\/site\/timao-vai-atras-do-prejuizo-e-arranca-empate-do-verdao-em-3x3\/\",\"name\":\"Corinthians corre atr\u00e1s do preju\u00edzo e arranca empate do Palmeiras em 3x3 - Notibras\",\"isPartOf\":{\"@id\":\"https:\/\/www.notibras.com\/site\/#website\"},\"primaryImageOfPage\":{\"@id\":\"https:\/\/www.notibras.com\/site\/timao-vai-atras-do-prejuizo-e-arranca-empate-do-verdao-em-3x3\/#primaryimage\"},\"image\":{\"@id\":\"https:\/\/www.notibras.com\/site\/timao-vai-atras-do-prejuizo-e-arranca-empate-do-verdao-em-3x3\/#primaryimage\"},\"thumbnailUrl\":\"https:\/\/www.notibras.com\/site\/wp-content\/uploads\/2015\/09\/Campeonato_Brasileiro_-_Palmeiras_x_Corinthians_-foto-Miguel_Schincariol-LANCE-Press_LANIMA20150906_0104_52.jpg\",\"datePublished\":\"2015-09-06T21:01:53+00:00\",\"dateModified\":\"2015-09-09T13:41:29+00:00\",\"breadcrumb\":{\"@id\":\"https:\/\/www.notibras.com\/site\/timao-vai-atras-do-prejuizo-e-arranca-empate-do-verdao-em-3x3\/#breadcrumb\"},\"inLanguage\":\"pt-BR\",\"potentialAction\":[{\"@type\":\"ReadAction\",\"target\":[\"https:\/\/www.notibras.com\/site\/timao-vai-atras-do-prejuizo-e-arranca-empate-do-verdao-em-3x3\/\"]}]},{\"@type\":\"ImageObject\",\"inLanguage\":\"pt-BR\",\"@id\":\"https:\/\/www.notibras.com\/site\/timao-vai-atras-do-prejuizo-e-arranca-empate-do-verdao-em-3x3\/#primaryimage\",\"url\":\"https:\/\/www.notibras.com\/site\/wp-content\/uploads\/2015\/09\/Campeonato_Brasileiro_-_Palmeiras_x_Corinthians_-foto-Miguel_Schincariol-LANCE-Press_LANIMA20150906_0104_52.jpg\",\"contentUrl\":\"https:\/\/www.notibras.com\/site\/wp-content\/uploads\/2015\/09\/Campeonato_Brasileiro_-_Palmeiras_x_Corinthians_-foto-Miguel_Schincariol-LANCE-Press_LANIMA20150906_0104_52.jpg\",\"width\":527,\"height\":307},{\"@type\":\"BreadcrumbList\",\"@id\":\"https:\/\/www.notibras.com\/site\/timao-vai-atras-do-prejuizo-e-arranca-empate-do-verdao-em-3x3\/#breadcrumb\",\"itemListElement\":[{\"@type\":\"ListItem\",\"position\":1,\"name\":\"In\u00edcio\",\"item\":\"https:\/\/www.notibras.com\/site\/\"},{\"@type\":\"ListItem\",\"position\":2,\"name\":\"Corinthians corre atr\u00e1s do preju\u00edzo e arranca empate do Palmeiras em 3&#215;3\"}]},{\"@type\":\"WebSite\",\"@id\":\"https:\/\/www.notibras.com\/site\/#website\",\"url\":\"https:\/\/www.notibras.com\/site\/\",\"name\":\"Notibras\",\"description\":\"Not\u00edcias de Bras\u00edlia, do Brasil e do Mundo\",\"publisher\":{\"@id\":\"https:\/\/www.notibras.com\/site\/#organization\"},\"potentialAction\":[{\"@type\":\"SearchAction\",\"target\":{\"@type\":\"EntryPoint\",\"urlTemplate\":\"https:\/\/www.notibras.com\/site\/?s={search_term_string}\"},\"query-input\":{\"@type\":\"PropertyValueSpecification\",\"valueRequired\":true,\"valueName\":\"search_term_string\"}}],\"inLanguage\":\"pt-BR\"},{\"@type\":\"Organization\",\"@id\":\"https:\/\/www.notibras.com\/site\/#organization\",\"name\":\"Grupo Notibras de Comunica\u00e7\u00e3o\",\"url\":\"https:\/\/www.notibras.com\/site\/\",\"logo\":{\"@type\":\"ImageObject\",\"inLanguage\":\"pt-BR\",\"@id\":\"https:\/\/www.notibras.com\/site\/#\/schema\/logo\/image\/\",\"url\":\"https:\/\/www.notibras.com\/site\/wp-content\/uploads\/2023\/01\/notibras23.png\",\"contentUrl\":\"https:\/\/www.notibras.com\/site\/wp-content\/uploads\/2023\/01\/notibras23.png\",\"width\":350,\"height\":87,\"caption\":\"Grupo Notibras de Comunica\u00e7\u00e3o\"},\"image\":{\"@id\":\"https:\/\/www.notibras.com\/site\/#\/schema\/logo\/image\/\"},\"sameAs\":[\"https:\/\/www.facebook.com\/notibras\/\",\"https:\/\/x.com\/Notibras\",\"https:\/\/www.instagram.com\/notibras\/\"]},{\"@type\":\"Person\",\"@id\":\"https:\/\/www.notibras.com\/site\/#\/schema\/person\/36ab0979449956132d3e5b517ea76ac8\",\"name\":\"Reda\u00e7\u00e3o\",\"image\":{\"@type\":\"ImageObject\",\"inLanguage\":\"pt-BR\",\"@id\":\"https:\/\/secure.gravatar.com\/avatar\/e0a867bdedb85fd243eadf09663511f96fc81e0720a4a42581f334ad4303aa6b?s=96&d=mm&r=g\",\"url\":\"https:\/\/secure.gravatar.com\/avatar\/e0a867bdedb85fd243eadf09663511f96fc81e0720a4a42581f334ad4303aa6b?s=96&d=mm&r=g\",\"contentUrl\":\"https:\/\/secure.gravatar.com\/avatar\/e0a867bdedb85fd243eadf09663511f96fc81e0720a4a42581f334ad4303aa6b?s=96&d=mm&r=g\",\"caption\":\"Reda\u00e7\u00e3o\"}}]}<\/script>\n<!-- \/ Yoast SEO plugin. -->","yoast_head_json":{"title":"Corinthians corre atr\u00e1s do preju\u00edzo e arranca empate do Palmeiras em 3x3 - Notibras","robots":{"index":"index","follow":"follow","max-snippet":"max-snippet:-1","max-image-preview":"max-image-preview:large","max-video-preview":"max-video-preview:-1"},"canonical":"https:\/\/www.notibras.com\/site\/timao-vai-atras-do-prejuizo-e-arranca-empate-do-verdao-em-3x3\/","og_locale":"pt_BR","og_type":"article","og_title":"Corinthians corre atr\u00e1s do preju\u00edzo e arranca empate do Palmeiras em 3x3 - Notibras","og_description":"Palmeiras e Corinthians empataram por 3 a 3 na tarde deste domingo (6), no Allianz Parque, em S\u00e3o Paulo, em cl\u00e1ssico que teve cinco gols apenas no primeiro tempo. O Palmeiras nunca esteve atr\u00e1s no placar, mas viu o Corinthians buscar o empate tr\u00eas vezes e garantir um ponto &#8211; o resultado somando \u00e0 vit\u00f3ria [&hellip;]","og_url":"https:\/\/www.notibras.com\/site\/timao-vai-atras-do-prejuizo-e-arranca-empate-do-verdao-em-3x3\/","og_site_name":"Notibras","article_publisher":"https:\/\/www.facebook.com\/notibras\/","article_published_time":"2015-09-06T21:01:53+00:00","article_modified_time":"2015-09-09T13:41:29+00:00","og_image":[{"width":527,"height":307,"url":"https:\/\/www.notibras.com\/site\/wp-content\/uploads\/2015\/09\/Campeonato_Brasileiro_-_Palmeiras_x_Corinthians_-foto-Miguel_Schincariol-LANCE-Press_LANIMA20150906_0104_52.jpg","type":"image\/jpeg"}],"author":"Reda\u00e7\u00e3o","twitter_card":"summary_large_image","twitter_creator":"@Notibras","twitter_site":"@Notibras","twitter_misc":{"Escrito por":"Reda\u00e7\u00e3o","Est. tempo de leitura":"2 minutos"},"schema":{"@context":"https:\/\/schema.org","@graph":[{"@type":"Article","@id":"https:\/\/www.notibras.com\/site\/timao-vai-atras-do-prejuizo-e-arranca-empate-do-verdao-em-3x3\/#article","isPartOf":{"@id":"https:\/\/www.notibras.com\/site\/timao-vai-atras-do-prejuizo-e-arranca-empate-do-verdao-em-3x3\/"},"author":{"name":"Reda\u00e7\u00e3o","@id":"https:\/\/www.notibras.com\/site\/#\/schema\/person\/36ab0979449956132d3e5b517ea76ac8"},"headline":"Corinthians corre atr\u00e1s do preju\u00edzo e arranca empate do Palmeiras em 3&#215;3","datePublished":"2015-09-06T21:01:53+00:00","dateModified":"2015-09-09T13:41:29+00:00","mainEntityOfPage":{"@id":"https:\/\/www.notibras.com\/site\/timao-vai-atras-do-prejuizo-e-arranca-empate-do-verdao-em-3x3\/"},"wordCount":482,"commentCount":0,"publisher":{"@id":"https:\/\/www.notibras.com\/site\/#organization"},"image":{"@id":"https:\/\/www.notibras.com\/site\/timao-vai-atras-do-prejuizo-e-arranca-empate-do-verdao-em-3x3\/#primaryimage"},"thumbnailUrl":"https:\/\/www.notibras.com\/site\/wp-content\/uploads\/2015\/09\/Campeonato_Brasileiro_-_Palmeiras_x_Corinthians_-foto-Miguel_Schincariol-LANCE-Press_LANIMA20150906_0104_52.jpg","articleSection":["Futebol"],"inLanguage":"pt-BR","potentialAction":[{"@type":"CommentAction","name":"Comment","target":["https:\/\/www.notibras.com\/site\/timao-vai-atras-do-prejuizo-e-arranca-empate-do-verdao-em-3x3\/#respond"]}]},{"@type":"WebPage","@id":"https:\/\/www.notibras.com\/site\/timao-vai-atras-do-prejuizo-e-arranca-empate-do-verdao-em-3x3\/","url":"https:\/\/www.notibras.com\/site\/timao-vai-atras-do-prejuizo-e-arranca-empate-do-verdao-em-3x3\/","name":"Corinthians corre atr\u00e1s do preju\u00edzo e arranca empate do Palmeiras em 3x3 - Notibras","isPartOf":{"@id":"https:\/\/www.notibras.com\/site\/#website"},"primaryImageOfPage":{"@id":"https:\/\/www.notibras.com\/site\/timao-vai-atras-do-prejuizo-e-arranca-empate-do-verdao-em-3x3\/#primaryimage"},"image":{"@id":"https:\/\/www.notibras.com\/site\/timao-vai-atras-do-prejuizo-e-arranca-empate-do-verdao-em-3x3\/#primaryimage"},"thumbnailUrl":"https:\/\/www.notibras.com\/site\/wp-content\/uploads\/2015\/09\/Campeonato_Brasileiro_-_Palmeiras_x_Corinthians_-foto-Miguel_Schincariol-LANCE-Press_LANIMA20150906_0104_52.jpg","datePublished":"2015-09-06T21:01:53+00:00","dateModified":"2015-09-09T13:41:29+00:00","breadcrumb":{"@id":"https:\/\/www.notibras.com\/site\/timao-vai-atras-do-prejuizo-e-arranca-empate-do-verdao-em-3x3\/#breadcrumb"},"inLanguage":"pt-BR","potentialAction":[{"@type":"ReadAction","target":["https:\/\/www.notibras.com\/site\/timao-vai-atras-do-prejuizo-e-arranca-empate-do-verdao-em-3x3\/"]}]},{"@type":"ImageObject","inLanguage":"pt-BR","@id":"https:\/\/www.notibras.com\/site\/timao-vai-atras-do-prejuizo-e-arranca-empate-do-verdao-em-3x3\/#primaryimage","url":"https:\/\/www.notibras.com\/site\/wp-content\/uploads\/2015\/09\/Campeonato_Brasileiro_-_Palmeiras_x_Corinthians_-foto-Miguel_Schincariol-LANCE-Press_LANIMA20150906_0104_52.jpg","contentUrl":"https:\/\/www.notibras.com\/site\/wp-content\/uploads\/2015\/09\/Campeonato_Brasileiro_-_Palmeiras_x_Corinthians_-foto-Miguel_Schincariol-LANCE-Press_LANIMA20150906_0104_52.jpg","width":527,"height":307},{"@type":"BreadcrumbList","@id":"https:\/\/www.notibras.com\/site\/timao-vai-atras-do-prejuizo-e-arranca-empate-do-verdao-em-3x3\/#breadcrumb","itemListElement":[{"@type":"ListItem","position":1,"name":"In\u00edcio","item":"https:\/\/www.notibras.com\/site\/"},{"@type":"ListItem","position":2,"name":"Corinthians corre atr\u00e1s do preju\u00edzo e arranca empate do Palmeiras em 3&#215;3"}]},{"@type":"WebSite","@id":"https:\/\/www.notibras.com\/site\/#website","url":"https:\/\/www.notibras.com\/site\/","name":"Notibras","description":"Not\u00edcias de Bras\u00edlia, do Brasil e do Mundo","publisher":{"@id":"https:\/\/www.notibras.com\/site\/#organization"},"potentialAction":[{"@type":"SearchAction","target":{"@type":"EntryPoint","urlTemplate":"https:\/\/www.notibras.com\/site\/?s={search_term_string}"},"query-input":{"@type":"PropertyValueSpecification","valueRequired":true,"valueName":"search_term_string"}}],"inLanguage":"pt-BR"},{"@type":"Organization","@id":"https:\/\/www.notibras.com\/site\/#organization","name":"Grupo Notibras de Comunica\u00e7\u00e3o","url":"https:\/\/www.notibras.com\/site\/","logo":{"@type":"ImageObject","inLanguage":"pt-BR","@id":"https:\/\/www.notibras.com\/site\/#\/schema\/logo\/image\/","url":"https:\/\/www.notibras.com\/site\/wp-content\/uploads\/2023\/01\/notibras23.png","contentUrl":"https:\/\/www.notibras.com\/site\/wp-content\/uploads\/2023\/01\/notibras23.png","width":350,"height":87,"caption":"Grupo Notibras de Comunica\u00e7\u00e3o"},"image":{"@id":"https:\/\/www.notibras.com\/site\/#\/schema\/logo\/image\/"},"sameAs":["https:\/\/www.facebook.com\/notibras\/","https:\/\/x.com\/Notibras","https:\/\/www.instagram.com\/notibras\/"]},{"@type":"Person","@id":"https:\/\/www.notibras.com\/site\/#\/schema\/person\/36ab0979449956132d3e5b517ea76ac8","name":"Reda\u00e7\u00e3o","image":{"@type":"ImageObject","inLanguage":"pt-BR","@id":"https:\/\/secure.gravatar.com\/avatar\/e0a867bdedb85fd243eadf09663511f96fc81e0720a4a42581f334ad4303aa6b?s=96&d=mm&r=g","url":"https:\/\/secure.gravatar.com\/avatar\/e0a867bdedb85fd243eadf09663511f96fc81e0720a4a42581f334ad4303aa6b?s=96&d=mm&r=g","contentUrl":"https:\/\/secure.gravatar.com\/avatar\/e0a867bdedb85fd243eadf09663511f96fc81e0720a4a42581f334ad4303aa6b?s=96&d=mm&r=g","caption":"Reda\u00e7\u00e3o"}}]}},"amp_enabled":true,"_links":{"self":[{"href":"https:\/\/www.notibras.com\/site\/wp-json\/wp\/v2\/posts\/66442","targetHints":{"allow":["GET"]}}],"collection":[{"href":"https:\/\/www.notibras.com\/site\/wp-json\/wp\/v2\/posts"}],"about":[{"href":"https:\/\/www.notibras.com\/site\/wp-json\/wp\/v2\/types\/post"}],"author":[{"embeddable":true,"href":"https:\/\/www.notibras.com\/site\/wp-json\/wp\/v2\/users\/2"}],"replies":[{"embeddable":true,"href":"https:\/\/www.notibras.com\/site\/wp-json\/wp\/v2\/comments?post=66442"}],"version-history":[{"count":2,"href":"https:\/\/www.notibras.com\/site\/wp-json\/wp\/v2\/posts\/66442\/revisions"}],"predecessor-version":[{"id":66445,"href":"https:\/\/www.notibras.com\/site\/wp-json\/wp\/v2\/posts\/66442\/revisions\/66445"}],"wp:featuredmedia":[{"embeddable":true,"href":"https:\/\/www.notibras.com\/site\/wp-json\/wp\/v2\/media\/66443"}],"wp:attachment":[{"href":"https:\/\/www.notibras.com\/site\/wp-json\/wp\/v2\/media?parent=66442"}],"wp:term":[{"taxonomy":"category","embeddable":true,"href":"https:\/\/www.notibras.com\/site\/wp-json\/wp\/v2\/categories?post=66442"},{"taxonomy":"post_tag","embeddable":true,"href":"https:\/\/www.notibras.com\/site\/wp-json\/wp\/v2\/tags?post=66442"}],"curies":[{"name":"wp","href":"https:\/\/api.w.org\/{rel}","templated":true}]}}