{"id":66449,"date":"2015-09-06T17:51:09","date_gmt":"2015-09-06T20:51:09","guid":{"rendered":"http:\/\/www.notibras.com\/site\/?p=66449"},"modified":"2015-09-06T18:10:59","modified_gmt":"2015-09-06T21:10:59","slug":"gremio-perde-penalti-vira-na-raca-contra-o-goias-e-segue-na-caca-dos-lideres","status":"publish","type":"post","link":"https:\/\/www.notibras.com\/site\/gremio-perde-penalti-vira-na-raca-contra-o-goias-e-segue-na-caca-dos-lideres\/","title":{"rendered":"Gr\u00eamio perde p\u00eanalti, vira na ra\u00e7a contra o Goi\u00e1s por 2&#215;1 e segue na ca\u00e7a dos l\u00edderes"},"content":{"rendered":"<p>O Gr\u00eamio errou p\u00eanalti, saiu atr\u00e1s, sofreu, mas o fim deste filme foi feliz. Aos 39 do segundo tempo, o jovem Everton, que poucas chances tem no time principal, de apenas 19 anos, virou o jogo. Neste domingo (6), o time ga\u00facho fez 2 a 1 no Goi\u00e1s, na Arena, e manteve press\u00e3o nos primeiros colocados.<\/p>\n<p>Douglas errou p\u00eanalti aos 37 minutos do primeiro tempo. No mesmo lance, Felipe Macedo foi expulso. Mas na cobran\u00e7a, o meia acertou a trave. Em seguida, o Goi\u00e1s abriu o placar com Bruno Henrique.<\/p>\n<p>O clima tenso no segundo tempo seguiu mesmo com empate aos 6 minutos, com Douglas. E a tranquilidade surgiu apenas aos 39, com gol de Everton, que s\u00f3 jogou porque Fernandinho est\u00e1 lesionado e Pedro Rocha suspenso.<\/p>\n<p>Com a vit\u00f3ria, o time ga\u00facho foi a 44 pontos na classifica\u00e7\u00e3o. Est\u00e1 apenas um atr\u00e1s do vice-l\u00edder Atl\u00e9tico-MG. E ainda seis atr\u00e1s do l\u00edder Corinthians. J\u00e1 o Goi\u00e1s voltou para zona de rebaixamento.<\/p>\n<p>O Tricolor aposta todas suas fichas, agora, no confronto direto com o Corinthians. Caso ven\u00e7a, se aproxima ainda mais do atual primeiro colocado.<\/p>\n","protected":false},"excerpt":{"rendered":"<p>O Gr\u00eamio errou p\u00eanalti, saiu atr\u00e1s, sofreu, mas o fim deste filme foi feliz. Aos 39 do segundo tempo, o jovem Everton, que poucas chances tem no time principal, de apenas 19 anos, virou o jogo. Neste domingo (6), o time ga\u00facho fez 2 a 1 no Goi\u00e1s, na Arena, e manteve press\u00e3o nos primeiros [&hellip;]<\/p>\n","protected":false},"author":2,"featured_media":66450,"comment_status":"open","ping_status":"closed","sticky":false,"template":"","format":"standard","meta":{"_acf_changed":false,"footnotes":""},"categories":[29],"tags":[],"class_list":["post-66449","post","type-post","status-publish","format-standard","has-post-thumbnail","hentry","category-futebol"],"acf":[],"yoast_head":"<!-- This site is optimized with the Yoast SEO plugin v27.2 - https:\/\/yoast.com\/product\/yoast-seo-wordpress\/ -->\n<title>Gr\u00eamio perde p\u00eanalti, vira na ra\u00e7a contra o Goi\u00e1s por 2x1 e segue na ca\u00e7a dos l\u00edderes - Notibras<\/title>\n<meta name=\"robots\" content=\"index, follow, max-snippet:-1, max-image-preview:large, max-video-preview:-1\" \/>\n<link rel=\"canonical\" href=\"https:\/\/www.notibras.com\/site\/gremio-perde-penalti-vira-na-raca-contra-o-goias-e-segue-na-caca-dos-lideres\/\" \/>\n<meta property=\"og:locale\" content=\"pt_BR\" \/>\n<meta property=\"og:type\" content=\"article\" \/>\n<meta property=\"og:title\" content=\"Gr\u00eamio perde p\u00eanalti, vira na ra\u00e7a contra o Goi\u00e1s por 2x1 e segue na ca\u00e7a dos l\u00edderes - Notibras\" \/>\n<meta property=\"og:description\" content=\"O Gr\u00eamio errou p\u00eanalti, saiu atr\u00e1s, sofreu, mas o fim deste filme foi feliz. Aos 39 do segundo tempo, o jovem Everton, que poucas chances tem no time principal, de apenas 19 anos, virou o jogo. Neste domingo (6), o time ga\u00facho fez 2 a 1 no Goi\u00e1s, na Arena, e manteve press\u00e3o nos primeiros [&hellip;]\" \/>\n<meta property=\"og:url\" content=\"https:\/\/www.notibras.com\/site\/gremio-perde-penalti-vira-na-raca-contra-o-goias-e-segue-na-caca-dos-lideres\/\" \/>\n<meta property=\"og:site_name\" content=\"Notibras\" \/>\n<meta property=\"article:publisher\" content=\"https:\/\/www.facebook.com\/notibras\/\" \/>\n<meta property=\"article:published_time\" content=\"2015-09-06T20:51:09+00:00\" \/>\n<meta property=\"article:modified_time\" content=\"2015-09-06T21:10:59+00:00\" \/>\n<meta property=\"og:image\" content=\"https:\/\/www.notibras.com\/site\/wp-content\/uploads\/2015\/09\/Campeonato_Brasileiro_-_Gremio_x_Goias_-foto-Ricardo_Rimoli-LANCE-Press_LANIMA20150906_0114_56.jpg\" \/>\n\t<meta property=\"og:image:width\" content=\"527\" \/>\n\t<meta property=\"og:image:height\" content=\"307\" \/>\n\t<meta property=\"og:image:type\" content=\"image\/jpeg\" \/>\n<meta name=\"author\" content=\"Reda\u00e7\u00e3o\" \/>\n<meta name=\"twitter:card\" content=\"summary_large_image\" \/>\n<meta name=\"twitter:creator\" content=\"@Notibras\" \/>\n<meta name=\"twitter:site\" content=\"@Notibras\" \/>\n<meta name=\"twitter:label1\" content=\"Escrito por\" \/>\n\t<meta name=\"twitter:data1\" content=\"Reda\u00e7\u00e3o\" \/>\n\t<meta name=\"twitter:label2\" content=\"Est. tempo de leitura\" \/>\n\t<meta name=\"twitter:data2\" content=\"1 minuto\" \/>\n<script type=\"application\/ld+json\" class=\"yoast-schema-graph\">{\"@context\":\"https:\/\/schema.org\",\"@graph\":[{\"@type\":\"Article\",\"@id\":\"https:\/\/www.notibras.com\/site\/gremio-perde-penalti-vira-na-raca-contra-o-goias-e-segue-na-caca-dos-lideres\/#article\",\"isPartOf\":{\"@id\":\"https:\/\/www.notibras.com\/site\/gremio-perde-penalti-vira-na-raca-contra-o-goias-e-segue-na-caca-dos-lideres\/\"},\"author\":{\"name\":\"Reda\u00e7\u00e3o\",\"@id\":\"https:\/\/www.notibras.com\/site\/#\/schema\/person\/36ab0979449956132d3e5b517ea76ac8\"},\"headline\":\"Gr\u00eamio perde p\u00eanalti, vira na ra\u00e7a contra o Goi\u00e1s por 2&#215;1 e segue na ca\u00e7a dos l\u00edderes\",\"datePublished\":\"2015-09-06T20:51:09+00:00\",\"dateModified\":\"2015-09-06T21:10:59+00:00\",\"mainEntityOfPage\":{\"@id\":\"https:\/\/www.notibras.com\/site\/gremio-perde-penalti-vira-na-raca-contra-o-goias-e-segue-na-caca-dos-lideres\/\"},\"wordCount\":217,\"commentCount\":0,\"publisher\":{\"@id\":\"https:\/\/www.notibras.com\/site\/#organization\"},\"image\":{\"@id\":\"https:\/\/www.notibras.com\/site\/gremio-perde-penalti-vira-na-raca-contra-o-goias-e-segue-na-caca-dos-lideres\/#primaryimage\"},\"thumbnailUrl\":\"https:\/\/www.notibras.com\/site\/wp-content\/uploads\/2015\/09\/Campeonato_Brasileiro_-_Gremio_x_Goias_-foto-Ricardo_Rimoli-LANCE-Press_LANIMA20150906_0114_56.jpg\",\"articleSection\":[\"Futebol\"],\"inLanguage\":\"pt-BR\",\"potentialAction\":[{\"@type\":\"CommentAction\",\"name\":\"Comment\",\"target\":[\"https:\/\/www.notibras.com\/site\/gremio-perde-penalti-vira-na-raca-contra-o-goias-e-segue-na-caca-dos-lideres\/#respond\"]}]},{\"@type\":\"WebPage\",\"@id\":\"https:\/\/www.notibras.com\/site\/gremio-perde-penalti-vira-na-raca-contra-o-goias-e-segue-na-caca-dos-lideres\/\",\"url\":\"https:\/\/www.notibras.com\/site\/gremio-perde-penalti-vira-na-raca-contra-o-goias-e-segue-na-caca-dos-lideres\/\",\"name\":\"Gr\u00eamio perde p\u00eanalti, vira na ra\u00e7a contra o Goi\u00e1s por 2x1 e segue na ca\u00e7a dos l\u00edderes - Notibras\",\"isPartOf\":{\"@id\":\"https:\/\/www.notibras.com\/site\/#website\"},\"primaryImageOfPage\":{\"@id\":\"https:\/\/www.notibras.com\/site\/gremio-perde-penalti-vira-na-raca-contra-o-goias-e-segue-na-caca-dos-lideres\/#primaryimage\"},\"image\":{\"@id\":\"https:\/\/www.notibras.com\/site\/gremio-perde-penalti-vira-na-raca-contra-o-goias-e-segue-na-caca-dos-lideres\/#primaryimage\"},\"thumbnailUrl\":\"https:\/\/www.notibras.com\/site\/wp-content\/uploads\/2015\/09\/Campeonato_Brasileiro_-_Gremio_x_Goias_-foto-Ricardo_Rimoli-LANCE-Press_LANIMA20150906_0114_56.jpg\",\"datePublished\":\"2015-09-06T20:51:09+00:00\",\"dateModified\":\"2015-09-06T21:10:59+00:00\",\"breadcrumb\":{\"@id\":\"https:\/\/www.notibras.com\/site\/gremio-perde-penalti-vira-na-raca-contra-o-goias-e-segue-na-caca-dos-lideres\/#breadcrumb\"},\"inLanguage\":\"pt-BR\",\"potentialAction\":[{\"@type\":\"ReadAction\",\"target\":[\"https:\/\/www.notibras.com\/site\/gremio-perde-penalti-vira-na-raca-contra-o-goias-e-segue-na-caca-dos-lideres\/\"]}]},{\"@type\":\"ImageObject\",\"inLanguage\":\"pt-BR\",\"@id\":\"https:\/\/www.notibras.com\/site\/gremio-perde-penalti-vira-na-raca-contra-o-goias-e-segue-na-caca-dos-lideres\/#primaryimage\",\"url\":\"https:\/\/www.notibras.com\/site\/wp-content\/uploads\/2015\/09\/Campeonato_Brasileiro_-_Gremio_x_Goias_-foto-Ricardo_Rimoli-LANCE-Press_LANIMA20150906_0114_56.jpg\",\"contentUrl\":\"https:\/\/www.notibras.com\/site\/wp-content\/uploads\/2015\/09\/Campeonato_Brasileiro_-_Gremio_x_Goias_-foto-Ricardo_Rimoli-LANCE-Press_LANIMA20150906_0114_56.jpg\",\"width\":527,\"height\":307},{\"@type\":\"BreadcrumbList\",\"@id\":\"https:\/\/www.notibras.com\/site\/gremio-perde-penalti-vira-na-raca-contra-o-goias-e-segue-na-caca-dos-lideres\/#breadcrumb\",\"itemListElement\":[{\"@type\":\"ListItem\",\"position\":1,\"name\":\"In\u00edcio\",\"item\":\"https:\/\/www.notibras.com\/site\/\"},{\"@type\":\"ListItem\",\"position\":2,\"name\":\"Gr\u00eamio perde p\u00eanalti, vira na ra\u00e7a contra o Goi\u00e1s por 2&#215;1 e segue na ca\u00e7a dos l\u00edderes\"}]},{\"@type\":\"WebSite\",\"@id\":\"https:\/\/www.notibras.com\/site\/#website\",\"url\":\"https:\/\/www.notibras.com\/site\/\",\"name\":\"Notibras\",\"description\":\"Not\u00edcias de Bras\u00edlia, do Brasil e do Mundo\",\"publisher\":{\"@id\":\"https:\/\/www.notibras.com\/site\/#organization\"},\"potentialAction\":[{\"@type\":\"SearchAction\",\"target\":{\"@type\":\"EntryPoint\",\"urlTemplate\":\"https:\/\/www.notibras.com\/site\/?s={search_term_string}\"},\"query-input\":{\"@type\":\"PropertyValueSpecification\",\"valueRequired\":true,\"valueName\":\"search_term_string\"}}],\"inLanguage\":\"pt-BR\"},{\"@type\":\"Organization\",\"@id\":\"https:\/\/www.notibras.com\/site\/#organization\",\"name\":\"Grupo Notibras de Comunica\u00e7\u00e3o\",\"url\":\"https:\/\/www.notibras.com\/site\/\",\"logo\":{\"@type\":\"ImageObject\",\"inLanguage\":\"pt-BR\",\"@id\":\"https:\/\/www.notibras.com\/site\/#\/schema\/logo\/image\/\",\"url\":\"https:\/\/www.notibras.com\/site\/wp-content\/uploads\/2023\/01\/notibras23.png\",\"contentUrl\":\"https:\/\/www.notibras.com\/site\/wp-content\/uploads\/2023\/01\/notibras23.png\",\"width\":350,\"height\":87,\"caption\":\"Grupo Notibras de Comunica\u00e7\u00e3o\"},\"image\":{\"@id\":\"https:\/\/www.notibras.com\/site\/#\/schema\/logo\/image\/\"},\"sameAs\":[\"https:\/\/www.facebook.com\/notibras\/\",\"https:\/\/x.com\/Notibras\",\"https:\/\/www.instagram.com\/notibras\/\"]},{\"@type\":\"Person\",\"@id\":\"https:\/\/www.notibras.com\/site\/#\/schema\/person\/36ab0979449956132d3e5b517ea76ac8\",\"name\":\"Reda\u00e7\u00e3o\",\"image\":{\"@type\":\"ImageObject\",\"inLanguage\":\"pt-BR\",\"@id\":\"https:\/\/secure.gravatar.com\/avatar\/e0a867bdedb85fd243eadf09663511f96fc81e0720a4a42581f334ad4303aa6b?s=96&d=mm&r=g\",\"url\":\"https:\/\/secure.gravatar.com\/avatar\/e0a867bdedb85fd243eadf09663511f96fc81e0720a4a42581f334ad4303aa6b?s=96&d=mm&r=g\",\"contentUrl\":\"https:\/\/secure.gravatar.com\/avatar\/e0a867bdedb85fd243eadf09663511f96fc81e0720a4a42581f334ad4303aa6b?s=96&d=mm&r=g\",\"caption\":\"Reda\u00e7\u00e3o\"}}]}<\/script>\n<!-- \/ Yoast SEO plugin. -->","yoast_head_json":{"title":"Gr\u00eamio perde p\u00eanalti, vira na ra\u00e7a contra o Goi\u00e1s por 2x1 e segue na ca\u00e7a dos l\u00edderes - Notibras","robots":{"index":"index","follow":"follow","max-snippet":"max-snippet:-1","max-image-preview":"max-image-preview:large","max-video-preview":"max-video-preview:-1"},"canonical":"https:\/\/www.notibras.com\/site\/gremio-perde-penalti-vira-na-raca-contra-o-goias-e-segue-na-caca-dos-lideres\/","og_locale":"pt_BR","og_type":"article","og_title":"Gr\u00eamio perde p\u00eanalti, vira na ra\u00e7a contra o Goi\u00e1s por 2x1 e segue na ca\u00e7a dos l\u00edderes - Notibras","og_description":"O Gr\u00eamio errou p\u00eanalti, saiu atr\u00e1s, sofreu, mas o fim deste filme foi feliz. Aos 39 do segundo tempo, o jovem Everton, que poucas chances tem no time principal, de apenas 19 anos, virou o jogo. Neste domingo (6), o time ga\u00facho fez 2 a 1 no Goi\u00e1s, na Arena, e manteve press\u00e3o nos primeiros [&hellip;]","og_url":"https:\/\/www.notibras.com\/site\/gremio-perde-penalti-vira-na-raca-contra-o-goias-e-segue-na-caca-dos-lideres\/","og_site_name":"Notibras","article_publisher":"https:\/\/www.facebook.com\/notibras\/","article_published_time":"2015-09-06T20:51:09+00:00","article_modified_time":"2015-09-06T21:10:59+00:00","og_image":[{"width":527,"height":307,"url":"https:\/\/www.notibras.com\/site\/wp-content\/uploads\/2015\/09\/Campeonato_Brasileiro_-_Gremio_x_Goias_-foto-Ricardo_Rimoli-LANCE-Press_LANIMA20150906_0114_56.jpg","type":"image\/jpeg"}],"author":"Reda\u00e7\u00e3o","twitter_card":"summary_large_image","twitter_creator":"@Notibras","twitter_site":"@Notibras","twitter_misc":{"Escrito por":"Reda\u00e7\u00e3o","Est. tempo de leitura":"1 minuto"},"schema":{"@context":"https:\/\/schema.org","@graph":[{"@type":"Article","@id":"https:\/\/www.notibras.com\/site\/gremio-perde-penalti-vira-na-raca-contra-o-goias-e-segue-na-caca-dos-lideres\/#article","isPartOf":{"@id":"https:\/\/www.notibras.com\/site\/gremio-perde-penalti-vira-na-raca-contra-o-goias-e-segue-na-caca-dos-lideres\/"},"author":{"name":"Reda\u00e7\u00e3o","@id":"https:\/\/www.notibras.com\/site\/#\/schema\/person\/36ab0979449956132d3e5b517ea76ac8"},"headline":"Gr\u00eamio perde p\u00eanalti, vira na ra\u00e7a contra o Goi\u00e1s por 2&#215;1 e segue na ca\u00e7a dos l\u00edderes","datePublished":"2015-09-06T20:51:09+00:00","dateModified":"2015-09-06T21:10:59+00:00","mainEntityOfPage":{"@id":"https:\/\/www.notibras.com\/site\/gremio-perde-penalti-vira-na-raca-contra-o-goias-e-segue-na-caca-dos-lideres\/"},"wordCount":217,"commentCount":0,"publisher":{"@id":"https:\/\/www.notibras.com\/site\/#organization"},"image":{"@id":"https:\/\/www.notibras.com\/site\/gremio-perde-penalti-vira-na-raca-contra-o-goias-e-segue-na-caca-dos-lideres\/#primaryimage"},"thumbnailUrl":"https:\/\/www.notibras.com\/site\/wp-content\/uploads\/2015\/09\/Campeonato_Brasileiro_-_Gremio_x_Goias_-foto-Ricardo_Rimoli-LANCE-Press_LANIMA20150906_0114_56.jpg","articleSection":["Futebol"],"inLanguage":"pt-BR","potentialAction":[{"@type":"CommentAction","name":"Comment","target":["https:\/\/www.notibras.com\/site\/gremio-perde-penalti-vira-na-raca-contra-o-goias-e-segue-na-caca-dos-lideres\/#respond"]}]},{"@type":"WebPage","@id":"https:\/\/www.notibras.com\/site\/gremio-perde-penalti-vira-na-raca-contra-o-goias-e-segue-na-caca-dos-lideres\/","url":"https:\/\/www.notibras.com\/site\/gremio-perde-penalti-vira-na-raca-contra-o-goias-e-segue-na-caca-dos-lideres\/","name":"Gr\u00eamio perde p\u00eanalti, vira na ra\u00e7a contra o Goi\u00e1s por 2x1 e segue na ca\u00e7a dos l\u00edderes - Notibras","isPartOf":{"@id":"https:\/\/www.notibras.com\/site\/#website"},"primaryImageOfPage":{"@id":"https:\/\/www.notibras.com\/site\/gremio-perde-penalti-vira-na-raca-contra-o-goias-e-segue-na-caca-dos-lideres\/#primaryimage"},"image":{"@id":"https:\/\/www.notibras.com\/site\/gremio-perde-penalti-vira-na-raca-contra-o-goias-e-segue-na-caca-dos-lideres\/#primaryimage"},"thumbnailUrl":"https:\/\/www.notibras.com\/site\/wp-content\/uploads\/2015\/09\/Campeonato_Brasileiro_-_Gremio_x_Goias_-foto-Ricardo_Rimoli-LANCE-Press_LANIMA20150906_0114_56.jpg","datePublished":"2015-09-06T20:51:09+00:00","dateModified":"2015-09-06T21:10:59+00:00","breadcrumb":{"@id":"https:\/\/www.notibras.com\/site\/gremio-perde-penalti-vira-na-raca-contra-o-goias-e-segue-na-caca-dos-lideres\/#breadcrumb"},"inLanguage":"pt-BR","potentialAction":[{"@type":"ReadAction","target":["https:\/\/www.notibras.com\/site\/gremio-perde-penalti-vira-na-raca-contra-o-goias-e-segue-na-caca-dos-lideres\/"]}]},{"@type":"ImageObject","inLanguage":"pt-BR","@id":"https:\/\/www.notibras.com\/site\/gremio-perde-penalti-vira-na-raca-contra-o-goias-e-segue-na-caca-dos-lideres\/#primaryimage","url":"https:\/\/www.notibras.com\/site\/wp-content\/uploads\/2015\/09\/Campeonato_Brasileiro_-_Gremio_x_Goias_-foto-Ricardo_Rimoli-LANCE-Press_LANIMA20150906_0114_56.jpg","contentUrl":"https:\/\/www.notibras.com\/site\/wp-content\/uploads\/2015\/09\/Campeonato_Brasileiro_-_Gremio_x_Goias_-foto-Ricardo_Rimoli-LANCE-Press_LANIMA20150906_0114_56.jpg","width":527,"height":307},{"@type":"BreadcrumbList","@id":"https:\/\/www.notibras.com\/site\/gremio-perde-penalti-vira-na-raca-contra-o-goias-e-segue-na-caca-dos-lideres\/#breadcrumb","itemListElement":[{"@type":"ListItem","position":1,"name":"In\u00edcio","item":"https:\/\/www.notibras.com\/site\/"},{"@type":"ListItem","position":2,"name":"Gr\u00eamio perde p\u00eanalti, vira na ra\u00e7a contra o Goi\u00e1s por 2&#215;1 e segue na ca\u00e7a dos l\u00edderes"}]},{"@type":"WebSite","@id":"https:\/\/www.notibras.com\/site\/#website","url":"https:\/\/www.notibras.com\/site\/","name":"Notibras","description":"Not\u00edcias de Bras\u00edlia, do Brasil e do Mundo","publisher":{"@id":"https:\/\/www.notibras.com\/site\/#organization"},"potentialAction":[{"@type":"SearchAction","target":{"@type":"EntryPoint","urlTemplate":"https:\/\/www.notibras.com\/site\/?s={search_term_string}"},"query-input":{"@type":"PropertyValueSpecification","valueRequired":true,"valueName":"search_term_string"}}],"inLanguage":"pt-BR"},{"@type":"Organization","@id":"https:\/\/www.notibras.com\/site\/#organization","name":"Grupo Notibras de Comunica\u00e7\u00e3o","url":"https:\/\/www.notibras.com\/site\/","logo":{"@type":"ImageObject","inLanguage":"pt-BR","@id":"https:\/\/www.notibras.com\/site\/#\/schema\/logo\/image\/","url":"https:\/\/www.notibras.com\/site\/wp-content\/uploads\/2023\/01\/notibras23.png","contentUrl":"https:\/\/www.notibras.com\/site\/wp-content\/uploads\/2023\/01\/notibras23.png","width":350,"height":87,"caption":"Grupo Notibras de Comunica\u00e7\u00e3o"},"image":{"@id":"https:\/\/www.notibras.com\/site\/#\/schema\/logo\/image\/"},"sameAs":["https:\/\/www.facebook.com\/notibras\/","https:\/\/x.com\/Notibras","https:\/\/www.instagram.com\/notibras\/"]},{"@type":"Person","@id":"https:\/\/www.notibras.com\/site\/#\/schema\/person\/36ab0979449956132d3e5b517ea76ac8","name":"Reda\u00e7\u00e3o","image":{"@type":"ImageObject","inLanguage":"pt-BR","@id":"https:\/\/secure.gravatar.com\/avatar\/e0a867bdedb85fd243eadf09663511f96fc81e0720a4a42581f334ad4303aa6b?s=96&d=mm&r=g","url":"https:\/\/secure.gravatar.com\/avatar\/e0a867bdedb85fd243eadf09663511f96fc81e0720a4a42581f334ad4303aa6b?s=96&d=mm&r=g","contentUrl":"https:\/\/secure.gravatar.com\/avatar\/e0a867bdedb85fd243eadf09663511f96fc81e0720a4a42581f334ad4303aa6b?s=96&d=mm&r=g","caption":"Reda\u00e7\u00e3o"}}]}},"amp_enabled":true,"_links":{"self":[{"href":"https:\/\/www.notibras.com\/site\/wp-json\/wp\/v2\/posts\/66449","targetHints":{"allow":["GET"]}}],"collection":[{"href":"https:\/\/www.notibras.com\/site\/wp-json\/wp\/v2\/posts"}],"about":[{"href":"https:\/\/www.notibras.com\/site\/wp-json\/wp\/v2\/types\/post"}],"author":[{"embeddable":true,"href":"https:\/\/www.notibras.com\/site\/wp-json\/wp\/v2\/users\/2"}],"replies":[{"embeddable":true,"href":"https:\/\/www.notibras.com\/site\/wp-json\/wp\/v2\/comments?post=66449"}],"version-history":[{"count":2,"href":"https:\/\/www.notibras.com\/site\/wp-json\/wp\/v2\/posts\/66449\/revisions"}],"predecessor-version":[{"id":66452,"href":"https:\/\/www.notibras.com\/site\/wp-json\/wp\/v2\/posts\/66449\/revisions\/66452"}],"wp:featuredmedia":[{"embeddable":true,"href":"https:\/\/www.notibras.com\/site\/wp-json\/wp\/v2\/media\/66450"}],"wp:attachment":[{"href":"https:\/\/www.notibras.com\/site\/wp-json\/wp\/v2\/media?parent=66449"}],"wp:term":[{"taxonomy":"category","embeddable":true,"href":"https:\/\/www.notibras.com\/site\/wp-json\/wp\/v2\/categories?post=66449"},{"taxonomy":"post_tag","embeddable":true,"href":"https:\/\/www.notibras.com\/site\/wp-json\/wp\/v2\/tags?post=66449"}],"curies":[{"name":"wp","href":"https:\/\/api.w.org\/{rel}","templated":true}]}}