{"id":66510,"date":"2015-09-07T11:19:57","date_gmt":"2015-09-07T14:19:57","guid":{"rendered":"http:\/\/www.notibras.com\/site\/?p=66510"},"modified":"2015-09-07T20:57:44","modified_gmt":"2015-09-07T23:57:44","slug":"pixulecos-e-dilma-pinoquio-marcam-7-de-setembro-em-brasilia","status":"publish","type":"post","link":"https:\/\/www.notibras.com\/site\/pixulecos-e-dilma-pinoquio-marcam-7-de-setembro-em-brasilia\/","title":{"rendered":"Pixulecos e Dilma Pin\u00f3quio marcam os protestos do 7 de Setembro em Bras\u00edlia"},"content":{"rendered":"<p>Ap\u00f3s o sucesso do boneco inflado gigante representando o ex-presidente Luiz In\u00e1cio Lula da Silva nos protestos do \u00faltimo dia 16 de agosto, os manifestantes contr\u00e1rios ao governo Dilma Rousseff (PT) trouxeram duas novidades ao protesto de 7 de Setembro em Bras\u00edlia. Uma boneca gigante da presidente Dilma foi inflada no gramado da Esplanada dos Minist\u00e9rios, e &#8220;miniPixulecos&#8221; (bonecos em miniatura de Lula) foram vistos no local.<\/p>\n<p>A boneca de Dilma feita pelos manifestantes tem nariz comprido, como o do personagem Pin\u00f3quio, veste roupa vermelha, com a estrela do PT, est\u00e1 coberta com uma mancha lama. Ela foi batizada de &#8220;Pixuleca&#8221;. Segundo a &#8220;Folha de S.Paulo&#8221;, a boneca tem 12 metros de altura, pesa 300 quilos e custou R$ 12 mil, pagos pelo Movimento Brasil.<\/p>\n<p>No camarote das autoridades, Dilma encontrou ainda Rodrigo Rollemberg (PSB), governador do Distrito Federal, e Jaques Wagner (PT), ministro da Defesa, entre outros pol\u00edticos.\u00a0Segundo a Pol\u00edcia Militar do DF, 25 mil mil pessoas assistiram ao evento, que ocorre dias depois de revela\u00e7\u00f5es feitas pela opera\u00e7\u00e3o Lava Jato, que investiga irregularidades em contratos da Petrobras, chegarem a dois ministros do governo: Aloizio Mercadante (Casa Civil) e Edinho Silva (Comunica\u00e7\u00e3o Social).<\/p>\n<p>No final de semana, o ministro Teori Zavascki, do STF (Supremo Tribunal Federal), autorizou investiga\u00e7\u00f5es contra a dupla. A suspeita \u00e9 de que eles tenham recebido dinheiro com origem il\u00edcita para abastecer campanhas do PT, entre elas, a de reelei\u00e7\u00e3o da presidente Dilma.<\/p>\n<p>Com \u00edndices de aprova\u00e7\u00e3o em torno de 7%, a presidente decidiu n\u00e3o fazer o tradicional pronunciamento em rede nacional de r\u00e1dio e televis\u00e3o. Nas \u00faltimas vezes em que a presidente fez pronunciamentos em rede nacional de r\u00e1dio e TV, foram registrados &#8220;panela\u00e7os&#8221; em diversas cidades brasileiras.<\/p>\n<p>A Pol\u00edcia Militar confirmou a presen\u00e7a de 100 a 200 manifestantes pr\u00f3-Dilma na Catedral de Bras\u00edlia e aproximadamente 1000 contr\u00e1rios concentrados no Museu Nacional da Rep\u00fablica.<\/p>\n<p>Do lado de fora do desfile, pr\u00f3ximo ao Minist\u00e9rio do Trabalho, um grupo de manifestantes com faixas, vassouras e cartazes protestou chutando as placas de metal que fazem o isolamento da \u00e1rea do desfile.<\/p>\n<p>Tamb\u00e9m distante do local onde estavam as autoridades, manifestantes usaram bonecos infl\u00e1veis de Dilma e do ex-presidente Lula In\u00e1cio Lula da Silva.\u00a0Os manifestantes s\u00f3 tiveram acesso ao gramado da Esplanada ap\u00f3s o fim do desfile oficial e um forte esquema de seguran\u00e7a foi montado. Revistas foram feitas em v\u00e1rios pontos para impedir que faixa e cartazes cheguem ao palanque presidencial.\u00a0O evento custou R$ 830 mil para o governo federal, um valor 30% menor que o gasto em 2014, quando foram pagos R$ 1,1 milh\u00e3o.\u00a0A seguran\u00e7a do local foi feita por homens do Gabinete de Seguran\u00e7a Institucional da Presid\u00eancia, militares das For\u00e7as Armadas e da PM (Pol\u00edcia Militar) do Distrito Federal. De acordo com o governo do DF, 1,5 mil PMs atuaram no local.<\/p>\n","protected":false},"excerpt":{"rendered":"<p>Ap\u00f3s o sucesso do boneco inflado gigante representando o ex-presidente Luiz In\u00e1cio Lula da Silva nos protestos do \u00faltimo dia 16 de agosto, os manifestantes contr\u00e1rios ao governo Dilma Rousseff (PT) trouxeram duas novidades ao protesto de 7 de Setembro em Bras\u00edlia. Uma boneca gigante da presidente Dilma foi inflada no gramado da Esplanada dos [&hellip;]<\/p>\n","protected":false},"author":2,"featured_media":0,"comment_status":"open","ping_status":"closed","sticky":false,"template":"","format":"standard","meta":{"_acf_changed":false,"footnotes":""},"categories":[16],"tags":[],"class_list":["post-66510","post","type-post","status-publish","format-standard","hentry","category-brasil"],"acf":[],"yoast_head":"<!-- This site is optimized with the Yoast SEO plugin v27.2 - https:\/\/yoast.com\/product\/yoast-seo-wordpress\/ -->\n<title>Pixulecos e Dilma Pin\u00f3quio marcam os protestos do 7 de Setembro em Bras\u00edlia - Notibras<\/title>\n<meta name=\"robots\" content=\"index, follow, max-snippet:-1, max-image-preview:large, max-video-preview:-1\" \/>\n<link rel=\"canonical\" href=\"https:\/\/www.notibras.com\/site\/pixulecos-e-dilma-pinoquio-marcam-7-de-setembro-em-brasilia\/\" \/>\n<meta property=\"og:locale\" content=\"pt_BR\" \/>\n<meta property=\"og:type\" content=\"article\" \/>\n<meta property=\"og:title\" content=\"Pixulecos e Dilma Pin\u00f3quio marcam os protestos do 7 de Setembro em Bras\u00edlia - Notibras\" \/>\n<meta property=\"og:description\" content=\"Ap\u00f3s o sucesso do boneco inflado gigante representando o ex-presidente Luiz In\u00e1cio Lula da Silva nos protestos do \u00faltimo dia 16 de agosto, os manifestantes contr\u00e1rios ao governo Dilma Rousseff (PT) trouxeram duas novidades ao protesto de 7 de Setembro em Bras\u00edlia. Uma boneca gigante da presidente Dilma foi inflada no gramado da Esplanada dos [&hellip;]\" \/>\n<meta property=\"og:url\" content=\"https:\/\/www.notibras.com\/site\/pixulecos-e-dilma-pinoquio-marcam-7-de-setembro-em-brasilia\/\" \/>\n<meta property=\"og:site_name\" content=\"Notibras\" \/>\n<meta property=\"article:publisher\" content=\"https:\/\/www.facebook.com\/notibras\/\" \/>\n<meta property=\"article:published_time\" content=\"2015-09-07T14:19:57+00:00\" \/>\n<meta property=\"article:modified_time\" content=\"2015-09-07T23:57:44+00:00\" \/>\n<meta property=\"og:image\" content=\"https:\/\/www.notibras.com\/site\/wp-content\/uploads\/2015\/09\/age20150907263_1.jpg\" \/>\n\t<meta property=\"og:image:width\" content=\"620\" \/>\n\t<meta property=\"og:image:height\" content=\"465\" \/>\n\t<meta property=\"og:image:type\" content=\"image\/jpeg\" \/>\n<meta name=\"author\" content=\"Reda\u00e7\u00e3o\" \/>\n<meta name=\"twitter:card\" content=\"summary_large_image\" \/>\n<meta name=\"twitter:creator\" content=\"@Notibras\" \/>\n<meta name=\"twitter:site\" content=\"@Notibras\" \/>\n<meta name=\"twitter:label1\" content=\"Escrito por\" \/>\n\t<meta name=\"twitter:data1\" content=\"Reda\u00e7\u00e3o\" \/>\n\t<meta name=\"twitter:label2\" content=\"Est. tempo de leitura\" \/>\n\t<meta name=\"twitter:data2\" content=\"2 minutos\" \/>\n<script type=\"application\/ld+json\" class=\"yoast-schema-graph\">{\"@context\":\"https:\/\/schema.org\",\"@graph\":[{\"@type\":\"Article\",\"@id\":\"https:\/\/www.notibras.com\/site\/pixulecos-e-dilma-pinoquio-marcam-7-de-setembro-em-brasilia\/#article\",\"isPartOf\":{\"@id\":\"https:\/\/www.notibras.com\/site\/pixulecos-e-dilma-pinoquio-marcam-7-de-setembro-em-brasilia\/\"},\"author\":{\"name\":\"Reda\u00e7\u00e3o\",\"@id\":\"https:\/\/www.notibras.com\/site\/#\/schema\/person\/36ab0979449956132d3e5b517ea76ac8\"},\"headline\":\"Pixulecos e Dilma Pin\u00f3quio marcam os protestos do 7 de Setembro em Bras\u00edlia\",\"datePublished\":\"2015-09-07T14:19:57+00:00\",\"dateModified\":\"2015-09-07T23:57:44+00:00\",\"mainEntityOfPage\":{\"@id\":\"https:\/\/www.notibras.com\/site\/pixulecos-e-dilma-pinoquio-marcam-7-de-setembro-em-brasilia\/\"},\"wordCount\":509,\"commentCount\":0,\"publisher\":{\"@id\":\"https:\/\/www.notibras.com\/site\/#organization\"},\"articleSection\":[\"Brasil\"],\"inLanguage\":\"pt-BR\",\"potentialAction\":[{\"@type\":\"CommentAction\",\"name\":\"Comment\",\"target\":[\"https:\/\/www.notibras.com\/site\/pixulecos-e-dilma-pinoquio-marcam-7-de-setembro-em-brasilia\/#respond\"]}]},{\"@type\":\"WebPage\",\"@id\":\"https:\/\/www.notibras.com\/site\/pixulecos-e-dilma-pinoquio-marcam-7-de-setembro-em-brasilia\/\",\"url\":\"https:\/\/www.notibras.com\/site\/pixulecos-e-dilma-pinoquio-marcam-7-de-setembro-em-brasilia\/\",\"name\":\"Pixulecos e Dilma Pin\u00f3quio marcam os protestos do 7 de Setembro em Bras\u00edlia - Notibras\",\"isPartOf\":{\"@id\":\"https:\/\/www.notibras.com\/site\/#website\"},\"datePublished\":\"2015-09-07T14:19:57+00:00\",\"dateModified\":\"2015-09-07T23:57:44+00:00\",\"breadcrumb\":{\"@id\":\"https:\/\/www.notibras.com\/site\/pixulecos-e-dilma-pinoquio-marcam-7-de-setembro-em-brasilia\/#breadcrumb\"},\"inLanguage\":\"pt-BR\",\"potentialAction\":[{\"@type\":\"ReadAction\",\"target\":[\"https:\/\/www.notibras.com\/site\/pixulecos-e-dilma-pinoquio-marcam-7-de-setembro-em-brasilia\/\"]}]},{\"@type\":\"BreadcrumbList\",\"@id\":\"https:\/\/www.notibras.com\/site\/pixulecos-e-dilma-pinoquio-marcam-7-de-setembro-em-brasilia\/#breadcrumb\",\"itemListElement\":[{\"@type\":\"ListItem\",\"position\":1,\"name\":\"In\u00edcio\",\"item\":\"https:\/\/www.notibras.com\/site\/\"},{\"@type\":\"ListItem\",\"position\":2,\"name\":\"Pixulecos e Dilma Pin\u00f3quio marcam os protestos do 7 de Setembro em Bras\u00edlia\"}]},{\"@type\":\"WebSite\",\"@id\":\"https:\/\/www.notibras.com\/site\/#website\",\"url\":\"https:\/\/www.notibras.com\/site\/\",\"name\":\"Notibras\",\"description\":\"Not\u00edcias de Bras\u00edlia, do Brasil e do Mundo\",\"publisher\":{\"@id\":\"https:\/\/www.notibras.com\/site\/#organization\"},\"potentialAction\":[{\"@type\":\"SearchAction\",\"target\":{\"@type\":\"EntryPoint\",\"urlTemplate\":\"https:\/\/www.notibras.com\/site\/?s={search_term_string}\"},\"query-input\":{\"@type\":\"PropertyValueSpecification\",\"valueRequired\":true,\"valueName\":\"search_term_string\"}}],\"inLanguage\":\"pt-BR\"},{\"@type\":\"Organization\",\"@id\":\"https:\/\/www.notibras.com\/site\/#organization\",\"name\":\"Grupo Notibras de Comunica\u00e7\u00e3o\",\"url\":\"https:\/\/www.notibras.com\/site\/\",\"logo\":{\"@type\":\"ImageObject\",\"inLanguage\":\"pt-BR\",\"@id\":\"https:\/\/www.notibras.com\/site\/#\/schema\/logo\/image\/\",\"url\":\"https:\/\/www.notibras.com\/site\/wp-content\/uploads\/2023\/01\/notibras23.png\",\"contentUrl\":\"https:\/\/www.notibras.com\/site\/wp-content\/uploads\/2023\/01\/notibras23.png\",\"width\":350,\"height\":87,\"caption\":\"Grupo Notibras de Comunica\u00e7\u00e3o\"},\"image\":{\"@id\":\"https:\/\/www.notibras.com\/site\/#\/schema\/logo\/image\/\"},\"sameAs\":[\"https:\/\/www.facebook.com\/notibras\/\",\"https:\/\/x.com\/Notibras\",\"https:\/\/www.instagram.com\/notibras\/\"]},{\"@type\":\"Person\",\"@id\":\"https:\/\/www.notibras.com\/site\/#\/schema\/person\/36ab0979449956132d3e5b517ea76ac8\",\"name\":\"Reda\u00e7\u00e3o\",\"image\":{\"@type\":\"ImageObject\",\"inLanguage\":\"pt-BR\",\"@id\":\"https:\/\/secure.gravatar.com\/avatar\/e0a867bdedb85fd243eadf09663511f96fc81e0720a4a42581f334ad4303aa6b?s=96&d=mm&r=g\",\"url\":\"https:\/\/secure.gravatar.com\/avatar\/e0a867bdedb85fd243eadf09663511f96fc81e0720a4a42581f334ad4303aa6b?s=96&d=mm&r=g\",\"contentUrl\":\"https:\/\/secure.gravatar.com\/avatar\/e0a867bdedb85fd243eadf09663511f96fc81e0720a4a42581f334ad4303aa6b?s=96&d=mm&r=g\",\"caption\":\"Reda\u00e7\u00e3o\"}}]}<\/script>\n<!-- \/ Yoast SEO plugin. -->","yoast_head_json":{"title":"Pixulecos e Dilma Pin\u00f3quio marcam os protestos do 7 de Setembro em Bras\u00edlia - Notibras","robots":{"index":"index","follow":"follow","max-snippet":"max-snippet:-1","max-image-preview":"max-image-preview:large","max-video-preview":"max-video-preview:-1"},"canonical":"https:\/\/www.notibras.com\/site\/pixulecos-e-dilma-pinoquio-marcam-7-de-setembro-em-brasilia\/","og_locale":"pt_BR","og_type":"article","og_title":"Pixulecos e Dilma Pin\u00f3quio marcam os protestos do 7 de Setembro em Bras\u00edlia - Notibras","og_description":"Ap\u00f3s o sucesso do boneco inflado gigante representando o ex-presidente Luiz In\u00e1cio Lula da Silva nos protestos do \u00faltimo dia 16 de agosto, os manifestantes contr\u00e1rios ao governo Dilma Rousseff (PT) trouxeram duas novidades ao protesto de 7 de Setembro em Bras\u00edlia. Uma boneca gigante da presidente Dilma foi inflada no gramado da Esplanada dos [&hellip;]","og_url":"https:\/\/www.notibras.com\/site\/pixulecos-e-dilma-pinoquio-marcam-7-de-setembro-em-brasilia\/","og_site_name":"Notibras","article_publisher":"https:\/\/www.facebook.com\/notibras\/","article_published_time":"2015-09-07T14:19:57+00:00","article_modified_time":"2015-09-07T23:57:44+00:00","og_image":[{"width":620,"height":465,"url":"https:\/\/www.notibras.com\/site\/wp-content\/uploads\/2015\/09\/age20150907263_1.jpg","type":"image\/jpeg"}],"author":"Reda\u00e7\u00e3o","twitter_card":"summary_large_image","twitter_creator":"@Notibras","twitter_site":"@Notibras","twitter_misc":{"Escrito por":"Reda\u00e7\u00e3o","Est. tempo de leitura":"2 minutos"},"schema":{"@context":"https:\/\/schema.org","@graph":[{"@type":"Article","@id":"https:\/\/www.notibras.com\/site\/pixulecos-e-dilma-pinoquio-marcam-7-de-setembro-em-brasilia\/#article","isPartOf":{"@id":"https:\/\/www.notibras.com\/site\/pixulecos-e-dilma-pinoquio-marcam-7-de-setembro-em-brasilia\/"},"author":{"name":"Reda\u00e7\u00e3o","@id":"https:\/\/www.notibras.com\/site\/#\/schema\/person\/36ab0979449956132d3e5b517ea76ac8"},"headline":"Pixulecos e Dilma Pin\u00f3quio marcam os protestos do 7 de Setembro em Bras\u00edlia","datePublished":"2015-09-07T14:19:57+00:00","dateModified":"2015-09-07T23:57:44+00:00","mainEntityOfPage":{"@id":"https:\/\/www.notibras.com\/site\/pixulecos-e-dilma-pinoquio-marcam-7-de-setembro-em-brasilia\/"},"wordCount":509,"commentCount":0,"publisher":{"@id":"https:\/\/www.notibras.com\/site\/#organization"},"articleSection":["Brasil"],"inLanguage":"pt-BR","potentialAction":[{"@type":"CommentAction","name":"Comment","target":["https:\/\/www.notibras.com\/site\/pixulecos-e-dilma-pinoquio-marcam-7-de-setembro-em-brasilia\/#respond"]}]},{"@type":"WebPage","@id":"https:\/\/www.notibras.com\/site\/pixulecos-e-dilma-pinoquio-marcam-7-de-setembro-em-brasilia\/","url":"https:\/\/www.notibras.com\/site\/pixulecos-e-dilma-pinoquio-marcam-7-de-setembro-em-brasilia\/","name":"Pixulecos e Dilma Pin\u00f3quio marcam os protestos do 7 de Setembro em Bras\u00edlia - Notibras","isPartOf":{"@id":"https:\/\/www.notibras.com\/site\/#website"},"datePublished":"2015-09-07T14:19:57+00:00","dateModified":"2015-09-07T23:57:44+00:00","breadcrumb":{"@id":"https:\/\/www.notibras.com\/site\/pixulecos-e-dilma-pinoquio-marcam-7-de-setembro-em-brasilia\/#breadcrumb"},"inLanguage":"pt-BR","potentialAction":[{"@type":"ReadAction","target":["https:\/\/www.notibras.com\/site\/pixulecos-e-dilma-pinoquio-marcam-7-de-setembro-em-brasilia\/"]}]},{"@type":"BreadcrumbList","@id":"https:\/\/www.notibras.com\/site\/pixulecos-e-dilma-pinoquio-marcam-7-de-setembro-em-brasilia\/#breadcrumb","itemListElement":[{"@type":"ListItem","position":1,"name":"In\u00edcio","item":"https:\/\/www.notibras.com\/site\/"},{"@type":"ListItem","position":2,"name":"Pixulecos e Dilma Pin\u00f3quio marcam os protestos do 7 de Setembro em Bras\u00edlia"}]},{"@type":"WebSite","@id":"https:\/\/www.notibras.com\/site\/#website","url":"https:\/\/www.notibras.com\/site\/","name":"Notibras","description":"Not\u00edcias de Bras\u00edlia, do Brasil e do Mundo","publisher":{"@id":"https:\/\/www.notibras.com\/site\/#organization"},"potentialAction":[{"@type":"SearchAction","target":{"@type":"EntryPoint","urlTemplate":"https:\/\/www.notibras.com\/site\/?s={search_term_string}"},"query-input":{"@type":"PropertyValueSpecification","valueRequired":true,"valueName":"search_term_string"}}],"inLanguage":"pt-BR"},{"@type":"Organization","@id":"https:\/\/www.notibras.com\/site\/#organization","name":"Grupo Notibras de Comunica\u00e7\u00e3o","url":"https:\/\/www.notibras.com\/site\/","logo":{"@type":"ImageObject","inLanguage":"pt-BR","@id":"https:\/\/www.notibras.com\/site\/#\/schema\/logo\/image\/","url":"https:\/\/www.notibras.com\/site\/wp-content\/uploads\/2023\/01\/notibras23.png","contentUrl":"https:\/\/www.notibras.com\/site\/wp-content\/uploads\/2023\/01\/notibras23.png","width":350,"height":87,"caption":"Grupo Notibras de Comunica\u00e7\u00e3o"},"image":{"@id":"https:\/\/www.notibras.com\/site\/#\/schema\/logo\/image\/"},"sameAs":["https:\/\/www.facebook.com\/notibras\/","https:\/\/x.com\/Notibras","https:\/\/www.instagram.com\/notibras\/"]},{"@type":"Person","@id":"https:\/\/www.notibras.com\/site\/#\/schema\/person\/36ab0979449956132d3e5b517ea76ac8","name":"Reda\u00e7\u00e3o","image":{"@type":"ImageObject","inLanguage":"pt-BR","@id":"https:\/\/secure.gravatar.com\/avatar\/e0a867bdedb85fd243eadf09663511f96fc81e0720a4a42581f334ad4303aa6b?s=96&d=mm&r=g","url":"https:\/\/secure.gravatar.com\/avatar\/e0a867bdedb85fd243eadf09663511f96fc81e0720a4a42581f334ad4303aa6b?s=96&d=mm&r=g","contentUrl":"https:\/\/secure.gravatar.com\/avatar\/e0a867bdedb85fd243eadf09663511f96fc81e0720a4a42581f334ad4303aa6b?s=96&d=mm&r=g","caption":"Reda\u00e7\u00e3o"}}]}},"amp_enabled":true,"_links":{"self":[{"href":"https:\/\/www.notibras.com\/site\/wp-json\/wp\/v2\/posts\/66510","targetHints":{"allow":["GET"]}}],"collection":[{"href":"https:\/\/www.notibras.com\/site\/wp-json\/wp\/v2\/posts"}],"about":[{"href":"https:\/\/www.notibras.com\/site\/wp-json\/wp\/v2\/types\/post"}],"author":[{"embeddable":true,"href":"https:\/\/www.notibras.com\/site\/wp-json\/wp\/v2\/users\/2"}],"replies":[{"embeddable":true,"href":"https:\/\/www.notibras.com\/site\/wp-json\/wp\/v2\/comments?post=66510"}],"version-history":[{"count":3,"href":"https:\/\/www.notibras.com\/site\/wp-json\/wp\/v2\/posts\/66510\/revisions"}],"predecessor-version":[{"id":66588,"href":"https:\/\/www.notibras.com\/site\/wp-json\/wp\/v2\/posts\/66510\/revisions\/66588"}],"wp:attachment":[{"href":"https:\/\/www.notibras.com\/site\/wp-json\/wp\/v2\/media?parent=66510"}],"wp:term":[{"taxonomy":"category","embeddable":true,"href":"https:\/\/www.notibras.com\/site\/wp-json\/wp\/v2\/categories?post=66510"},{"taxonomy":"post_tag","embeddable":true,"href":"https:\/\/www.notibras.com\/site\/wp-json\/wp\/v2\/tags?post=66510"}],"curies":[{"name":"wp","href":"https:\/\/api.w.org\/{rel}","templated":true}]}}