{"id":66585,"date":"2015-09-07T20:08:44","date_gmt":"2015-09-07T23:08:44","guid":{"rendered":"http:\/\/www.notibras.com\/site\/?p=66585"},"modified":"2015-09-08T17:14:21","modified_gmt":"2015-09-08T20:14:21","slug":"previsao-orcamentaria-de-dilma-e-furada-falta-a-navalha-na-carne","status":"publish","type":"post","link":"https:\/\/www.notibras.com\/site\/previsao-orcamentaria-de-dilma-e-furada-falta-a-navalha-na-carne\/","title":{"rendered":"Previs\u00e3o or\u00e7ament\u00e1ria de Dilma para 2016 \u00e9 furada. Falta ao governo usar a navalha na carne"},"content":{"rendered":"<p>Analistas pol\u00edticos e econ\u00f4micos est\u00e3o entoando a mesma can\u00e7\u00e3o: \u00e9 furada a previs\u00e3o de crescimento econ\u00f4mico de 0,2% para 2016, previsto na proposta or\u00e7ament\u00e1ria. Para eles, a recess\u00e3o no pr\u00f3ximo ano, ficar\u00e1 em torno de 2,5%. Consideram tamb\u00e9m falsa a previs\u00e3o de 5,4% para a infla\u00e7\u00e3o no ano que vem. Em torno de 10%, o que acontece nos dias de hoje.<\/p>\n<p>Desnecessariamente otimistas s\u00e3o consideradas as receitas de R$ 31,7 bilh\u00f5es com a amplia\u00e7\u00e3o das concess\u00f5es de servi\u00e7os p\u00fablicos e as vendas de im\u00f3veis ociosos do pa\u00eds.<\/p>\n<p>O sal\u00e1rio m\u00ednimo, a partir de 1\u00ba de janeiro de 2016, ser\u00e1 reajustado em 9,89% &#8211; ficando em R$ 865,06. Uma despesa que impactar\u00e1 o or\u00e7amento do INSS em 23,25 bilh\u00f5es.<\/p>\n<p>Os equipamentos eletr\u00f4nicos, os vinhos, as bebidas destiladas tamb\u00e9m custar\u00e3o mais caros em 2016.<\/p>\n<p>O que chama a aten\u00e7\u00e3o na proposta or\u00e7ament\u00e1ria \u00e9 que o governo n\u00e3o fala em cortar suas despesas, reduzir o n\u00famero de minist\u00e9rios, exonerar comissionados, com altos sal\u00e1rios, em sua maioria indicados pelo PT.<\/p>\n<p>O relator da proposta de Or\u00e7amento para 2016, deputado Ricardo Barros (PP-PR), afirmou que o projeto encaminhado pelo governo ao Congresso Nacional subestima as despesas da Uni\u00e3o em R$ 3,4 bilh\u00f5es. Segundo ele, R$ 1,9 bilh\u00f5es desse total referem-se \u00e0 compensa\u00e7\u00e3o que o governo deve repassar aos estados pela isen\u00e7\u00e3o de ICMS nas exporta\u00e7\u00f5es, conforme previsto na Lei Kandir. Al\u00e9m disso, mais R$ 1,5 bilh\u00e3o t\u00eam que ser destinados ao atendimento obrigat\u00f3rio das emendas individuais, apresentadas pelos parlamentares.<\/p>\n<p>O presidente do Congresso, senador Renan Calheiros, ignorou o pedido dos partidos da oposi\u00e7\u00e3o &#8211; PSDB, DEM e PPS de recusar a proposta or\u00e7ament\u00e1ria, devolvendo-a \u00e0 presidente Dilma, para que ela promovesse os ajustes necess\u00e1rios para evitar o d\u00e9ficit de R$ 30,5 bilh\u00f5es.<\/p>\n","protected":false},"excerpt":{"rendered":"<p>Analistas pol\u00edticos e econ\u00f4micos est\u00e3o entoando a mesma can\u00e7\u00e3o: \u00e9 furada a previs\u00e3o de crescimento econ\u00f4mico de 0,2% para 2016, previsto na proposta or\u00e7ament\u00e1ria. Para eles, a recess\u00e3o no pr\u00f3ximo ano, ficar\u00e1 em torno de 2,5%. Consideram tamb\u00e9m falsa a previs\u00e3o de 5,4% para a infla\u00e7\u00e3o no ano que vem. Em torno de 10%, o [&hellip;]<\/p>\n","protected":false},"author":2,"featured_media":66586,"comment_status":"open","ping_status":"closed","sticky":false,"template":"","format":"standard","meta":{"_acf_changed":false,"footnotes":""},"categories":[42],"tags":[],"class_list":["post-66585","post","type-post","status-publish","format-standard","has-post-thumbnail","hentry","category-coletti"],"acf":[],"yoast_head":"<!-- This site is optimized with the Yoast SEO plugin v27.2 - https:\/\/yoast.com\/product\/yoast-seo-wordpress\/ -->\n<title>Previs\u00e3o or\u00e7ament\u00e1ria de Dilma para 2016 \u00e9 furada. Falta ao governo usar a navalha na carne - Notibras<\/title>\n<meta name=\"robots\" content=\"index, follow, max-snippet:-1, max-image-preview:large, max-video-preview:-1\" \/>\n<link rel=\"canonical\" href=\"https:\/\/www.notibras.com\/site\/previsao-orcamentaria-de-dilma-e-furada-falta-a-navalha-na-carne\/\" \/>\n<meta property=\"og:locale\" content=\"pt_BR\" \/>\n<meta property=\"og:type\" content=\"article\" \/>\n<meta property=\"og:title\" content=\"Previs\u00e3o or\u00e7ament\u00e1ria de Dilma para 2016 \u00e9 furada. Falta ao governo usar a navalha na carne - Notibras\" \/>\n<meta property=\"og:description\" content=\"Analistas pol\u00edticos e econ\u00f4micos est\u00e3o entoando a mesma can\u00e7\u00e3o: \u00e9 furada a previs\u00e3o de crescimento econ\u00f4mico de 0,2% para 2016, previsto na proposta or\u00e7ament\u00e1ria. Para eles, a recess\u00e3o no pr\u00f3ximo ano, ficar\u00e1 em torno de 2,5%. Consideram tamb\u00e9m falsa a previs\u00e3o de 5,4% para a infla\u00e7\u00e3o no ano que vem. Em torno de 10%, o [&hellip;]\" \/>\n<meta property=\"og:url\" content=\"https:\/\/www.notibras.com\/site\/previsao-orcamentaria-de-dilma-e-furada-falta-a-navalha-na-carne\/\" \/>\n<meta property=\"og:site_name\" content=\"Notibras\" \/>\n<meta property=\"article:publisher\" content=\"https:\/\/www.facebook.com\/notibras\/\" \/>\n<meta property=\"article:published_time\" content=\"2015-09-07T23:08:44+00:00\" \/>\n<meta property=\"article:modified_time\" content=\"2015-09-08T20:14:21+00:00\" \/>\n<meta property=\"og:image\" content=\"https:\/\/www.notibras.com\/site\/wp-content\/uploads\/2015\/09\/or\u00e7a.jpeg\" \/>\n\t<meta property=\"og:image:width\" content=\"800\" \/>\n\t<meta property=\"og:image:height\" content=\"600\" \/>\n\t<meta property=\"og:image:type\" content=\"image\/jpeg\" \/>\n<meta name=\"author\" content=\"Reda\u00e7\u00e3o\" \/>\n<meta name=\"twitter:card\" content=\"summary_large_image\" \/>\n<meta name=\"twitter:creator\" content=\"@Notibras\" \/>\n<meta name=\"twitter:site\" content=\"@Notibras\" \/>\n<meta name=\"twitter:label1\" content=\"Escrito por\" \/>\n\t<meta name=\"twitter:data1\" content=\"Reda\u00e7\u00e3o\" \/>\n\t<meta name=\"twitter:label2\" content=\"Est. tempo de leitura\" \/>\n\t<meta name=\"twitter:data2\" content=\"2 minutos\" \/>\n<script type=\"application\/ld+json\" class=\"yoast-schema-graph\">{\"@context\":\"https:\/\/schema.org\",\"@graph\":[{\"@type\":\"Article\",\"@id\":\"https:\/\/www.notibras.com\/site\/previsao-orcamentaria-de-dilma-e-furada-falta-a-navalha-na-carne\/#article\",\"isPartOf\":{\"@id\":\"https:\/\/www.notibras.com\/site\/previsao-orcamentaria-de-dilma-e-furada-falta-a-navalha-na-carne\/\"},\"author\":{\"name\":\"Reda\u00e7\u00e3o\",\"@id\":\"https:\/\/www.notibras.com\/site\/#\/schema\/person\/36ab0979449956132d3e5b517ea76ac8\"},\"headline\":\"Previs\u00e3o or\u00e7ament\u00e1ria de Dilma para 2016 \u00e9 furada. Falta ao governo usar a navalha na carne\",\"datePublished\":\"2015-09-07T23:08:44+00:00\",\"dateModified\":\"2015-09-08T20:14:21+00:00\",\"mainEntityOfPage\":{\"@id\":\"https:\/\/www.notibras.com\/site\/previsao-orcamentaria-de-dilma-e-furada-falta-a-navalha-na-carne\/\"},\"wordCount\":335,\"commentCount\":0,\"publisher\":{\"@id\":\"https:\/\/www.notibras.com\/site\/#organization\"},\"image\":{\"@id\":\"https:\/\/www.notibras.com\/site\/previsao-orcamentaria-de-dilma-e-furada-falta-a-navalha-na-carne\/#primaryimage\"},\"thumbnailUrl\":\"https:\/\/www.notibras.com\/site\/wp-content\/uploads\/2015\/09\/or\u00e7a.jpeg\",\"articleSection\":[\"Cl\u00e1udio Coletti\"],\"inLanguage\":\"pt-BR\",\"potentialAction\":[{\"@type\":\"CommentAction\",\"name\":\"Comment\",\"target\":[\"https:\/\/www.notibras.com\/site\/previsao-orcamentaria-de-dilma-e-furada-falta-a-navalha-na-carne\/#respond\"]}]},{\"@type\":\"WebPage\",\"@id\":\"https:\/\/www.notibras.com\/site\/previsao-orcamentaria-de-dilma-e-furada-falta-a-navalha-na-carne\/\",\"url\":\"https:\/\/www.notibras.com\/site\/previsao-orcamentaria-de-dilma-e-furada-falta-a-navalha-na-carne\/\",\"name\":\"Previs\u00e3o or\u00e7ament\u00e1ria de Dilma para 2016 \u00e9 furada. Falta ao governo usar a navalha na carne - Notibras\",\"isPartOf\":{\"@id\":\"https:\/\/www.notibras.com\/site\/#website\"},\"primaryImageOfPage\":{\"@id\":\"https:\/\/www.notibras.com\/site\/previsao-orcamentaria-de-dilma-e-furada-falta-a-navalha-na-carne\/#primaryimage\"},\"image\":{\"@id\":\"https:\/\/www.notibras.com\/site\/previsao-orcamentaria-de-dilma-e-furada-falta-a-navalha-na-carne\/#primaryimage\"},\"thumbnailUrl\":\"https:\/\/www.notibras.com\/site\/wp-content\/uploads\/2015\/09\/or\u00e7a.jpeg\",\"datePublished\":\"2015-09-07T23:08:44+00:00\",\"dateModified\":\"2015-09-08T20:14:21+00:00\",\"breadcrumb\":{\"@id\":\"https:\/\/www.notibras.com\/site\/previsao-orcamentaria-de-dilma-e-furada-falta-a-navalha-na-carne\/#breadcrumb\"},\"inLanguage\":\"pt-BR\",\"potentialAction\":[{\"@type\":\"ReadAction\",\"target\":[\"https:\/\/www.notibras.com\/site\/previsao-orcamentaria-de-dilma-e-furada-falta-a-navalha-na-carne\/\"]}]},{\"@type\":\"ImageObject\",\"inLanguage\":\"pt-BR\",\"@id\":\"https:\/\/www.notibras.com\/site\/previsao-orcamentaria-de-dilma-e-furada-falta-a-navalha-na-carne\/#primaryimage\",\"url\":\"https:\/\/www.notibras.com\/site\/wp-content\/uploads\/2015\/09\/or\u00e7a.jpeg\",\"contentUrl\":\"https:\/\/www.notibras.com\/site\/wp-content\/uploads\/2015\/09\/or\u00e7a.jpeg\",\"width\":800,\"height\":600},{\"@type\":\"BreadcrumbList\",\"@id\":\"https:\/\/www.notibras.com\/site\/previsao-orcamentaria-de-dilma-e-furada-falta-a-navalha-na-carne\/#breadcrumb\",\"itemListElement\":[{\"@type\":\"ListItem\",\"position\":1,\"name\":\"In\u00edcio\",\"item\":\"https:\/\/www.notibras.com\/site\/\"},{\"@type\":\"ListItem\",\"position\":2,\"name\":\"Previs\u00e3o or\u00e7ament\u00e1ria de Dilma para 2016 \u00e9 furada. Falta ao governo usar a navalha na carne\"}]},{\"@type\":\"WebSite\",\"@id\":\"https:\/\/www.notibras.com\/site\/#website\",\"url\":\"https:\/\/www.notibras.com\/site\/\",\"name\":\"Notibras\",\"description\":\"Not\u00edcias de Bras\u00edlia, do Brasil e do Mundo\",\"publisher\":{\"@id\":\"https:\/\/www.notibras.com\/site\/#organization\"},\"potentialAction\":[{\"@type\":\"SearchAction\",\"target\":{\"@type\":\"EntryPoint\",\"urlTemplate\":\"https:\/\/www.notibras.com\/site\/?s={search_term_string}\"},\"query-input\":{\"@type\":\"PropertyValueSpecification\",\"valueRequired\":true,\"valueName\":\"search_term_string\"}}],\"inLanguage\":\"pt-BR\"},{\"@type\":\"Organization\",\"@id\":\"https:\/\/www.notibras.com\/site\/#organization\",\"name\":\"Grupo Notibras de Comunica\u00e7\u00e3o\",\"url\":\"https:\/\/www.notibras.com\/site\/\",\"logo\":{\"@type\":\"ImageObject\",\"inLanguage\":\"pt-BR\",\"@id\":\"https:\/\/www.notibras.com\/site\/#\/schema\/logo\/image\/\",\"url\":\"https:\/\/www.notibras.com\/site\/wp-content\/uploads\/2023\/01\/notibras23.png\",\"contentUrl\":\"https:\/\/www.notibras.com\/site\/wp-content\/uploads\/2023\/01\/notibras23.png\",\"width\":350,\"height\":87,\"caption\":\"Grupo Notibras de Comunica\u00e7\u00e3o\"},\"image\":{\"@id\":\"https:\/\/www.notibras.com\/site\/#\/schema\/logo\/image\/\"},\"sameAs\":[\"https:\/\/www.facebook.com\/notibras\/\",\"https:\/\/x.com\/Notibras\",\"https:\/\/www.instagram.com\/notibras\/\"]},{\"@type\":\"Person\",\"@id\":\"https:\/\/www.notibras.com\/site\/#\/schema\/person\/36ab0979449956132d3e5b517ea76ac8\",\"name\":\"Reda\u00e7\u00e3o\",\"image\":{\"@type\":\"ImageObject\",\"inLanguage\":\"pt-BR\",\"@id\":\"https:\/\/secure.gravatar.com\/avatar\/e0a867bdedb85fd243eadf09663511f96fc81e0720a4a42581f334ad4303aa6b?s=96&d=mm&r=g\",\"url\":\"https:\/\/secure.gravatar.com\/avatar\/e0a867bdedb85fd243eadf09663511f96fc81e0720a4a42581f334ad4303aa6b?s=96&d=mm&r=g\",\"contentUrl\":\"https:\/\/secure.gravatar.com\/avatar\/e0a867bdedb85fd243eadf09663511f96fc81e0720a4a42581f334ad4303aa6b?s=96&d=mm&r=g\",\"caption\":\"Reda\u00e7\u00e3o\"}}]}<\/script>\n<!-- \/ Yoast SEO plugin. -->","yoast_head_json":{"title":"Previs\u00e3o or\u00e7ament\u00e1ria de Dilma para 2016 \u00e9 furada. Falta ao governo usar a navalha na carne - Notibras","robots":{"index":"index","follow":"follow","max-snippet":"max-snippet:-1","max-image-preview":"max-image-preview:large","max-video-preview":"max-video-preview:-1"},"canonical":"https:\/\/www.notibras.com\/site\/previsao-orcamentaria-de-dilma-e-furada-falta-a-navalha-na-carne\/","og_locale":"pt_BR","og_type":"article","og_title":"Previs\u00e3o or\u00e7ament\u00e1ria de Dilma para 2016 \u00e9 furada. Falta ao governo usar a navalha na carne - Notibras","og_description":"Analistas pol\u00edticos e econ\u00f4micos est\u00e3o entoando a mesma can\u00e7\u00e3o: \u00e9 furada a previs\u00e3o de crescimento econ\u00f4mico de 0,2% para 2016, previsto na proposta or\u00e7ament\u00e1ria. Para eles, a recess\u00e3o no pr\u00f3ximo ano, ficar\u00e1 em torno de 2,5%. Consideram tamb\u00e9m falsa a previs\u00e3o de 5,4% para a infla\u00e7\u00e3o no ano que vem. Em torno de 10%, o [&hellip;]","og_url":"https:\/\/www.notibras.com\/site\/previsao-orcamentaria-de-dilma-e-furada-falta-a-navalha-na-carne\/","og_site_name":"Notibras","article_publisher":"https:\/\/www.facebook.com\/notibras\/","article_published_time":"2015-09-07T23:08:44+00:00","article_modified_time":"2015-09-08T20:14:21+00:00","og_image":[{"width":800,"height":600,"url":"https:\/\/www.notibras.com\/site\/wp-content\/uploads\/2015\/09\/or\u00e7a.jpeg","type":"image\/jpeg"}],"author":"Reda\u00e7\u00e3o","twitter_card":"summary_large_image","twitter_creator":"@Notibras","twitter_site":"@Notibras","twitter_misc":{"Escrito por":"Reda\u00e7\u00e3o","Est. tempo de leitura":"2 minutos"},"schema":{"@context":"https:\/\/schema.org","@graph":[{"@type":"Article","@id":"https:\/\/www.notibras.com\/site\/previsao-orcamentaria-de-dilma-e-furada-falta-a-navalha-na-carne\/#article","isPartOf":{"@id":"https:\/\/www.notibras.com\/site\/previsao-orcamentaria-de-dilma-e-furada-falta-a-navalha-na-carne\/"},"author":{"name":"Reda\u00e7\u00e3o","@id":"https:\/\/www.notibras.com\/site\/#\/schema\/person\/36ab0979449956132d3e5b517ea76ac8"},"headline":"Previs\u00e3o or\u00e7ament\u00e1ria de Dilma para 2016 \u00e9 furada. Falta ao governo usar a navalha na carne","datePublished":"2015-09-07T23:08:44+00:00","dateModified":"2015-09-08T20:14:21+00:00","mainEntityOfPage":{"@id":"https:\/\/www.notibras.com\/site\/previsao-orcamentaria-de-dilma-e-furada-falta-a-navalha-na-carne\/"},"wordCount":335,"commentCount":0,"publisher":{"@id":"https:\/\/www.notibras.com\/site\/#organization"},"image":{"@id":"https:\/\/www.notibras.com\/site\/previsao-orcamentaria-de-dilma-e-furada-falta-a-navalha-na-carne\/#primaryimage"},"thumbnailUrl":"https:\/\/www.notibras.com\/site\/wp-content\/uploads\/2015\/09\/or\u00e7a.jpeg","articleSection":["Cl\u00e1udio Coletti"],"inLanguage":"pt-BR","potentialAction":[{"@type":"CommentAction","name":"Comment","target":["https:\/\/www.notibras.com\/site\/previsao-orcamentaria-de-dilma-e-furada-falta-a-navalha-na-carne\/#respond"]}]},{"@type":"WebPage","@id":"https:\/\/www.notibras.com\/site\/previsao-orcamentaria-de-dilma-e-furada-falta-a-navalha-na-carne\/","url":"https:\/\/www.notibras.com\/site\/previsao-orcamentaria-de-dilma-e-furada-falta-a-navalha-na-carne\/","name":"Previs\u00e3o or\u00e7ament\u00e1ria de Dilma para 2016 \u00e9 furada. Falta ao governo usar a navalha na carne - Notibras","isPartOf":{"@id":"https:\/\/www.notibras.com\/site\/#website"},"primaryImageOfPage":{"@id":"https:\/\/www.notibras.com\/site\/previsao-orcamentaria-de-dilma-e-furada-falta-a-navalha-na-carne\/#primaryimage"},"image":{"@id":"https:\/\/www.notibras.com\/site\/previsao-orcamentaria-de-dilma-e-furada-falta-a-navalha-na-carne\/#primaryimage"},"thumbnailUrl":"https:\/\/www.notibras.com\/site\/wp-content\/uploads\/2015\/09\/or\u00e7a.jpeg","datePublished":"2015-09-07T23:08:44+00:00","dateModified":"2015-09-08T20:14:21+00:00","breadcrumb":{"@id":"https:\/\/www.notibras.com\/site\/previsao-orcamentaria-de-dilma-e-furada-falta-a-navalha-na-carne\/#breadcrumb"},"inLanguage":"pt-BR","potentialAction":[{"@type":"ReadAction","target":["https:\/\/www.notibras.com\/site\/previsao-orcamentaria-de-dilma-e-furada-falta-a-navalha-na-carne\/"]}]},{"@type":"ImageObject","inLanguage":"pt-BR","@id":"https:\/\/www.notibras.com\/site\/previsao-orcamentaria-de-dilma-e-furada-falta-a-navalha-na-carne\/#primaryimage","url":"https:\/\/www.notibras.com\/site\/wp-content\/uploads\/2015\/09\/or\u00e7a.jpeg","contentUrl":"https:\/\/www.notibras.com\/site\/wp-content\/uploads\/2015\/09\/or\u00e7a.jpeg","width":800,"height":600},{"@type":"BreadcrumbList","@id":"https:\/\/www.notibras.com\/site\/previsao-orcamentaria-de-dilma-e-furada-falta-a-navalha-na-carne\/#breadcrumb","itemListElement":[{"@type":"ListItem","position":1,"name":"In\u00edcio","item":"https:\/\/www.notibras.com\/site\/"},{"@type":"ListItem","position":2,"name":"Previs\u00e3o or\u00e7ament\u00e1ria de Dilma para 2016 \u00e9 furada. Falta ao governo usar a navalha na carne"}]},{"@type":"WebSite","@id":"https:\/\/www.notibras.com\/site\/#website","url":"https:\/\/www.notibras.com\/site\/","name":"Notibras","description":"Not\u00edcias de Bras\u00edlia, do Brasil e do Mundo","publisher":{"@id":"https:\/\/www.notibras.com\/site\/#organization"},"potentialAction":[{"@type":"SearchAction","target":{"@type":"EntryPoint","urlTemplate":"https:\/\/www.notibras.com\/site\/?s={search_term_string}"},"query-input":{"@type":"PropertyValueSpecification","valueRequired":true,"valueName":"search_term_string"}}],"inLanguage":"pt-BR"},{"@type":"Organization","@id":"https:\/\/www.notibras.com\/site\/#organization","name":"Grupo Notibras de Comunica\u00e7\u00e3o","url":"https:\/\/www.notibras.com\/site\/","logo":{"@type":"ImageObject","inLanguage":"pt-BR","@id":"https:\/\/www.notibras.com\/site\/#\/schema\/logo\/image\/","url":"https:\/\/www.notibras.com\/site\/wp-content\/uploads\/2023\/01\/notibras23.png","contentUrl":"https:\/\/www.notibras.com\/site\/wp-content\/uploads\/2023\/01\/notibras23.png","width":350,"height":87,"caption":"Grupo Notibras de Comunica\u00e7\u00e3o"},"image":{"@id":"https:\/\/www.notibras.com\/site\/#\/schema\/logo\/image\/"},"sameAs":["https:\/\/www.facebook.com\/notibras\/","https:\/\/x.com\/Notibras","https:\/\/www.instagram.com\/notibras\/"]},{"@type":"Person","@id":"https:\/\/www.notibras.com\/site\/#\/schema\/person\/36ab0979449956132d3e5b517ea76ac8","name":"Reda\u00e7\u00e3o","image":{"@type":"ImageObject","inLanguage":"pt-BR","@id":"https:\/\/secure.gravatar.com\/avatar\/e0a867bdedb85fd243eadf09663511f96fc81e0720a4a42581f334ad4303aa6b?s=96&d=mm&r=g","url":"https:\/\/secure.gravatar.com\/avatar\/e0a867bdedb85fd243eadf09663511f96fc81e0720a4a42581f334ad4303aa6b?s=96&d=mm&r=g","contentUrl":"https:\/\/secure.gravatar.com\/avatar\/e0a867bdedb85fd243eadf09663511f96fc81e0720a4a42581f334ad4303aa6b?s=96&d=mm&r=g","caption":"Reda\u00e7\u00e3o"}}]}},"amp_enabled":true,"_links":{"self":[{"href":"https:\/\/www.notibras.com\/site\/wp-json\/wp\/v2\/posts\/66585","targetHints":{"allow":["GET"]}}],"collection":[{"href":"https:\/\/www.notibras.com\/site\/wp-json\/wp\/v2\/posts"}],"about":[{"href":"https:\/\/www.notibras.com\/site\/wp-json\/wp\/v2\/types\/post"}],"author":[{"embeddable":true,"href":"https:\/\/www.notibras.com\/site\/wp-json\/wp\/v2\/users\/2"}],"replies":[{"embeddable":true,"href":"https:\/\/www.notibras.com\/site\/wp-json\/wp\/v2\/comments?post=66585"}],"version-history":[{"count":4,"href":"https:\/\/www.notibras.com\/site\/wp-json\/wp\/v2\/posts\/66585\/revisions"}],"predecessor-version":[{"id":66675,"href":"https:\/\/www.notibras.com\/site\/wp-json\/wp\/v2\/posts\/66585\/revisions\/66675"}],"wp:featuredmedia":[{"embeddable":true,"href":"https:\/\/www.notibras.com\/site\/wp-json\/wp\/v2\/media\/66586"}],"wp:attachment":[{"href":"https:\/\/www.notibras.com\/site\/wp-json\/wp\/v2\/media?parent=66585"}],"wp:term":[{"taxonomy":"category","embeddable":true,"href":"https:\/\/www.notibras.com\/site\/wp-json\/wp\/v2\/categories?post=66585"},{"taxonomy":"post_tag","embeddable":true,"href":"https:\/\/www.notibras.com\/site\/wp-json\/wp\/v2\/tags?post=66585"}],"curies":[{"name":"wp","href":"https:\/\/api.w.org\/{rel}","templated":true}]}}