{"id":6667,"date":"2014-04-12T23:36:29","date_gmt":"2014-04-13T02:36:29","guid":{"rendered":"http:\/\/www.notibras.com\/site\/?p=6667"},"modified":"2014-04-12T23:36:29","modified_gmt":"2014-04-13T02:36:29","slug":"diretor-de-presidio-leva-presos-para-reformar-casa-e-acaba-na-cadeia","status":"publish","type":"post","link":"https:\/\/www.notibras.com\/site\/diretor-de-presidio-leva-presos-para-reformar-casa-e-acaba-na-cadeia\/","title":{"rendered":"Diretor de pres\u00eddio leva presos para reformar casa e acaba na cadeia"},"content":{"rendered":"<p>O diretor do complexo penal Doutor Jo\u00e3o Chaves, em Natal (RN), foi preso em flagrante na tarde deste s\u00e1bado (12). Segundo a Pol\u00edcia Militar, o diretor havia levado tr\u00eas detentos para trabalhar na reforma da casa dele. Para transportar os presos, o diretor teria usado o carro oficial do pres\u00eddio, que foi apreendido pelos PMs.<\/p>\n<p>&#8220;Recebi uma den\u00fancia an\u00f4nima \u00e0s 16h40 deste s\u00e1bado informando que o diretor havia sa\u00eddo do pres\u00eddio com tr\u00eas presos e seguido, em carro oficial, at\u00e9 a casa dele. De imediato mandei duas equipes at\u00e9 a casa do diretor, que fica no bairro de Passagem de Areia, em Parnamirim. Quando os policiais chegaram, confirmaram a den\u00fancia e prenderam os quatro homens&#8221;, disse o comandante geral da Pol\u00edcia Militar do Rio Grande do Norte, Francisco Ara\u00fajo.<\/p>\n<p>O comandante acrescentou que os presos da Jo\u00e3o Chaves estavam reformando a casa do diretor. &#8220;Ainda n\u00e3o sei informar se essa foi a primeira vez que isso aconteceu. Determinei que os quatro presos fossem levados para a delegacia de plant\u00e3o da zona Sul de Natal. Agora cabe \u00e0 Pol\u00edcia Civil apurar o crime de corrup\u00e7\u00e3o passiva e outros poss\u00edveis&#8221;, completou o oficial.<\/p>\n","protected":false},"excerpt":{"rendered":"<p>O diretor do complexo penal Doutor Jo\u00e3o Chaves, em Natal (RN), foi preso em flagrante na tarde deste s\u00e1bado (12). Segundo a Pol\u00edcia Militar, o diretor havia levado tr\u00eas detentos para trabalhar na reforma da casa dele. Para transportar os presos, o diretor teria usado o carro oficial do pres\u00eddio, que foi apreendido pelos PMs. [&hellip;]<\/p>\n","protected":false},"author":2,"featured_media":6668,"comment_status":"open","ping_status":"closed","sticky":false,"template":"","format":"standard","meta":{"_acf_changed":false,"footnotes":""},"categories":[16],"tags":[],"class_list":["post-6667","post","type-post","status-publish","format-standard","has-post-thumbnail","hentry","category-brasil"],"acf":[],"yoast_head":"<!-- This site is optimized with the Yoast SEO plugin v27.2 - https:\/\/yoast.com\/product\/yoast-seo-wordpress\/ -->\n<title>Diretor de pres\u00eddio leva presos para reformar casa e acaba na cadeia - Notibras<\/title>\n<meta name=\"robots\" content=\"index, follow, max-snippet:-1, max-image-preview:large, max-video-preview:-1\" \/>\n<link rel=\"canonical\" href=\"https:\/\/www.notibras.com\/site\/diretor-de-presidio-leva-presos-para-reformar-casa-e-acaba-na-cadeia\/\" \/>\n<meta property=\"og:locale\" content=\"pt_BR\" \/>\n<meta property=\"og:type\" content=\"article\" \/>\n<meta property=\"og:title\" content=\"Diretor de pres\u00eddio leva presos para reformar casa e acaba na cadeia - Notibras\" \/>\n<meta property=\"og:description\" content=\"O diretor do complexo penal Doutor Jo\u00e3o Chaves, em Natal (RN), foi preso em flagrante na tarde deste s\u00e1bado (12). Segundo a Pol\u00edcia Militar, o diretor havia levado tr\u00eas detentos para trabalhar na reforma da casa dele. Para transportar os presos, o diretor teria usado o carro oficial do pres\u00eddio, que foi apreendido pelos PMs. [&hellip;]\" \/>\n<meta property=\"og:url\" content=\"https:\/\/www.notibras.com\/site\/diretor-de-presidio-leva-presos-para-reformar-casa-e-acaba-na-cadeia\/\" \/>\n<meta property=\"og:site_name\" content=\"Notibras\" \/>\n<meta property=\"article:publisher\" content=\"https:\/\/www.facebook.com\/notibras\/\" \/>\n<meta property=\"article:published_time\" content=\"2014-04-13T02:36:29+00:00\" \/>\n<meta property=\"og:image\" content=\"https:\/\/www.notibras.com\/site\/wp-content\/uploads\/2014\/04\/capa_3.jpg\" \/>\n\t<meta property=\"og:image:width\" content=\"300\" \/>\n\t<meta property=\"og:image:height\" content=\"225\" \/>\n\t<meta property=\"og:image:type\" content=\"image\/jpeg\" \/>\n<meta name=\"author\" content=\"Reda\u00e7\u00e3o\" \/>\n<meta name=\"twitter:card\" content=\"summary_large_image\" \/>\n<meta name=\"twitter:creator\" content=\"@Notibras\" \/>\n<meta name=\"twitter:site\" content=\"@Notibras\" \/>\n<meta name=\"twitter:label1\" content=\"Escrito por\" \/>\n\t<meta name=\"twitter:data1\" content=\"Reda\u00e7\u00e3o\" \/>\n\t<meta name=\"twitter:label2\" content=\"Est. tempo de leitura\" \/>\n\t<meta name=\"twitter:data2\" content=\"1 minuto\" \/>\n<script type=\"application\/ld+json\" class=\"yoast-schema-graph\">{\"@context\":\"https:\/\/schema.org\",\"@graph\":[{\"@type\":\"Article\",\"@id\":\"https:\/\/www.notibras.com\/site\/diretor-de-presidio-leva-presos-para-reformar-casa-e-acaba-na-cadeia\/#article\",\"isPartOf\":{\"@id\":\"https:\/\/www.notibras.com\/site\/diretor-de-presidio-leva-presos-para-reformar-casa-e-acaba-na-cadeia\/\"},\"author\":{\"name\":\"Reda\u00e7\u00e3o\",\"@id\":\"https:\/\/www.notibras.com\/site\/#\/schema\/person\/36ab0979449956132d3e5b517ea76ac8\"},\"headline\":\"Diretor de pres\u00eddio leva presos para reformar casa e acaba na cadeia\",\"datePublished\":\"2014-04-13T02:36:29+00:00\",\"mainEntityOfPage\":{\"@id\":\"https:\/\/www.notibras.com\/site\/diretor-de-presidio-leva-presos-para-reformar-casa-e-acaba-na-cadeia\/\"},\"wordCount\":222,\"commentCount\":0,\"publisher\":{\"@id\":\"https:\/\/www.notibras.com\/site\/#organization\"},\"image\":{\"@id\":\"https:\/\/www.notibras.com\/site\/diretor-de-presidio-leva-presos-para-reformar-casa-e-acaba-na-cadeia\/#primaryimage\"},\"thumbnailUrl\":\"https:\/\/www.notibras.com\/site\/wp-content\/uploads\/2014\/04\/capa_3.jpg\",\"articleSection\":[\"Brasil\"],\"inLanguage\":\"pt-BR\",\"potentialAction\":[{\"@type\":\"CommentAction\",\"name\":\"Comment\",\"target\":[\"https:\/\/www.notibras.com\/site\/diretor-de-presidio-leva-presos-para-reformar-casa-e-acaba-na-cadeia\/#respond\"]}]},{\"@type\":\"WebPage\",\"@id\":\"https:\/\/www.notibras.com\/site\/diretor-de-presidio-leva-presos-para-reformar-casa-e-acaba-na-cadeia\/\",\"url\":\"https:\/\/www.notibras.com\/site\/diretor-de-presidio-leva-presos-para-reformar-casa-e-acaba-na-cadeia\/\",\"name\":\"Diretor de pres\u00eddio leva presos para reformar casa e acaba na cadeia - Notibras\",\"isPartOf\":{\"@id\":\"https:\/\/www.notibras.com\/site\/#website\"},\"primaryImageOfPage\":{\"@id\":\"https:\/\/www.notibras.com\/site\/diretor-de-presidio-leva-presos-para-reformar-casa-e-acaba-na-cadeia\/#primaryimage\"},\"image\":{\"@id\":\"https:\/\/www.notibras.com\/site\/diretor-de-presidio-leva-presos-para-reformar-casa-e-acaba-na-cadeia\/#primaryimage\"},\"thumbnailUrl\":\"https:\/\/www.notibras.com\/site\/wp-content\/uploads\/2014\/04\/capa_3.jpg\",\"datePublished\":\"2014-04-13T02:36:29+00:00\",\"breadcrumb\":{\"@id\":\"https:\/\/www.notibras.com\/site\/diretor-de-presidio-leva-presos-para-reformar-casa-e-acaba-na-cadeia\/#breadcrumb\"},\"inLanguage\":\"pt-BR\",\"potentialAction\":[{\"@type\":\"ReadAction\",\"target\":[\"https:\/\/www.notibras.com\/site\/diretor-de-presidio-leva-presos-para-reformar-casa-e-acaba-na-cadeia\/\"]}]},{\"@type\":\"ImageObject\",\"inLanguage\":\"pt-BR\",\"@id\":\"https:\/\/www.notibras.com\/site\/diretor-de-presidio-leva-presos-para-reformar-casa-e-acaba-na-cadeia\/#primaryimage\",\"url\":\"https:\/\/www.notibras.com\/site\/wp-content\/uploads\/2014\/04\/capa_3.jpg\",\"contentUrl\":\"https:\/\/www.notibras.com\/site\/wp-content\/uploads\/2014\/04\/capa_3.jpg\",\"width\":300,\"height\":225},{\"@type\":\"BreadcrumbList\",\"@id\":\"https:\/\/www.notibras.com\/site\/diretor-de-presidio-leva-presos-para-reformar-casa-e-acaba-na-cadeia\/#breadcrumb\",\"itemListElement\":[{\"@type\":\"ListItem\",\"position\":1,\"name\":\"In\u00edcio\",\"item\":\"https:\/\/www.notibras.com\/site\/\"},{\"@type\":\"ListItem\",\"position\":2,\"name\":\"Diretor de pres\u00eddio leva presos para reformar casa e acaba na cadeia\"}]},{\"@type\":\"WebSite\",\"@id\":\"https:\/\/www.notibras.com\/site\/#website\",\"url\":\"https:\/\/www.notibras.com\/site\/\",\"name\":\"Notibras\",\"description\":\"Not\u00edcias de Bras\u00edlia, do Brasil e do Mundo\",\"publisher\":{\"@id\":\"https:\/\/www.notibras.com\/site\/#organization\"},\"potentialAction\":[{\"@type\":\"SearchAction\",\"target\":{\"@type\":\"EntryPoint\",\"urlTemplate\":\"https:\/\/www.notibras.com\/site\/?s={search_term_string}\"},\"query-input\":{\"@type\":\"PropertyValueSpecification\",\"valueRequired\":true,\"valueName\":\"search_term_string\"}}],\"inLanguage\":\"pt-BR\"},{\"@type\":\"Organization\",\"@id\":\"https:\/\/www.notibras.com\/site\/#organization\",\"name\":\"Grupo Notibras de Comunica\u00e7\u00e3o\",\"url\":\"https:\/\/www.notibras.com\/site\/\",\"logo\":{\"@type\":\"ImageObject\",\"inLanguage\":\"pt-BR\",\"@id\":\"https:\/\/www.notibras.com\/site\/#\/schema\/logo\/image\/\",\"url\":\"https:\/\/www.notibras.com\/site\/wp-content\/uploads\/2023\/01\/notibras23.png\",\"contentUrl\":\"https:\/\/www.notibras.com\/site\/wp-content\/uploads\/2023\/01\/notibras23.png\",\"width\":350,\"height\":87,\"caption\":\"Grupo Notibras de Comunica\u00e7\u00e3o\"},\"image\":{\"@id\":\"https:\/\/www.notibras.com\/site\/#\/schema\/logo\/image\/\"},\"sameAs\":[\"https:\/\/www.facebook.com\/notibras\/\",\"https:\/\/x.com\/Notibras\",\"https:\/\/www.instagram.com\/notibras\/\"]},{\"@type\":\"Person\",\"@id\":\"https:\/\/www.notibras.com\/site\/#\/schema\/person\/36ab0979449956132d3e5b517ea76ac8\",\"name\":\"Reda\u00e7\u00e3o\",\"image\":{\"@type\":\"ImageObject\",\"inLanguage\":\"pt-BR\",\"@id\":\"https:\/\/secure.gravatar.com\/avatar\/e0a867bdedb85fd243eadf09663511f96fc81e0720a4a42581f334ad4303aa6b?s=96&d=mm&r=g\",\"url\":\"https:\/\/secure.gravatar.com\/avatar\/e0a867bdedb85fd243eadf09663511f96fc81e0720a4a42581f334ad4303aa6b?s=96&d=mm&r=g\",\"contentUrl\":\"https:\/\/secure.gravatar.com\/avatar\/e0a867bdedb85fd243eadf09663511f96fc81e0720a4a42581f334ad4303aa6b?s=96&d=mm&r=g\",\"caption\":\"Reda\u00e7\u00e3o\"}}]}<\/script>\n<!-- \/ Yoast SEO plugin. -->","yoast_head_json":{"title":"Diretor de pres\u00eddio leva presos para reformar casa e acaba na cadeia - Notibras","robots":{"index":"index","follow":"follow","max-snippet":"max-snippet:-1","max-image-preview":"max-image-preview:large","max-video-preview":"max-video-preview:-1"},"canonical":"https:\/\/www.notibras.com\/site\/diretor-de-presidio-leva-presos-para-reformar-casa-e-acaba-na-cadeia\/","og_locale":"pt_BR","og_type":"article","og_title":"Diretor de pres\u00eddio leva presos para reformar casa e acaba na cadeia - Notibras","og_description":"O diretor do complexo penal Doutor Jo\u00e3o Chaves, em Natal (RN), foi preso em flagrante na tarde deste s\u00e1bado (12). Segundo a Pol\u00edcia Militar, o diretor havia levado tr\u00eas detentos para trabalhar na reforma da casa dele. Para transportar os presos, o diretor teria usado o carro oficial do pres\u00eddio, que foi apreendido pelos PMs. [&hellip;]","og_url":"https:\/\/www.notibras.com\/site\/diretor-de-presidio-leva-presos-para-reformar-casa-e-acaba-na-cadeia\/","og_site_name":"Notibras","article_publisher":"https:\/\/www.facebook.com\/notibras\/","article_published_time":"2014-04-13T02:36:29+00:00","og_image":[{"width":300,"height":225,"url":"https:\/\/www.notibras.com\/site\/wp-content\/uploads\/2014\/04\/capa_3.jpg","type":"image\/jpeg"}],"author":"Reda\u00e7\u00e3o","twitter_card":"summary_large_image","twitter_creator":"@Notibras","twitter_site":"@Notibras","twitter_misc":{"Escrito por":"Reda\u00e7\u00e3o","Est. tempo de leitura":"1 minuto"},"schema":{"@context":"https:\/\/schema.org","@graph":[{"@type":"Article","@id":"https:\/\/www.notibras.com\/site\/diretor-de-presidio-leva-presos-para-reformar-casa-e-acaba-na-cadeia\/#article","isPartOf":{"@id":"https:\/\/www.notibras.com\/site\/diretor-de-presidio-leva-presos-para-reformar-casa-e-acaba-na-cadeia\/"},"author":{"name":"Reda\u00e7\u00e3o","@id":"https:\/\/www.notibras.com\/site\/#\/schema\/person\/36ab0979449956132d3e5b517ea76ac8"},"headline":"Diretor de pres\u00eddio leva presos para reformar casa e acaba na cadeia","datePublished":"2014-04-13T02:36:29+00:00","mainEntityOfPage":{"@id":"https:\/\/www.notibras.com\/site\/diretor-de-presidio-leva-presos-para-reformar-casa-e-acaba-na-cadeia\/"},"wordCount":222,"commentCount":0,"publisher":{"@id":"https:\/\/www.notibras.com\/site\/#organization"},"image":{"@id":"https:\/\/www.notibras.com\/site\/diretor-de-presidio-leva-presos-para-reformar-casa-e-acaba-na-cadeia\/#primaryimage"},"thumbnailUrl":"https:\/\/www.notibras.com\/site\/wp-content\/uploads\/2014\/04\/capa_3.jpg","articleSection":["Brasil"],"inLanguage":"pt-BR","potentialAction":[{"@type":"CommentAction","name":"Comment","target":["https:\/\/www.notibras.com\/site\/diretor-de-presidio-leva-presos-para-reformar-casa-e-acaba-na-cadeia\/#respond"]}]},{"@type":"WebPage","@id":"https:\/\/www.notibras.com\/site\/diretor-de-presidio-leva-presos-para-reformar-casa-e-acaba-na-cadeia\/","url":"https:\/\/www.notibras.com\/site\/diretor-de-presidio-leva-presos-para-reformar-casa-e-acaba-na-cadeia\/","name":"Diretor de pres\u00eddio leva presos para reformar casa e acaba na cadeia - Notibras","isPartOf":{"@id":"https:\/\/www.notibras.com\/site\/#website"},"primaryImageOfPage":{"@id":"https:\/\/www.notibras.com\/site\/diretor-de-presidio-leva-presos-para-reformar-casa-e-acaba-na-cadeia\/#primaryimage"},"image":{"@id":"https:\/\/www.notibras.com\/site\/diretor-de-presidio-leva-presos-para-reformar-casa-e-acaba-na-cadeia\/#primaryimage"},"thumbnailUrl":"https:\/\/www.notibras.com\/site\/wp-content\/uploads\/2014\/04\/capa_3.jpg","datePublished":"2014-04-13T02:36:29+00:00","breadcrumb":{"@id":"https:\/\/www.notibras.com\/site\/diretor-de-presidio-leva-presos-para-reformar-casa-e-acaba-na-cadeia\/#breadcrumb"},"inLanguage":"pt-BR","potentialAction":[{"@type":"ReadAction","target":["https:\/\/www.notibras.com\/site\/diretor-de-presidio-leva-presos-para-reformar-casa-e-acaba-na-cadeia\/"]}]},{"@type":"ImageObject","inLanguage":"pt-BR","@id":"https:\/\/www.notibras.com\/site\/diretor-de-presidio-leva-presos-para-reformar-casa-e-acaba-na-cadeia\/#primaryimage","url":"https:\/\/www.notibras.com\/site\/wp-content\/uploads\/2014\/04\/capa_3.jpg","contentUrl":"https:\/\/www.notibras.com\/site\/wp-content\/uploads\/2014\/04\/capa_3.jpg","width":300,"height":225},{"@type":"BreadcrumbList","@id":"https:\/\/www.notibras.com\/site\/diretor-de-presidio-leva-presos-para-reformar-casa-e-acaba-na-cadeia\/#breadcrumb","itemListElement":[{"@type":"ListItem","position":1,"name":"In\u00edcio","item":"https:\/\/www.notibras.com\/site\/"},{"@type":"ListItem","position":2,"name":"Diretor de pres\u00eddio leva presos para reformar casa e acaba na cadeia"}]},{"@type":"WebSite","@id":"https:\/\/www.notibras.com\/site\/#website","url":"https:\/\/www.notibras.com\/site\/","name":"Notibras","description":"Not\u00edcias de Bras\u00edlia, do Brasil e do Mundo","publisher":{"@id":"https:\/\/www.notibras.com\/site\/#organization"},"potentialAction":[{"@type":"SearchAction","target":{"@type":"EntryPoint","urlTemplate":"https:\/\/www.notibras.com\/site\/?s={search_term_string}"},"query-input":{"@type":"PropertyValueSpecification","valueRequired":true,"valueName":"search_term_string"}}],"inLanguage":"pt-BR"},{"@type":"Organization","@id":"https:\/\/www.notibras.com\/site\/#organization","name":"Grupo Notibras de Comunica\u00e7\u00e3o","url":"https:\/\/www.notibras.com\/site\/","logo":{"@type":"ImageObject","inLanguage":"pt-BR","@id":"https:\/\/www.notibras.com\/site\/#\/schema\/logo\/image\/","url":"https:\/\/www.notibras.com\/site\/wp-content\/uploads\/2023\/01\/notibras23.png","contentUrl":"https:\/\/www.notibras.com\/site\/wp-content\/uploads\/2023\/01\/notibras23.png","width":350,"height":87,"caption":"Grupo Notibras de Comunica\u00e7\u00e3o"},"image":{"@id":"https:\/\/www.notibras.com\/site\/#\/schema\/logo\/image\/"},"sameAs":["https:\/\/www.facebook.com\/notibras\/","https:\/\/x.com\/Notibras","https:\/\/www.instagram.com\/notibras\/"]},{"@type":"Person","@id":"https:\/\/www.notibras.com\/site\/#\/schema\/person\/36ab0979449956132d3e5b517ea76ac8","name":"Reda\u00e7\u00e3o","image":{"@type":"ImageObject","inLanguage":"pt-BR","@id":"https:\/\/secure.gravatar.com\/avatar\/e0a867bdedb85fd243eadf09663511f96fc81e0720a4a42581f334ad4303aa6b?s=96&d=mm&r=g","url":"https:\/\/secure.gravatar.com\/avatar\/e0a867bdedb85fd243eadf09663511f96fc81e0720a4a42581f334ad4303aa6b?s=96&d=mm&r=g","contentUrl":"https:\/\/secure.gravatar.com\/avatar\/e0a867bdedb85fd243eadf09663511f96fc81e0720a4a42581f334ad4303aa6b?s=96&d=mm&r=g","caption":"Reda\u00e7\u00e3o"}}]}},"amp_enabled":true,"_links":{"self":[{"href":"https:\/\/www.notibras.com\/site\/wp-json\/wp\/v2\/posts\/6667","targetHints":{"allow":["GET"]}}],"collection":[{"href":"https:\/\/www.notibras.com\/site\/wp-json\/wp\/v2\/posts"}],"about":[{"href":"https:\/\/www.notibras.com\/site\/wp-json\/wp\/v2\/types\/post"}],"author":[{"embeddable":true,"href":"https:\/\/www.notibras.com\/site\/wp-json\/wp\/v2\/users\/2"}],"replies":[{"embeddable":true,"href":"https:\/\/www.notibras.com\/site\/wp-json\/wp\/v2\/comments?post=6667"}],"version-history":[{"count":0,"href":"https:\/\/www.notibras.com\/site\/wp-json\/wp\/v2\/posts\/6667\/revisions"}],"wp:featuredmedia":[{"embeddable":true,"href":"https:\/\/www.notibras.com\/site\/wp-json\/wp\/v2\/media\/6668"}],"wp:attachment":[{"href":"https:\/\/www.notibras.com\/site\/wp-json\/wp\/v2\/media?parent=6667"}],"wp:term":[{"taxonomy":"category","embeddable":true,"href":"https:\/\/www.notibras.com\/site\/wp-json\/wp\/v2\/categories?post=6667"},{"taxonomy":"post_tag","embeddable":true,"href":"https:\/\/www.notibras.com\/site\/wp-json\/wp\/v2\/tags?post=6667"}],"curies":[{"name":"wp","href":"https:\/\/api.w.org\/{rel}","templated":true}]}}