{"id":6673,"date":"2014-04-13T09:27:22","date_gmt":"2014-04-13T12:27:22","guid":{"rendered":"http:\/\/www.notibras.com\/site\/?p=6673"},"modified":"2014-04-13T18:10:33","modified_gmt":"2014-04-13T21:10:33","slug":"sindicatos-montam-estrategia-para-usar-copa-por-salario-padrao-fifa","status":"publish","type":"post","link":"https:\/\/www.notibras.com\/site\/sindicatos-montam-estrategia-para-usar-copa-por-salario-padrao-fifa\/","title":{"rendered":"Sindicatos montam estrat\u00e9gia para cobrar sal\u00e1rio &#8216;Padr\u00e3o Fifa&#8217; durante a Copa"},"content":{"rendered":"<p>A press\u00e3o por aumentos salariais deve intensificar o n\u00famero de greves e protestos sindicais a partir de Junho, quando come\u00e7a a Copa do Mundo. Segundo o jornal Folha de S. Paulo, pelo menos 16 sindicatos, que representam 4 milh\u00f5es de trabalhadores, j\u00e1 est\u00e3o se preparando para as manifesta\u00e7\u00f5es durante o mundial.<\/p>\n<p>Os protestos, no entanto, podem ocorrer de forma isolada nas f\u00e1bricas, aeroportos ou mesmo nas ruas das 12 cidades-sede.<\/p>\n<p>No setor de alimenta\u00e7\u00e3o, a estrat\u00e9gia \u00e9 \u201cprejudicar o churrasco\u201d do torcedor, atingindo o estoque. &#8220;Se o trabalhador n\u00e3o matar o boi, n\u00e3o ter\u00e1 churrasco na Copa. Se o caminh\u00e3o n\u00e3o sai da cervejaria, n\u00e3o vai ter o que servir nos bares&#8221;, diz Wilson Manzon, da federa\u00e7\u00e3o de trabalhadores paulistas do segmento.<\/p>\n<p>At\u00e9 os hot\u00e9is que hospedar\u00e3o as sele\u00e7\u00f5es podem entrar em greve e o slogan j\u00e1 at\u00e9 foi definido: &#8220;Sal\u00e1rio e direitos no padr\u00e3o Fifa&#8221;.<\/p>\n<p>Das 16 categorias que se mobilizam, metade est\u00e1 na \u00e1rea de transporte: aerovi\u00e1rios, metrovi\u00e1rios, ferrovi\u00e1rios da CPTM, motoristas e cobradores de \u00f4nibus, rodovi\u00e1rios, taxistas, motoboys e agentes de tr\u00e2nsito. &#8220;Estamos nos preparando para isso. Evitamos no Natal, no Ano Novo e no Carnaval&#8221;, diz Selma Balbino, presidente do Sindicato Nacional dos Aerovi\u00e1rios.<\/p>\n<p>A dois meses da Copa, o governo federal definiu o maior efetivo de seguran\u00e7a para a hist\u00f3ria de um Mundial: 170 mil agentes entre policiais, militares e seguran\u00e7a privada. Desse total, 57 mil s\u00e3o integrantes das For\u00e7as Armadas. Ainda segundo o jornal Folha de S. Paulo, este ser\u00e1 o maior contingente de militares j\u00e1 utilizado em um evento no Brasil.<\/p>\n<p>O investimento ser\u00e1 de R$ 2 bilh\u00f5es, mas quase nada foi investido em intelig\u00eancia e per\u00edcia. Como comparativo do contingente de seguran\u00e7a da Copa, h\u00e1 um aumento de efetivo em 22% em rela\u00e7\u00e3o \u00e0 \u00c1frica do Sul, em 2010. Na ocasi\u00e3o, 140 mil agentes atuaram no plano nacional.<\/p>\n","protected":false},"excerpt":{"rendered":"<p>A press\u00e3o por aumentos salariais deve intensificar o n\u00famero de greves e protestos sindicais a partir de Junho, quando come\u00e7a a Copa do Mundo. Segundo o jornal Folha de S. Paulo, pelo menos 16 sindicatos, que representam 4 milh\u00f5es de trabalhadores, j\u00e1 est\u00e3o se preparando para as manifesta\u00e7\u00f5es durante o mundial. Os protestos, no entanto, [&hellip;]<\/p>\n","protected":false},"author":2,"featured_media":6674,"comment_status":"open","ping_status":"closed","sticky":false,"template":"","format":"standard","meta":{"_acf_changed":false,"footnotes":""},"categories":[16],"tags":[],"class_list":["post-6673","post","type-post","status-publish","format-standard","has-post-thumbnail","hentry","category-brasil"],"acf":[],"yoast_head":"<!-- This site is optimized with the Yoast SEO plugin v27.2 - https:\/\/yoast.com\/product\/yoast-seo-wordpress\/ -->\n<title>Sindicatos montam estrat\u00e9gia para cobrar sal\u00e1rio &#039;Padr\u00e3o Fifa&#039; durante a Copa - Notibras<\/title>\n<meta name=\"robots\" content=\"index, follow, max-snippet:-1, max-image-preview:large, max-video-preview:-1\" \/>\n<link rel=\"canonical\" href=\"https:\/\/www.notibras.com\/site\/sindicatos-montam-estrategia-para-usar-copa-por-salario-padrao-fifa\/\" \/>\n<meta property=\"og:locale\" content=\"pt_BR\" \/>\n<meta property=\"og:type\" content=\"article\" \/>\n<meta property=\"og:title\" content=\"Sindicatos montam estrat\u00e9gia para cobrar sal\u00e1rio &#039;Padr\u00e3o Fifa&#039; durante a Copa - Notibras\" \/>\n<meta property=\"og:description\" content=\"A press\u00e3o por aumentos salariais deve intensificar o n\u00famero de greves e protestos sindicais a partir de Junho, quando come\u00e7a a Copa do Mundo. Segundo o jornal Folha de S. Paulo, pelo menos 16 sindicatos, que representam 4 milh\u00f5es de trabalhadores, j\u00e1 est\u00e3o se preparando para as manifesta\u00e7\u00f5es durante o mundial. Os protestos, no entanto, [&hellip;]\" \/>\n<meta property=\"og:url\" content=\"https:\/\/www.notibras.com\/site\/sindicatos-montam-estrategia-para-usar-copa-por-salario-padrao-fifa\/\" \/>\n<meta property=\"og:site_name\" content=\"Notibras\" \/>\n<meta property=\"article:publisher\" content=\"https:\/\/www.facebook.com\/notibras\/\" \/>\n<meta property=\"article:published_time\" content=\"2014-04-13T12:27:22+00:00\" \/>\n<meta property=\"article:modified_time\" content=\"2014-04-13T21:10:33+00:00\" \/>\n<meta property=\"og:image\" content=\"https:\/\/www.notibras.com\/site\/wp-content\/uploads\/2014\/04\/priolli-nao-vai-ter-copa_link.jpg\" \/>\n\t<meta property=\"og:image:width\" content=\"600\" \/>\n\t<meta property=\"og:image:height\" content=\"338\" \/>\n\t<meta property=\"og:image:type\" content=\"image\/jpeg\" \/>\n<meta name=\"author\" content=\"Reda\u00e7\u00e3o\" \/>\n<meta name=\"twitter:card\" content=\"summary_large_image\" \/>\n<meta name=\"twitter:creator\" content=\"@Notibras\" \/>\n<meta name=\"twitter:site\" content=\"@Notibras\" \/>\n<meta name=\"twitter:label1\" content=\"Escrito por\" \/>\n\t<meta name=\"twitter:data1\" content=\"Reda\u00e7\u00e3o\" \/>\n\t<meta name=\"twitter:label2\" content=\"Est. tempo de leitura\" \/>\n\t<meta name=\"twitter:data2\" content=\"2 minutos\" \/>\n<script type=\"application\/ld+json\" class=\"yoast-schema-graph\">{\"@context\":\"https:\/\/schema.org\",\"@graph\":[{\"@type\":\"Article\",\"@id\":\"https:\/\/www.notibras.com\/site\/sindicatos-montam-estrategia-para-usar-copa-por-salario-padrao-fifa\/#article\",\"isPartOf\":{\"@id\":\"https:\/\/www.notibras.com\/site\/sindicatos-montam-estrategia-para-usar-copa-por-salario-padrao-fifa\/\"},\"author\":{\"name\":\"Reda\u00e7\u00e3o\",\"@id\":\"https:\/\/www.notibras.com\/site\/#\/schema\/person\/36ab0979449956132d3e5b517ea76ac8\"},\"headline\":\"Sindicatos montam estrat\u00e9gia para cobrar sal\u00e1rio &#8216;Padr\u00e3o Fifa&#8217; durante a Copa\",\"datePublished\":\"2014-04-13T12:27:22+00:00\",\"dateModified\":\"2014-04-13T21:10:33+00:00\",\"mainEntityOfPage\":{\"@id\":\"https:\/\/www.notibras.com\/site\/sindicatos-montam-estrategia-para-usar-copa-por-salario-padrao-fifa\/\"},\"wordCount\":345,\"commentCount\":0,\"publisher\":{\"@id\":\"https:\/\/www.notibras.com\/site\/#organization\"},\"image\":{\"@id\":\"https:\/\/www.notibras.com\/site\/sindicatos-montam-estrategia-para-usar-copa-por-salario-padrao-fifa\/#primaryimage\"},\"thumbnailUrl\":\"https:\/\/www.notibras.com\/site\/wp-content\/uploads\/2014\/04\/priolli-nao-vai-ter-copa_link.jpg\",\"articleSection\":[\"Brasil\"],\"inLanguage\":\"pt-BR\",\"potentialAction\":[{\"@type\":\"CommentAction\",\"name\":\"Comment\",\"target\":[\"https:\/\/www.notibras.com\/site\/sindicatos-montam-estrategia-para-usar-copa-por-salario-padrao-fifa\/#respond\"]}]},{\"@type\":\"WebPage\",\"@id\":\"https:\/\/www.notibras.com\/site\/sindicatos-montam-estrategia-para-usar-copa-por-salario-padrao-fifa\/\",\"url\":\"https:\/\/www.notibras.com\/site\/sindicatos-montam-estrategia-para-usar-copa-por-salario-padrao-fifa\/\",\"name\":\"Sindicatos montam estrat\u00e9gia para cobrar sal\u00e1rio 'Padr\u00e3o Fifa' durante a Copa - Notibras\",\"isPartOf\":{\"@id\":\"https:\/\/www.notibras.com\/site\/#website\"},\"primaryImageOfPage\":{\"@id\":\"https:\/\/www.notibras.com\/site\/sindicatos-montam-estrategia-para-usar-copa-por-salario-padrao-fifa\/#primaryimage\"},\"image\":{\"@id\":\"https:\/\/www.notibras.com\/site\/sindicatos-montam-estrategia-para-usar-copa-por-salario-padrao-fifa\/#primaryimage\"},\"thumbnailUrl\":\"https:\/\/www.notibras.com\/site\/wp-content\/uploads\/2014\/04\/priolli-nao-vai-ter-copa_link.jpg\",\"datePublished\":\"2014-04-13T12:27:22+00:00\",\"dateModified\":\"2014-04-13T21:10:33+00:00\",\"breadcrumb\":{\"@id\":\"https:\/\/www.notibras.com\/site\/sindicatos-montam-estrategia-para-usar-copa-por-salario-padrao-fifa\/#breadcrumb\"},\"inLanguage\":\"pt-BR\",\"potentialAction\":[{\"@type\":\"ReadAction\",\"target\":[\"https:\/\/www.notibras.com\/site\/sindicatos-montam-estrategia-para-usar-copa-por-salario-padrao-fifa\/\"]}]},{\"@type\":\"ImageObject\",\"inLanguage\":\"pt-BR\",\"@id\":\"https:\/\/www.notibras.com\/site\/sindicatos-montam-estrategia-para-usar-copa-por-salario-padrao-fifa\/#primaryimage\",\"url\":\"https:\/\/www.notibras.com\/site\/wp-content\/uploads\/2014\/04\/priolli-nao-vai-ter-copa_link.jpg\",\"contentUrl\":\"https:\/\/www.notibras.com\/site\/wp-content\/uploads\/2014\/04\/priolli-nao-vai-ter-copa_link.jpg\",\"width\":600,\"height\":338},{\"@type\":\"BreadcrumbList\",\"@id\":\"https:\/\/www.notibras.com\/site\/sindicatos-montam-estrategia-para-usar-copa-por-salario-padrao-fifa\/#breadcrumb\",\"itemListElement\":[{\"@type\":\"ListItem\",\"position\":1,\"name\":\"In\u00edcio\",\"item\":\"https:\/\/www.notibras.com\/site\/\"},{\"@type\":\"ListItem\",\"position\":2,\"name\":\"Sindicatos montam estrat\u00e9gia para cobrar sal\u00e1rio &#8216;Padr\u00e3o Fifa&#8217; durante a Copa\"}]},{\"@type\":\"WebSite\",\"@id\":\"https:\/\/www.notibras.com\/site\/#website\",\"url\":\"https:\/\/www.notibras.com\/site\/\",\"name\":\"Notibras\",\"description\":\"Not\u00edcias de Bras\u00edlia, do Brasil e do Mundo\",\"publisher\":{\"@id\":\"https:\/\/www.notibras.com\/site\/#organization\"},\"potentialAction\":[{\"@type\":\"SearchAction\",\"target\":{\"@type\":\"EntryPoint\",\"urlTemplate\":\"https:\/\/www.notibras.com\/site\/?s={search_term_string}\"},\"query-input\":{\"@type\":\"PropertyValueSpecification\",\"valueRequired\":true,\"valueName\":\"search_term_string\"}}],\"inLanguage\":\"pt-BR\"},{\"@type\":\"Organization\",\"@id\":\"https:\/\/www.notibras.com\/site\/#organization\",\"name\":\"Grupo Notibras de Comunica\u00e7\u00e3o\",\"url\":\"https:\/\/www.notibras.com\/site\/\",\"logo\":{\"@type\":\"ImageObject\",\"inLanguage\":\"pt-BR\",\"@id\":\"https:\/\/www.notibras.com\/site\/#\/schema\/logo\/image\/\",\"url\":\"https:\/\/www.notibras.com\/site\/wp-content\/uploads\/2023\/01\/notibras23.png\",\"contentUrl\":\"https:\/\/www.notibras.com\/site\/wp-content\/uploads\/2023\/01\/notibras23.png\",\"width\":350,\"height\":87,\"caption\":\"Grupo Notibras de Comunica\u00e7\u00e3o\"},\"image\":{\"@id\":\"https:\/\/www.notibras.com\/site\/#\/schema\/logo\/image\/\"},\"sameAs\":[\"https:\/\/www.facebook.com\/notibras\/\",\"https:\/\/x.com\/Notibras\",\"https:\/\/www.instagram.com\/notibras\/\"]},{\"@type\":\"Person\",\"@id\":\"https:\/\/www.notibras.com\/site\/#\/schema\/person\/36ab0979449956132d3e5b517ea76ac8\",\"name\":\"Reda\u00e7\u00e3o\",\"image\":{\"@type\":\"ImageObject\",\"inLanguage\":\"pt-BR\",\"@id\":\"https:\/\/secure.gravatar.com\/avatar\/e0a867bdedb85fd243eadf09663511f96fc81e0720a4a42581f334ad4303aa6b?s=96&d=mm&r=g\",\"url\":\"https:\/\/secure.gravatar.com\/avatar\/e0a867bdedb85fd243eadf09663511f96fc81e0720a4a42581f334ad4303aa6b?s=96&d=mm&r=g\",\"contentUrl\":\"https:\/\/secure.gravatar.com\/avatar\/e0a867bdedb85fd243eadf09663511f96fc81e0720a4a42581f334ad4303aa6b?s=96&d=mm&r=g\",\"caption\":\"Reda\u00e7\u00e3o\"}}]}<\/script>\n<!-- \/ Yoast SEO plugin. -->","yoast_head_json":{"title":"Sindicatos montam estrat\u00e9gia para cobrar sal\u00e1rio 'Padr\u00e3o Fifa' durante a Copa - Notibras","robots":{"index":"index","follow":"follow","max-snippet":"max-snippet:-1","max-image-preview":"max-image-preview:large","max-video-preview":"max-video-preview:-1"},"canonical":"https:\/\/www.notibras.com\/site\/sindicatos-montam-estrategia-para-usar-copa-por-salario-padrao-fifa\/","og_locale":"pt_BR","og_type":"article","og_title":"Sindicatos montam estrat\u00e9gia para cobrar sal\u00e1rio 'Padr\u00e3o Fifa' durante a Copa - Notibras","og_description":"A press\u00e3o por aumentos salariais deve intensificar o n\u00famero de greves e protestos sindicais a partir de Junho, quando come\u00e7a a Copa do Mundo. Segundo o jornal Folha de S. Paulo, pelo menos 16 sindicatos, que representam 4 milh\u00f5es de trabalhadores, j\u00e1 est\u00e3o se preparando para as manifesta\u00e7\u00f5es durante o mundial. Os protestos, no entanto, [&hellip;]","og_url":"https:\/\/www.notibras.com\/site\/sindicatos-montam-estrategia-para-usar-copa-por-salario-padrao-fifa\/","og_site_name":"Notibras","article_publisher":"https:\/\/www.facebook.com\/notibras\/","article_published_time":"2014-04-13T12:27:22+00:00","article_modified_time":"2014-04-13T21:10:33+00:00","og_image":[{"width":600,"height":338,"url":"https:\/\/www.notibras.com\/site\/wp-content\/uploads\/2014\/04\/priolli-nao-vai-ter-copa_link.jpg","type":"image\/jpeg"}],"author":"Reda\u00e7\u00e3o","twitter_card":"summary_large_image","twitter_creator":"@Notibras","twitter_site":"@Notibras","twitter_misc":{"Escrito por":"Reda\u00e7\u00e3o","Est. tempo de leitura":"2 minutos"},"schema":{"@context":"https:\/\/schema.org","@graph":[{"@type":"Article","@id":"https:\/\/www.notibras.com\/site\/sindicatos-montam-estrategia-para-usar-copa-por-salario-padrao-fifa\/#article","isPartOf":{"@id":"https:\/\/www.notibras.com\/site\/sindicatos-montam-estrategia-para-usar-copa-por-salario-padrao-fifa\/"},"author":{"name":"Reda\u00e7\u00e3o","@id":"https:\/\/www.notibras.com\/site\/#\/schema\/person\/36ab0979449956132d3e5b517ea76ac8"},"headline":"Sindicatos montam estrat\u00e9gia para cobrar sal\u00e1rio &#8216;Padr\u00e3o Fifa&#8217; durante a Copa","datePublished":"2014-04-13T12:27:22+00:00","dateModified":"2014-04-13T21:10:33+00:00","mainEntityOfPage":{"@id":"https:\/\/www.notibras.com\/site\/sindicatos-montam-estrategia-para-usar-copa-por-salario-padrao-fifa\/"},"wordCount":345,"commentCount":0,"publisher":{"@id":"https:\/\/www.notibras.com\/site\/#organization"},"image":{"@id":"https:\/\/www.notibras.com\/site\/sindicatos-montam-estrategia-para-usar-copa-por-salario-padrao-fifa\/#primaryimage"},"thumbnailUrl":"https:\/\/www.notibras.com\/site\/wp-content\/uploads\/2014\/04\/priolli-nao-vai-ter-copa_link.jpg","articleSection":["Brasil"],"inLanguage":"pt-BR","potentialAction":[{"@type":"CommentAction","name":"Comment","target":["https:\/\/www.notibras.com\/site\/sindicatos-montam-estrategia-para-usar-copa-por-salario-padrao-fifa\/#respond"]}]},{"@type":"WebPage","@id":"https:\/\/www.notibras.com\/site\/sindicatos-montam-estrategia-para-usar-copa-por-salario-padrao-fifa\/","url":"https:\/\/www.notibras.com\/site\/sindicatos-montam-estrategia-para-usar-copa-por-salario-padrao-fifa\/","name":"Sindicatos montam estrat\u00e9gia para cobrar sal\u00e1rio 'Padr\u00e3o Fifa' durante a Copa - Notibras","isPartOf":{"@id":"https:\/\/www.notibras.com\/site\/#website"},"primaryImageOfPage":{"@id":"https:\/\/www.notibras.com\/site\/sindicatos-montam-estrategia-para-usar-copa-por-salario-padrao-fifa\/#primaryimage"},"image":{"@id":"https:\/\/www.notibras.com\/site\/sindicatos-montam-estrategia-para-usar-copa-por-salario-padrao-fifa\/#primaryimage"},"thumbnailUrl":"https:\/\/www.notibras.com\/site\/wp-content\/uploads\/2014\/04\/priolli-nao-vai-ter-copa_link.jpg","datePublished":"2014-04-13T12:27:22+00:00","dateModified":"2014-04-13T21:10:33+00:00","breadcrumb":{"@id":"https:\/\/www.notibras.com\/site\/sindicatos-montam-estrategia-para-usar-copa-por-salario-padrao-fifa\/#breadcrumb"},"inLanguage":"pt-BR","potentialAction":[{"@type":"ReadAction","target":["https:\/\/www.notibras.com\/site\/sindicatos-montam-estrategia-para-usar-copa-por-salario-padrao-fifa\/"]}]},{"@type":"ImageObject","inLanguage":"pt-BR","@id":"https:\/\/www.notibras.com\/site\/sindicatos-montam-estrategia-para-usar-copa-por-salario-padrao-fifa\/#primaryimage","url":"https:\/\/www.notibras.com\/site\/wp-content\/uploads\/2014\/04\/priolli-nao-vai-ter-copa_link.jpg","contentUrl":"https:\/\/www.notibras.com\/site\/wp-content\/uploads\/2014\/04\/priolli-nao-vai-ter-copa_link.jpg","width":600,"height":338},{"@type":"BreadcrumbList","@id":"https:\/\/www.notibras.com\/site\/sindicatos-montam-estrategia-para-usar-copa-por-salario-padrao-fifa\/#breadcrumb","itemListElement":[{"@type":"ListItem","position":1,"name":"In\u00edcio","item":"https:\/\/www.notibras.com\/site\/"},{"@type":"ListItem","position":2,"name":"Sindicatos montam estrat\u00e9gia para cobrar sal\u00e1rio &#8216;Padr\u00e3o Fifa&#8217; durante a Copa"}]},{"@type":"WebSite","@id":"https:\/\/www.notibras.com\/site\/#website","url":"https:\/\/www.notibras.com\/site\/","name":"Notibras","description":"Not\u00edcias de Bras\u00edlia, do Brasil e do Mundo","publisher":{"@id":"https:\/\/www.notibras.com\/site\/#organization"},"potentialAction":[{"@type":"SearchAction","target":{"@type":"EntryPoint","urlTemplate":"https:\/\/www.notibras.com\/site\/?s={search_term_string}"},"query-input":{"@type":"PropertyValueSpecification","valueRequired":true,"valueName":"search_term_string"}}],"inLanguage":"pt-BR"},{"@type":"Organization","@id":"https:\/\/www.notibras.com\/site\/#organization","name":"Grupo Notibras de Comunica\u00e7\u00e3o","url":"https:\/\/www.notibras.com\/site\/","logo":{"@type":"ImageObject","inLanguage":"pt-BR","@id":"https:\/\/www.notibras.com\/site\/#\/schema\/logo\/image\/","url":"https:\/\/www.notibras.com\/site\/wp-content\/uploads\/2023\/01\/notibras23.png","contentUrl":"https:\/\/www.notibras.com\/site\/wp-content\/uploads\/2023\/01\/notibras23.png","width":350,"height":87,"caption":"Grupo Notibras de Comunica\u00e7\u00e3o"},"image":{"@id":"https:\/\/www.notibras.com\/site\/#\/schema\/logo\/image\/"},"sameAs":["https:\/\/www.facebook.com\/notibras\/","https:\/\/x.com\/Notibras","https:\/\/www.instagram.com\/notibras\/"]},{"@type":"Person","@id":"https:\/\/www.notibras.com\/site\/#\/schema\/person\/36ab0979449956132d3e5b517ea76ac8","name":"Reda\u00e7\u00e3o","image":{"@type":"ImageObject","inLanguage":"pt-BR","@id":"https:\/\/secure.gravatar.com\/avatar\/e0a867bdedb85fd243eadf09663511f96fc81e0720a4a42581f334ad4303aa6b?s=96&d=mm&r=g","url":"https:\/\/secure.gravatar.com\/avatar\/e0a867bdedb85fd243eadf09663511f96fc81e0720a4a42581f334ad4303aa6b?s=96&d=mm&r=g","contentUrl":"https:\/\/secure.gravatar.com\/avatar\/e0a867bdedb85fd243eadf09663511f96fc81e0720a4a42581f334ad4303aa6b?s=96&d=mm&r=g","caption":"Reda\u00e7\u00e3o"}}]}},"amp_enabled":true,"_links":{"self":[{"href":"https:\/\/www.notibras.com\/site\/wp-json\/wp\/v2\/posts\/6673","targetHints":{"allow":["GET"]}}],"collection":[{"href":"https:\/\/www.notibras.com\/site\/wp-json\/wp\/v2\/posts"}],"about":[{"href":"https:\/\/www.notibras.com\/site\/wp-json\/wp\/v2\/types\/post"}],"author":[{"embeddable":true,"href":"https:\/\/www.notibras.com\/site\/wp-json\/wp\/v2\/users\/2"}],"replies":[{"embeddable":true,"href":"https:\/\/www.notibras.com\/site\/wp-json\/wp\/v2\/comments?post=6673"}],"version-history":[{"count":0,"href":"https:\/\/www.notibras.com\/site\/wp-json\/wp\/v2\/posts\/6673\/revisions"}],"wp:featuredmedia":[{"embeddable":true,"href":"https:\/\/www.notibras.com\/site\/wp-json\/wp\/v2\/media\/6674"}],"wp:attachment":[{"href":"https:\/\/www.notibras.com\/site\/wp-json\/wp\/v2\/media?parent=6673"}],"wp:term":[{"taxonomy":"category","embeddable":true,"href":"https:\/\/www.notibras.com\/site\/wp-json\/wp\/v2\/categories?post=6673"},{"taxonomy":"post_tag","embeddable":true,"href":"https:\/\/www.notibras.com\/site\/wp-json\/wp\/v2\/tags?post=6673"}],"curies":[{"name":"wp","href":"https:\/\/api.w.org\/{rel}","templated":true}]}}