{"id":66777,"date":"2015-09-09T14:35:00","date_gmt":"2015-09-09T17:35:00","guid":{"rendered":"http:\/\/www.notibras.com\/site\/?p=66777"},"modified":"2015-09-09T20:01:01","modified_gmt":"2015-09-09T23:01:01","slug":"oposicao-tera-site-para-peticao-eletronica-pelo-impeachment","status":"publish","type":"post","link":"https:\/\/www.notibras.com\/site\/oposicao-tera-site-para-peticao-eletronica-pelo-impeachment\/","title":{"rendered":"Oposi\u00e7\u00e3o vai lan\u00e7ar site com peti\u00e7\u00e3o eletr\u00f4nica para que o povo apoie o impeachment"},"content":{"rendered":"<p>L\u00edderes dos partidos de oposi\u00e7\u00e3o (PSC, PSDB, DEM, PPS e SD) v\u00e3o lan\u00e7ar nesta quinta-feira (10), \u00e0s 11h, no Sal\u00e3o Verde da C\u00e2mara, um movimento suprapartid\u00e1rio pr\u00f3-impeachment da presidenta Dilma Rousseff. De acordo com o l\u00edder do PSDB, deputado Carlos Sampaio (SP), o movimento tamb\u00e9m ter\u00e1 um site com uma peti\u00e7\u00e3o eletr\u00f4nica para buscar mais apoiadores.<\/p>\n<p>\u201cBuscaremos n\u00e3o s\u00f3 o convencimento dos parlamentares de que o Brasil n\u00e3o suporta mais tr\u00eas anos e meio de governo da presidente Dilma, mas, tamb\u00e9m, vamos envolver os movimentos sociais e a sociedade civil organizada para dar mais for\u00e7a ao movimento pr\u00f3-impeachment. A partir de agora vamos conversar com todos os parlamentares da Casa\u201d, disse Sampaio.<\/p>\n<p>O tucano disse ainda que, a partir de agora, os integrantes do movimento v\u00e3o analisar os pedidos de impeachment protocolados na C\u00e2mara para verificar qual deles \u201ctem o formato mais adequado\u201d. Na avalia\u00e7\u00e3o de Sampaio, o pedido apresentado pelo ex-deputado H\u00e9lio Bicudo, devido a sua forma\u00e7\u00e3o como membro do Minist\u00e9rio P\u00fablico e como algu\u00e9m que ajudou a fundar o PT, \u201ctem bastante relev\u00e2ncia e bastante for\u00e7a nessa Casa\u201d.<\/p>\n<p>De acordo com o l\u00edder do SD, deputado Arthur Oliveira Maia (BA), havendo a negativa dos pedidos de impeachment pelo presidente da C\u00e2mara, deputado Eduardo Cunha (PMDB-RJ), ser\u00e1 apresentado um recurso para que a decis\u00e3o seja do plen\u00e1rio da Casa. \u201cSe a posi\u00e7\u00e3o do presidente Eduardo Cunha for contra, vamos recorrer ao plen\u00e1rio. J\u00e1 decidimos que faremos o recurso. \u00c9 no plen\u00e1rio que vai se decidir pela instala\u00e7\u00e3o ou n\u00e3o do processo de impeachment\u201d, disse Maia.<\/p>\n<p>Eduardo Cunha informou que come\u00e7ar\u00e1 a decidir sobre os pedidos apresentados na Casa, e que aguardam seu parecer, nos pr\u00f3ximos dias. Ele avisou que far\u00e1 a an\u00e1lise pela ordem que foram protocolados. \u201cVou come\u00e7ar a decidir os que est\u00e3o a\u00ed pela ordem que entraram, provavelmente esta semana eu devo decidir. Estou lendo alguma coisa, estou reunindo com a consultoria. Alguma coisa vou decidir j\u00e1. Vou decidir no meu tempo, no tempo da [t\u00e9cnica legislativa], n\u00e3o no tempo da press\u00e3o, no tempo da efetividade que eu possa fazer\u201d, afirmou.<\/p>\n<p>O l\u00edder do governo, deputado Jos\u00e9 Guimar\u00e3es (PT-CE), disse que a oposi\u00e7\u00e3o deveria apresentar propostas alternativas. Segundo ele, desde a elei\u00e7\u00e3o a oposi\u00e7\u00e3o s\u00f3 fala em impeachment. \u201cN\u00e3o h\u00e1 a menor consist\u00eancia e muito menos fato [que justifique o pedido]. Essa estrat\u00e9gia da oposi\u00e7\u00e3o \u00e9 de quem n\u00e3o tem compromisso com a estabilidade pol\u00edtica do pa\u00eds\u201d. Segundo Guimar\u00e3es, o Brasil vai voltar a crescer e a oposi\u00e7\u00e3o deveria oferecer propostas alternativas ao pa\u00eds.<\/p>\n<p><strong>Iolando Louren\u00e7o &#8211; ABr<\/strong><\/p>\n","protected":false},"excerpt":{"rendered":"<p>L\u00edderes dos partidos de oposi\u00e7\u00e3o (PSC, PSDB, DEM, PPS e SD) v\u00e3o lan\u00e7ar nesta quinta-feira (10), \u00e0s 11h, no Sal\u00e3o Verde da C\u00e2mara, um movimento suprapartid\u00e1rio pr\u00f3-impeachment da presidenta Dilma Rousseff. De acordo com o l\u00edder do PSDB, deputado Carlos Sampaio (SP), o movimento tamb\u00e9m ter\u00e1 um site com uma peti\u00e7\u00e3o eletr\u00f4nica para buscar mais [&hellip;]<\/p>\n","protected":false},"author":2,"featured_media":66778,"comment_status":"open","ping_status":"closed","sticky":false,"template":"","format":"standard","meta":{"_acf_changed":false,"footnotes":""},"categories":[16],"tags":[],"class_list":["post-66777","post","type-post","status-publish","format-standard","has-post-thumbnail","hentry","category-brasil"],"acf":[],"yoast_head":"<!-- This site is optimized with the Yoast SEO plugin v27.2 - https:\/\/yoast.com\/product\/yoast-seo-wordpress\/ -->\n<title>Oposi\u00e7\u00e3o vai lan\u00e7ar site com peti\u00e7\u00e3o eletr\u00f4nica para que o povo apoie o impeachment - Notibras<\/title>\n<meta name=\"robots\" content=\"index, follow, max-snippet:-1, max-image-preview:large, max-video-preview:-1\" \/>\n<link rel=\"canonical\" href=\"https:\/\/www.notibras.com\/site\/oposicao-tera-site-para-peticao-eletronica-pelo-impeachment\/\" \/>\n<meta property=\"og:locale\" content=\"pt_BR\" \/>\n<meta property=\"og:type\" content=\"article\" \/>\n<meta property=\"og:title\" content=\"Oposi\u00e7\u00e3o vai lan\u00e7ar site com peti\u00e7\u00e3o eletr\u00f4nica para que o povo apoie o impeachment - Notibras\" \/>\n<meta property=\"og:description\" content=\"L\u00edderes dos partidos de oposi\u00e7\u00e3o (PSC, PSDB, DEM, PPS e SD) v\u00e3o lan\u00e7ar nesta quinta-feira (10), \u00e0s 11h, no Sal\u00e3o Verde da C\u00e2mara, um movimento suprapartid\u00e1rio pr\u00f3-impeachment da presidenta Dilma Rousseff. De acordo com o l\u00edder do PSDB, deputado Carlos Sampaio (SP), o movimento tamb\u00e9m ter\u00e1 um site com uma peti\u00e7\u00e3o eletr\u00f4nica para buscar mais [&hellip;]\" \/>\n<meta property=\"og:url\" content=\"https:\/\/www.notibras.com\/site\/oposicao-tera-site-para-peticao-eletronica-pelo-impeachment\/\" \/>\n<meta property=\"og:site_name\" content=\"Notibras\" \/>\n<meta property=\"article:publisher\" content=\"https:\/\/www.facebook.com\/notibras\/\" \/>\n<meta property=\"article:published_time\" content=\"2015-09-09T17:35:00+00:00\" \/>\n<meta property=\"article:modified_time\" content=\"2015-09-09T23:01:01+00:00\" \/>\n<meta property=\"og:image\" content=\"https:\/\/www.notibras.com\/site\/wp-content\/uploads\/2015\/09\/coletiva-carlos-sampaio-2.jpg\" \/>\n\t<meta property=\"og:image:width\" content=\"1969\" \/>\n\t<meta property=\"og:image:height\" content=\"1312\" \/>\n\t<meta property=\"og:image:type\" content=\"image\/jpeg\" \/>\n<meta name=\"author\" content=\"Reda\u00e7\u00e3o\" \/>\n<meta name=\"twitter:card\" content=\"summary_large_image\" \/>\n<meta name=\"twitter:creator\" content=\"@Notibras\" \/>\n<meta name=\"twitter:site\" content=\"@Notibras\" \/>\n<meta name=\"twitter:label1\" content=\"Escrito por\" \/>\n\t<meta name=\"twitter:data1\" content=\"Reda\u00e7\u00e3o\" \/>\n\t<meta name=\"twitter:label2\" content=\"Est. tempo de leitura\" \/>\n\t<meta name=\"twitter:data2\" content=\"2 minutos\" \/>\n<script type=\"application\/ld+json\" class=\"yoast-schema-graph\">{\"@context\":\"https:\/\/schema.org\",\"@graph\":[{\"@type\":\"Article\",\"@id\":\"https:\/\/www.notibras.com\/site\/oposicao-tera-site-para-peticao-eletronica-pelo-impeachment\/#article\",\"isPartOf\":{\"@id\":\"https:\/\/www.notibras.com\/site\/oposicao-tera-site-para-peticao-eletronica-pelo-impeachment\/\"},\"author\":{\"name\":\"Reda\u00e7\u00e3o\",\"@id\":\"https:\/\/www.notibras.com\/site\/#\/schema\/person\/36ab0979449956132d3e5b517ea76ac8\"},\"headline\":\"Oposi\u00e7\u00e3o vai lan\u00e7ar site com peti\u00e7\u00e3o eletr\u00f4nica para que o povo apoie o impeachment\",\"datePublished\":\"2015-09-09T17:35:00+00:00\",\"dateModified\":\"2015-09-09T23:01:01+00:00\",\"mainEntityOfPage\":{\"@id\":\"https:\/\/www.notibras.com\/site\/oposicao-tera-site-para-peticao-eletronica-pelo-impeachment\/\"},\"wordCount\":497,\"commentCount\":0,\"publisher\":{\"@id\":\"https:\/\/www.notibras.com\/site\/#organization\"},\"image\":{\"@id\":\"https:\/\/www.notibras.com\/site\/oposicao-tera-site-para-peticao-eletronica-pelo-impeachment\/#primaryimage\"},\"thumbnailUrl\":\"https:\/\/www.notibras.com\/site\/wp-content\/uploads\/2015\/09\/coletiva-carlos-sampaio-2.jpg\",\"articleSection\":[\"Brasil\"],\"inLanguage\":\"pt-BR\",\"potentialAction\":[{\"@type\":\"CommentAction\",\"name\":\"Comment\",\"target\":[\"https:\/\/www.notibras.com\/site\/oposicao-tera-site-para-peticao-eletronica-pelo-impeachment\/#respond\"]}]},{\"@type\":\"WebPage\",\"@id\":\"https:\/\/www.notibras.com\/site\/oposicao-tera-site-para-peticao-eletronica-pelo-impeachment\/\",\"url\":\"https:\/\/www.notibras.com\/site\/oposicao-tera-site-para-peticao-eletronica-pelo-impeachment\/\",\"name\":\"Oposi\u00e7\u00e3o vai lan\u00e7ar site com peti\u00e7\u00e3o eletr\u00f4nica para que o povo apoie o impeachment - Notibras\",\"isPartOf\":{\"@id\":\"https:\/\/www.notibras.com\/site\/#website\"},\"primaryImageOfPage\":{\"@id\":\"https:\/\/www.notibras.com\/site\/oposicao-tera-site-para-peticao-eletronica-pelo-impeachment\/#primaryimage\"},\"image\":{\"@id\":\"https:\/\/www.notibras.com\/site\/oposicao-tera-site-para-peticao-eletronica-pelo-impeachment\/#primaryimage\"},\"thumbnailUrl\":\"https:\/\/www.notibras.com\/site\/wp-content\/uploads\/2015\/09\/coletiva-carlos-sampaio-2.jpg\",\"datePublished\":\"2015-09-09T17:35:00+00:00\",\"dateModified\":\"2015-09-09T23:01:01+00:00\",\"breadcrumb\":{\"@id\":\"https:\/\/www.notibras.com\/site\/oposicao-tera-site-para-peticao-eletronica-pelo-impeachment\/#breadcrumb\"},\"inLanguage\":\"pt-BR\",\"potentialAction\":[{\"@type\":\"ReadAction\",\"target\":[\"https:\/\/www.notibras.com\/site\/oposicao-tera-site-para-peticao-eletronica-pelo-impeachment\/\"]}]},{\"@type\":\"ImageObject\",\"inLanguage\":\"pt-BR\",\"@id\":\"https:\/\/www.notibras.com\/site\/oposicao-tera-site-para-peticao-eletronica-pelo-impeachment\/#primaryimage\",\"url\":\"https:\/\/www.notibras.com\/site\/wp-content\/uploads\/2015\/09\/coletiva-carlos-sampaio-2.jpg\",\"contentUrl\":\"https:\/\/www.notibras.com\/site\/wp-content\/uploads\/2015\/09\/coletiva-carlos-sampaio-2.jpg\",\"width\":1969,\"height\":1312},{\"@type\":\"BreadcrumbList\",\"@id\":\"https:\/\/www.notibras.com\/site\/oposicao-tera-site-para-peticao-eletronica-pelo-impeachment\/#breadcrumb\",\"itemListElement\":[{\"@type\":\"ListItem\",\"position\":1,\"name\":\"In\u00edcio\",\"item\":\"https:\/\/www.notibras.com\/site\/\"},{\"@type\":\"ListItem\",\"position\":2,\"name\":\"Oposi\u00e7\u00e3o vai lan\u00e7ar site com peti\u00e7\u00e3o eletr\u00f4nica para que o povo apoie o impeachment\"}]},{\"@type\":\"WebSite\",\"@id\":\"https:\/\/www.notibras.com\/site\/#website\",\"url\":\"https:\/\/www.notibras.com\/site\/\",\"name\":\"Notibras\",\"description\":\"Not\u00edcias de Bras\u00edlia, do Brasil e do Mundo\",\"publisher\":{\"@id\":\"https:\/\/www.notibras.com\/site\/#organization\"},\"potentialAction\":[{\"@type\":\"SearchAction\",\"target\":{\"@type\":\"EntryPoint\",\"urlTemplate\":\"https:\/\/www.notibras.com\/site\/?s={search_term_string}\"},\"query-input\":{\"@type\":\"PropertyValueSpecification\",\"valueRequired\":true,\"valueName\":\"search_term_string\"}}],\"inLanguage\":\"pt-BR\"},{\"@type\":\"Organization\",\"@id\":\"https:\/\/www.notibras.com\/site\/#organization\",\"name\":\"Grupo Notibras de Comunica\u00e7\u00e3o\",\"url\":\"https:\/\/www.notibras.com\/site\/\",\"logo\":{\"@type\":\"ImageObject\",\"inLanguage\":\"pt-BR\",\"@id\":\"https:\/\/www.notibras.com\/site\/#\/schema\/logo\/image\/\",\"url\":\"https:\/\/www.notibras.com\/site\/wp-content\/uploads\/2023\/01\/notibras23.png\",\"contentUrl\":\"https:\/\/www.notibras.com\/site\/wp-content\/uploads\/2023\/01\/notibras23.png\",\"width\":350,\"height\":87,\"caption\":\"Grupo Notibras de Comunica\u00e7\u00e3o\"},\"image\":{\"@id\":\"https:\/\/www.notibras.com\/site\/#\/schema\/logo\/image\/\"},\"sameAs\":[\"https:\/\/www.facebook.com\/notibras\/\",\"https:\/\/x.com\/Notibras\",\"https:\/\/www.instagram.com\/notibras\/\"]},{\"@type\":\"Person\",\"@id\":\"https:\/\/www.notibras.com\/site\/#\/schema\/person\/36ab0979449956132d3e5b517ea76ac8\",\"name\":\"Reda\u00e7\u00e3o\",\"image\":{\"@type\":\"ImageObject\",\"inLanguage\":\"pt-BR\",\"@id\":\"https:\/\/secure.gravatar.com\/avatar\/e0a867bdedb85fd243eadf09663511f96fc81e0720a4a42581f334ad4303aa6b?s=96&d=mm&r=g\",\"url\":\"https:\/\/secure.gravatar.com\/avatar\/e0a867bdedb85fd243eadf09663511f96fc81e0720a4a42581f334ad4303aa6b?s=96&d=mm&r=g\",\"contentUrl\":\"https:\/\/secure.gravatar.com\/avatar\/e0a867bdedb85fd243eadf09663511f96fc81e0720a4a42581f334ad4303aa6b?s=96&d=mm&r=g\",\"caption\":\"Reda\u00e7\u00e3o\"}}]}<\/script>\n<!-- \/ Yoast SEO plugin. -->","yoast_head_json":{"title":"Oposi\u00e7\u00e3o vai lan\u00e7ar site com peti\u00e7\u00e3o eletr\u00f4nica para que o povo apoie o impeachment - Notibras","robots":{"index":"index","follow":"follow","max-snippet":"max-snippet:-1","max-image-preview":"max-image-preview:large","max-video-preview":"max-video-preview:-1"},"canonical":"https:\/\/www.notibras.com\/site\/oposicao-tera-site-para-peticao-eletronica-pelo-impeachment\/","og_locale":"pt_BR","og_type":"article","og_title":"Oposi\u00e7\u00e3o vai lan\u00e7ar site com peti\u00e7\u00e3o eletr\u00f4nica para que o povo apoie o impeachment - Notibras","og_description":"L\u00edderes dos partidos de oposi\u00e7\u00e3o (PSC, PSDB, DEM, PPS e SD) v\u00e3o lan\u00e7ar nesta quinta-feira (10), \u00e0s 11h, no Sal\u00e3o Verde da C\u00e2mara, um movimento suprapartid\u00e1rio pr\u00f3-impeachment da presidenta Dilma Rousseff. De acordo com o l\u00edder do PSDB, deputado Carlos Sampaio (SP), o movimento tamb\u00e9m ter\u00e1 um site com uma peti\u00e7\u00e3o eletr\u00f4nica para buscar mais [&hellip;]","og_url":"https:\/\/www.notibras.com\/site\/oposicao-tera-site-para-peticao-eletronica-pelo-impeachment\/","og_site_name":"Notibras","article_publisher":"https:\/\/www.facebook.com\/notibras\/","article_published_time":"2015-09-09T17:35:00+00:00","article_modified_time":"2015-09-09T23:01:01+00:00","og_image":[{"width":1969,"height":1312,"url":"https:\/\/www.notibras.com\/site\/wp-content\/uploads\/2015\/09\/coletiva-carlos-sampaio-2.jpg","type":"image\/jpeg"}],"author":"Reda\u00e7\u00e3o","twitter_card":"summary_large_image","twitter_creator":"@Notibras","twitter_site":"@Notibras","twitter_misc":{"Escrito por":"Reda\u00e7\u00e3o","Est. tempo de leitura":"2 minutos"},"schema":{"@context":"https:\/\/schema.org","@graph":[{"@type":"Article","@id":"https:\/\/www.notibras.com\/site\/oposicao-tera-site-para-peticao-eletronica-pelo-impeachment\/#article","isPartOf":{"@id":"https:\/\/www.notibras.com\/site\/oposicao-tera-site-para-peticao-eletronica-pelo-impeachment\/"},"author":{"name":"Reda\u00e7\u00e3o","@id":"https:\/\/www.notibras.com\/site\/#\/schema\/person\/36ab0979449956132d3e5b517ea76ac8"},"headline":"Oposi\u00e7\u00e3o vai lan\u00e7ar site com peti\u00e7\u00e3o eletr\u00f4nica para que o povo apoie o impeachment","datePublished":"2015-09-09T17:35:00+00:00","dateModified":"2015-09-09T23:01:01+00:00","mainEntityOfPage":{"@id":"https:\/\/www.notibras.com\/site\/oposicao-tera-site-para-peticao-eletronica-pelo-impeachment\/"},"wordCount":497,"commentCount":0,"publisher":{"@id":"https:\/\/www.notibras.com\/site\/#organization"},"image":{"@id":"https:\/\/www.notibras.com\/site\/oposicao-tera-site-para-peticao-eletronica-pelo-impeachment\/#primaryimage"},"thumbnailUrl":"https:\/\/www.notibras.com\/site\/wp-content\/uploads\/2015\/09\/coletiva-carlos-sampaio-2.jpg","articleSection":["Brasil"],"inLanguage":"pt-BR","potentialAction":[{"@type":"CommentAction","name":"Comment","target":["https:\/\/www.notibras.com\/site\/oposicao-tera-site-para-peticao-eletronica-pelo-impeachment\/#respond"]}]},{"@type":"WebPage","@id":"https:\/\/www.notibras.com\/site\/oposicao-tera-site-para-peticao-eletronica-pelo-impeachment\/","url":"https:\/\/www.notibras.com\/site\/oposicao-tera-site-para-peticao-eletronica-pelo-impeachment\/","name":"Oposi\u00e7\u00e3o vai lan\u00e7ar site com peti\u00e7\u00e3o eletr\u00f4nica para que o povo apoie o impeachment - Notibras","isPartOf":{"@id":"https:\/\/www.notibras.com\/site\/#website"},"primaryImageOfPage":{"@id":"https:\/\/www.notibras.com\/site\/oposicao-tera-site-para-peticao-eletronica-pelo-impeachment\/#primaryimage"},"image":{"@id":"https:\/\/www.notibras.com\/site\/oposicao-tera-site-para-peticao-eletronica-pelo-impeachment\/#primaryimage"},"thumbnailUrl":"https:\/\/www.notibras.com\/site\/wp-content\/uploads\/2015\/09\/coletiva-carlos-sampaio-2.jpg","datePublished":"2015-09-09T17:35:00+00:00","dateModified":"2015-09-09T23:01:01+00:00","breadcrumb":{"@id":"https:\/\/www.notibras.com\/site\/oposicao-tera-site-para-peticao-eletronica-pelo-impeachment\/#breadcrumb"},"inLanguage":"pt-BR","potentialAction":[{"@type":"ReadAction","target":["https:\/\/www.notibras.com\/site\/oposicao-tera-site-para-peticao-eletronica-pelo-impeachment\/"]}]},{"@type":"ImageObject","inLanguage":"pt-BR","@id":"https:\/\/www.notibras.com\/site\/oposicao-tera-site-para-peticao-eletronica-pelo-impeachment\/#primaryimage","url":"https:\/\/www.notibras.com\/site\/wp-content\/uploads\/2015\/09\/coletiva-carlos-sampaio-2.jpg","contentUrl":"https:\/\/www.notibras.com\/site\/wp-content\/uploads\/2015\/09\/coletiva-carlos-sampaio-2.jpg","width":1969,"height":1312},{"@type":"BreadcrumbList","@id":"https:\/\/www.notibras.com\/site\/oposicao-tera-site-para-peticao-eletronica-pelo-impeachment\/#breadcrumb","itemListElement":[{"@type":"ListItem","position":1,"name":"In\u00edcio","item":"https:\/\/www.notibras.com\/site\/"},{"@type":"ListItem","position":2,"name":"Oposi\u00e7\u00e3o vai lan\u00e7ar site com peti\u00e7\u00e3o eletr\u00f4nica para que o povo apoie o impeachment"}]},{"@type":"WebSite","@id":"https:\/\/www.notibras.com\/site\/#website","url":"https:\/\/www.notibras.com\/site\/","name":"Notibras","description":"Not\u00edcias de Bras\u00edlia, do Brasil e do Mundo","publisher":{"@id":"https:\/\/www.notibras.com\/site\/#organization"},"potentialAction":[{"@type":"SearchAction","target":{"@type":"EntryPoint","urlTemplate":"https:\/\/www.notibras.com\/site\/?s={search_term_string}"},"query-input":{"@type":"PropertyValueSpecification","valueRequired":true,"valueName":"search_term_string"}}],"inLanguage":"pt-BR"},{"@type":"Organization","@id":"https:\/\/www.notibras.com\/site\/#organization","name":"Grupo Notibras de Comunica\u00e7\u00e3o","url":"https:\/\/www.notibras.com\/site\/","logo":{"@type":"ImageObject","inLanguage":"pt-BR","@id":"https:\/\/www.notibras.com\/site\/#\/schema\/logo\/image\/","url":"https:\/\/www.notibras.com\/site\/wp-content\/uploads\/2023\/01\/notibras23.png","contentUrl":"https:\/\/www.notibras.com\/site\/wp-content\/uploads\/2023\/01\/notibras23.png","width":350,"height":87,"caption":"Grupo Notibras de Comunica\u00e7\u00e3o"},"image":{"@id":"https:\/\/www.notibras.com\/site\/#\/schema\/logo\/image\/"},"sameAs":["https:\/\/www.facebook.com\/notibras\/","https:\/\/x.com\/Notibras","https:\/\/www.instagram.com\/notibras\/"]},{"@type":"Person","@id":"https:\/\/www.notibras.com\/site\/#\/schema\/person\/36ab0979449956132d3e5b517ea76ac8","name":"Reda\u00e7\u00e3o","image":{"@type":"ImageObject","inLanguage":"pt-BR","@id":"https:\/\/secure.gravatar.com\/avatar\/e0a867bdedb85fd243eadf09663511f96fc81e0720a4a42581f334ad4303aa6b?s=96&d=mm&r=g","url":"https:\/\/secure.gravatar.com\/avatar\/e0a867bdedb85fd243eadf09663511f96fc81e0720a4a42581f334ad4303aa6b?s=96&d=mm&r=g","contentUrl":"https:\/\/secure.gravatar.com\/avatar\/e0a867bdedb85fd243eadf09663511f96fc81e0720a4a42581f334ad4303aa6b?s=96&d=mm&r=g","caption":"Reda\u00e7\u00e3o"}}]}},"amp_enabled":true,"_links":{"self":[{"href":"https:\/\/www.notibras.com\/site\/wp-json\/wp\/v2\/posts\/66777","targetHints":{"allow":["GET"]}}],"collection":[{"href":"https:\/\/www.notibras.com\/site\/wp-json\/wp\/v2\/posts"}],"about":[{"href":"https:\/\/www.notibras.com\/site\/wp-json\/wp\/v2\/types\/post"}],"author":[{"embeddable":true,"href":"https:\/\/www.notibras.com\/site\/wp-json\/wp\/v2\/users\/2"}],"replies":[{"embeddable":true,"href":"https:\/\/www.notibras.com\/site\/wp-json\/wp\/v2\/comments?post=66777"}],"version-history":[{"count":6,"href":"https:\/\/www.notibras.com\/site\/wp-json\/wp\/v2\/posts\/66777\/revisions"}],"predecessor-version":[{"id":66923,"href":"https:\/\/www.notibras.com\/site\/wp-json\/wp\/v2\/posts\/66777\/revisions\/66923"}],"wp:featuredmedia":[{"embeddable":true,"href":"https:\/\/www.notibras.com\/site\/wp-json\/wp\/v2\/media\/66778"}],"wp:attachment":[{"href":"https:\/\/www.notibras.com\/site\/wp-json\/wp\/v2\/media?parent=66777"}],"wp:term":[{"taxonomy":"category","embeddable":true,"href":"https:\/\/www.notibras.com\/site\/wp-json\/wp\/v2\/categories?post=66777"},{"taxonomy":"post_tag","embeddable":true,"href":"https:\/\/www.notibras.com\/site\/wp-json\/wp\/v2\/tags?post=66777"}],"curies":[{"name":"wp","href":"https:\/\/api.w.org\/{rel}","templated":true}]}}