{"id":66897,"date":"2015-09-09T19:28:36","date_gmt":"2015-09-09T22:28:36","guid":{"rendered":"http:\/\/www.notibras.com\/site\/?p=66897"},"modified":"2015-09-09T19:30:58","modified_gmt":"2015-09-09T22:30:58","slug":"sp-rebaixa-nota-do-governo-brasileiro-que-comeca-a-ser-visto-como-potencial-caloteiro","status":"publish","type":"post","link":"https:\/\/www.notibras.com\/site\/sp-rebaixa-nota-do-governo-brasileiro-que-comeca-a-ser-visto-como-potencial-caloteiro\/","title":{"rendered":"S&#038;P rebaixa nota do governo brasileiro, que j\u00e1 \u00e9 temido como um potencial caloteiro"},"content":{"rendered":"<p>A ag\u00eancia de classifica\u00e7\u00e3o de risco Standard &amp; Poor&#8217;s rebaixou o rating brasileiro de BBB- para BB+. Com isso, o Brasil perdeu o selo de bom pagador e \u00e9 considerado agora grau especulativo.<\/p>\n<p>&#8220;Os desafios pol\u00edticos do Brasil continuam a aumentar, pesando sobre a capacidade e a vontade do governo em apresentar um or\u00e7amento para 2016 ao Congresso coerente com a corre\u00e7\u00e3o pol\u00edtica significativa sinalizada durante a primeira parte do segundo mandato da presidente Dilma Rousseff&#8221;, diz a ag\u00eancia.<\/p>\n<p>O rebaixamento da nota do Brasil pela S&amp;P ocorre pouco mais de um m\u00eas depois de a ag\u00eancia ter revisado a perspectiva do rating do Pa\u00eds de est\u00e1vel para negativo. O rating, ou nota de cr\u00e9dito, \u00e9 o resultado da avalia\u00e7\u00e3o de uma ag\u00eancia de classifica\u00e7\u00e3o de risco sobre a qualidade de um t\u00edtulo de d\u00edvida emitido por uma empresa ou pa\u00eds.<\/p>\n<p>O rating indica, portanto, se o emissor \u00e9 um bom ou mau pagador e quais as chances de ocorrer um calote daquela d\u00edvida.<\/p>\n","protected":false},"excerpt":{"rendered":"<p>A ag\u00eancia de classifica\u00e7\u00e3o de risco Standard &amp; Poor&#8217;s rebaixou o rating brasileiro de BBB- para BB+. Com isso, o Brasil perdeu o selo de bom pagador e \u00e9 considerado agora grau especulativo. &#8220;Os desafios pol\u00edticos do Brasil continuam a aumentar, pesando sobre a capacidade e a vontade do governo em apresentar um or\u00e7amento para [&hellip;]<\/p>\n","protected":false},"author":2,"featured_media":0,"comment_status":"open","ping_status":"closed","sticky":false,"template":"","format":"standard","meta":{"_acf_changed":false,"footnotes":""},"categories":[16],"tags":[],"class_list":["post-66897","post","type-post","status-publish","format-standard","hentry","category-brasil"],"acf":[],"yoast_head":"<!-- This site is optimized with the Yoast SEO plugin v27.2 - https:\/\/yoast.com\/product\/yoast-seo-wordpress\/ -->\n<title>S&amp;P rebaixa nota do governo brasileiro, que j\u00e1 \u00e9 temido como um potencial caloteiro - Notibras<\/title>\n<meta name=\"robots\" content=\"index, follow, max-snippet:-1, max-image-preview:large, max-video-preview:-1\" \/>\n<link rel=\"canonical\" href=\"https:\/\/www.notibras.com\/site\/sp-rebaixa-nota-do-governo-brasileiro-que-comeca-a-ser-visto-como-potencial-caloteiro\/\" \/>\n<meta property=\"og:locale\" content=\"pt_BR\" \/>\n<meta property=\"og:type\" content=\"article\" \/>\n<meta property=\"og:title\" content=\"S&amp;P rebaixa nota do governo brasileiro, que j\u00e1 \u00e9 temido como um potencial caloteiro - Notibras\" \/>\n<meta property=\"og:description\" content=\"A ag\u00eancia de classifica\u00e7\u00e3o de risco Standard &amp; Poor&#8217;s rebaixou o rating brasileiro de BBB- para BB+. Com isso, o Brasil perdeu o selo de bom pagador e \u00e9 considerado agora grau especulativo. &#8220;Os desafios pol\u00edticos do Brasil continuam a aumentar, pesando sobre a capacidade e a vontade do governo em apresentar um or\u00e7amento para [&hellip;]\" \/>\n<meta property=\"og:url\" content=\"https:\/\/www.notibras.com\/site\/sp-rebaixa-nota-do-governo-brasileiro-que-comeca-a-ser-visto-como-potencial-caloteiro\/\" \/>\n<meta property=\"og:site_name\" content=\"Notibras\" \/>\n<meta property=\"article:publisher\" content=\"https:\/\/www.facebook.com\/notibras\/\" \/>\n<meta property=\"article:published_time\" content=\"2015-09-09T22:28:36+00:00\" \/>\n<meta property=\"article:modified_time\" content=\"2015-09-09T22:30:58+00:00\" \/>\n<meta property=\"og:image\" content=\"https:\/\/www.notibras.com\/site\/wp-content\/uploads\/2015\/09\/realtriste.jpg\" \/>\n\t<meta property=\"og:image:width\" content=\"400\" \/>\n\t<meta property=\"og:image:height\" content=\"240\" \/>\n\t<meta property=\"og:image:type\" content=\"image\/jpeg\" \/>\n<meta name=\"author\" content=\"Reda\u00e7\u00e3o\" \/>\n<meta name=\"twitter:card\" content=\"summary_large_image\" \/>\n<meta name=\"twitter:creator\" content=\"@Notibras\" \/>\n<meta name=\"twitter:site\" content=\"@Notibras\" \/>\n<meta name=\"twitter:label1\" content=\"Escrito por\" \/>\n\t<meta name=\"twitter:data1\" content=\"Reda\u00e7\u00e3o\" \/>\n\t<meta name=\"twitter:label2\" content=\"Est. tempo de leitura\" \/>\n\t<meta name=\"twitter:data2\" content=\"1 minuto\" \/>\n<script type=\"application\/ld+json\" class=\"yoast-schema-graph\">{\"@context\":\"https:\/\/schema.org\",\"@graph\":[{\"@type\":\"Article\",\"@id\":\"https:\/\/www.notibras.com\/site\/sp-rebaixa-nota-do-governo-brasileiro-que-comeca-a-ser-visto-como-potencial-caloteiro\/#article\",\"isPartOf\":{\"@id\":\"https:\/\/www.notibras.com\/site\/sp-rebaixa-nota-do-governo-brasileiro-que-comeca-a-ser-visto-como-potencial-caloteiro\/\"},\"author\":{\"name\":\"Reda\u00e7\u00e3o\",\"@id\":\"https:\/\/www.notibras.com\/site\/#\/schema\/person\/36ab0979449956132d3e5b517ea76ac8\"},\"headline\":\"S&#038;P rebaixa nota do governo brasileiro, que j\u00e1 \u00e9 temido como um potencial caloteiro\",\"datePublished\":\"2015-09-09T22:28:36+00:00\",\"dateModified\":\"2015-09-09T22:30:58+00:00\",\"mainEntityOfPage\":{\"@id\":\"https:\/\/www.notibras.com\/site\/sp-rebaixa-nota-do-governo-brasileiro-que-comeca-a-ser-visto-como-potencial-caloteiro\/\"},\"wordCount\":195,\"commentCount\":0,\"publisher\":{\"@id\":\"https:\/\/www.notibras.com\/site\/#organization\"},\"articleSection\":[\"Brasil\"],\"inLanguage\":\"pt-BR\",\"potentialAction\":[{\"@type\":\"CommentAction\",\"name\":\"Comment\",\"target\":[\"https:\/\/www.notibras.com\/site\/sp-rebaixa-nota-do-governo-brasileiro-que-comeca-a-ser-visto-como-potencial-caloteiro\/#respond\"]}]},{\"@type\":\"WebPage\",\"@id\":\"https:\/\/www.notibras.com\/site\/sp-rebaixa-nota-do-governo-brasileiro-que-comeca-a-ser-visto-como-potencial-caloteiro\/\",\"url\":\"https:\/\/www.notibras.com\/site\/sp-rebaixa-nota-do-governo-brasileiro-que-comeca-a-ser-visto-como-potencial-caloteiro\/\",\"name\":\"S&P rebaixa nota do governo brasileiro, que j\u00e1 \u00e9 temido como um potencial caloteiro - Notibras\",\"isPartOf\":{\"@id\":\"https:\/\/www.notibras.com\/site\/#website\"},\"datePublished\":\"2015-09-09T22:28:36+00:00\",\"dateModified\":\"2015-09-09T22:30:58+00:00\",\"breadcrumb\":{\"@id\":\"https:\/\/www.notibras.com\/site\/sp-rebaixa-nota-do-governo-brasileiro-que-comeca-a-ser-visto-como-potencial-caloteiro\/#breadcrumb\"},\"inLanguage\":\"pt-BR\",\"potentialAction\":[{\"@type\":\"ReadAction\",\"target\":[\"https:\/\/www.notibras.com\/site\/sp-rebaixa-nota-do-governo-brasileiro-que-comeca-a-ser-visto-como-potencial-caloteiro\/\"]}]},{\"@type\":\"BreadcrumbList\",\"@id\":\"https:\/\/www.notibras.com\/site\/sp-rebaixa-nota-do-governo-brasileiro-que-comeca-a-ser-visto-como-potencial-caloteiro\/#breadcrumb\",\"itemListElement\":[{\"@type\":\"ListItem\",\"position\":1,\"name\":\"In\u00edcio\",\"item\":\"https:\/\/www.notibras.com\/site\/\"},{\"@type\":\"ListItem\",\"position\":2,\"name\":\"S&#038;P rebaixa nota do governo brasileiro, que j\u00e1 \u00e9 temido como um potencial caloteiro\"}]},{\"@type\":\"WebSite\",\"@id\":\"https:\/\/www.notibras.com\/site\/#website\",\"url\":\"https:\/\/www.notibras.com\/site\/\",\"name\":\"Notibras\",\"description\":\"Not\u00edcias de Bras\u00edlia, do Brasil e do Mundo\",\"publisher\":{\"@id\":\"https:\/\/www.notibras.com\/site\/#organization\"},\"potentialAction\":[{\"@type\":\"SearchAction\",\"target\":{\"@type\":\"EntryPoint\",\"urlTemplate\":\"https:\/\/www.notibras.com\/site\/?s={search_term_string}\"},\"query-input\":{\"@type\":\"PropertyValueSpecification\",\"valueRequired\":true,\"valueName\":\"search_term_string\"}}],\"inLanguage\":\"pt-BR\"},{\"@type\":\"Organization\",\"@id\":\"https:\/\/www.notibras.com\/site\/#organization\",\"name\":\"Grupo Notibras de Comunica\u00e7\u00e3o\",\"url\":\"https:\/\/www.notibras.com\/site\/\",\"logo\":{\"@type\":\"ImageObject\",\"inLanguage\":\"pt-BR\",\"@id\":\"https:\/\/www.notibras.com\/site\/#\/schema\/logo\/image\/\",\"url\":\"https:\/\/www.notibras.com\/site\/wp-content\/uploads\/2023\/01\/notibras23.png\",\"contentUrl\":\"https:\/\/www.notibras.com\/site\/wp-content\/uploads\/2023\/01\/notibras23.png\",\"width\":350,\"height\":87,\"caption\":\"Grupo Notibras de Comunica\u00e7\u00e3o\"},\"image\":{\"@id\":\"https:\/\/www.notibras.com\/site\/#\/schema\/logo\/image\/\"},\"sameAs\":[\"https:\/\/www.facebook.com\/notibras\/\",\"https:\/\/x.com\/Notibras\",\"https:\/\/www.instagram.com\/notibras\/\"]},{\"@type\":\"Person\",\"@id\":\"https:\/\/www.notibras.com\/site\/#\/schema\/person\/36ab0979449956132d3e5b517ea76ac8\",\"name\":\"Reda\u00e7\u00e3o\",\"image\":{\"@type\":\"ImageObject\",\"inLanguage\":\"pt-BR\",\"@id\":\"https:\/\/secure.gravatar.com\/avatar\/e0a867bdedb85fd243eadf09663511f96fc81e0720a4a42581f334ad4303aa6b?s=96&d=mm&r=g\",\"url\":\"https:\/\/secure.gravatar.com\/avatar\/e0a867bdedb85fd243eadf09663511f96fc81e0720a4a42581f334ad4303aa6b?s=96&d=mm&r=g\",\"contentUrl\":\"https:\/\/secure.gravatar.com\/avatar\/e0a867bdedb85fd243eadf09663511f96fc81e0720a4a42581f334ad4303aa6b?s=96&d=mm&r=g\",\"caption\":\"Reda\u00e7\u00e3o\"}}]}<\/script>\n<!-- \/ Yoast SEO plugin. -->","yoast_head_json":{"title":"S&P rebaixa nota do governo brasileiro, que j\u00e1 \u00e9 temido como um potencial caloteiro - Notibras","robots":{"index":"index","follow":"follow","max-snippet":"max-snippet:-1","max-image-preview":"max-image-preview:large","max-video-preview":"max-video-preview:-1"},"canonical":"https:\/\/www.notibras.com\/site\/sp-rebaixa-nota-do-governo-brasileiro-que-comeca-a-ser-visto-como-potencial-caloteiro\/","og_locale":"pt_BR","og_type":"article","og_title":"S&P rebaixa nota do governo brasileiro, que j\u00e1 \u00e9 temido como um potencial caloteiro - Notibras","og_description":"A ag\u00eancia de classifica\u00e7\u00e3o de risco Standard &amp; Poor&#8217;s rebaixou o rating brasileiro de BBB- para BB+. Com isso, o Brasil perdeu o selo de bom pagador e \u00e9 considerado agora grau especulativo. &#8220;Os desafios pol\u00edticos do Brasil continuam a aumentar, pesando sobre a capacidade e a vontade do governo em apresentar um or\u00e7amento para [&hellip;]","og_url":"https:\/\/www.notibras.com\/site\/sp-rebaixa-nota-do-governo-brasileiro-que-comeca-a-ser-visto-como-potencial-caloteiro\/","og_site_name":"Notibras","article_publisher":"https:\/\/www.facebook.com\/notibras\/","article_published_time":"2015-09-09T22:28:36+00:00","article_modified_time":"2015-09-09T22:30:58+00:00","og_image":[{"width":400,"height":240,"url":"https:\/\/www.notibras.com\/site\/wp-content\/uploads\/2015\/09\/realtriste.jpg","type":"image\/jpeg"}],"author":"Reda\u00e7\u00e3o","twitter_card":"summary_large_image","twitter_creator":"@Notibras","twitter_site":"@Notibras","twitter_misc":{"Escrito por":"Reda\u00e7\u00e3o","Est. tempo de leitura":"1 minuto"},"schema":{"@context":"https:\/\/schema.org","@graph":[{"@type":"Article","@id":"https:\/\/www.notibras.com\/site\/sp-rebaixa-nota-do-governo-brasileiro-que-comeca-a-ser-visto-como-potencial-caloteiro\/#article","isPartOf":{"@id":"https:\/\/www.notibras.com\/site\/sp-rebaixa-nota-do-governo-brasileiro-que-comeca-a-ser-visto-como-potencial-caloteiro\/"},"author":{"name":"Reda\u00e7\u00e3o","@id":"https:\/\/www.notibras.com\/site\/#\/schema\/person\/36ab0979449956132d3e5b517ea76ac8"},"headline":"S&#038;P rebaixa nota do governo brasileiro, que j\u00e1 \u00e9 temido como um potencial caloteiro","datePublished":"2015-09-09T22:28:36+00:00","dateModified":"2015-09-09T22:30:58+00:00","mainEntityOfPage":{"@id":"https:\/\/www.notibras.com\/site\/sp-rebaixa-nota-do-governo-brasileiro-que-comeca-a-ser-visto-como-potencial-caloteiro\/"},"wordCount":195,"commentCount":0,"publisher":{"@id":"https:\/\/www.notibras.com\/site\/#organization"},"articleSection":["Brasil"],"inLanguage":"pt-BR","potentialAction":[{"@type":"CommentAction","name":"Comment","target":["https:\/\/www.notibras.com\/site\/sp-rebaixa-nota-do-governo-brasileiro-que-comeca-a-ser-visto-como-potencial-caloteiro\/#respond"]}]},{"@type":"WebPage","@id":"https:\/\/www.notibras.com\/site\/sp-rebaixa-nota-do-governo-brasileiro-que-comeca-a-ser-visto-como-potencial-caloteiro\/","url":"https:\/\/www.notibras.com\/site\/sp-rebaixa-nota-do-governo-brasileiro-que-comeca-a-ser-visto-como-potencial-caloteiro\/","name":"S&P rebaixa nota do governo brasileiro, que j\u00e1 \u00e9 temido como um potencial caloteiro - Notibras","isPartOf":{"@id":"https:\/\/www.notibras.com\/site\/#website"},"datePublished":"2015-09-09T22:28:36+00:00","dateModified":"2015-09-09T22:30:58+00:00","breadcrumb":{"@id":"https:\/\/www.notibras.com\/site\/sp-rebaixa-nota-do-governo-brasileiro-que-comeca-a-ser-visto-como-potencial-caloteiro\/#breadcrumb"},"inLanguage":"pt-BR","potentialAction":[{"@type":"ReadAction","target":["https:\/\/www.notibras.com\/site\/sp-rebaixa-nota-do-governo-brasileiro-que-comeca-a-ser-visto-como-potencial-caloteiro\/"]}]},{"@type":"BreadcrumbList","@id":"https:\/\/www.notibras.com\/site\/sp-rebaixa-nota-do-governo-brasileiro-que-comeca-a-ser-visto-como-potencial-caloteiro\/#breadcrumb","itemListElement":[{"@type":"ListItem","position":1,"name":"In\u00edcio","item":"https:\/\/www.notibras.com\/site\/"},{"@type":"ListItem","position":2,"name":"S&#038;P rebaixa nota do governo brasileiro, que j\u00e1 \u00e9 temido como um potencial caloteiro"}]},{"@type":"WebSite","@id":"https:\/\/www.notibras.com\/site\/#website","url":"https:\/\/www.notibras.com\/site\/","name":"Notibras","description":"Not\u00edcias de Bras\u00edlia, do Brasil e do Mundo","publisher":{"@id":"https:\/\/www.notibras.com\/site\/#organization"},"potentialAction":[{"@type":"SearchAction","target":{"@type":"EntryPoint","urlTemplate":"https:\/\/www.notibras.com\/site\/?s={search_term_string}"},"query-input":{"@type":"PropertyValueSpecification","valueRequired":true,"valueName":"search_term_string"}}],"inLanguage":"pt-BR"},{"@type":"Organization","@id":"https:\/\/www.notibras.com\/site\/#organization","name":"Grupo Notibras de Comunica\u00e7\u00e3o","url":"https:\/\/www.notibras.com\/site\/","logo":{"@type":"ImageObject","inLanguage":"pt-BR","@id":"https:\/\/www.notibras.com\/site\/#\/schema\/logo\/image\/","url":"https:\/\/www.notibras.com\/site\/wp-content\/uploads\/2023\/01\/notibras23.png","contentUrl":"https:\/\/www.notibras.com\/site\/wp-content\/uploads\/2023\/01\/notibras23.png","width":350,"height":87,"caption":"Grupo Notibras de Comunica\u00e7\u00e3o"},"image":{"@id":"https:\/\/www.notibras.com\/site\/#\/schema\/logo\/image\/"},"sameAs":["https:\/\/www.facebook.com\/notibras\/","https:\/\/x.com\/Notibras","https:\/\/www.instagram.com\/notibras\/"]},{"@type":"Person","@id":"https:\/\/www.notibras.com\/site\/#\/schema\/person\/36ab0979449956132d3e5b517ea76ac8","name":"Reda\u00e7\u00e3o","image":{"@type":"ImageObject","inLanguage":"pt-BR","@id":"https:\/\/secure.gravatar.com\/avatar\/e0a867bdedb85fd243eadf09663511f96fc81e0720a4a42581f334ad4303aa6b?s=96&d=mm&r=g","url":"https:\/\/secure.gravatar.com\/avatar\/e0a867bdedb85fd243eadf09663511f96fc81e0720a4a42581f334ad4303aa6b?s=96&d=mm&r=g","contentUrl":"https:\/\/secure.gravatar.com\/avatar\/e0a867bdedb85fd243eadf09663511f96fc81e0720a4a42581f334ad4303aa6b?s=96&d=mm&r=g","caption":"Reda\u00e7\u00e3o"}}]}},"amp_enabled":true,"_links":{"self":[{"href":"https:\/\/www.notibras.com\/site\/wp-json\/wp\/v2\/posts\/66897","targetHints":{"allow":["GET"]}}],"collection":[{"href":"https:\/\/www.notibras.com\/site\/wp-json\/wp\/v2\/posts"}],"about":[{"href":"https:\/\/www.notibras.com\/site\/wp-json\/wp\/v2\/types\/post"}],"author":[{"embeddable":true,"href":"https:\/\/www.notibras.com\/site\/wp-json\/wp\/v2\/users\/2"}],"replies":[{"embeddable":true,"href":"https:\/\/www.notibras.com\/site\/wp-json\/wp\/v2\/comments?post=66897"}],"version-history":[{"count":4,"href":"https:\/\/www.notibras.com\/site\/wp-json\/wp\/v2\/posts\/66897\/revisions"}],"predecessor-version":[{"id":66902,"href":"https:\/\/www.notibras.com\/site\/wp-json\/wp\/v2\/posts\/66897\/revisions\/66902"}],"wp:attachment":[{"href":"https:\/\/www.notibras.com\/site\/wp-json\/wp\/v2\/media?parent=66897"}],"wp:term":[{"taxonomy":"category","embeddable":true,"href":"https:\/\/www.notibras.com\/site\/wp-json\/wp\/v2\/categories?post=66897"},{"taxonomy":"post_tag","embeddable":true,"href":"https:\/\/www.notibras.com\/site\/wp-json\/wp\/v2\/tags?post=66897"}],"curies":[{"name":"wp","href":"https:\/\/api.w.org\/{rel}","templated":true}]}}