{"id":6692,"date":"2014-04-13T18:32:59","date_gmt":"2014-04-13T21:32:59","guid":{"rendered":"http:\/\/www.notibras.com\/site\/?p=6692"},"modified":"2014-04-13T18:38:01","modified_gmt":"2014-04-13T21:38:01","slug":"santos-faz-1x0-perde-nos-penaltis-e-ituano-e-o-novo-campeao-paulista","status":"publish","type":"post","link":"https:\/\/www.notibras.com\/site\/santos-faz-1x0-perde-nos-penaltis-e-ituano-e-o-novo-campeao-paulista\/","title":{"rendered":"Santos faz 1&#215;0, perde nos p\u00eanaltis e Ituano \u00e9 campe\u00e3o paulista"},"content":{"rendered":"<p>O Ituano perdeu o segundo e decisivo jogo da final do Campeonato Paulista, diante do Santos, por 1 a 0, neste domingo, no est\u00e1dio do Pacaembu, mas conquistou o t\u00edtulo estadual ao vencer o time santista na decis\u00e3o por p\u00eanaltis.<\/p>\n<p>No tempo normal, o Ituano segurou o Santos e s\u00f3 sofreu o gol em cobran\u00e7a de p\u00eanalti, cobrado por C\u00edcero, no final do primeiro tempo. O resultado levou a decis\u00e3o para os p\u00eanaltis. Na disputa, o time do interior perdeu com o zagueiro Anderson Salles, mas a equipe santista desperdi\u00e7ou duas cobran\u00e7as, com Rildo e Neto.<\/p>\n<p>O Santos entrou em campo com uma forma\u00e7\u00e3o diferente em rela\u00e7\u00e3o ao primeiro jogo \u2013 o volante Alison no lugar de Gabriel Barbosa. Com a altera\u00e7\u00e3o, C\u00edcero atuou mais adiantado, como principal armador de jogadas do time. O camisa 8 foi o jogador mais perigoso da equipe. Al\u00e9m do gol de p\u00eanalti, o meia quase abriu o placar em mais duas oportunidades somente no primeiro tempo. A primeira em cobran\u00e7a de falta, que o goleiro espalmou para escanteio, e a segunda, em uma finaliza\u00e7\u00e3o na pequena \u00e1rea ap\u00f3s passe de cabe\u00e7a de Leandro Dami\u00e3o.<\/p>\n<p>No entanto, o nervosismo atrapalhou o time santista no in\u00edcio da partida. O Santos correu e marcou mais em compara\u00e7\u00e3o ao primeiro jogo, mas caiu na &#8220;catimba&#8221; do Ituano, que jogava pelo empate para ficar com o t\u00edtulo.<\/p>\n<p>O nervosismo tamb\u00e9m atrapalhava o Santos t\u00e9cnica e taticamente. O time abusava da &#8220;liga\u00e7\u00e3o direita&#8221; (chutes da defesa direto para o ataque) e se precipitava em algumas finaliza\u00e7\u00f5es.<\/p>\n<p>Santos e Ituano atuaram com o mesmo esquema t\u00e1tico \u2013 4-2-3-1. No Santos, Alison protegia os zagueiros Neto e David Braz, e assim Oswaldo de Oliveira liberava os laterais ao ataque. Cicinho, na direita, apoiou bastante e criou boas jogadas, ajudando a romper o &#8220;ferrolho&#8221; do Ituano na entrada da \u00e1rea.<\/p>\n<p>O nervosismo n\u00e3o era &#8220;privil\u00e9gio&#8221; do Santos. Antes dos 20 minutos de jogo, o Ituano recebeu tr\u00eas cart\u00f5es amarelos \u2013 Rafael Silva, Cristian e Esquerdinha. O time de Itu tentava parar o jogo com muitas faltas e s\u00f3 assusta o Santos em bola parada, principalmente nas cobran\u00e7as de falta do zagueiro Anderson Salles.<\/p>\n<p>O Santos melhorou no final do primeiro tempo, quando teve tr\u00eas boas oportunidades \u2013 duas com C\u00edcero e uma com Leandro Dami\u00e3o, que cabeceou a bola no peito do goleiro. O gol saiu aos 45 minutos em cobran\u00e7as de p\u00eanalti. O camisa 8 sofreu a infra\u00e7\u00e3o e pediu para bater mesmo errando um p\u00eanalti no primeiro jogo. O meia santista bateu com categorias no canto direito do goleiro para abrir o placar.<\/p>\n<p>No segundo tempo, o Ituano mudou sua postura e saiu mais para o jogo. O time do interior teve uma grande chance ap\u00f3s falha de Cicinho no meio-campo aos nove minutos, mas os atacantes se atrapalharam no momento da finaliza\u00e7\u00e3o e foram travados pela zaga santista.<\/p>\n<p>No entanto, foi o Santos teve que as melhores oportunidades no segundo tempo. Geuv\u00e2nio recebeu a bola na frente do goleiro V\u00e1gner, sem marca\u00e7\u00e3o, mas finalizou para fora do gol. O time ainda quase marcou o segundo gol em cabe\u00e7ada de C\u00edcero ap\u00f3s cobran\u00e7a de falta de Geuv\u00e2nio.<\/p>\n","protected":false},"excerpt":{"rendered":"<p>O Ituano perdeu o segundo e decisivo jogo da final do Campeonato Paulista, diante do Santos, por 1 a 0, neste domingo, no est\u00e1dio do Pacaembu, mas conquistou o t\u00edtulo estadual ao vencer o time santista na decis\u00e3o por p\u00eanaltis. No tempo normal, o Ituano segurou o Santos e s\u00f3 sofreu o gol em cobran\u00e7a [&hellip;]<\/p>\n","protected":false},"author":2,"featured_media":6693,"comment_status":"open","ping_status":"closed","sticky":false,"template":"","format":"standard","meta":{"_acf_changed":false,"footnotes":""},"categories":[19],"tags":[],"class_list":["post-6692","post","type-post","status-publish","format-standard","has-post-thumbnail","hentry","category-esportes"],"acf":[],"yoast_head":"<!-- This site is optimized with the Yoast SEO plugin v27.2 - https:\/\/yoast.com\/product\/yoast-seo-wordpress\/ -->\n<title>Santos faz 1x0, perde nos p\u00eanaltis e Ituano \u00e9 campe\u00e3o paulista - Notibras<\/title>\n<meta name=\"robots\" content=\"index, follow, max-snippet:-1, max-image-preview:large, max-video-preview:-1\" \/>\n<link rel=\"canonical\" href=\"https:\/\/www.notibras.com\/site\/santos-faz-1x0-perde-nos-penaltis-e-ituano-e-o-novo-campeao-paulista\/\" \/>\n<meta property=\"og:locale\" content=\"pt_BR\" \/>\n<meta property=\"og:type\" content=\"article\" \/>\n<meta property=\"og:title\" content=\"Santos faz 1x0, perde nos p\u00eanaltis e Ituano \u00e9 campe\u00e3o paulista - Notibras\" \/>\n<meta property=\"og:description\" content=\"O Ituano perdeu o segundo e decisivo jogo da final do Campeonato Paulista, diante do Santos, por 1 a 0, neste domingo, no est\u00e1dio do Pacaembu, mas conquistou o t\u00edtulo estadual ao vencer o time santista na decis\u00e3o por p\u00eanaltis. No tempo normal, o Ituano segurou o Santos e s\u00f3 sofreu o gol em cobran\u00e7a [&hellip;]\" \/>\n<meta property=\"og:url\" content=\"https:\/\/www.notibras.com\/site\/santos-faz-1x0-perde-nos-penaltis-e-ituano-e-o-novo-campeao-paulista\/\" \/>\n<meta property=\"og:site_name\" content=\"Notibras\" \/>\n<meta property=\"article:publisher\" content=\"https:\/\/www.facebook.com\/notibras\/\" \/>\n<meta property=\"article:published_time\" content=\"2014-04-13T21:32:59+00:00\" \/>\n<meta property=\"article:modified_time\" content=\"2014-04-13T21:38:01+00:00\" \/>\n<meta property=\"og:image\" content=\"https:\/\/www.notibras.com\/site\/wp-content\/uploads\/2014\/04\/13santosp2.jpg\" \/>\n\t<meta property=\"og:image:width\" content=\"300\" \/>\n\t<meta property=\"og:image:height\" content=\"200\" \/>\n\t<meta property=\"og:image:type\" content=\"image\/jpeg\" \/>\n<meta name=\"author\" content=\"Reda\u00e7\u00e3o\" \/>\n<meta name=\"twitter:card\" content=\"summary_large_image\" \/>\n<meta name=\"twitter:creator\" content=\"@Notibras\" \/>\n<meta name=\"twitter:site\" content=\"@Notibras\" \/>\n<meta name=\"twitter:label1\" content=\"Escrito por\" \/>\n\t<meta name=\"twitter:data1\" content=\"Reda\u00e7\u00e3o\" \/>\n\t<meta name=\"twitter:label2\" content=\"Est. tempo de leitura\" \/>\n\t<meta name=\"twitter:data2\" content=\"3 minutos\" \/>\n<script type=\"application\/ld+json\" class=\"yoast-schema-graph\">{\"@context\":\"https:\/\/schema.org\",\"@graph\":[{\"@type\":\"Article\",\"@id\":\"https:\/\/www.notibras.com\/site\/santos-faz-1x0-perde-nos-penaltis-e-ituano-e-o-novo-campeao-paulista\/#article\",\"isPartOf\":{\"@id\":\"https:\/\/www.notibras.com\/site\/santos-faz-1x0-perde-nos-penaltis-e-ituano-e-o-novo-campeao-paulista\/\"},\"author\":{\"name\":\"Reda\u00e7\u00e3o\",\"@id\":\"https:\/\/www.notibras.com\/site\/#\/schema\/person\/36ab0979449956132d3e5b517ea76ac8\"},\"headline\":\"Santos faz 1&#215;0, perde nos p\u00eanaltis e Ituano \u00e9 campe\u00e3o paulista\",\"datePublished\":\"2014-04-13T21:32:59+00:00\",\"dateModified\":\"2014-04-13T21:38:01+00:00\",\"mainEntityOfPage\":{\"@id\":\"https:\/\/www.notibras.com\/site\/santos-faz-1x0-perde-nos-penaltis-e-ituano-e-o-novo-campeao-paulista\/\"},\"wordCount\":582,\"commentCount\":0,\"publisher\":{\"@id\":\"https:\/\/www.notibras.com\/site\/#organization\"},\"image\":{\"@id\":\"https:\/\/www.notibras.com\/site\/santos-faz-1x0-perde-nos-penaltis-e-ituano-e-o-novo-campeao-paulista\/#primaryimage\"},\"thumbnailUrl\":\"https:\/\/www.notibras.com\/site\/wp-content\/uploads\/2014\/04\/13santosp2.jpg\",\"articleSection\":[\"Esportes\"],\"inLanguage\":\"pt-BR\",\"potentialAction\":[{\"@type\":\"CommentAction\",\"name\":\"Comment\",\"target\":[\"https:\/\/www.notibras.com\/site\/santos-faz-1x0-perde-nos-penaltis-e-ituano-e-o-novo-campeao-paulista\/#respond\"]}]},{\"@type\":\"WebPage\",\"@id\":\"https:\/\/www.notibras.com\/site\/santos-faz-1x0-perde-nos-penaltis-e-ituano-e-o-novo-campeao-paulista\/\",\"url\":\"https:\/\/www.notibras.com\/site\/santos-faz-1x0-perde-nos-penaltis-e-ituano-e-o-novo-campeao-paulista\/\",\"name\":\"Santos faz 1x0, perde nos p\u00eanaltis e Ituano \u00e9 campe\u00e3o paulista - Notibras\",\"isPartOf\":{\"@id\":\"https:\/\/www.notibras.com\/site\/#website\"},\"primaryImageOfPage\":{\"@id\":\"https:\/\/www.notibras.com\/site\/santos-faz-1x0-perde-nos-penaltis-e-ituano-e-o-novo-campeao-paulista\/#primaryimage\"},\"image\":{\"@id\":\"https:\/\/www.notibras.com\/site\/santos-faz-1x0-perde-nos-penaltis-e-ituano-e-o-novo-campeao-paulista\/#primaryimage\"},\"thumbnailUrl\":\"https:\/\/www.notibras.com\/site\/wp-content\/uploads\/2014\/04\/13santosp2.jpg\",\"datePublished\":\"2014-04-13T21:32:59+00:00\",\"dateModified\":\"2014-04-13T21:38:01+00:00\",\"breadcrumb\":{\"@id\":\"https:\/\/www.notibras.com\/site\/santos-faz-1x0-perde-nos-penaltis-e-ituano-e-o-novo-campeao-paulista\/#breadcrumb\"},\"inLanguage\":\"pt-BR\",\"potentialAction\":[{\"@type\":\"ReadAction\",\"target\":[\"https:\/\/www.notibras.com\/site\/santos-faz-1x0-perde-nos-penaltis-e-ituano-e-o-novo-campeao-paulista\/\"]}]},{\"@type\":\"ImageObject\",\"inLanguage\":\"pt-BR\",\"@id\":\"https:\/\/www.notibras.com\/site\/santos-faz-1x0-perde-nos-penaltis-e-ituano-e-o-novo-campeao-paulista\/#primaryimage\",\"url\":\"https:\/\/www.notibras.com\/site\/wp-content\/uploads\/2014\/04\/13santosp2.jpg\",\"contentUrl\":\"https:\/\/www.notibras.com\/site\/wp-content\/uploads\/2014\/04\/13santosp2.jpg\",\"width\":300,\"height\":200},{\"@type\":\"BreadcrumbList\",\"@id\":\"https:\/\/www.notibras.com\/site\/santos-faz-1x0-perde-nos-penaltis-e-ituano-e-o-novo-campeao-paulista\/#breadcrumb\",\"itemListElement\":[{\"@type\":\"ListItem\",\"position\":1,\"name\":\"In\u00edcio\",\"item\":\"https:\/\/www.notibras.com\/site\/\"},{\"@type\":\"ListItem\",\"position\":2,\"name\":\"Santos faz 1&#215;0, perde nos p\u00eanaltis e Ituano \u00e9 campe\u00e3o paulista\"}]},{\"@type\":\"WebSite\",\"@id\":\"https:\/\/www.notibras.com\/site\/#website\",\"url\":\"https:\/\/www.notibras.com\/site\/\",\"name\":\"Notibras\",\"description\":\"Not\u00edcias de Bras\u00edlia, do Brasil e do Mundo\",\"publisher\":{\"@id\":\"https:\/\/www.notibras.com\/site\/#organization\"},\"potentialAction\":[{\"@type\":\"SearchAction\",\"target\":{\"@type\":\"EntryPoint\",\"urlTemplate\":\"https:\/\/www.notibras.com\/site\/?s={search_term_string}\"},\"query-input\":{\"@type\":\"PropertyValueSpecification\",\"valueRequired\":true,\"valueName\":\"search_term_string\"}}],\"inLanguage\":\"pt-BR\"},{\"@type\":\"Organization\",\"@id\":\"https:\/\/www.notibras.com\/site\/#organization\",\"name\":\"Grupo Notibras de Comunica\u00e7\u00e3o\",\"url\":\"https:\/\/www.notibras.com\/site\/\",\"logo\":{\"@type\":\"ImageObject\",\"inLanguage\":\"pt-BR\",\"@id\":\"https:\/\/www.notibras.com\/site\/#\/schema\/logo\/image\/\",\"url\":\"https:\/\/www.notibras.com\/site\/wp-content\/uploads\/2023\/01\/notibras23.png\",\"contentUrl\":\"https:\/\/www.notibras.com\/site\/wp-content\/uploads\/2023\/01\/notibras23.png\",\"width\":350,\"height\":87,\"caption\":\"Grupo Notibras de Comunica\u00e7\u00e3o\"},\"image\":{\"@id\":\"https:\/\/www.notibras.com\/site\/#\/schema\/logo\/image\/\"},\"sameAs\":[\"https:\/\/www.facebook.com\/notibras\/\",\"https:\/\/x.com\/Notibras\",\"https:\/\/www.instagram.com\/notibras\/\"]},{\"@type\":\"Person\",\"@id\":\"https:\/\/www.notibras.com\/site\/#\/schema\/person\/36ab0979449956132d3e5b517ea76ac8\",\"name\":\"Reda\u00e7\u00e3o\",\"image\":{\"@type\":\"ImageObject\",\"inLanguage\":\"pt-BR\",\"@id\":\"https:\/\/secure.gravatar.com\/avatar\/e0a867bdedb85fd243eadf09663511f96fc81e0720a4a42581f334ad4303aa6b?s=96&d=mm&r=g\",\"url\":\"https:\/\/secure.gravatar.com\/avatar\/e0a867bdedb85fd243eadf09663511f96fc81e0720a4a42581f334ad4303aa6b?s=96&d=mm&r=g\",\"contentUrl\":\"https:\/\/secure.gravatar.com\/avatar\/e0a867bdedb85fd243eadf09663511f96fc81e0720a4a42581f334ad4303aa6b?s=96&d=mm&r=g\",\"caption\":\"Reda\u00e7\u00e3o\"}}]}<\/script>\n<!-- \/ Yoast SEO plugin. -->","yoast_head_json":{"title":"Santos faz 1x0, perde nos p\u00eanaltis e Ituano \u00e9 campe\u00e3o paulista - Notibras","robots":{"index":"index","follow":"follow","max-snippet":"max-snippet:-1","max-image-preview":"max-image-preview:large","max-video-preview":"max-video-preview:-1"},"canonical":"https:\/\/www.notibras.com\/site\/santos-faz-1x0-perde-nos-penaltis-e-ituano-e-o-novo-campeao-paulista\/","og_locale":"pt_BR","og_type":"article","og_title":"Santos faz 1x0, perde nos p\u00eanaltis e Ituano \u00e9 campe\u00e3o paulista - Notibras","og_description":"O Ituano perdeu o segundo e decisivo jogo da final do Campeonato Paulista, diante do Santos, por 1 a 0, neste domingo, no est\u00e1dio do Pacaembu, mas conquistou o t\u00edtulo estadual ao vencer o time santista na decis\u00e3o por p\u00eanaltis. No tempo normal, o Ituano segurou o Santos e s\u00f3 sofreu o gol em cobran\u00e7a [&hellip;]","og_url":"https:\/\/www.notibras.com\/site\/santos-faz-1x0-perde-nos-penaltis-e-ituano-e-o-novo-campeao-paulista\/","og_site_name":"Notibras","article_publisher":"https:\/\/www.facebook.com\/notibras\/","article_published_time":"2014-04-13T21:32:59+00:00","article_modified_time":"2014-04-13T21:38:01+00:00","og_image":[{"width":300,"height":200,"url":"https:\/\/www.notibras.com\/site\/wp-content\/uploads\/2014\/04\/13santosp2.jpg","type":"image\/jpeg"}],"author":"Reda\u00e7\u00e3o","twitter_card":"summary_large_image","twitter_creator":"@Notibras","twitter_site":"@Notibras","twitter_misc":{"Escrito por":"Reda\u00e7\u00e3o","Est. tempo de leitura":"3 minutos"},"schema":{"@context":"https:\/\/schema.org","@graph":[{"@type":"Article","@id":"https:\/\/www.notibras.com\/site\/santos-faz-1x0-perde-nos-penaltis-e-ituano-e-o-novo-campeao-paulista\/#article","isPartOf":{"@id":"https:\/\/www.notibras.com\/site\/santos-faz-1x0-perde-nos-penaltis-e-ituano-e-o-novo-campeao-paulista\/"},"author":{"name":"Reda\u00e7\u00e3o","@id":"https:\/\/www.notibras.com\/site\/#\/schema\/person\/36ab0979449956132d3e5b517ea76ac8"},"headline":"Santos faz 1&#215;0, perde nos p\u00eanaltis e Ituano \u00e9 campe\u00e3o paulista","datePublished":"2014-04-13T21:32:59+00:00","dateModified":"2014-04-13T21:38:01+00:00","mainEntityOfPage":{"@id":"https:\/\/www.notibras.com\/site\/santos-faz-1x0-perde-nos-penaltis-e-ituano-e-o-novo-campeao-paulista\/"},"wordCount":582,"commentCount":0,"publisher":{"@id":"https:\/\/www.notibras.com\/site\/#organization"},"image":{"@id":"https:\/\/www.notibras.com\/site\/santos-faz-1x0-perde-nos-penaltis-e-ituano-e-o-novo-campeao-paulista\/#primaryimage"},"thumbnailUrl":"https:\/\/www.notibras.com\/site\/wp-content\/uploads\/2014\/04\/13santosp2.jpg","articleSection":["Esportes"],"inLanguage":"pt-BR","potentialAction":[{"@type":"CommentAction","name":"Comment","target":["https:\/\/www.notibras.com\/site\/santos-faz-1x0-perde-nos-penaltis-e-ituano-e-o-novo-campeao-paulista\/#respond"]}]},{"@type":"WebPage","@id":"https:\/\/www.notibras.com\/site\/santos-faz-1x0-perde-nos-penaltis-e-ituano-e-o-novo-campeao-paulista\/","url":"https:\/\/www.notibras.com\/site\/santos-faz-1x0-perde-nos-penaltis-e-ituano-e-o-novo-campeao-paulista\/","name":"Santos faz 1x0, perde nos p\u00eanaltis e Ituano \u00e9 campe\u00e3o paulista - Notibras","isPartOf":{"@id":"https:\/\/www.notibras.com\/site\/#website"},"primaryImageOfPage":{"@id":"https:\/\/www.notibras.com\/site\/santos-faz-1x0-perde-nos-penaltis-e-ituano-e-o-novo-campeao-paulista\/#primaryimage"},"image":{"@id":"https:\/\/www.notibras.com\/site\/santos-faz-1x0-perde-nos-penaltis-e-ituano-e-o-novo-campeao-paulista\/#primaryimage"},"thumbnailUrl":"https:\/\/www.notibras.com\/site\/wp-content\/uploads\/2014\/04\/13santosp2.jpg","datePublished":"2014-04-13T21:32:59+00:00","dateModified":"2014-04-13T21:38:01+00:00","breadcrumb":{"@id":"https:\/\/www.notibras.com\/site\/santos-faz-1x0-perde-nos-penaltis-e-ituano-e-o-novo-campeao-paulista\/#breadcrumb"},"inLanguage":"pt-BR","potentialAction":[{"@type":"ReadAction","target":["https:\/\/www.notibras.com\/site\/santos-faz-1x0-perde-nos-penaltis-e-ituano-e-o-novo-campeao-paulista\/"]}]},{"@type":"ImageObject","inLanguage":"pt-BR","@id":"https:\/\/www.notibras.com\/site\/santos-faz-1x0-perde-nos-penaltis-e-ituano-e-o-novo-campeao-paulista\/#primaryimage","url":"https:\/\/www.notibras.com\/site\/wp-content\/uploads\/2014\/04\/13santosp2.jpg","contentUrl":"https:\/\/www.notibras.com\/site\/wp-content\/uploads\/2014\/04\/13santosp2.jpg","width":300,"height":200},{"@type":"BreadcrumbList","@id":"https:\/\/www.notibras.com\/site\/santos-faz-1x0-perde-nos-penaltis-e-ituano-e-o-novo-campeao-paulista\/#breadcrumb","itemListElement":[{"@type":"ListItem","position":1,"name":"In\u00edcio","item":"https:\/\/www.notibras.com\/site\/"},{"@type":"ListItem","position":2,"name":"Santos faz 1&#215;0, perde nos p\u00eanaltis e Ituano \u00e9 campe\u00e3o paulista"}]},{"@type":"WebSite","@id":"https:\/\/www.notibras.com\/site\/#website","url":"https:\/\/www.notibras.com\/site\/","name":"Notibras","description":"Not\u00edcias de Bras\u00edlia, do Brasil e do Mundo","publisher":{"@id":"https:\/\/www.notibras.com\/site\/#organization"},"potentialAction":[{"@type":"SearchAction","target":{"@type":"EntryPoint","urlTemplate":"https:\/\/www.notibras.com\/site\/?s={search_term_string}"},"query-input":{"@type":"PropertyValueSpecification","valueRequired":true,"valueName":"search_term_string"}}],"inLanguage":"pt-BR"},{"@type":"Organization","@id":"https:\/\/www.notibras.com\/site\/#organization","name":"Grupo Notibras de Comunica\u00e7\u00e3o","url":"https:\/\/www.notibras.com\/site\/","logo":{"@type":"ImageObject","inLanguage":"pt-BR","@id":"https:\/\/www.notibras.com\/site\/#\/schema\/logo\/image\/","url":"https:\/\/www.notibras.com\/site\/wp-content\/uploads\/2023\/01\/notibras23.png","contentUrl":"https:\/\/www.notibras.com\/site\/wp-content\/uploads\/2023\/01\/notibras23.png","width":350,"height":87,"caption":"Grupo Notibras de Comunica\u00e7\u00e3o"},"image":{"@id":"https:\/\/www.notibras.com\/site\/#\/schema\/logo\/image\/"},"sameAs":["https:\/\/www.facebook.com\/notibras\/","https:\/\/x.com\/Notibras","https:\/\/www.instagram.com\/notibras\/"]},{"@type":"Person","@id":"https:\/\/www.notibras.com\/site\/#\/schema\/person\/36ab0979449956132d3e5b517ea76ac8","name":"Reda\u00e7\u00e3o","image":{"@type":"ImageObject","inLanguage":"pt-BR","@id":"https:\/\/secure.gravatar.com\/avatar\/e0a867bdedb85fd243eadf09663511f96fc81e0720a4a42581f334ad4303aa6b?s=96&d=mm&r=g","url":"https:\/\/secure.gravatar.com\/avatar\/e0a867bdedb85fd243eadf09663511f96fc81e0720a4a42581f334ad4303aa6b?s=96&d=mm&r=g","contentUrl":"https:\/\/secure.gravatar.com\/avatar\/e0a867bdedb85fd243eadf09663511f96fc81e0720a4a42581f334ad4303aa6b?s=96&d=mm&r=g","caption":"Reda\u00e7\u00e3o"}}]}},"amp_enabled":true,"_links":{"self":[{"href":"https:\/\/www.notibras.com\/site\/wp-json\/wp\/v2\/posts\/6692","targetHints":{"allow":["GET"]}}],"collection":[{"href":"https:\/\/www.notibras.com\/site\/wp-json\/wp\/v2\/posts"}],"about":[{"href":"https:\/\/www.notibras.com\/site\/wp-json\/wp\/v2\/types\/post"}],"author":[{"embeddable":true,"href":"https:\/\/www.notibras.com\/site\/wp-json\/wp\/v2\/users\/2"}],"replies":[{"embeddable":true,"href":"https:\/\/www.notibras.com\/site\/wp-json\/wp\/v2\/comments?post=6692"}],"version-history":[{"count":0,"href":"https:\/\/www.notibras.com\/site\/wp-json\/wp\/v2\/posts\/6692\/revisions"}],"wp:featuredmedia":[{"embeddable":true,"href":"https:\/\/www.notibras.com\/site\/wp-json\/wp\/v2\/media\/6693"}],"wp:attachment":[{"href":"https:\/\/www.notibras.com\/site\/wp-json\/wp\/v2\/media?parent=6692"}],"wp:term":[{"taxonomy":"category","embeddable":true,"href":"https:\/\/www.notibras.com\/site\/wp-json\/wp\/v2\/categories?post=6692"},{"taxonomy":"post_tag","embeddable":true,"href":"https:\/\/www.notibras.com\/site\/wp-json\/wp\/v2\/tags?post=6692"}],"curies":[{"name":"wp","href":"https:\/\/api.w.org\/{rel}","templated":true}]}}