{"id":66930,"date":"2015-09-09T21:39:47","date_gmt":"2015-09-10T00:39:47","guid":{"rendered":"http:\/\/www.notibras.com\/site\/?p=66930"},"modified":"2015-09-10T04:14:39","modified_gmt":"2015-09-10T07:14:39","slug":"inter-vence-por-1-a-0-e-tira-chances-do-palmeiras-chegar-ao-g-4","status":"publish","type":"post","link":"https:\/\/www.notibras.com\/site\/inter-vence-por-1-a-0-e-tira-chances-do-palmeiras-chegar-ao-g-4\/","title":{"rendered":"Inter vence por 1 a 0 e tira chance do desfalcado Palmeiras chegar ao G-4"},"content":{"rendered":"<p>Sem seis titulares, o Palmeiras j\u00e1 entrou em campo no Beira-Rio nesta quarta-feira com uma miss\u00e3o dif\u00edcil diante do Internacional; a expuls\u00e3o de Leandro Almeida logo ap\u00f3s uma entrada em Vald\u00edvia aos dois minutos da segunda etapa atrapalhou ainda mais. Os ga\u00fachos controlaram a partida, venceram por 1 a 0 e se aproximaram do G-4.<\/p>\n<p>N\u00e3o foi uma grande partida do Inter, que, mesmo com um jogador a mais por um tempo inteiro, jogou partida de forma lenta, calculada, e n\u00e3o procurou fazer mais gols &#8211; no final recuou e chegou a ser pressionado depois de ter tamb\u00e9m um expulso. Ainda assim, s\u00e3o tr\u00eas pontos, que levam os comandados de Argel a 34 pontos \u2013 mais perto do G-4, mas ainda na parte intermedi\u00e1ria da tabela.<\/p>\n<p>O alviverde, por sua vez, paga o pre\u00e7o pela oscila\u00e7\u00e3o e fica estacionado nos 35 pontos. \u00c9 a terceira partida seguida do time de Marcelo Oliveira sem vit\u00f3ria no Campeonato Brasileiro.<\/p>\n<p>O primeiro tempo come\u00e7ou muito morno e travado: os dois times erravam passe, arriscavam chut\u00f5es e tinham bastante dificuldade para construir jogadas perigosas.A primeira grande chance veio aos 20 minutos, e j\u00e1 terminou em gol: D&#8217;Alessandro bateu falta pelo lado direito e Nilton desviou de cabe\u00e7a na primeira trave. 1 a 0 Inter. O Palmeiras tentou reagir, mas pareceu esbarrar na falta de entrosamento &#8211; eram seis titulares desfalcando o time. Alecsandro fez o piv\u00f4 para Andrei Girotto aos 30 minutos, mas Muriel defendeu a finaliza\u00e7\u00e3o do volante.<\/p>\n<p>A situa\u00e7\u00e3o do Palmeiras se agravou logo no come\u00e7o do segundo tempo: Leandro Almeida levou o segundo amarelo e foi expulso.Marcelo Oliveira precisou sacrificar o centroavante Alecsandro para recompor a defesa com Jackson.O Inter, naturalmente, foi tomando conta do jogo: Alex quase marcou de falta.A partir da metade da segunda etapa os ga\u00fachos tiraram o p\u00e9 do acelerador e come\u00e7aram a dar espa\u00e7os. A expuls\u00e3o de Nilton deu esperan\u00e7as ao alviverde nos minutos finais &#8211; Jackson teve chance incr\u00edvel de empatar, mas bateu por cima.<\/p>\n","protected":false},"excerpt":{"rendered":"<p>Sem seis titulares, o Palmeiras j\u00e1 entrou em campo no Beira-Rio nesta quarta-feira com uma miss\u00e3o dif\u00edcil diante do Internacional; a expuls\u00e3o de Leandro Almeida logo ap\u00f3s uma entrada em Vald\u00edvia aos dois minutos da segunda etapa atrapalhou ainda mais. Os ga\u00fachos controlaram a partida, venceram por 1 a 0 e se aproximaram do G-4. [&hellip;]<\/p>\n","protected":false},"author":2,"featured_media":66931,"comment_status":"open","ping_status":"closed","sticky":false,"template":"","format":"standard","meta":{"_acf_changed":false,"footnotes":""},"categories":[29],"tags":[],"class_list":["post-66930","post","type-post","status-publish","format-standard","has-post-thumbnail","hentry","category-futebol"],"acf":[],"yoast_head":"<!-- This site is optimized with the Yoast SEO plugin v27.2 - https:\/\/yoast.com\/product\/yoast-seo-wordpress\/ -->\n<title>Inter vence por 1 a 0 e tira chance do desfalcado Palmeiras chegar ao G-4 - Notibras<\/title>\n<meta name=\"robots\" content=\"index, follow, max-snippet:-1, max-image-preview:large, max-video-preview:-1\" \/>\n<link rel=\"canonical\" href=\"https:\/\/www.notibras.com\/site\/inter-vence-por-1-a-0-e-tira-chances-do-palmeiras-chegar-ao-g-4\/\" \/>\n<meta property=\"og:locale\" content=\"pt_BR\" \/>\n<meta property=\"og:type\" content=\"article\" \/>\n<meta property=\"og:title\" content=\"Inter vence por 1 a 0 e tira chance do desfalcado Palmeiras chegar ao G-4 - Notibras\" \/>\n<meta property=\"og:description\" content=\"Sem seis titulares, o Palmeiras j\u00e1 entrou em campo no Beira-Rio nesta quarta-feira com uma miss\u00e3o dif\u00edcil diante do Internacional; a expuls\u00e3o de Leandro Almeida logo ap\u00f3s uma entrada em Vald\u00edvia aos dois minutos da segunda etapa atrapalhou ainda mais. Os ga\u00fachos controlaram a partida, venceram por 1 a 0 e se aproximaram do G-4. [&hellip;]\" \/>\n<meta property=\"og:url\" content=\"https:\/\/www.notibras.com\/site\/inter-vence-por-1-a-0-e-tira-chances-do-palmeiras-chegar-ao-g-4\/\" \/>\n<meta property=\"og:site_name\" content=\"Notibras\" \/>\n<meta property=\"article:publisher\" content=\"https:\/\/www.facebook.com\/notibras\/\" \/>\n<meta property=\"article:published_time\" content=\"2015-09-10T00:39:47+00:00\" \/>\n<meta property=\"article:modified_time\" content=\"2015-09-10T07:14:39+00:00\" \/>\n<meta property=\"og:image\" content=\"https:\/\/www.notibras.com\/site\/wp-content\/uploads\/2015\/09\/inpal.jpg\" \/>\n\t<meta property=\"og:image:width\" content=\"645\" \/>\n\t<meta property=\"og:image:height\" content=\"430\" \/>\n\t<meta property=\"og:image:type\" content=\"image\/jpeg\" \/>\n<meta name=\"author\" content=\"Reda\u00e7\u00e3o\" \/>\n<meta name=\"twitter:card\" content=\"summary_large_image\" \/>\n<meta name=\"twitter:creator\" content=\"@Notibras\" \/>\n<meta name=\"twitter:site\" content=\"@Notibras\" \/>\n<meta name=\"twitter:label1\" content=\"Escrito por\" \/>\n\t<meta name=\"twitter:data1\" content=\"Reda\u00e7\u00e3o\" \/>\n\t<meta name=\"twitter:label2\" content=\"Est. tempo de leitura\" \/>\n\t<meta name=\"twitter:data2\" content=\"2 minutos\" \/>\n<script type=\"application\/ld+json\" class=\"yoast-schema-graph\">{\"@context\":\"https:\/\/schema.org\",\"@graph\":[{\"@type\":\"Article\",\"@id\":\"https:\/\/www.notibras.com\/site\/inter-vence-por-1-a-0-e-tira-chances-do-palmeiras-chegar-ao-g-4\/#article\",\"isPartOf\":{\"@id\":\"https:\/\/www.notibras.com\/site\/inter-vence-por-1-a-0-e-tira-chances-do-palmeiras-chegar-ao-g-4\/\"},\"author\":{\"name\":\"Reda\u00e7\u00e3o\",\"@id\":\"https:\/\/www.notibras.com\/site\/#\/schema\/person\/36ab0979449956132d3e5b517ea76ac8\"},\"headline\":\"Inter vence por 1 a 0 e tira chance do desfalcado Palmeiras chegar ao G-4\",\"datePublished\":\"2015-09-10T00:39:47+00:00\",\"dateModified\":\"2015-09-10T07:14:39+00:00\",\"mainEntityOfPage\":{\"@id\":\"https:\/\/www.notibras.com\/site\/inter-vence-por-1-a-0-e-tira-chances-do-palmeiras-chegar-ao-g-4\/\"},\"wordCount\":364,\"commentCount\":0,\"publisher\":{\"@id\":\"https:\/\/www.notibras.com\/site\/#organization\"},\"image\":{\"@id\":\"https:\/\/www.notibras.com\/site\/inter-vence-por-1-a-0-e-tira-chances-do-palmeiras-chegar-ao-g-4\/#primaryimage\"},\"thumbnailUrl\":\"https:\/\/www.notibras.com\/site\/wp-content\/uploads\/2015\/09\/inpal.jpg\",\"articleSection\":[\"Futebol\"],\"inLanguage\":\"pt-BR\",\"potentialAction\":[{\"@type\":\"CommentAction\",\"name\":\"Comment\",\"target\":[\"https:\/\/www.notibras.com\/site\/inter-vence-por-1-a-0-e-tira-chances-do-palmeiras-chegar-ao-g-4\/#respond\"]}]},{\"@type\":\"WebPage\",\"@id\":\"https:\/\/www.notibras.com\/site\/inter-vence-por-1-a-0-e-tira-chances-do-palmeiras-chegar-ao-g-4\/\",\"url\":\"https:\/\/www.notibras.com\/site\/inter-vence-por-1-a-0-e-tira-chances-do-palmeiras-chegar-ao-g-4\/\",\"name\":\"Inter vence por 1 a 0 e tira chance do desfalcado Palmeiras chegar ao G-4 - Notibras\",\"isPartOf\":{\"@id\":\"https:\/\/www.notibras.com\/site\/#website\"},\"primaryImageOfPage\":{\"@id\":\"https:\/\/www.notibras.com\/site\/inter-vence-por-1-a-0-e-tira-chances-do-palmeiras-chegar-ao-g-4\/#primaryimage\"},\"image\":{\"@id\":\"https:\/\/www.notibras.com\/site\/inter-vence-por-1-a-0-e-tira-chances-do-palmeiras-chegar-ao-g-4\/#primaryimage\"},\"thumbnailUrl\":\"https:\/\/www.notibras.com\/site\/wp-content\/uploads\/2015\/09\/inpal.jpg\",\"datePublished\":\"2015-09-10T00:39:47+00:00\",\"dateModified\":\"2015-09-10T07:14:39+00:00\",\"breadcrumb\":{\"@id\":\"https:\/\/www.notibras.com\/site\/inter-vence-por-1-a-0-e-tira-chances-do-palmeiras-chegar-ao-g-4\/#breadcrumb\"},\"inLanguage\":\"pt-BR\",\"potentialAction\":[{\"@type\":\"ReadAction\",\"target\":[\"https:\/\/www.notibras.com\/site\/inter-vence-por-1-a-0-e-tira-chances-do-palmeiras-chegar-ao-g-4\/\"]}]},{\"@type\":\"ImageObject\",\"inLanguage\":\"pt-BR\",\"@id\":\"https:\/\/www.notibras.com\/site\/inter-vence-por-1-a-0-e-tira-chances-do-palmeiras-chegar-ao-g-4\/#primaryimage\",\"url\":\"https:\/\/www.notibras.com\/site\/wp-content\/uploads\/2015\/09\/inpal.jpg\",\"contentUrl\":\"https:\/\/www.notibras.com\/site\/wp-content\/uploads\/2015\/09\/inpal.jpg\",\"width\":645,\"height\":430},{\"@type\":\"BreadcrumbList\",\"@id\":\"https:\/\/www.notibras.com\/site\/inter-vence-por-1-a-0-e-tira-chances-do-palmeiras-chegar-ao-g-4\/#breadcrumb\",\"itemListElement\":[{\"@type\":\"ListItem\",\"position\":1,\"name\":\"In\u00edcio\",\"item\":\"https:\/\/www.notibras.com\/site\/\"},{\"@type\":\"ListItem\",\"position\":2,\"name\":\"Inter vence por 1 a 0 e tira chance do desfalcado Palmeiras chegar ao G-4\"}]},{\"@type\":\"WebSite\",\"@id\":\"https:\/\/www.notibras.com\/site\/#website\",\"url\":\"https:\/\/www.notibras.com\/site\/\",\"name\":\"Notibras\",\"description\":\"Not\u00edcias de Bras\u00edlia, do Brasil e do Mundo\",\"publisher\":{\"@id\":\"https:\/\/www.notibras.com\/site\/#organization\"},\"potentialAction\":[{\"@type\":\"SearchAction\",\"target\":{\"@type\":\"EntryPoint\",\"urlTemplate\":\"https:\/\/www.notibras.com\/site\/?s={search_term_string}\"},\"query-input\":{\"@type\":\"PropertyValueSpecification\",\"valueRequired\":true,\"valueName\":\"search_term_string\"}}],\"inLanguage\":\"pt-BR\"},{\"@type\":\"Organization\",\"@id\":\"https:\/\/www.notibras.com\/site\/#organization\",\"name\":\"Grupo Notibras de Comunica\u00e7\u00e3o\",\"url\":\"https:\/\/www.notibras.com\/site\/\",\"logo\":{\"@type\":\"ImageObject\",\"inLanguage\":\"pt-BR\",\"@id\":\"https:\/\/www.notibras.com\/site\/#\/schema\/logo\/image\/\",\"url\":\"https:\/\/www.notibras.com\/site\/wp-content\/uploads\/2023\/01\/notibras23.png\",\"contentUrl\":\"https:\/\/www.notibras.com\/site\/wp-content\/uploads\/2023\/01\/notibras23.png\",\"width\":350,\"height\":87,\"caption\":\"Grupo Notibras de Comunica\u00e7\u00e3o\"},\"image\":{\"@id\":\"https:\/\/www.notibras.com\/site\/#\/schema\/logo\/image\/\"},\"sameAs\":[\"https:\/\/www.facebook.com\/notibras\/\",\"https:\/\/x.com\/Notibras\",\"https:\/\/www.instagram.com\/notibras\/\"]},{\"@type\":\"Person\",\"@id\":\"https:\/\/www.notibras.com\/site\/#\/schema\/person\/36ab0979449956132d3e5b517ea76ac8\",\"name\":\"Reda\u00e7\u00e3o\",\"image\":{\"@type\":\"ImageObject\",\"inLanguage\":\"pt-BR\",\"@id\":\"https:\/\/secure.gravatar.com\/avatar\/e0a867bdedb85fd243eadf09663511f96fc81e0720a4a42581f334ad4303aa6b?s=96&d=mm&r=g\",\"url\":\"https:\/\/secure.gravatar.com\/avatar\/e0a867bdedb85fd243eadf09663511f96fc81e0720a4a42581f334ad4303aa6b?s=96&d=mm&r=g\",\"contentUrl\":\"https:\/\/secure.gravatar.com\/avatar\/e0a867bdedb85fd243eadf09663511f96fc81e0720a4a42581f334ad4303aa6b?s=96&d=mm&r=g\",\"caption\":\"Reda\u00e7\u00e3o\"}}]}<\/script>\n<!-- \/ Yoast SEO plugin. -->","yoast_head_json":{"title":"Inter vence por 1 a 0 e tira chance do desfalcado Palmeiras chegar ao G-4 - Notibras","robots":{"index":"index","follow":"follow","max-snippet":"max-snippet:-1","max-image-preview":"max-image-preview:large","max-video-preview":"max-video-preview:-1"},"canonical":"https:\/\/www.notibras.com\/site\/inter-vence-por-1-a-0-e-tira-chances-do-palmeiras-chegar-ao-g-4\/","og_locale":"pt_BR","og_type":"article","og_title":"Inter vence por 1 a 0 e tira chance do desfalcado Palmeiras chegar ao G-4 - Notibras","og_description":"Sem seis titulares, o Palmeiras j\u00e1 entrou em campo no Beira-Rio nesta quarta-feira com uma miss\u00e3o dif\u00edcil diante do Internacional; a expuls\u00e3o de Leandro Almeida logo ap\u00f3s uma entrada em Vald\u00edvia aos dois minutos da segunda etapa atrapalhou ainda mais. Os ga\u00fachos controlaram a partida, venceram por 1 a 0 e se aproximaram do G-4. [&hellip;]","og_url":"https:\/\/www.notibras.com\/site\/inter-vence-por-1-a-0-e-tira-chances-do-palmeiras-chegar-ao-g-4\/","og_site_name":"Notibras","article_publisher":"https:\/\/www.facebook.com\/notibras\/","article_published_time":"2015-09-10T00:39:47+00:00","article_modified_time":"2015-09-10T07:14:39+00:00","og_image":[{"width":645,"height":430,"url":"https:\/\/www.notibras.com\/site\/wp-content\/uploads\/2015\/09\/inpal.jpg","type":"image\/jpeg"}],"author":"Reda\u00e7\u00e3o","twitter_card":"summary_large_image","twitter_creator":"@Notibras","twitter_site":"@Notibras","twitter_misc":{"Escrito por":"Reda\u00e7\u00e3o","Est. tempo de leitura":"2 minutos"},"schema":{"@context":"https:\/\/schema.org","@graph":[{"@type":"Article","@id":"https:\/\/www.notibras.com\/site\/inter-vence-por-1-a-0-e-tira-chances-do-palmeiras-chegar-ao-g-4\/#article","isPartOf":{"@id":"https:\/\/www.notibras.com\/site\/inter-vence-por-1-a-0-e-tira-chances-do-palmeiras-chegar-ao-g-4\/"},"author":{"name":"Reda\u00e7\u00e3o","@id":"https:\/\/www.notibras.com\/site\/#\/schema\/person\/36ab0979449956132d3e5b517ea76ac8"},"headline":"Inter vence por 1 a 0 e tira chance do desfalcado Palmeiras chegar ao G-4","datePublished":"2015-09-10T00:39:47+00:00","dateModified":"2015-09-10T07:14:39+00:00","mainEntityOfPage":{"@id":"https:\/\/www.notibras.com\/site\/inter-vence-por-1-a-0-e-tira-chances-do-palmeiras-chegar-ao-g-4\/"},"wordCount":364,"commentCount":0,"publisher":{"@id":"https:\/\/www.notibras.com\/site\/#organization"},"image":{"@id":"https:\/\/www.notibras.com\/site\/inter-vence-por-1-a-0-e-tira-chances-do-palmeiras-chegar-ao-g-4\/#primaryimage"},"thumbnailUrl":"https:\/\/www.notibras.com\/site\/wp-content\/uploads\/2015\/09\/inpal.jpg","articleSection":["Futebol"],"inLanguage":"pt-BR","potentialAction":[{"@type":"CommentAction","name":"Comment","target":["https:\/\/www.notibras.com\/site\/inter-vence-por-1-a-0-e-tira-chances-do-palmeiras-chegar-ao-g-4\/#respond"]}]},{"@type":"WebPage","@id":"https:\/\/www.notibras.com\/site\/inter-vence-por-1-a-0-e-tira-chances-do-palmeiras-chegar-ao-g-4\/","url":"https:\/\/www.notibras.com\/site\/inter-vence-por-1-a-0-e-tira-chances-do-palmeiras-chegar-ao-g-4\/","name":"Inter vence por 1 a 0 e tira chance do desfalcado Palmeiras chegar ao G-4 - Notibras","isPartOf":{"@id":"https:\/\/www.notibras.com\/site\/#website"},"primaryImageOfPage":{"@id":"https:\/\/www.notibras.com\/site\/inter-vence-por-1-a-0-e-tira-chances-do-palmeiras-chegar-ao-g-4\/#primaryimage"},"image":{"@id":"https:\/\/www.notibras.com\/site\/inter-vence-por-1-a-0-e-tira-chances-do-palmeiras-chegar-ao-g-4\/#primaryimage"},"thumbnailUrl":"https:\/\/www.notibras.com\/site\/wp-content\/uploads\/2015\/09\/inpal.jpg","datePublished":"2015-09-10T00:39:47+00:00","dateModified":"2015-09-10T07:14:39+00:00","breadcrumb":{"@id":"https:\/\/www.notibras.com\/site\/inter-vence-por-1-a-0-e-tira-chances-do-palmeiras-chegar-ao-g-4\/#breadcrumb"},"inLanguage":"pt-BR","potentialAction":[{"@type":"ReadAction","target":["https:\/\/www.notibras.com\/site\/inter-vence-por-1-a-0-e-tira-chances-do-palmeiras-chegar-ao-g-4\/"]}]},{"@type":"ImageObject","inLanguage":"pt-BR","@id":"https:\/\/www.notibras.com\/site\/inter-vence-por-1-a-0-e-tira-chances-do-palmeiras-chegar-ao-g-4\/#primaryimage","url":"https:\/\/www.notibras.com\/site\/wp-content\/uploads\/2015\/09\/inpal.jpg","contentUrl":"https:\/\/www.notibras.com\/site\/wp-content\/uploads\/2015\/09\/inpal.jpg","width":645,"height":430},{"@type":"BreadcrumbList","@id":"https:\/\/www.notibras.com\/site\/inter-vence-por-1-a-0-e-tira-chances-do-palmeiras-chegar-ao-g-4\/#breadcrumb","itemListElement":[{"@type":"ListItem","position":1,"name":"In\u00edcio","item":"https:\/\/www.notibras.com\/site\/"},{"@type":"ListItem","position":2,"name":"Inter vence por 1 a 0 e tira chance do desfalcado Palmeiras chegar ao G-4"}]},{"@type":"WebSite","@id":"https:\/\/www.notibras.com\/site\/#website","url":"https:\/\/www.notibras.com\/site\/","name":"Notibras","description":"Not\u00edcias de Bras\u00edlia, do Brasil e do Mundo","publisher":{"@id":"https:\/\/www.notibras.com\/site\/#organization"},"potentialAction":[{"@type":"SearchAction","target":{"@type":"EntryPoint","urlTemplate":"https:\/\/www.notibras.com\/site\/?s={search_term_string}"},"query-input":{"@type":"PropertyValueSpecification","valueRequired":true,"valueName":"search_term_string"}}],"inLanguage":"pt-BR"},{"@type":"Organization","@id":"https:\/\/www.notibras.com\/site\/#organization","name":"Grupo Notibras de Comunica\u00e7\u00e3o","url":"https:\/\/www.notibras.com\/site\/","logo":{"@type":"ImageObject","inLanguage":"pt-BR","@id":"https:\/\/www.notibras.com\/site\/#\/schema\/logo\/image\/","url":"https:\/\/www.notibras.com\/site\/wp-content\/uploads\/2023\/01\/notibras23.png","contentUrl":"https:\/\/www.notibras.com\/site\/wp-content\/uploads\/2023\/01\/notibras23.png","width":350,"height":87,"caption":"Grupo Notibras de Comunica\u00e7\u00e3o"},"image":{"@id":"https:\/\/www.notibras.com\/site\/#\/schema\/logo\/image\/"},"sameAs":["https:\/\/www.facebook.com\/notibras\/","https:\/\/x.com\/Notibras","https:\/\/www.instagram.com\/notibras\/"]},{"@type":"Person","@id":"https:\/\/www.notibras.com\/site\/#\/schema\/person\/36ab0979449956132d3e5b517ea76ac8","name":"Reda\u00e7\u00e3o","image":{"@type":"ImageObject","inLanguage":"pt-BR","@id":"https:\/\/secure.gravatar.com\/avatar\/e0a867bdedb85fd243eadf09663511f96fc81e0720a4a42581f334ad4303aa6b?s=96&d=mm&r=g","url":"https:\/\/secure.gravatar.com\/avatar\/e0a867bdedb85fd243eadf09663511f96fc81e0720a4a42581f334ad4303aa6b?s=96&d=mm&r=g","contentUrl":"https:\/\/secure.gravatar.com\/avatar\/e0a867bdedb85fd243eadf09663511f96fc81e0720a4a42581f334ad4303aa6b?s=96&d=mm&r=g","caption":"Reda\u00e7\u00e3o"}}]}},"amp_enabled":true,"_links":{"self":[{"href":"https:\/\/www.notibras.com\/site\/wp-json\/wp\/v2\/posts\/66930","targetHints":{"allow":["GET"]}}],"collection":[{"href":"https:\/\/www.notibras.com\/site\/wp-json\/wp\/v2\/posts"}],"about":[{"href":"https:\/\/www.notibras.com\/site\/wp-json\/wp\/v2\/types\/post"}],"author":[{"embeddable":true,"href":"https:\/\/www.notibras.com\/site\/wp-json\/wp\/v2\/users\/2"}],"replies":[{"embeddable":true,"href":"https:\/\/www.notibras.com\/site\/wp-json\/wp\/v2\/comments?post=66930"}],"version-history":[{"count":3,"href":"https:\/\/www.notibras.com\/site\/wp-json\/wp\/v2\/posts\/66930\/revisions"}],"predecessor-version":[{"id":66953,"href":"https:\/\/www.notibras.com\/site\/wp-json\/wp\/v2\/posts\/66930\/revisions\/66953"}],"wp:featuredmedia":[{"embeddable":true,"href":"https:\/\/www.notibras.com\/site\/wp-json\/wp\/v2\/media\/66931"}],"wp:attachment":[{"href":"https:\/\/www.notibras.com\/site\/wp-json\/wp\/v2\/media?parent=66930"}],"wp:term":[{"taxonomy":"category","embeddable":true,"href":"https:\/\/www.notibras.com\/site\/wp-json\/wp\/v2\/categories?post=66930"},{"taxonomy":"post_tag","embeddable":true,"href":"https:\/\/www.notibras.com\/site\/wp-json\/wp\/v2\/tags?post=66930"}],"curies":[{"name":"wp","href":"https:\/\/api.w.org\/{rel}","templated":true}]}}