{"id":66945,"date":"2015-09-09T23:56:37","date_gmt":"2015-09-10T02:56:37","guid":{"rendered":"http:\/\/www.notibras.com\/site\/?p=66945"},"modified":"2015-09-10T08:21:21","modified_gmt":"2015-09-10T11:21:21","slug":"timao-evita-derrota-para-o-gremio-mas-ve-o-galo-bicando-por-perto","status":"publish","type":"post","link":"https:\/\/www.notibras.com\/site\/timao-evita-derrota-para-o-gremio-mas-ve-o-galo-bicando-por-perto\/","title":{"rendered":"Tim\u00e3o evita derrota para o Gr\u00eamio mas v\u00ea o Galo bicando por perto"},"content":{"rendered":"<p>O Corinthians saiu atr\u00e1s e conseguiu evitar a derrota para o Gr\u00eamio, em Itaquera, em uma noite de quarta-feira de neblina incomum na zona leste de S\u00e3o Paulo. O empate por 1 a 1 manteve dist\u00e2ncia relativamente segura do l\u00edder do Campeonato Brasileiro para a forma\u00e7\u00e3o ga\u00facha, mas a briga pela primeira posi\u00e7\u00e3o ficou mais embolada.<\/p>\n<p>A equipe do Parque S\u00e3o Jorge, que chegou a abrir sete pontos de frente sobre o vice-l\u00edder, agora est\u00e1 com 51, com o vice-l\u00edder Atl\u00e9tico-MG apenas tr\u00eas atr\u00e1s. O Gr\u00eamio aparece na terceira posi\u00e7\u00e3o, com 45, e alimenta a esperan\u00e7a de se juntar efetivamente \u00e0 luta pelo topo.<\/p>\n<p>Com os dois times desfalcados, houve um primeiro tempo equilibrado e de poucas oportunidades. O Gr\u00eamio voltou melhor do intervalo e abriu o placar aos 13 minutos do segundo tempo, em erro de sa\u00edda de bola de Ed\u00edlson. A bola chegou ao ex-alvinegro Bob\u00f4, que aproveitou.<\/p>\n<p>O Corinthians n\u00e3o estava bem, mas chegou ao empate pouco depois, aos 20, em passe preciso de Jadson para Renato Augusto. E foi para cima. Houve chance para os dois lados. Rildo parou no goleiro Tiago e na trave. Do outro lado, Douglas teve bola limpa para balan\u00e7ar a rede e chutou longe.<\/p>\n<p>As desfalcadas equipes se respeitaram na maior parte do primeiro tempo, disputado sob uma crescente neblina. O Corinthians tomava a iniciativa por ser mandante, mas encontrava problemas para encaixar as jogadas, dificuldade ampliada pela entrada do improvisado zagueiro Yago no lugar do contundido lateral esquerdo Guilherme Arana, aos 15 minutos.<\/p>\n<p>Renato Augusto e Jadson se esfor\u00e7avam na cria\u00e7\u00e3o e contavam com boa ajuda de Vagner Love, mas os donos da casa, quando conseguiam chegar \u00e0 \u00e1rea ou \u00e0s suas redondezas, eram travados ou erravam o passe. O Gr\u00eamio teve menos a bola, por\u00e9m criou a jogada mais perigosa da etapa inicial, em lan\u00e7amento de Douglas para Pedro Rocha. Ed\u00edlson falhou por cima e viu o atacante chutar para fora.<\/p>\n<p>Com falhas nos passes dos dois lados e a visibilidade prejudicada, os times arriscaram chutes de fora da \u00e1rea, sem mostrar boa pontaria. Pouco antes do intervalo, o time tricolor tamb\u00e9m precisou mexer por contus\u00e3o, e Roger colocou Rafael Thyere no lugar de Pedro Geromel.<\/p>\n<p>No segundo tempo, preocupado com os contra-ataques do Gr\u00eamio, o Corinthians passou a marcar mais atr\u00e1s. Os visitantes tomaram a iniciativa, escaparam de jogadas nas quais os visitantes erraram o passe final e apertaram a sa\u00edda. Deu resultado aos 13 minutos, quando um chut\u00e3o de Ed\u00edlson foi bloqueado. Marcelo Oliveira recebeu a bola na \u00e1rea e bateu cruzado. Bob\u00f4 completou na rede.<\/p>\n<p>Tite acionou Rildo e escapou de um gol de cabe\u00e7a, anulado por impedimento. Ele j\u00e1 preparava a entrada de Danilo, mas comemorou antes um empate que n\u00e3o era merecido. Aos 20, Jadson achou um lan\u00e7amento preciso para Renato Augusto, que apareceu entre os zagueiros e cabeceou no canto direito. O gol mudou totalmente a situa\u00e7\u00e3o, a torcida se animou, e o Corinthians foi para cima.<\/p>\n<p>Rildo ganhou na velocidade, invadiu a \u00e1rea e parou no goleiro \u2013 e no poste. Na sequ\u00eancia, Danilo substituiu Marciel. E o jogo ficou aberto. Os anfitri\u00f5es mostravam maior \u00edmpeto, mas os visitantes chegavam com perigo. Com chances para os dois lados, Douglas perdeu a mais clara delas, chutando bola limpa por cima.<\/p>\n","protected":false},"excerpt":{"rendered":"<p>O Corinthians saiu atr\u00e1s e conseguiu evitar a derrota para o Gr\u00eamio, em Itaquera, em uma noite de quarta-feira de neblina incomum na zona leste de S\u00e3o Paulo. O empate por 1 a 1 manteve dist\u00e2ncia relativamente segura do l\u00edder do Campeonato Brasileiro para a forma\u00e7\u00e3o ga\u00facha, mas a briga pela primeira posi\u00e7\u00e3o ficou mais [&hellip;]<\/p>\n","protected":false},"author":2,"featured_media":66946,"comment_status":"open","ping_status":"closed","sticky":false,"template":"","format":"standard","meta":{"_acf_changed":false,"footnotes":""},"categories":[29],"tags":[],"class_list":["post-66945","post","type-post","status-publish","format-standard","has-post-thumbnail","hentry","category-futebol"],"acf":[],"yoast_head":"<!-- This site is optimized with the Yoast SEO plugin v27.2 - https:\/\/yoast.com\/product\/yoast-seo-wordpress\/ -->\n<title>Tim\u00e3o evita derrota para o Gr\u00eamio mas v\u00ea o Galo bicando por perto - Notibras<\/title>\n<meta name=\"robots\" content=\"index, follow, max-snippet:-1, max-image-preview:large, max-video-preview:-1\" \/>\n<link rel=\"canonical\" href=\"https:\/\/www.notibras.com\/site\/timao-evita-derrota-para-o-gremio-mas-ve-o-galo-bicando-por-perto\/\" \/>\n<meta property=\"og:locale\" content=\"pt_BR\" \/>\n<meta property=\"og:type\" content=\"article\" \/>\n<meta property=\"og:title\" content=\"Tim\u00e3o evita derrota para o Gr\u00eamio mas v\u00ea o Galo bicando por perto - Notibras\" \/>\n<meta property=\"og:description\" content=\"O Corinthians saiu atr\u00e1s e conseguiu evitar a derrota para o Gr\u00eamio, em Itaquera, em uma noite de quarta-feira de neblina incomum na zona leste de S\u00e3o Paulo. O empate por 1 a 1 manteve dist\u00e2ncia relativamente segura do l\u00edder do Campeonato Brasileiro para a forma\u00e7\u00e3o ga\u00facha, mas a briga pela primeira posi\u00e7\u00e3o ficou mais [&hellip;]\" \/>\n<meta property=\"og:url\" content=\"https:\/\/www.notibras.com\/site\/timao-evita-derrota-para-o-gremio-mas-ve-o-galo-bicando-por-perto\/\" \/>\n<meta property=\"og:site_name\" content=\"Notibras\" \/>\n<meta property=\"article:publisher\" content=\"https:\/\/www.facebook.com\/notibras\/\" \/>\n<meta property=\"article:published_time\" content=\"2015-09-10T02:56:37+00:00\" \/>\n<meta property=\"article:modified_time\" content=\"2015-09-10T11:21:21+00:00\" \/>\n<meta property=\"og:image\" content=\"https:\/\/www.notibras.com\/site\/wp-content\/uploads\/2015\/09\/tigre..jpg\" \/>\n\t<meta property=\"og:image:width\" content=\"940\" \/>\n\t<meta property=\"og:image:height\" content=\"626\" \/>\n\t<meta property=\"og:image:type\" content=\"image\/jpeg\" \/>\n<meta name=\"author\" content=\"Reda\u00e7\u00e3o\" \/>\n<meta name=\"twitter:card\" content=\"summary_large_image\" \/>\n<meta name=\"twitter:creator\" content=\"@Notibras\" \/>\n<meta name=\"twitter:site\" content=\"@Notibras\" \/>\n<meta name=\"twitter:label1\" content=\"Escrito por\" \/>\n\t<meta name=\"twitter:data1\" content=\"Reda\u00e7\u00e3o\" \/>\n\t<meta name=\"twitter:label2\" content=\"Est. tempo de leitura\" \/>\n\t<meta name=\"twitter:data2\" content=\"3 minutos\" \/>\n<script type=\"application\/ld+json\" class=\"yoast-schema-graph\">{\"@context\":\"https:\/\/schema.org\",\"@graph\":[{\"@type\":\"Article\",\"@id\":\"https:\/\/www.notibras.com\/site\/timao-evita-derrota-para-o-gremio-mas-ve-o-galo-bicando-por-perto\/#article\",\"isPartOf\":{\"@id\":\"https:\/\/www.notibras.com\/site\/timao-evita-derrota-para-o-gremio-mas-ve-o-galo-bicando-por-perto\/\"},\"author\":{\"name\":\"Reda\u00e7\u00e3o\",\"@id\":\"https:\/\/www.notibras.com\/site\/#\/schema\/person\/36ab0979449956132d3e5b517ea76ac8\"},\"headline\":\"Tim\u00e3o evita derrota para o Gr\u00eamio mas v\u00ea o Galo bicando por perto\",\"datePublished\":\"2015-09-10T02:56:37+00:00\",\"dateModified\":\"2015-09-10T11:21:21+00:00\",\"mainEntityOfPage\":{\"@id\":\"https:\/\/www.notibras.com\/site\/timao-evita-derrota-para-o-gremio-mas-ve-o-galo-bicando-por-perto\/\"},\"wordCount\":591,\"commentCount\":0,\"publisher\":{\"@id\":\"https:\/\/www.notibras.com\/site\/#organization\"},\"image\":{\"@id\":\"https:\/\/www.notibras.com\/site\/timao-evita-derrota-para-o-gremio-mas-ve-o-galo-bicando-por-perto\/#primaryimage\"},\"thumbnailUrl\":\"https:\/\/www.notibras.com\/site\/wp-content\/uploads\/2015\/09\/tigre..jpg\",\"articleSection\":[\"Futebol\"],\"inLanguage\":\"pt-BR\",\"potentialAction\":[{\"@type\":\"CommentAction\",\"name\":\"Comment\",\"target\":[\"https:\/\/www.notibras.com\/site\/timao-evita-derrota-para-o-gremio-mas-ve-o-galo-bicando-por-perto\/#respond\"]}]},{\"@type\":\"WebPage\",\"@id\":\"https:\/\/www.notibras.com\/site\/timao-evita-derrota-para-o-gremio-mas-ve-o-galo-bicando-por-perto\/\",\"url\":\"https:\/\/www.notibras.com\/site\/timao-evita-derrota-para-o-gremio-mas-ve-o-galo-bicando-por-perto\/\",\"name\":\"Tim\u00e3o evita derrota para o Gr\u00eamio mas v\u00ea o Galo bicando por perto - Notibras\",\"isPartOf\":{\"@id\":\"https:\/\/www.notibras.com\/site\/#website\"},\"primaryImageOfPage\":{\"@id\":\"https:\/\/www.notibras.com\/site\/timao-evita-derrota-para-o-gremio-mas-ve-o-galo-bicando-por-perto\/#primaryimage\"},\"image\":{\"@id\":\"https:\/\/www.notibras.com\/site\/timao-evita-derrota-para-o-gremio-mas-ve-o-galo-bicando-por-perto\/#primaryimage\"},\"thumbnailUrl\":\"https:\/\/www.notibras.com\/site\/wp-content\/uploads\/2015\/09\/tigre..jpg\",\"datePublished\":\"2015-09-10T02:56:37+00:00\",\"dateModified\":\"2015-09-10T11:21:21+00:00\",\"breadcrumb\":{\"@id\":\"https:\/\/www.notibras.com\/site\/timao-evita-derrota-para-o-gremio-mas-ve-o-galo-bicando-por-perto\/#breadcrumb\"},\"inLanguage\":\"pt-BR\",\"potentialAction\":[{\"@type\":\"ReadAction\",\"target\":[\"https:\/\/www.notibras.com\/site\/timao-evita-derrota-para-o-gremio-mas-ve-o-galo-bicando-por-perto\/\"]}]},{\"@type\":\"ImageObject\",\"inLanguage\":\"pt-BR\",\"@id\":\"https:\/\/www.notibras.com\/site\/timao-evita-derrota-para-o-gremio-mas-ve-o-galo-bicando-por-perto\/#primaryimage\",\"url\":\"https:\/\/www.notibras.com\/site\/wp-content\/uploads\/2015\/09\/tigre..jpg\",\"contentUrl\":\"https:\/\/www.notibras.com\/site\/wp-content\/uploads\/2015\/09\/tigre..jpg\",\"width\":940,\"height\":626},{\"@type\":\"BreadcrumbList\",\"@id\":\"https:\/\/www.notibras.com\/site\/timao-evita-derrota-para-o-gremio-mas-ve-o-galo-bicando-por-perto\/#breadcrumb\",\"itemListElement\":[{\"@type\":\"ListItem\",\"position\":1,\"name\":\"In\u00edcio\",\"item\":\"https:\/\/www.notibras.com\/site\/\"},{\"@type\":\"ListItem\",\"position\":2,\"name\":\"Tim\u00e3o evita derrota para o Gr\u00eamio mas v\u00ea o Galo bicando por perto\"}]},{\"@type\":\"WebSite\",\"@id\":\"https:\/\/www.notibras.com\/site\/#website\",\"url\":\"https:\/\/www.notibras.com\/site\/\",\"name\":\"Notibras\",\"description\":\"Not\u00edcias de Bras\u00edlia, do Brasil e do Mundo\",\"publisher\":{\"@id\":\"https:\/\/www.notibras.com\/site\/#organization\"},\"potentialAction\":[{\"@type\":\"SearchAction\",\"target\":{\"@type\":\"EntryPoint\",\"urlTemplate\":\"https:\/\/www.notibras.com\/site\/?s={search_term_string}\"},\"query-input\":{\"@type\":\"PropertyValueSpecification\",\"valueRequired\":true,\"valueName\":\"search_term_string\"}}],\"inLanguage\":\"pt-BR\"},{\"@type\":\"Organization\",\"@id\":\"https:\/\/www.notibras.com\/site\/#organization\",\"name\":\"Grupo Notibras de Comunica\u00e7\u00e3o\",\"url\":\"https:\/\/www.notibras.com\/site\/\",\"logo\":{\"@type\":\"ImageObject\",\"inLanguage\":\"pt-BR\",\"@id\":\"https:\/\/www.notibras.com\/site\/#\/schema\/logo\/image\/\",\"url\":\"https:\/\/www.notibras.com\/site\/wp-content\/uploads\/2023\/01\/notibras23.png\",\"contentUrl\":\"https:\/\/www.notibras.com\/site\/wp-content\/uploads\/2023\/01\/notibras23.png\",\"width\":350,\"height\":87,\"caption\":\"Grupo Notibras de Comunica\u00e7\u00e3o\"},\"image\":{\"@id\":\"https:\/\/www.notibras.com\/site\/#\/schema\/logo\/image\/\"},\"sameAs\":[\"https:\/\/www.facebook.com\/notibras\/\",\"https:\/\/x.com\/Notibras\",\"https:\/\/www.instagram.com\/notibras\/\"]},{\"@type\":\"Person\",\"@id\":\"https:\/\/www.notibras.com\/site\/#\/schema\/person\/36ab0979449956132d3e5b517ea76ac8\",\"name\":\"Reda\u00e7\u00e3o\",\"image\":{\"@type\":\"ImageObject\",\"inLanguage\":\"pt-BR\",\"@id\":\"https:\/\/secure.gravatar.com\/avatar\/e0a867bdedb85fd243eadf09663511f96fc81e0720a4a42581f334ad4303aa6b?s=96&d=mm&r=g\",\"url\":\"https:\/\/secure.gravatar.com\/avatar\/e0a867bdedb85fd243eadf09663511f96fc81e0720a4a42581f334ad4303aa6b?s=96&d=mm&r=g\",\"contentUrl\":\"https:\/\/secure.gravatar.com\/avatar\/e0a867bdedb85fd243eadf09663511f96fc81e0720a4a42581f334ad4303aa6b?s=96&d=mm&r=g\",\"caption\":\"Reda\u00e7\u00e3o\"}}]}<\/script>\n<!-- \/ Yoast SEO plugin. -->","yoast_head_json":{"title":"Tim\u00e3o evita derrota para o Gr\u00eamio mas v\u00ea o Galo bicando por perto - Notibras","robots":{"index":"index","follow":"follow","max-snippet":"max-snippet:-1","max-image-preview":"max-image-preview:large","max-video-preview":"max-video-preview:-1"},"canonical":"https:\/\/www.notibras.com\/site\/timao-evita-derrota-para-o-gremio-mas-ve-o-galo-bicando-por-perto\/","og_locale":"pt_BR","og_type":"article","og_title":"Tim\u00e3o evita derrota para o Gr\u00eamio mas v\u00ea o Galo bicando por perto - Notibras","og_description":"O Corinthians saiu atr\u00e1s e conseguiu evitar a derrota para o Gr\u00eamio, em Itaquera, em uma noite de quarta-feira de neblina incomum na zona leste de S\u00e3o Paulo. O empate por 1 a 1 manteve dist\u00e2ncia relativamente segura do l\u00edder do Campeonato Brasileiro para a forma\u00e7\u00e3o ga\u00facha, mas a briga pela primeira posi\u00e7\u00e3o ficou mais [&hellip;]","og_url":"https:\/\/www.notibras.com\/site\/timao-evita-derrota-para-o-gremio-mas-ve-o-galo-bicando-por-perto\/","og_site_name":"Notibras","article_publisher":"https:\/\/www.facebook.com\/notibras\/","article_published_time":"2015-09-10T02:56:37+00:00","article_modified_time":"2015-09-10T11:21:21+00:00","og_image":[{"width":940,"height":626,"url":"https:\/\/www.notibras.com\/site\/wp-content\/uploads\/2015\/09\/tigre..jpg","type":"image\/jpeg"}],"author":"Reda\u00e7\u00e3o","twitter_card":"summary_large_image","twitter_creator":"@Notibras","twitter_site":"@Notibras","twitter_misc":{"Escrito por":"Reda\u00e7\u00e3o","Est. tempo de leitura":"3 minutos"},"schema":{"@context":"https:\/\/schema.org","@graph":[{"@type":"Article","@id":"https:\/\/www.notibras.com\/site\/timao-evita-derrota-para-o-gremio-mas-ve-o-galo-bicando-por-perto\/#article","isPartOf":{"@id":"https:\/\/www.notibras.com\/site\/timao-evita-derrota-para-o-gremio-mas-ve-o-galo-bicando-por-perto\/"},"author":{"name":"Reda\u00e7\u00e3o","@id":"https:\/\/www.notibras.com\/site\/#\/schema\/person\/36ab0979449956132d3e5b517ea76ac8"},"headline":"Tim\u00e3o evita derrota para o Gr\u00eamio mas v\u00ea o Galo bicando por perto","datePublished":"2015-09-10T02:56:37+00:00","dateModified":"2015-09-10T11:21:21+00:00","mainEntityOfPage":{"@id":"https:\/\/www.notibras.com\/site\/timao-evita-derrota-para-o-gremio-mas-ve-o-galo-bicando-por-perto\/"},"wordCount":591,"commentCount":0,"publisher":{"@id":"https:\/\/www.notibras.com\/site\/#organization"},"image":{"@id":"https:\/\/www.notibras.com\/site\/timao-evita-derrota-para-o-gremio-mas-ve-o-galo-bicando-por-perto\/#primaryimage"},"thumbnailUrl":"https:\/\/www.notibras.com\/site\/wp-content\/uploads\/2015\/09\/tigre..jpg","articleSection":["Futebol"],"inLanguage":"pt-BR","potentialAction":[{"@type":"CommentAction","name":"Comment","target":["https:\/\/www.notibras.com\/site\/timao-evita-derrota-para-o-gremio-mas-ve-o-galo-bicando-por-perto\/#respond"]}]},{"@type":"WebPage","@id":"https:\/\/www.notibras.com\/site\/timao-evita-derrota-para-o-gremio-mas-ve-o-galo-bicando-por-perto\/","url":"https:\/\/www.notibras.com\/site\/timao-evita-derrota-para-o-gremio-mas-ve-o-galo-bicando-por-perto\/","name":"Tim\u00e3o evita derrota para o Gr\u00eamio mas v\u00ea o Galo bicando por perto - Notibras","isPartOf":{"@id":"https:\/\/www.notibras.com\/site\/#website"},"primaryImageOfPage":{"@id":"https:\/\/www.notibras.com\/site\/timao-evita-derrota-para-o-gremio-mas-ve-o-galo-bicando-por-perto\/#primaryimage"},"image":{"@id":"https:\/\/www.notibras.com\/site\/timao-evita-derrota-para-o-gremio-mas-ve-o-galo-bicando-por-perto\/#primaryimage"},"thumbnailUrl":"https:\/\/www.notibras.com\/site\/wp-content\/uploads\/2015\/09\/tigre..jpg","datePublished":"2015-09-10T02:56:37+00:00","dateModified":"2015-09-10T11:21:21+00:00","breadcrumb":{"@id":"https:\/\/www.notibras.com\/site\/timao-evita-derrota-para-o-gremio-mas-ve-o-galo-bicando-por-perto\/#breadcrumb"},"inLanguage":"pt-BR","potentialAction":[{"@type":"ReadAction","target":["https:\/\/www.notibras.com\/site\/timao-evita-derrota-para-o-gremio-mas-ve-o-galo-bicando-por-perto\/"]}]},{"@type":"ImageObject","inLanguage":"pt-BR","@id":"https:\/\/www.notibras.com\/site\/timao-evita-derrota-para-o-gremio-mas-ve-o-galo-bicando-por-perto\/#primaryimage","url":"https:\/\/www.notibras.com\/site\/wp-content\/uploads\/2015\/09\/tigre..jpg","contentUrl":"https:\/\/www.notibras.com\/site\/wp-content\/uploads\/2015\/09\/tigre..jpg","width":940,"height":626},{"@type":"BreadcrumbList","@id":"https:\/\/www.notibras.com\/site\/timao-evita-derrota-para-o-gremio-mas-ve-o-galo-bicando-por-perto\/#breadcrumb","itemListElement":[{"@type":"ListItem","position":1,"name":"In\u00edcio","item":"https:\/\/www.notibras.com\/site\/"},{"@type":"ListItem","position":2,"name":"Tim\u00e3o evita derrota para o Gr\u00eamio mas v\u00ea o Galo bicando por perto"}]},{"@type":"WebSite","@id":"https:\/\/www.notibras.com\/site\/#website","url":"https:\/\/www.notibras.com\/site\/","name":"Notibras","description":"Not\u00edcias de Bras\u00edlia, do Brasil e do Mundo","publisher":{"@id":"https:\/\/www.notibras.com\/site\/#organization"},"potentialAction":[{"@type":"SearchAction","target":{"@type":"EntryPoint","urlTemplate":"https:\/\/www.notibras.com\/site\/?s={search_term_string}"},"query-input":{"@type":"PropertyValueSpecification","valueRequired":true,"valueName":"search_term_string"}}],"inLanguage":"pt-BR"},{"@type":"Organization","@id":"https:\/\/www.notibras.com\/site\/#organization","name":"Grupo Notibras de Comunica\u00e7\u00e3o","url":"https:\/\/www.notibras.com\/site\/","logo":{"@type":"ImageObject","inLanguage":"pt-BR","@id":"https:\/\/www.notibras.com\/site\/#\/schema\/logo\/image\/","url":"https:\/\/www.notibras.com\/site\/wp-content\/uploads\/2023\/01\/notibras23.png","contentUrl":"https:\/\/www.notibras.com\/site\/wp-content\/uploads\/2023\/01\/notibras23.png","width":350,"height":87,"caption":"Grupo Notibras de Comunica\u00e7\u00e3o"},"image":{"@id":"https:\/\/www.notibras.com\/site\/#\/schema\/logo\/image\/"},"sameAs":["https:\/\/www.facebook.com\/notibras\/","https:\/\/x.com\/Notibras","https:\/\/www.instagram.com\/notibras\/"]},{"@type":"Person","@id":"https:\/\/www.notibras.com\/site\/#\/schema\/person\/36ab0979449956132d3e5b517ea76ac8","name":"Reda\u00e7\u00e3o","image":{"@type":"ImageObject","inLanguage":"pt-BR","@id":"https:\/\/secure.gravatar.com\/avatar\/e0a867bdedb85fd243eadf09663511f96fc81e0720a4a42581f334ad4303aa6b?s=96&d=mm&r=g","url":"https:\/\/secure.gravatar.com\/avatar\/e0a867bdedb85fd243eadf09663511f96fc81e0720a4a42581f334ad4303aa6b?s=96&d=mm&r=g","contentUrl":"https:\/\/secure.gravatar.com\/avatar\/e0a867bdedb85fd243eadf09663511f96fc81e0720a4a42581f334ad4303aa6b?s=96&d=mm&r=g","caption":"Reda\u00e7\u00e3o"}}]}},"amp_enabled":true,"_links":{"self":[{"href":"https:\/\/www.notibras.com\/site\/wp-json\/wp\/v2\/posts\/66945","targetHints":{"allow":["GET"]}}],"collection":[{"href":"https:\/\/www.notibras.com\/site\/wp-json\/wp\/v2\/posts"}],"about":[{"href":"https:\/\/www.notibras.com\/site\/wp-json\/wp\/v2\/types\/post"}],"author":[{"embeddable":true,"href":"https:\/\/www.notibras.com\/site\/wp-json\/wp\/v2\/users\/2"}],"replies":[{"embeddable":true,"href":"https:\/\/www.notibras.com\/site\/wp-json\/wp\/v2\/comments?post=66945"}],"version-history":[{"count":1,"href":"https:\/\/www.notibras.com\/site\/wp-json\/wp\/v2\/posts\/66945\/revisions"}],"predecessor-version":[{"id":66947,"href":"https:\/\/www.notibras.com\/site\/wp-json\/wp\/v2\/posts\/66945\/revisions\/66947"}],"wp:featuredmedia":[{"embeddable":true,"href":"https:\/\/www.notibras.com\/site\/wp-json\/wp\/v2\/media\/66946"}],"wp:attachment":[{"href":"https:\/\/www.notibras.com\/site\/wp-json\/wp\/v2\/media?parent=66945"}],"wp:term":[{"taxonomy":"category","embeddable":true,"href":"https:\/\/www.notibras.com\/site\/wp-json\/wp\/v2\/categories?post=66945"},{"taxonomy":"post_tag","embeddable":true,"href":"https:\/\/www.notibras.com\/site\/wp-json\/wp\/v2\/tags?post=66945"}],"curies":[{"name":"wp","href":"https:\/\/api.w.org\/{rel}","templated":true}]}}