{"id":6708,"date":"2014-04-13T21:09:36","date_gmt":"2014-04-14T00:09:36","guid":{"rendered":"http:\/\/www.notibras.com\/site\/?p=6708"},"modified":"2014-04-15T07:12:49","modified_gmt":"2014-04-15T10:12:49","slug":"pt-e-um-partidinho-de-m-lula-e-dilma-abandonaram-dirceu-diz-ze-de-abreu","status":"publish","type":"post","link":"https:\/\/www.notibras.com\/site\/pt-e-um-partidinho-de-m-lula-e-dilma-abandonaram-dirceu-diz-ze-de-abreu\/","title":{"rendered":"&#8216;PT \u00e9 partido de merda. Lula e Dilma abandonaram Dirceu&#8217;"},"content":{"rendered":"<p>O PT \u00e9 &#8220;um partidinho de merda&#8221; que abandonou seu principal personagem, o ex-ministro Jos\u00e9 Dirceu. Quem afirma \u00e9 o ator global Jos\u00e9 de Abreu, em desabafo postado em sua conta no Twitter. No microblog ele acusa Lula e Dilma de abandonarem o companheiro e acena com a possibilidade de deixar a legenda.<\/p>\n<p>Jos\u00e9 Dirceu cumpre pena no Complexo Penitenci\u00e1rio da Papuda, em Bras\u00edlia, ap\u00f3s ter sido condenado no processo do mensal\u00e3o. Amigo de Dirceu desde 1967, quando militavam juntos no movimento estudantil em S\u00e3o Paulo, Z\u00e9 de Abreu diz que o governo e o partido abandonaram o petista que, segundo ele, foi o grande respons\u00e1vel pela chegada deles ao poder.<\/p>\n<p>\u201cSe o PT n\u00e3o assumir uma defesa intransigente do Dirceu mostrar\u00e1 que \u00e9 um partidinho de merda, como os outros\u201d, escreveu. Em uma s\u00e9rie de mensagens Z\u00e9 de Abreu acusou Lula e Dilma de omiss\u00e3o e cobrou deles o lan\u00e7amento de uma campanha nacional em defesa do ex-ministro da Casa Civil, condenado pelo Supremo Tribunal Federal (STF) a sete anos e 11 meses de pris\u00e3o, em regime semiaberto, pelo crime de corrup\u00e7\u00e3o ativa.<\/p>\n<p>\u201cComo confiar num l\u00edder que abandona seu companheiro numa pris\u00e3o injusta? Lula e Dilma t\u00eam que se manifestar urgentemente! Temos que fazer uma campanha nacional liderada por Lula e Dilma contra a injusti\u00e7a a que Dirceu est\u00e1 submetido. Temos que exigir de Lula uma postura condizente com o que Dirceu significou para ele. Come\u00e7o agora uma campanha solit\u00e1ria. Quem quiser que me siga. Meu compromisso \u00e9 com o povo brasileiro, n\u00e3o com Lula, Dilma ou PT\u201d, desabafou.<\/p>\n<p>Filiado desde o ano passado ao Partido dos Trabalhadores, o ator chegou a ensaiar uma pr\u00e9-candidatura a deputado federal, mas desistiu da ideia, ap\u00f3s ser dissuadido por familiares e amigos, como o pr\u00f3prio Dirceu.<\/p>\n","protected":false},"excerpt":{"rendered":"<p>O PT \u00e9 &#8220;um partidinho de merda&#8221; que abandonou seu principal personagem, o ex-ministro Jos\u00e9 Dirceu. Quem afirma \u00e9 o ator global Jos\u00e9 de Abreu, em desabafo postado em sua conta no Twitter. No microblog ele acusa Lula e Dilma de abandonarem o companheiro e acena com a possibilidade de deixar a legenda. Jos\u00e9 Dirceu [&hellip;]<\/p>\n","protected":false},"author":2,"featured_media":6709,"comment_status":"open","ping_status":"closed","sticky":false,"template":"","format":"standard","meta":{"_acf_changed":false,"footnotes":""},"categories":[16],"tags":[],"class_list":["post-6708","post","type-post","status-publish","format-standard","has-post-thumbnail","hentry","category-brasil"],"acf":[],"yoast_head":"<!-- This site is optimized with the Yoast SEO plugin v27.2 - https:\/\/yoast.com\/product\/yoast-seo-wordpress\/ -->\n<title>&#039;PT \u00e9 partido de merda. Lula e Dilma abandonaram Dirceu&#039; - Notibras<\/title>\n<meta name=\"robots\" content=\"index, follow, max-snippet:-1, max-image-preview:large, max-video-preview:-1\" \/>\n<link rel=\"canonical\" href=\"https:\/\/www.notibras.com\/site\/pt-e-um-partidinho-de-m-lula-e-dilma-abandonaram-dirceu-diz-ze-de-abreu\/\" \/>\n<meta property=\"og:locale\" content=\"pt_BR\" \/>\n<meta property=\"og:type\" content=\"article\" \/>\n<meta property=\"og:title\" content=\"&#039;PT \u00e9 partido de merda. Lula e Dilma abandonaram Dirceu&#039; - Notibras\" \/>\n<meta property=\"og:description\" content=\"O PT \u00e9 &#8220;um partidinho de merda&#8221; que abandonou seu principal personagem, o ex-ministro Jos\u00e9 Dirceu. Quem afirma \u00e9 o ator global Jos\u00e9 de Abreu, em desabafo postado em sua conta no Twitter. No microblog ele acusa Lula e Dilma de abandonarem o companheiro e acena com a possibilidade de deixar a legenda. Jos\u00e9 Dirceu [&hellip;]\" \/>\n<meta property=\"og:url\" content=\"https:\/\/www.notibras.com\/site\/pt-e-um-partidinho-de-m-lula-e-dilma-abandonaram-dirceu-diz-ze-de-abreu\/\" \/>\n<meta property=\"og:site_name\" content=\"Notibras\" \/>\n<meta property=\"article:publisher\" content=\"https:\/\/www.facebook.com\/notibras\/\" \/>\n<meta property=\"article:published_time\" content=\"2014-04-14T00:09:36+00:00\" \/>\n<meta property=\"article:modified_time\" content=\"2014-04-15T10:12:49+00:00\" \/>\n<meta property=\"og:image\" content=\"https:\/\/www.notibras.com\/site\/wp-content\/uploads\/2014\/04\/20130109032934_jose-de-abreu.jpg\" \/>\n\t<meta property=\"og:image:width\" content=\"460\" \/>\n\t<meta property=\"og:image:height\" content=\"345\" \/>\n\t<meta property=\"og:image:type\" content=\"image\/jpeg\" \/>\n<meta name=\"author\" content=\"Reda\u00e7\u00e3o\" \/>\n<meta name=\"twitter:card\" content=\"summary_large_image\" \/>\n<meta name=\"twitter:creator\" content=\"@Notibras\" \/>\n<meta name=\"twitter:site\" content=\"@Notibras\" \/>\n<meta name=\"twitter:label1\" content=\"Escrito por\" \/>\n\t<meta name=\"twitter:data1\" content=\"Reda\u00e7\u00e3o\" \/>\n\t<meta name=\"twitter:label2\" content=\"Est. tempo de leitura\" \/>\n\t<meta name=\"twitter:data2\" content=\"2 minutos\" \/>\n<script type=\"application\/ld+json\" class=\"yoast-schema-graph\">{\"@context\":\"https:\/\/schema.org\",\"@graph\":[{\"@type\":\"Article\",\"@id\":\"https:\/\/www.notibras.com\/site\/pt-e-um-partidinho-de-m-lula-e-dilma-abandonaram-dirceu-diz-ze-de-abreu\/#article\",\"isPartOf\":{\"@id\":\"https:\/\/www.notibras.com\/site\/pt-e-um-partidinho-de-m-lula-e-dilma-abandonaram-dirceu-diz-ze-de-abreu\/\"},\"author\":{\"name\":\"Reda\u00e7\u00e3o\",\"@id\":\"https:\/\/www.notibras.com\/site\/#\/schema\/person\/36ab0979449956132d3e5b517ea76ac8\"},\"headline\":\"&#8216;PT \u00e9 partido de merda. Lula e Dilma abandonaram Dirceu&#8217;\",\"datePublished\":\"2014-04-14T00:09:36+00:00\",\"dateModified\":\"2014-04-15T10:12:49+00:00\",\"mainEntityOfPage\":{\"@id\":\"https:\/\/www.notibras.com\/site\/pt-e-um-partidinho-de-m-lula-e-dilma-abandonaram-dirceu-diz-ze-de-abreu\/\"},\"wordCount\":320,\"commentCount\":0,\"publisher\":{\"@id\":\"https:\/\/www.notibras.com\/site\/#organization\"},\"image\":{\"@id\":\"https:\/\/www.notibras.com\/site\/pt-e-um-partidinho-de-m-lula-e-dilma-abandonaram-dirceu-diz-ze-de-abreu\/#primaryimage\"},\"thumbnailUrl\":\"https:\/\/www.notibras.com\/site\/wp-content\/uploads\/2014\/04\/20130109032934_jose-de-abreu.jpg\",\"articleSection\":[\"Brasil\"],\"inLanguage\":\"pt-BR\",\"potentialAction\":[{\"@type\":\"CommentAction\",\"name\":\"Comment\",\"target\":[\"https:\/\/www.notibras.com\/site\/pt-e-um-partidinho-de-m-lula-e-dilma-abandonaram-dirceu-diz-ze-de-abreu\/#respond\"]}]},{\"@type\":\"WebPage\",\"@id\":\"https:\/\/www.notibras.com\/site\/pt-e-um-partidinho-de-m-lula-e-dilma-abandonaram-dirceu-diz-ze-de-abreu\/\",\"url\":\"https:\/\/www.notibras.com\/site\/pt-e-um-partidinho-de-m-lula-e-dilma-abandonaram-dirceu-diz-ze-de-abreu\/\",\"name\":\"'PT \u00e9 partido de merda. Lula e Dilma abandonaram Dirceu' - Notibras\",\"isPartOf\":{\"@id\":\"https:\/\/www.notibras.com\/site\/#website\"},\"primaryImageOfPage\":{\"@id\":\"https:\/\/www.notibras.com\/site\/pt-e-um-partidinho-de-m-lula-e-dilma-abandonaram-dirceu-diz-ze-de-abreu\/#primaryimage\"},\"image\":{\"@id\":\"https:\/\/www.notibras.com\/site\/pt-e-um-partidinho-de-m-lula-e-dilma-abandonaram-dirceu-diz-ze-de-abreu\/#primaryimage\"},\"thumbnailUrl\":\"https:\/\/www.notibras.com\/site\/wp-content\/uploads\/2014\/04\/20130109032934_jose-de-abreu.jpg\",\"datePublished\":\"2014-04-14T00:09:36+00:00\",\"dateModified\":\"2014-04-15T10:12:49+00:00\",\"breadcrumb\":{\"@id\":\"https:\/\/www.notibras.com\/site\/pt-e-um-partidinho-de-m-lula-e-dilma-abandonaram-dirceu-diz-ze-de-abreu\/#breadcrumb\"},\"inLanguage\":\"pt-BR\",\"potentialAction\":[{\"@type\":\"ReadAction\",\"target\":[\"https:\/\/www.notibras.com\/site\/pt-e-um-partidinho-de-m-lula-e-dilma-abandonaram-dirceu-diz-ze-de-abreu\/\"]}]},{\"@type\":\"ImageObject\",\"inLanguage\":\"pt-BR\",\"@id\":\"https:\/\/www.notibras.com\/site\/pt-e-um-partidinho-de-m-lula-e-dilma-abandonaram-dirceu-diz-ze-de-abreu\/#primaryimage\",\"url\":\"https:\/\/www.notibras.com\/site\/wp-content\/uploads\/2014\/04\/20130109032934_jose-de-abreu.jpg\",\"contentUrl\":\"https:\/\/www.notibras.com\/site\/wp-content\/uploads\/2014\/04\/20130109032934_jose-de-abreu.jpg\",\"width\":460,\"height\":345},{\"@type\":\"BreadcrumbList\",\"@id\":\"https:\/\/www.notibras.com\/site\/pt-e-um-partidinho-de-m-lula-e-dilma-abandonaram-dirceu-diz-ze-de-abreu\/#breadcrumb\",\"itemListElement\":[{\"@type\":\"ListItem\",\"position\":1,\"name\":\"In\u00edcio\",\"item\":\"https:\/\/www.notibras.com\/site\/\"},{\"@type\":\"ListItem\",\"position\":2,\"name\":\"&#8216;PT \u00e9 partido de merda. Lula e Dilma abandonaram Dirceu&#8217;\"}]},{\"@type\":\"WebSite\",\"@id\":\"https:\/\/www.notibras.com\/site\/#website\",\"url\":\"https:\/\/www.notibras.com\/site\/\",\"name\":\"Notibras\",\"description\":\"Not\u00edcias de Bras\u00edlia, do Brasil e do Mundo\",\"publisher\":{\"@id\":\"https:\/\/www.notibras.com\/site\/#organization\"},\"potentialAction\":[{\"@type\":\"SearchAction\",\"target\":{\"@type\":\"EntryPoint\",\"urlTemplate\":\"https:\/\/www.notibras.com\/site\/?s={search_term_string}\"},\"query-input\":{\"@type\":\"PropertyValueSpecification\",\"valueRequired\":true,\"valueName\":\"search_term_string\"}}],\"inLanguage\":\"pt-BR\"},{\"@type\":\"Organization\",\"@id\":\"https:\/\/www.notibras.com\/site\/#organization\",\"name\":\"Grupo Notibras de Comunica\u00e7\u00e3o\",\"url\":\"https:\/\/www.notibras.com\/site\/\",\"logo\":{\"@type\":\"ImageObject\",\"inLanguage\":\"pt-BR\",\"@id\":\"https:\/\/www.notibras.com\/site\/#\/schema\/logo\/image\/\",\"url\":\"https:\/\/www.notibras.com\/site\/wp-content\/uploads\/2023\/01\/notibras23.png\",\"contentUrl\":\"https:\/\/www.notibras.com\/site\/wp-content\/uploads\/2023\/01\/notibras23.png\",\"width\":350,\"height\":87,\"caption\":\"Grupo Notibras de Comunica\u00e7\u00e3o\"},\"image\":{\"@id\":\"https:\/\/www.notibras.com\/site\/#\/schema\/logo\/image\/\"},\"sameAs\":[\"https:\/\/www.facebook.com\/notibras\/\",\"https:\/\/x.com\/Notibras\",\"https:\/\/www.instagram.com\/notibras\/\"]},{\"@type\":\"Person\",\"@id\":\"https:\/\/www.notibras.com\/site\/#\/schema\/person\/36ab0979449956132d3e5b517ea76ac8\",\"name\":\"Reda\u00e7\u00e3o\",\"image\":{\"@type\":\"ImageObject\",\"inLanguage\":\"pt-BR\",\"@id\":\"https:\/\/secure.gravatar.com\/avatar\/e0a867bdedb85fd243eadf09663511f96fc81e0720a4a42581f334ad4303aa6b?s=96&d=mm&r=g\",\"url\":\"https:\/\/secure.gravatar.com\/avatar\/e0a867bdedb85fd243eadf09663511f96fc81e0720a4a42581f334ad4303aa6b?s=96&d=mm&r=g\",\"contentUrl\":\"https:\/\/secure.gravatar.com\/avatar\/e0a867bdedb85fd243eadf09663511f96fc81e0720a4a42581f334ad4303aa6b?s=96&d=mm&r=g\",\"caption\":\"Reda\u00e7\u00e3o\"}}]}<\/script>\n<!-- \/ Yoast SEO plugin. -->","yoast_head_json":{"title":"'PT \u00e9 partido de merda. Lula e Dilma abandonaram Dirceu' - Notibras","robots":{"index":"index","follow":"follow","max-snippet":"max-snippet:-1","max-image-preview":"max-image-preview:large","max-video-preview":"max-video-preview:-1"},"canonical":"https:\/\/www.notibras.com\/site\/pt-e-um-partidinho-de-m-lula-e-dilma-abandonaram-dirceu-diz-ze-de-abreu\/","og_locale":"pt_BR","og_type":"article","og_title":"'PT \u00e9 partido de merda. Lula e Dilma abandonaram Dirceu' - Notibras","og_description":"O PT \u00e9 &#8220;um partidinho de merda&#8221; que abandonou seu principal personagem, o ex-ministro Jos\u00e9 Dirceu. Quem afirma \u00e9 o ator global Jos\u00e9 de Abreu, em desabafo postado em sua conta no Twitter. No microblog ele acusa Lula e Dilma de abandonarem o companheiro e acena com a possibilidade de deixar a legenda. Jos\u00e9 Dirceu [&hellip;]","og_url":"https:\/\/www.notibras.com\/site\/pt-e-um-partidinho-de-m-lula-e-dilma-abandonaram-dirceu-diz-ze-de-abreu\/","og_site_name":"Notibras","article_publisher":"https:\/\/www.facebook.com\/notibras\/","article_published_time":"2014-04-14T00:09:36+00:00","article_modified_time":"2014-04-15T10:12:49+00:00","og_image":[{"width":460,"height":345,"url":"https:\/\/www.notibras.com\/site\/wp-content\/uploads\/2014\/04\/20130109032934_jose-de-abreu.jpg","type":"image\/jpeg"}],"author":"Reda\u00e7\u00e3o","twitter_card":"summary_large_image","twitter_creator":"@Notibras","twitter_site":"@Notibras","twitter_misc":{"Escrito por":"Reda\u00e7\u00e3o","Est. tempo de leitura":"2 minutos"},"schema":{"@context":"https:\/\/schema.org","@graph":[{"@type":"Article","@id":"https:\/\/www.notibras.com\/site\/pt-e-um-partidinho-de-m-lula-e-dilma-abandonaram-dirceu-diz-ze-de-abreu\/#article","isPartOf":{"@id":"https:\/\/www.notibras.com\/site\/pt-e-um-partidinho-de-m-lula-e-dilma-abandonaram-dirceu-diz-ze-de-abreu\/"},"author":{"name":"Reda\u00e7\u00e3o","@id":"https:\/\/www.notibras.com\/site\/#\/schema\/person\/36ab0979449956132d3e5b517ea76ac8"},"headline":"&#8216;PT \u00e9 partido de merda. Lula e Dilma abandonaram Dirceu&#8217;","datePublished":"2014-04-14T00:09:36+00:00","dateModified":"2014-04-15T10:12:49+00:00","mainEntityOfPage":{"@id":"https:\/\/www.notibras.com\/site\/pt-e-um-partidinho-de-m-lula-e-dilma-abandonaram-dirceu-diz-ze-de-abreu\/"},"wordCount":320,"commentCount":0,"publisher":{"@id":"https:\/\/www.notibras.com\/site\/#organization"},"image":{"@id":"https:\/\/www.notibras.com\/site\/pt-e-um-partidinho-de-m-lula-e-dilma-abandonaram-dirceu-diz-ze-de-abreu\/#primaryimage"},"thumbnailUrl":"https:\/\/www.notibras.com\/site\/wp-content\/uploads\/2014\/04\/20130109032934_jose-de-abreu.jpg","articleSection":["Brasil"],"inLanguage":"pt-BR","potentialAction":[{"@type":"CommentAction","name":"Comment","target":["https:\/\/www.notibras.com\/site\/pt-e-um-partidinho-de-m-lula-e-dilma-abandonaram-dirceu-diz-ze-de-abreu\/#respond"]}]},{"@type":"WebPage","@id":"https:\/\/www.notibras.com\/site\/pt-e-um-partidinho-de-m-lula-e-dilma-abandonaram-dirceu-diz-ze-de-abreu\/","url":"https:\/\/www.notibras.com\/site\/pt-e-um-partidinho-de-m-lula-e-dilma-abandonaram-dirceu-diz-ze-de-abreu\/","name":"'PT \u00e9 partido de merda. Lula e Dilma abandonaram Dirceu' - Notibras","isPartOf":{"@id":"https:\/\/www.notibras.com\/site\/#website"},"primaryImageOfPage":{"@id":"https:\/\/www.notibras.com\/site\/pt-e-um-partidinho-de-m-lula-e-dilma-abandonaram-dirceu-diz-ze-de-abreu\/#primaryimage"},"image":{"@id":"https:\/\/www.notibras.com\/site\/pt-e-um-partidinho-de-m-lula-e-dilma-abandonaram-dirceu-diz-ze-de-abreu\/#primaryimage"},"thumbnailUrl":"https:\/\/www.notibras.com\/site\/wp-content\/uploads\/2014\/04\/20130109032934_jose-de-abreu.jpg","datePublished":"2014-04-14T00:09:36+00:00","dateModified":"2014-04-15T10:12:49+00:00","breadcrumb":{"@id":"https:\/\/www.notibras.com\/site\/pt-e-um-partidinho-de-m-lula-e-dilma-abandonaram-dirceu-diz-ze-de-abreu\/#breadcrumb"},"inLanguage":"pt-BR","potentialAction":[{"@type":"ReadAction","target":["https:\/\/www.notibras.com\/site\/pt-e-um-partidinho-de-m-lula-e-dilma-abandonaram-dirceu-diz-ze-de-abreu\/"]}]},{"@type":"ImageObject","inLanguage":"pt-BR","@id":"https:\/\/www.notibras.com\/site\/pt-e-um-partidinho-de-m-lula-e-dilma-abandonaram-dirceu-diz-ze-de-abreu\/#primaryimage","url":"https:\/\/www.notibras.com\/site\/wp-content\/uploads\/2014\/04\/20130109032934_jose-de-abreu.jpg","contentUrl":"https:\/\/www.notibras.com\/site\/wp-content\/uploads\/2014\/04\/20130109032934_jose-de-abreu.jpg","width":460,"height":345},{"@type":"BreadcrumbList","@id":"https:\/\/www.notibras.com\/site\/pt-e-um-partidinho-de-m-lula-e-dilma-abandonaram-dirceu-diz-ze-de-abreu\/#breadcrumb","itemListElement":[{"@type":"ListItem","position":1,"name":"In\u00edcio","item":"https:\/\/www.notibras.com\/site\/"},{"@type":"ListItem","position":2,"name":"&#8216;PT \u00e9 partido de merda. Lula e Dilma abandonaram Dirceu&#8217;"}]},{"@type":"WebSite","@id":"https:\/\/www.notibras.com\/site\/#website","url":"https:\/\/www.notibras.com\/site\/","name":"Notibras","description":"Not\u00edcias de Bras\u00edlia, do Brasil e do Mundo","publisher":{"@id":"https:\/\/www.notibras.com\/site\/#organization"},"potentialAction":[{"@type":"SearchAction","target":{"@type":"EntryPoint","urlTemplate":"https:\/\/www.notibras.com\/site\/?s={search_term_string}"},"query-input":{"@type":"PropertyValueSpecification","valueRequired":true,"valueName":"search_term_string"}}],"inLanguage":"pt-BR"},{"@type":"Organization","@id":"https:\/\/www.notibras.com\/site\/#organization","name":"Grupo Notibras de Comunica\u00e7\u00e3o","url":"https:\/\/www.notibras.com\/site\/","logo":{"@type":"ImageObject","inLanguage":"pt-BR","@id":"https:\/\/www.notibras.com\/site\/#\/schema\/logo\/image\/","url":"https:\/\/www.notibras.com\/site\/wp-content\/uploads\/2023\/01\/notibras23.png","contentUrl":"https:\/\/www.notibras.com\/site\/wp-content\/uploads\/2023\/01\/notibras23.png","width":350,"height":87,"caption":"Grupo Notibras de Comunica\u00e7\u00e3o"},"image":{"@id":"https:\/\/www.notibras.com\/site\/#\/schema\/logo\/image\/"},"sameAs":["https:\/\/www.facebook.com\/notibras\/","https:\/\/x.com\/Notibras","https:\/\/www.instagram.com\/notibras\/"]},{"@type":"Person","@id":"https:\/\/www.notibras.com\/site\/#\/schema\/person\/36ab0979449956132d3e5b517ea76ac8","name":"Reda\u00e7\u00e3o","image":{"@type":"ImageObject","inLanguage":"pt-BR","@id":"https:\/\/secure.gravatar.com\/avatar\/e0a867bdedb85fd243eadf09663511f96fc81e0720a4a42581f334ad4303aa6b?s=96&d=mm&r=g","url":"https:\/\/secure.gravatar.com\/avatar\/e0a867bdedb85fd243eadf09663511f96fc81e0720a4a42581f334ad4303aa6b?s=96&d=mm&r=g","contentUrl":"https:\/\/secure.gravatar.com\/avatar\/e0a867bdedb85fd243eadf09663511f96fc81e0720a4a42581f334ad4303aa6b?s=96&d=mm&r=g","caption":"Reda\u00e7\u00e3o"}}]}},"amp_enabled":true,"_links":{"self":[{"href":"https:\/\/www.notibras.com\/site\/wp-json\/wp\/v2\/posts\/6708","targetHints":{"allow":["GET"]}}],"collection":[{"href":"https:\/\/www.notibras.com\/site\/wp-json\/wp\/v2\/posts"}],"about":[{"href":"https:\/\/www.notibras.com\/site\/wp-json\/wp\/v2\/types\/post"}],"author":[{"embeddable":true,"href":"https:\/\/www.notibras.com\/site\/wp-json\/wp\/v2\/users\/2"}],"replies":[{"embeddable":true,"href":"https:\/\/www.notibras.com\/site\/wp-json\/wp\/v2\/comments?post=6708"}],"version-history":[{"count":0,"href":"https:\/\/www.notibras.com\/site\/wp-json\/wp\/v2\/posts\/6708\/revisions"}],"wp:featuredmedia":[{"embeddable":true,"href":"https:\/\/www.notibras.com\/site\/wp-json\/wp\/v2\/media\/6709"}],"wp:attachment":[{"href":"https:\/\/www.notibras.com\/site\/wp-json\/wp\/v2\/media?parent=6708"}],"wp:term":[{"taxonomy":"category","embeddable":true,"href":"https:\/\/www.notibras.com\/site\/wp-json\/wp\/v2\/categories?post=6708"},{"taxonomy":"post_tag","embeddable":true,"href":"https:\/\/www.notibras.com\/site\/wp-json\/wp\/v2\/tags?post=6708"}],"curies":[{"name":"wp","href":"https:\/\/api.w.org\/{rel}","templated":true}]}}