{"id":67116,"date":"2015-09-10T18:28:27","date_gmt":"2015-09-10T21:28:27","guid":{"rendered":"http:\/\/www.notibras.com\/site\/?p=67116"},"modified":"2015-09-10T21:18:45","modified_gmt":"2015-09-11T00:18:45","slug":"liberacao-da-maconha-vira-polemica-e-ate-plantacao-pode-valer","status":"publish","type":"post","link":"https:\/\/www.notibras.com\/site\/liberacao-da-maconha-vira-polemica-e-ate-plantacao-pode-valer\/","title":{"rendered":"Libera\u00e7\u00e3o da maconha vira pol\u00eamica e at\u00e9 plantar para consumo pr\u00f3prio pode valer"},"content":{"rendered":"<p>No julgamento do Supremo Tribunal Federal de um recurso que pede a inconstitucionalidade do artigo 28 da Lei Antidrogas, que prev\u00ea penas para o porte e o plantio de drogas, em geral, o ministro Lu\u00eds Roberto Barroso votou nesta quinta-feira (10) pela descriminaliza\u00e7\u00e3o do porte de maconha para uso pr\u00f3prio e pela ado\u00e7\u00e3o do modelo uruguaio, que permite o plantio de at\u00e9 seis plantas de maconha. Atualmente, plantar maconha sob qualquer circunst\u00e2ncia \u00e9 crime.<\/p>\n<p>O julgamento do recurso que pede a descriminaliza\u00e7\u00e3o do porte de drogas para uso pessoal foi interrompido ap\u00f3s o ministro Teori Zavascki pedir vistas do processo. N\u00e3o h\u00e1 previs\u00e3o para o retorno da a\u00e7\u00e3o \u00e0 pauta. Este \u00e9 o segundo pedido de vistas desde o in\u00edcio do julgamento. O primeiro foi feito no dia 20 de agosto pelo ministro Edson Fachin.<\/p>\n<p>Al\u00e9m do estabelecimento de uma cota de seis plantas por usu\u00e1rio, Barroso sugeriu a ado\u00e7\u00e3o de um crit\u00e9rio espec\u00edfico para diferenciar um usu\u00e1rio de um traficante. Ele sugeriu que cada pessoa possa portar at\u00e9 25 gramas de maconha. Acima disso, o porte poderia ser configurar como tr\u00e1fico de drogas. O crit\u00e9rio \u00e9, segundo Barroso, o mesmo utilizado por Portugal.<\/p>\n<p>O julgamento em andamento no STF come\u00e7ou depois que o ent\u00e3o detento Francisco Benedito Souza foi flagrado, em 2009, com tr\u00eas gramas de maconha e condenado a dois meses de servi\u00e7os comunit\u00e1rios. A Defensoria P\u00fablica de S\u00e3o Paulo recorreu em segunda inst\u00e2ncia alegando que o porte de drogas para uso pessoal n\u00e3o seria crime, mas o recurso foi negado. O \u00f3rg\u00e3o recorreu ao STF, que iniciou o julgamento no \u00faltimo dia 20 de agosto.<\/p>\n<p>No \u00faltimo dia 20, o ministro Gilmar Mendes, que \u00e9 relator do processo, votou pela inconstitucionalidade de todo o artigo 28 da Lei Antidrogas. Desta forma, plantar ou produzir qualquer tipo de droga hoje considerada il\u00edcita n\u00e3o seria mais crime e, portanto, seria permitido. Mendes, no entanto, n\u00e3o estabeleceu um limite de dosagem a partir do qual se poderia diferenciar a planta\u00e7\u00e3o para consumo pr\u00f3prio e aquela destinada ao tr\u00e1fico.<\/p>\n<p>Nesta quinta-feira, o ministro Barroso votou pela descriminaliza\u00e7\u00e3o do porte de maconha e pela legaliza\u00e7\u00e3o do plantio de at\u00e9 seis p\u00e9s da planta. Este seria o crit\u00e9rio utilizado pelo Uruguai. Segundo ele, seria hipocrisia liberar o porte de drogas para consumo pessoal. &#8220;N\u00f3s estamos dizendo que ele pode fazer uso pessoal, acho que \u00e9 leg\u00edtimo, mas acho que seria uma solu\u00e7\u00e3o um pouco capenga, quando n\u00e3o com alguma dose de hipocrisia dizer que o consumo pessoal \u00e9 leg\u00edtimo, mas a obten\u00e7\u00e3o continua crime&#8221;, afirmou.<\/p>\n<p>Outro ministro que tamb\u00e9m apresentou o seu voto nesta quinta-feira foi Edson Fachin. Ele defendeu a descriminaliza\u00e7\u00e3o do porte para uso pessoal de maconha, mas votou pela continuidade da criminaliza\u00e7\u00e3o do uso de outras drogas consideradas il\u00edcitas como a coca\u00edna e a hero\u00edna. Em seu voto, Fachin tamb\u00e9m se declarou contra a legaliza\u00e7\u00e3o do plantio de drogas para consumo pr\u00f3prio.<\/p>\n<p>Ainda faltam votar os ministros Teori Zavascki, que pediu vistas, Luiz Fux, Dias Toffoli, C\u00e1rmen L\u00facia, Marco Aur\u00e9lio, Celso de Mello e o presidente do STF, Ricardo Lewandowski.<\/p>\n","protected":false},"excerpt":{"rendered":"<p>No julgamento do Supremo Tribunal Federal de um recurso que pede a inconstitucionalidade do artigo 28 da Lei Antidrogas, que prev\u00ea penas para o porte e o plantio de drogas, em geral, o ministro Lu\u00eds Roberto Barroso votou nesta quinta-feira (10) pela descriminaliza\u00e7\u00e3o do porte de maconha para uso pr\u00f3prio e pela ado\u00e7\u00e3o do modelo [&hellip;]<\/p>\n","protected":false},"author":2,"featured_media":67117,"comment_status":"open","ping_status":"closed","sticky":false,"template":"","format":"standard","meta":{"_acf_changed":false,"footnotes":""},"categories":[16],"tags":[],"class_list":["post-67116","post","type-post","status-publish","format-standard","has-post-thumbnail","hentry","category-brasil"],"acf":[],"yoast_head":"<!-- This site is optimized with the Yoast SEO plugin v27.2 - https:\/\/yoast.com\/product\/yoast-seo-wordpress\/ -->\n<title>Libera\u00e7\u00e3o da maconha vira pol\u00eamica e at\u00e9 plantar para consumo pr\u00f3prio pode valer - Notibras<\/title>\n<meta name=\"robots\" content=\"index, follow, max-snippet:-1, max-image-preview:large, max-video-preview:-1\" \/>\n<link rel=\"canonical\" href=\"https:\/\/www.notibras.com\/site\/liberacao-da-maconha-vira-polemica-e-ate-plantacao-pode-valer\/\" \/>\n<meta property=\"og:locale\" content=\"pt_BR\" \/>\n<meta property=\"og:type\" content=\"article\" \/>\n<meta property=\"og:title\" content=\"Libera\u00e7\u00e3o da maconha vira pol\u00eamica e at\u00e9 plantar para consumo pr\u00f3prio pode valer - Notibras\" \/>\n<meta property=\"og:description\" content=\"No julgamento do Supremo Tribunal Federal de um recurso que pede a inconstitucionalidade do artigo 28 da Lei Antidrogas, que prev\u00ea penas para o porte e o plantio de drogas, em geral, o ministro Lu\u00eds Roberto Barroso votou nesta quinta-feira (10) pela descriminaliza\u00e7\u00e3o do porte de maconha para uso pr\u00f3prio e pela ado\u00e7\u00e3o do modelo [&hellip;]\" \/>\n<meta property=\"og:url\" content=\"https:\/\/www.notibras.com\/site\/liberacao-da-maconha-vira-polemica-e-ate-plantacao-pode-valer\/\" \/>\n<meta property=\"og:site_name\" content=\"Notibras\" \/>\n<meta property=\"article:publisher\" content=\"https:\/\/www.facebook.com\/notibras\/\" \/>\n<meta property=\"article:published_time\" content=\"2015-09-10T21:28:27+00:00\" \/>\n<meta property=\"article:modified_time\" content=\"2015-09-11T00:18:45+00:00\" \/>\n<meta property=\"og:image\" content=\"https:\/\/www.notibras.com\/site\/wp-content\/uploads\/2015\/09\/maconha_2.jpg\" \/>\n\t<meta property=\"og:image:width\" content=\"620\" \/>\n\t<meta property=\"og:image:height\" content=\"465\" \/>\n\t<meta property=\"og:image:type\" content=\"image\/jpeg\" \/>\n<meta name=\"author\" content=\"Reda\u00e7\u00e3o\" \/>\n<meta name=\"twitter:card\" content=\"summary_large_image\" \/>\n<meta name=\"twitter:creator\" content=\"@Notibras\" \/>\n<meta name=\"twitter:site\" content=\"@Notibras\" \/>\n<meta name=\"twitter:label1\" content=\"Escrito por\" \/>\n\t<meta name=\"twitter:data1\" content=\"Reda\u00e7\u00e3o\" \/>\n\t<meta name=\"twitter:label2\" content=\"Est. tempo de leitura\" \/>\n\t<meta name=\"twitter:data2\" content=\"3 minutos\" \/>\n<script type=\"application\/ld+json\" class=\"yoast-schema-graph\">{\"@context\":\"https:\/\/schema.org\",\"@graph\":[{\"@type\":\"Article\",\"@id\":\"https:\/\/www.notibras.com\/site\/liberacao-da-maconha-vira-polemica-e-ate-plantacao-pode-valer\/#article\",\"isPartOf\":{\"@id\":\"https:\/\/www.notibras.com\/site\/liberacao-da-maconha-vira-polemica-e-ate-plantacao-pode-valer\/\"},\"author\":{\"name\":\"Reda\u00e7\u00e3o\",\"@id\":\"https:\/\/www.notibras.com\/site\/#\/schema\/person\/36ab0979449956132d3e5b517ea76ac8\"},\"headline\":\"Libera\u00e7\u00e3o da maconha vira pol\u00eamica e at\u00e9 plantar para consumo pr\u00f3prio pode valer\",\"datePublished\":\"2015-09-10T21:28:27+00:00\",\"dateModified\":\"2015-09-11T00:18:45+00:00\",\"mainEntityOfPage\":{\"@id\":\"https:\/\/www.notibras.com\/site\/liberacao-da-maconha-vira-polemica-e-ate-plantacao-pode-valer\/\"},\"wordCount\":568,\"commentCount\":0,\"publisher\":{\"@id\":\"https:\/\/www.notibras.com\/site\/#organization\"},\"image\":{\"@id\":\"https:\/\/www.notibras.com\/site\/liberacao-da-maconha-vira-polemica-e-ate-plantacao-pode-valer\/#primaryimage\"},\"thumbnailUrl\":\"https:\/\/www.notibras.com\/site\/wp-content\/uploads\/2015\/09\/maconha_2.jpg\",\"articleSection\":[\"Brasil\"],\"inLanguage\":\"pt-BR\",\"potentialAction\":[{\"@type\":\"CommentAction\",\"name\":\"Comment\",\"target\":[\"https:\/\/www.notibras.com\/site\/liberacao-da-maconha-vira-polemica-e-ate-plantacao-pode-valer\/#respond\"]}]},{\"@type\":\"WebPage\",\"@id\":\"https:\/\/www.notibras.com\/site\/liberacao-da-maconha-vira-polemica-e-ate-plantacao-pode-valer\/\",\"url\":\"https:\/\/www.notibras.com\/site\/liberacao-da-maconha-vira-polemica-e-ate-plantacao-pode-valer\/\",\"name\":\"Libera\u00e7\u00e3o da maconha vira pol\u00eamica e at\u00e9 plantar para consumo pr\u00f3prio pode valer - Notibras\",\"isPartOf\":{\"@id\":\"https:\/\/www.notibras.com\/site\/#website\"},\"primaryImageOfPage\":{\"@id\":\"https:\/\/www.notibras.com\/site\/liberacao-da-maconha-vira-polemica-e-ate-plantacao-pode-valer\/#primaryimage\"},\"image\":{\"@id\":\"https:\/\/www.notibras.com\/site\/liberacao-da-maconha-vira-polemica-e-ate-plantacao-pode-valer\/#primaryimage\"},\"thumbnailUrl\":\"https:\/\/www.notibras.com\/site\/wp-content\/uploads\/2015\/09\/maconha_2.jpg\",\"datePublished\":\"2015-09-10T21:28:27+00:00\",\"dateModified\":\"2015-09-11T00:18:45+00:00\",\"breadcrumb\":{\"@id\":\"https:\/\/www.notibras.com\/site\/liberacao-da-maconha-vira-polemica-e-ate-plantacao-pode-valer\/#breadcrumb\"},\"inLanguage\":\"pt-BR\",\"potentialAction\":[{\"@type\":\"ReadAction\",\"target\":[\"https:\/\/www.notibras.com\/site\/liberacao-da-maconha-vira-polemica-e-ate-plantacao-pode-valer\/\"]}]},{\"@type\":\"ImageObject\",\"inLanguage\":\"pt-BR\",\"@id\":\"https:\/\/www.notibras.com\/site\/liberacao-da-maconha-vira-polemica-e-ate-plantacao-pode-valer\/#primaryimage\",\"url\":\"https:\/\/www.notibras.com\/site\/wp-content\/uploads\/2015\/09\/maconha_2.jpg\",\"contentUrl\":\"https:\/\/www.notibras.com\/site\/wp-content\/uploads\/2015\/09\/maconha_2.jpg\",\"width\":620,\"height\":465},{\"@type\":\"BreadcrumbList\",\"@id\":\"https:\/\/www.notibras.com\/site\/liberacao-da-maconha-vira-polemica-e-ate-plantacao-pode-valer\/#breadcrumb\",\"itemListElement\":[{\"@type\":\"ListItem\",\"position\":1,\"name\":\"In\u00edcio\",\"item\":\"https:\/\/www.notibras.com\/site\/\"},{\"@type\":\"ListItem\",\"position\":2,\"name\":\"Libera\u00e7\u00e3o da maconha vira pol\u00eamica e at\u00e9 plantar para consumo pr\u00f3prio pode valer\"}]},{\"@type\":\"WebSite\",\"@id\":\"https:\/\/www.notibras.com\/site\/#website\",\"url\":\"https:\/\/www.notibras.com\/site\/\",\"name\":\"Notibras\",\"description\":\"Not\u00edcias de Bras\u00edlia, do Brasil e do Mundo\",\"publisher\":{\"@id\":\"https:\/\/www.notibras.com\/site\/#organization\"},\"potentialAction\":[{\"@type\":\"SearchAction\",\"target\":{\"@type\":\"EntryPoint\",\"urlTemplate\":\"https:\/\/www.notibras.com\/site\/?s={search_term_string}\"},\"query-input\":{\"@type\":\"PropertyValueSpecification\",\"valueRequired\":true,\"valueName\":\"search_term_string\"}}],\"inLanguage\":\"pt-BR\"},{\"@type\":\"Organization\",\"@id\":\"https:\/\/www.notibras.com\/site\/#organization\",\"name\":\"Grupo Notibras de Comunica\u00e7\u00e3o\",\"url\":\"https:\/\/www.notibras.com\/site\/\",\"logo\":{\"@type\":\"ImageObject\",\"inLanguage\":\"pt-BR\",\"@id\":\"https:\/\/www.notibras.com\/site\/#\/schema\/logo\/image\/\",\"url\":\"https:\/\/www.notibras.com\/site\/wp-content\/uploads\/2023\/01\/notibras23.png\",\"contentUrl\":\"https:\/\/www.notibras.com\/site\/wp-content\/uploads\/2023\/01\/notibras23.png\",\"width\":350,\"height\":87,\"caption\":\"Grupo Notibras de Comunica\u00e7\u00e3o\"},\"image\":{\"@id\":\"https:\/\/www.notibras.com\/site\/#\/schema\/logo\/image\/\"},\"sameAs\":[\"https:\/\/www.facebook.com\/notibras\/\",\"https:\/\/x.com\/Notibras\",\"https:\/\/www.instagram.com\/notibras\/\"]},{\"@type\":\"Person\",\"@id\":\"https:\/\/www.notibras.com\/site\/#\/schema\/person\/36ab0979449956132d3e5b517ea76ac8\",\"name\":\"Reda\u00e7\u00e3o\",\"image\":{\"@type\":\"ImageObject\",\"inLanguage\":\"pt-BR\",\"@id\":\"https:\/\/secure.gravatar.com\/avatar\/e0a867bdedb85fd243eadf09663511f96fc81e0720a4a42581f334ad4303aa6b?s=96&d=mm&r=g\",\"url\":\"https:\/\/secure.gravatar.com\/avatar\/e0a867bdedb85fd243eadf09663511f96fc81e0720a4a42581f334ad4303aa6b?s=96&d=mm&r=g\",\"contentUrl\":\"https:\/\/secure.gravatar.com\/avatar\/e0a867bdedb85fd243eadf09663511f96fc81e0720a4a42581f334ad4303aa6b?s=96&d=mm&r=g\",\"caption\":\"Reda\u00e7\u00e3o\"}}]}<\/script>\n<!-- \/ Yoast SEO plugin. -->","yoast_head_json":{"title":"Libera\u00e7\u00e3o da maconha vira pol\u00eamica e at\u00e9 plantar para consumo pr\u00f3prio pode valer - Notibras","robots":{"index":"index","follow":"follow","max-snippet":"max-snippet:-1","max-image-preview":"max-image-preview:large","max-video-preview":"max-video-preview:-1"},"canonical":"https:\/\/www.notibras.com\/site\/liberacao-da-maconha-vira-polemica-e-ate-plantacao-pode-valer\/","og_locale":"pt_BR","og_type":"article","og_title":"Libera\u00e7\u00e3o da maconha vira pol\u00eamica e at\u00e9 plantar para consumo pr\u00f3prio pode valer - Notibras","og_description":"No julgamento do Supremo Tribunal Federal de um recurso que pede a inconstitucionalidade do artigo 28 da Lei Antidrogas, que prev\u00ea penas para o porte e o plantio de drogas, em geral, o ministro Lu\u00eds Roberto Barroso votou nesta quinta-feira (10) pela descriminaliza\u00e7\u00e3o do porte de maconha para uso pr\u00f3prio e pela ado\u00e7\u00e3o do modelo [&hellip;]","og_url":"https:\/\/www.notibras.com\/site\/liberacao-da-maconha-vira-polemica-e-ate-plantacao-pode-valer\/","og_site_name":"Notibras","article_publisher":"https:\/\/www.facebook.com\/notibras\/","article_published_time":"2015-09-10T21:28:27+00:00","article_modified_time":"2015-09-11T00:18:45+00:00","og_image":[{"width":620,"height":465,"url":"https:\/\/www.notibras.com\/site\/wp-content\/uploads\/2015\/09\/maconha_2.jpg","type":"image\/jpeg"}],"author":"Reda\u00e7\u00e3o","twitter_card":"summary_large_image","twitter_creator":"@Notibras","twitter_site":"@Notibras","twitter_misc":{"Escrito por":"Reda\u00e7\u00e3o","Est. tempo de leitura":"3 minutos"},"schema":{"@context":"https:\/\/schema.org","@graph":[{"@type":"Article","@id":"https:\/\/www.notibras.com\/site\/liberacao-da-maconha-vira-polemica-e-ate-plantacao-pode-valer\/#article","isPartOf":{"@id":"https:\/\/www.notibras.com\/site\/liberacao-da-maconha-vira-polemica-e-ate-plantacao-pode-valer\/"},"author":{"name":"Reda\u00e7\u00e3o","@id":"https:\/\/www.notibras.com\/site\/#\/schema\/person\/36ab0979449956132d3e5b517ea76ac8"},"headline":"Libera\u00e7\u00e3o da maconha vira pol\u00eamica e at\u00e9 plantar para consumo pr\u00f3prio pode valer","datePublished":"2015-09-10T21:28:27+00:00","dateModified":"2015-09-11T00:18:45+00:00","mainEntityOfPage":{"@id":"https:\/\/www.notibras.com\/site\/liberacao-da-maconha-vira-polemica-e-ate-plantacao-pode-valer\/"},"wordCount":568,"commentCount":0,"publisher":{"@id":"https:\/\/www.notibras.com\/site\/#organization"},"image":{"@id":"https:\/\/www.notibras.com\/site\/liberacao-da-maconha-vira-polemica-e-ate-plantacao-pode-valer\/#primaryimage"},"thumbnailUrl":"https:\/\/www.notibras.com\/site\/wp-content\/uploads\/2015\/09\/maconha_2.jpg","articleSection":["Brasil"],"inLanguage":"pt-BR","potentialAction":[{"@type":"CommentAction","name":"Comment","target":["https:\/\/www.notibras.com\/site\/liberacao-da-maconha-vira-polemica-e-ate-plantacao-pode-valer\/#respond"]}]},{"@type":"WebPage","@id":"https:\/\/www.notibras.com\/site\/liberacao-da-maconha-vira-polemica-e-ate-plantacao-pode-valer\/","url":"https:\/\/www.notibras.com\/site\/liberacao-da-maconha-vira-polemica-e-ate-plantacao-pode-valer\/","name":"Libera\u00e7\u00e3o da maconha vira pol\u00eamica e at\u00e9 plantar para consumo pr\u00f3prio pode valer - Notibras","isPartOf":{"@id":"https:\/\/www.notibras.com\/site\/#website"},"primaryImageOfPage":{"@id":"https:\/\/www.notibras.com\/site\/liberacao-da-maconha-vira-polemica-e-ate-plantacao-pode-valer\/#primaryimage"},"image":{"@id":"https:\/\/www.notibras.com\/site\/liberacao-da-maconha-vira-polemica-e-ate-plantacao-pode-valer\/#primaryimage"},"thumbnailUrl":"https:\/\/www.notibras.com\/site\/wp-content\/uploads\/2015\/09\/maconha_2.jpg","datePublished":"2015-09-10T21:28:27+00:00","dateModified":"2015-09-11T00:18:45+00:00","breadcrumb":{"@id":"https:\/\/www.notibras.com\/site\/liberacao-da-maconha-vira-polemica-e-ate-plantacao-pode-valer\/#breadcrumb"},"inLanguage":"pt-BR","potentialAction":[{"@type":"ReadAction","target":["https:\/\/www.notibras.com\/site\/liberacao-da-maconha-vira-polemica-e-ate-plantacao-pode-valer\/"]}]},{"@type":"ImageObject","inLanguage":"pt-BR","@id":"https:\/\/www.notibras.com\/site\/liberacao-da-maconha-vira-polemica-e-ate-plantacao-pode-valer\/#primaryimage","url":"https:\/\/www.notibras.com\/site\/wp-content\/uploads\/2015\/09\/maconha_2.jpg","contentUrl":"https:\/\/www.notibras.com\/site\/wp-content\/uploads\/2015\/09\/maconha_2.jpg","width":620,"height":465},{"@type":"BreadcrumbList","@id":"https:\/\/www.notibras.com\/site\/liberacao-da-maconha-vira-polemica-e-ate-plantacao-pode-valer\/#breadcrumb","itemListElement":[{"@type":"ListItem","position":1,"name":"In\u00edcio","item":"https:\/\/www.notibras.com\/site\/"},{"@type":"ListItem","position":2,"name":"Libera\u00e7\u00e3o da maconha vira pol\u00eamica e at\u00e9 plantar para consumo pr\u00f3prio pode valer"}]},{"@type":"WebSite","@id":"https:\/\/www.notibras.com\/site\/#website","url":"https:\/\/www.notibras.com\/site\/","name":"Notibras","description":"Not\u00edcias de Bras\u00edlia, do Brasil e do Mundo","publisher":{"@id":"https:\/\/www.notibras.com\/site\/#organization"},"potentialAction":[{"@type":"SearchAction","target":{"@type":"EntryPoint","urlTemplate":"https:\/\/www.notibras.com\/site\/?s={search_term_string}"},"query-input":{"@type":"PropertyValueSpecification","valueRequired":true,"valueName":"search_term_string"}}],"inLanguage":"pt-BR"},{"@type":"Organization","@id":"https:\/\/www.notibras.com\/site\/#organization","name":"Grupo Notibras de Comunica\u00e7\u00e3o","url":"https:\/\/www.notibras.com\/site\/","logo":{"@type":"ImageObject","inLanguage":"pt-BR","@id":"https:\/\/www.notibras.com\/site\/#\/schema\/logo\/image\/","url":"https:\/\/www.notibras.com\/site\/wp-content\/uploads\/2023\/01\/notibras23.png","contentUrl":"https:\/\/www.notibras.com\/site\/wp-content\/uploads\/2023\/01\/notibras23.png","width":350,"height":87,"caption":"Grupo Notibras de Comunica\u00e7\u00e3o"},"image":{"@id":"https:\/\/www.notibras.com\/site\/#\/schema\/logo\/image\/"},"sameAs":["https:\/\/www.facebook.com\/notibras\/","https:\/\/x.com\/Notibras","https:\/\/www.instagram.com\/notibras\/"]},{"@type":"Person","@id":"https:\/\/www.notibras.com\/site\/#\/schema\/person\/36ab0979449956132d3e5b517ea76ac8","name":"Reda\u00e7\u00e3o","image":{"@type":"ImageObject","inLanguage":"pt-BR","@id":"https:\/\/secure.gravatar.com\/avatar\/e0a867bdedb85fd243eadf09663511f96fc81e0720a4a42581f334ad4303aa6b?s=96&d=mm&r=g","url":"https:\/\/secure.gravatar.com\/avatar\/e0a867bdedb85fd243eadf09663511f96fc81e0720a4a42581f334ad4303aa6b?s=96&d=mm&r=g","contentUrl":"https:\/\/secure.gravatar.com\/avatar\/e0a867bdedb85fd243eadf09663511f96fc81e0720a4a42581f334ad4303aa6b?s=96&d=mm&r=g","caption":"Reda\u00e7\u00e3o"}}]}},"amp_enabled":true,"_links":{"self":[{"href":"https:\/\/www.notibras.com\/site\/wp-json\/wp\/v2\/posts\/67116","targetHints":{"allow":["GET"]}}],"collection":[{"href":"https:\/\/www.notibras.com\/site\/wp-json\/wp\/v2\/posts"}],"about":[{"href":"https:\/\/www.notibras.com\/site\/wp-json\/wp\/v2\/types\/post"}],"author":[{"embeddable":true,"href":"https:\/\/www.notibras.com\/site\/wp-json\/wp\/v2\/users\/2"}],"replies":[{"embeddable":true,"href":"https:\/\/www.notibras.com\/site\/wp-json\/wp\/v2\/comments?post=67116"}],"version-history":[{"count":3,"href":"https:\/\/www.notibras.com\/site\/wp-json\/wp\/v2\/posts\/67116\/revisions"}],"predecessor-version":[{"id":67160,"href":"https:\/\/www.notibras.com\/site\/wp-json\/wp\/v2\/posts\/67116\/revisions\/67160"}],"wp:featuredmedia":[{"embeddable":true,"href":"https:\/\/www.notibras.com\/site\/wp-json\/wp\/v2\/media\/67117"}],"wp:attachment":[{"href":"https:\/\/www.notibras.com\/site\/wp-json\/wp\/v2\/media?parent=67116"}],"wp:term":[{"taxonomy":"category","embeddable":true,"href":"https:\/\/www.notibras.com\/site\/wp-json\/wp\/v2\/categories?post=67116"},{"taxonomy":"post_tag","embeddable":true,"href":"https:\/\/www.notibras.com\/site\/wp-json\/wp\/v2\/tags?post=67116"}],"curies":[{"name":"wp","href":"https:\/\/api.w.org\/{rel}","templated":true}]}}