{"id":67157,"date":"2015-09-10T21:17:50","date_gmt":"2015-09-11T00:17:50","guid":{"rendered":"http:\/\/www.notibras.com\/site\/?p=67157"},"modified":"2015-09-11T17:51:20","modified_gmt":"2015-09-11T20:51:20","slug":"dilma-fara-ouvido-de-surda-para-insistir-com-a-volta-da-cpmf","status":"publish","type":"post","link":"https:\/\/www.notibras.com\/site\/dilma-fara-ouvido-de-surda-para-insistir-com-a-volta-da-cpmf\/","title":{"rendered":"Dilma far\u00e1 ouvido de surda para insistir com a volta da CPMF"},"content":{"rendered":"<p>Mesmo com a rea\u00e7\u00e3o da sociedade brasileira &#8211; que surgiu com a for\u00e7a e rapidez de um tsunami &#8211; \u00e0 recria\u00e7\u00e3o da CPMF, chamada \u201cimposto do cheque\u201d, a presidente Dilma Rousseff ainda alimenta a ideia de ver aprovado o retorno desse tributo, extinto em 2007. A presidente tem declarado que o governo n\u00e3o tem mais como cortar gastos.<\/p>\n<p>Voltou a sustentar que, para equilibrar as contas de 2016, ser\u00e1 preciso encontrar novas fontes de receitas, ou seja, aumentar impostos. Com essas declara\u00e7\u00f5es ela est\u00e1 mirando no sentido do renascimento da CPMF. Surgiria com o nome de Contribui\u00e7\u00e3o Interfederativa da Sa\u00fade (CIS), com 0,38% incidente sobre todas as opera\u00e7\u00f5es banc\u00e1rias realizadas no Brasil. H\u00e1 previs\u00e3o que essa receita alcan\u00e7aria R$ 80 bilh\u00f5es por ano, que seria aplicada s\u00f3 na \u00e1rea da sa\u00fade e seria dividida entre Uni\u00e3o, Estados e Munic\u00edpios.<\/p>\n<p>Essa montanha de dinheiro seria suficiente para cobrir o d\u00e9ficit de R$ 30,5 bilh\u00f5es previsto na proposta do Or\u00e7amento da Uni\u00e3o para 2016. Representaria tamb\u00e9m uma grande ajuda aos governadores e prefeitos que est\u00e3o com a corda no pesco\u00e7o por falta de recursos financeiros.<\/p>\n<p>No Congresso n\u00e3o h\u00e1 d\u00favidas de que a presidente Dilma mandou a proposta or\u00e7ament\u00e1ria deficit\u00e1ria como estrat\u00e9gia, visando pressionar os deputados e senadores a revisarem suas posi\u00e7\u00f5es contr\u00e1rias \u00e0 volta da CPMF. Acreditou que eles poderiam mudar de opini\u00e3o por for\u00e7a da press\u00e3o que, fatalmente, seria exercida pelos governadores e prefeitos, hoje t\u00e3o carentes de recursos.<\/p>\n<p>N\u00e3o alcan\u00e7ando o almejado retorno da CPMF, a equipe econ\u00f4mica trabalha na dire\u00e7\u00e3o de um plano B. Seria a cria\u00e7\u00e3o de um imposto transit\u00f3rio com dura\u00e7\u00e3o de dois anos para cobrir o rombo nas contas p\u00fablicas, permitindo o Brasil alcan\u00e7ar super\u00e1vit prim\u00e1rio que corresponda a 0,7% do PIB, em 2016. E evitar tamb\u00e9m que o pa\u00eds perca o grau de investimento concedido pelas ag\u00eancias de classifica\u00e7\u00e3o de risco. Isso ela n\u00e3o conseguiu evitar.<\/p>\n<p>Um grupo forte de parlamentares, contudo, afirma e sustenta que a sociedade n\u00e3o tem como arcar com mais impostos. Hoje a carga tribut\u00e1ria se aproxima de 40% do Produto Interno Bruto (PIB) e a popula\u00e7\u00e3o continua n\u00e3o recebendo ou recebendo em troca servi\u00e7os p\u00fablicos de sa\u00fade, educa\u00e7\u00e3o e seguran\u00e7a p\u00fablica de p\u00e9ssima qualidade. Caos.<\/p>\n","protected":false},"excerpt":{"rendered":"<p>Mesmo com a rea\u00e7\u00e3o da sociedade brasileira &#8211; que surgiu com a for\u00e7a e rapidez de um tsunami &#8211; \u00e0 recria\u00e7\u00e3o da CPMF, chamada \u201cimposto do cheque\u201d, a presidente Dilma Rousseff ainda alimenta a ideia de ver aprovado o retorno desse tributo, extinto em 2007. A presidente tem declarado que o governo n\u00e3o tem mais [&hellip;]<\/p>\n","protected":false},"author":2,"featured_media":67158,"comment_status":"open","ping_status":"closed","sticky":false,"template":"","format":"standard","meta":{"_acf_changed":false,"footnotes":""},"categories":[42],"tags":[],"class_list":["post-67157","post","type-post","status-publish","format-standard","has-post-thumbnail","hentry","category-coletti"],"acf":[],"yoast_head":"<!-- This site is optimized with the Yoast SEO plugin v27.2 - https:\/\/yoast.com\/product\/yoast-seo-wordpress\/ -->\n<title>Dilma far\u00e1 ouvido de surda para insistir com a volta da CPMF - Notibras<\/title>\n<meta name=\"robots\" content=\"index, follow, max-snippet:-1, max-image-preview:large, max-video-preview:-1\" \/>\n<link rel=\"canonical\" href=\"https:\/\/www.notibras.com\/site\/dilma-fara-ouvido-de-surda-para-insistir-com-a-volta-da-cpmf\/\" \/>\n<meta property=\"og:locale\" content=\"pt_BR\" \/>\n<meta property=\"og:type\" content=\"article\" \/>\n<meta property=\"og:title\" content=\"Dilma far\u00e1 ouvido de surda para insistir com a volta da CPMF - Notibras\" \/>\n<meta property=\"og:description\" content=\"Mesmo com a rea\u00e7\u00e3o da sociedade brasileira &#8211; que surgiu com a for\u00e7a e rapidez de um tsunami &#8211; \u00e0 recria\u00e7\u00e3o da CPMF, chamada \u201cimposto do cheque\u201d, a presidente Dilma Rousseff ainda alimenta a ideia de ver aprovado o retorno desse tributo, extinto em 2007. A presidente tem declarado que o governo n\u00e3o tem mais [&hellip;]\" \/>\n<meta property=\"og:url\" content=\"https:\/\/www.notibras.com\/site\/dilma-fara-ouvido-de-surda-para-insistir-com-a-volta-da-cpmf\/\" \/>\n<meta property=\"og:site_name\" content=\"Notibras\" \/>\n<meta property=\"article:publisher\" content=\"https:\/\/www.facebook.com\/notibras\/\" \/>\n<meta property=\"article:published_time\" content=\"2015-09-11T00:17:50+00:00\" \/>\n<meta property=\"article:modified_time\" content=\"2015-09-11T20:51:20+00:00\" \/>\n<meta property=\"og:image\" content=\"https:\/\/www.notibras.com\/site\/wp-content\/uploads\/2015\/09\/size_810_16_9_dilma-rousseff.jpg\" \/>\n\t<meta property=\"og:image:width\" content=\"810\" \/>\n\t<meta property=\"og:image:height\" content=\"456\" \/>\n\t<meta property=\"og:image:type\" content=\"image\/jpeg\" \/>\n<meta name=\"author\" content=\"Reda\u00e7\u00e3o\" \/>\n<meta name=\"twitter:card\" content=\"summary_large_image\" \/>\n<meta name=\"twitter:creator\" content=\"@Notibras\" \/>\n<meta name=\"twitter:site\" content=\"@Notibras\" \/>\n<meta name=\"twitter:label1\" content=\"Escrito por\" \/>\n\t<meta name=\"twitter:data1\" content=\"Reda\u00e7\u00e3o\" \/>\n\t<meta name=\"twitter:label2\" content=\"Est. tempo de leitura\" \/>\n\t<meta name=\"twitter:data2\" content=\"2 minutos\" \/>\n<script type=\"application\/ld+json\" class=\"yoast-schema-graph\">{\"@context\":\"https:\/\/schema.org\",\"@graph\":[{\"@type\":\"Article\",\"@id\":\"https:\/\/www.notibras.com\/site\/dilma-fara-ouvido-de-surda-para-insistir-com-a-volta-da-cpmf\/#article\",\"isPartOf\":{\"@id\":\"https:\/\/www.notibras.com\/site\/dilma-fara-ouvido-de-surda-para-insistir-com-a-volta-da-cpmf\/\"},\"author\":{\"name\":\"Reda\u00e7\u00e3o\",\"@id\":\"https:\/\/www.notibras.com\/site\/#\/schema\/person\/36ab0979449956132d3e5b517ea76ac8\"},\"headline\":\"Dilma far\u00e1 ouvido de surda para insistir com a volta da CPMF\",\"datePublished\":\"2015-09-11T00:17:50+00:00\",\"dateModified\":\"2015-09-11T20:51:20+00:00\",\"mainEntityOfPage\":{\"@id\":\"https:\/\/www.notibras.com\/site\/dilma-fara-ouvido-de-surda-para-insistir-com-a-volta-da-cpmf\/\"},\"wordCount\":428,\"commentCount\":0,\"publisher\":{\"@id\":\"https:\/\/www.notibras.com\/site\/#organization\"},\"image\":{\"@id\":\"https:\/\/www.notibras.com\/site\/dilma-fara-ouvido-de-surda-para-insistir-com-a-volta-da-cpmf\/#primaryimage\"},\"thumbnailUrl\":\"https:\/\/www.notibras.com\/site\/wp-content\/uploads\/2015\/09\/size_810_16_9_dilma-rousseff.jpg\",\"articleSection\":[\"Cl\u00e1udio Coletti\"],\"inLanguage\":\"pt-BR\",\"potentialAction\":[{\"@type\":\"CommentAction\",\"name\":\"Comment\",\"target\":[\"https:\/\/www.notibras.com\/site\/dilma-fara-ouvido-de-surda-para-insistir-com-a-volta-da-cpmf\/#respond\"]}]},{\"@type\":\"WebPage\",\"@id\":\"https:\/\/www.notibras.com\/site\/dilma-fara-ouvido-de-surda-para-insistir-com-a-volta-da-cpmf\/\",\"url\":\"https:\/\/www.notibras.com\/site\/dilma-fara-ouvido-de-surda-para-insistir-com-a-volta-da-cpmf\/\",\"name\":\"Dilma far\u00e1 ouvido de surda para insistir com a volta da CPMF - Notibras\",\"isPartOf\":{\"@id\":\"https:\/\/www.notibras.com\/site\/#website\"},\"primaryImageOfPage\":{\"@id\":\"https:\/\/www.notibras.com\/site\/dilma-fara-ouvido-de-surda-para-insistir-com-a-volta-da-cpmf\/#primaryimage\"},\"image\":{\"@id\":\"https:\/\/www.notibras.com\/site\/dilma-fara-ouvido-de-surda-para-insistir-com-a-volta-da-cpmf\/#primaryimage\"},\"thumbnailUrl\":\"https:\/\/www.notibras.com\/site\/wp-content\/uploads\/2015\/09\/size_810_16_9_dilma-rousseff.jpg\",\"datePublished\":\"2015-09-11T00:17:50+00:00\",\"dateModified\":\"2015-09-11T20:51:20+00:00\",\"breadcrumb\":{\"@id\":\"https:\/\/www.notibras.com\/site\/dilma-fara-ouvido-de-surda-para-insistir-com-a-volta-da-cpmf\/#breadcrumb\"},\"inLanguage\":\"pt-BR\",\"potentialAction\":[{\"@type\":\"ReadAction\",\"target\":[\"https:\/\/www.notibras.com\/site\/dilma-fara-ouvido-de-surda-para-insistir-com-a-volta-da-cpmf\/\"]}]},{\"@type\":\"ImageObject\",\"inLanguage\":\"pt-BR\",\"@id\":\"https:\/\/www.notibras.com\/site\/dilma-fara-ouvido-de-surda-para-insistir-com-a-volta-da-cpmf\/#primaryimage\",\"url\":\"https:\/\/www.notibras.com\/site\/wp-content\/uploads\/2015\/09\/size_810_16_9_dilma-rousseff.jpg\",\"contentUrl\":\"https:\/\/www.notibras.com\/site\/wp-content\/uploads\/2015\/09\/size_810_16_9_dilma-rousseff.jpg\",\"width\":810,\"height\":456},{\"@type\":\"BreadcrumbList\",\"@id\":\"https:\/\/www.notibras.com\/site\/dilma-fara-ouvido-de-surda-para-insistir-com-a-volta-da-cpmf\/#breadcrumb\",\"itemListElement\":[{\"@type\":\"ListItem\",\"position\":1,\"name\":\"In\u00edcio\",\"item\":\"https:\/\/www.notibras.com\/site\/\"},{\"@type\":\"ListItem\",\"position\":2,\"name\":\"Dilma far\u00e1 ouvido de surda para insistir com a volta da CPMF\"}]},{\"@type\":\"WebSite\",\"@id\":\"https:\/\/www.notibras.com\/site\/#website\",\"url\":\"https:\/\/www.notibras.com\/site\/\",\"name\":\"Notibras\",\"description\":\"Not\u00edcias de Bras\u00edlia, do Brasil e do Mundo\",\"publisher\":{\"@id\":\"https:\/\/www.notibras.com\/site\/#organization\"},\"potentialAction\":[{\"@type\":\"SearchAction\",\"target\":{\"@type\":\"EntryPoint\",\"urlTemplate\":\"https:\/\/www.notibras.com\/site\/?s={search_term_string}\"},\"query-input\":{\"@type\":\"PropertyValueSpecification\",\"valueRequired\":true,\"valueName\":\"search_term_string\"}}],\"inLanguage\":\"pt-BR\"},{\"@type\":\"Organization\",\"@id\":\"https:\/\/www.notibras.com\/site\/#organization\",\"name\":\"Grupo Notibras de Comunica\u00e7\u00e3o\",\"url\":\"https:\/\/www.notibras.com\/site\/\",\"logo\":{\"@type\":\"ImageObject\",\"inLanguage\":\"pt-BR\",\"@id\":\"https:\/\/www.notibras.com\/site\/#\/schema\/logo\/image\/\",\"url\":\"https:\/\/www.notibras.com\/site\/wp-content\/uploads\/2023\/01\/notibras23.png\",\"contentUrl\":\"https:\/\/www.notibras.com\/site\/wp-content\/uploads\/2023\/01\/notibras23.png\",\"width\":350,\"height\":87,\"caption\":\"Grupo Notibras de Comunica\u00e7\u00e3o\"},\"image\":{\"@id\":\"https:\/\/www.notibras.com\/site\/#\/schema\/logo\/image\/\"},\"sameAs\":[\"https:\/\/www.facebook.com\/notibras\/\",\"https:\/\/x.com\/Notibras\",\"https:\/\/www.instagram.com\/notibras\/\"]},{\"@type\":\"Person\",\"@id\":\"https:\/\/www.notibras.com\/site\/#\/schema\/person\/36ab0979449956132d3e5b517ea76ac8\",\"name\":\"Reda\u00e7\u00e3o\",\"image\":{\"@type\":\"ImageObject\",\"inLanguage\":\"pt-BR\",\"@id\":\"https:\/\/secure.gravatar.com\/avatar\/e0a867bdedb85fd243eadf09663511f96fc81e0720a4a42581f334ad4303aa6b?s=96&d=mm&r=g\",\"url\":\"https:\/\/secure.gravatar.com\/avatar\/e0a867bdedb85fd243eadf09663511f96fc81e0720a4a42581f334ad4303aa6b?s=96&d=mm&r=g\",\"contentUrl\":\"https:\/\/secure.gravatar.com\/avatar\/e0a867bdedb85fd243eadf09663511f96fc81e0720a4a42581f334ad4303aa6b?s=96&d=mm&r=g\",\"caption\":\"Reda\u00e7\u00e3o\"}}]}<\/script>\n<!-- \/ Yoast SEO plugin. -->","yoast_head_json":{"title":"Dilma far\u00e1 ouvido de surda para insistir com a volta da CPMF - Notibras","robots":{"index":"index","follow":"follow","max-snippet":"max-snippet:-1","max-image-preview":"max-image-preview:large","max-video-preview":"max-video-preview:-1"},"canonical":"https:\/\/www.notibras.com\/site\/dilma-fara-ouvido-de-surda-para-insistir-com-a-volta-da-cpmf\/","og_locale":"pt_BR","og_type":"article","og_title":"Dilma far\u00e1 ouvido de surda para insistir com a volta da CPMF - Notibras","og_description":"Mesmo com a rea\u00e7\u00e3o da sociedade brasileira &#8211; que surgiu com a for\u00e7a e rapidez de um tsunami &#8211; \u00e0 recria\u00e7\u00e3o da CPMF, chamada \u201cimposto do cheque\u201d, a presidente Dilma Rousseff ainda alimenta a ideia de ver aprovado o retorno desse tributo, extinto em 2007. A presidente tem declarado que o governo n\u00e3o tem mais [&hellip;]","og_url":"https:\/\/www.notibras.com\/site\/dilma-fara-ouvido-de-surda-para-insistir-com-a-volta-da-cpmf\/","og_site_name":"Notibras","article_publisher":"https:\/\/www.facebook.com\/notibras\/","article_published_time":"2015-09-11T00:17:50+00:00","article_modified_time":"2015-09-11T20:51:20+00:00","og_image":[{"width":810,"height":456,"url":"https:\/\/www.notibras.com\/site\/wp-content\/uploads\/2015\/09\/size_810_16_9_dilma-rousseff.jpg","type":"image\/jpeg"}],"author":"Reda\u00e7\u00e3o","twitter_card":"summary_large_image","twitter_creator":"@Notibras","twitter_site":"@Notibras","twitter_misc":{"Escrito por":"Reda\u00e7\u00e3o","Est. tempo de leitura":"2 minutos"},"schema":{"@context":"https:\/\/schema.org","@graph":[{"@type":"Article","@id":"https:\/\/www.notibras.com\/site\/dilma-fara-ouvido-de-surda-para-insistir-com-a-volta-da-cpmf\/#article","isPartOf":{"@id":"https:\/\/www.notibras.com\/site\/dilma-fara-ouvido-de-surda-para-insistir-com-a-volta-da-cpmf\/"},"author":{"name":"Reda\u00e7\u00e3o","@id":"https:\/\/www.notibras.com\/site\/#\/schema\/person\/36ab0979449956132d3e5b517ea76ac8"},"headline":"Dilma far\u00e1 ouvido de surda para insistir com a volta da CPMF","datePublished":"2015-09-11T00:17:50+00:00","dateModified":"2015-09-11T20:51:20+00:00","mainEntityOfPage":{"@id":"https:\/\/www.notibras.com\/site\/dilma-fara-ouvido-de-surda-para-insistir-com-a-volta-da-cpmf\/"},"wordCount":428,"commentCount":0,"publisher":{"@id":"https:\/\/www.notibras.com\/site\/#organization"},"image":{"@id":"https:\/\/www.notibras.com\/site\/dilma-fara-ouvido-de-surda-para-insistir-com-a-volta-da-cpmf\/#primaryimage"},"thumbnailUrl":"https:\/\/www.notibras.com\/site\/wp-content\/uploads\/2015\/09\/size_810_16_9_dilma-rousseff.jpg","articleSection":["Cl\u00e1udio Coletti"],"inLanguage":"pt-BR","potentialAction":[{"@type":"CommentAction","name":"Comment","target":["https:\/\/www.notibras.com\/site\/dilma-fara-ouvido-de-surda-para-insistir-com-a-volta-da-cpmf\/#respond"]}]},{"@type":"WebPage","@id":"https:\/\/www.notibras.com\/site\/dilma-fara-ouvido-de-surda-para-insistir-com-a-volta-da-cpmf\/","url":"https:\/\/www.notibras.com\/site\/dilma-fara-ouvido-de-surda-para-insistir-com-a-volta-da-cpmf\/","name":"Dilma far\u00e1 ouvido de surda para insistir com a volta da CPMF - Notibras","isPartOf":{"@id":"https:\/\/www.notibras.com\/site\/#website"},"primaryImageOfPage":{"@id":"https:\/\/www.notibras.com\/site\/dilma-fara-ouvido-de-surda-para-insistir-com-a-volta-da-cpmf\/#primaryimage"},"image":{"@id":"https:\/\/www.notibras.com\/site\/dilma-fara-ouvido-de-surda-para-insistir-com-a-volta-da-cpmf\/#primaryimage"},"thumbnailUrl":"https:\/\/www.notibras.com\/site\/wp-content\/uploads\/2015\/09\/size_810_16_9_dilma-rousseff.jpg","datePublished":"2015-09-11T00:17:50+00:00","dateModified":"2015-09-11T20:51:20+00:00","breadcrumb":{"@id":"https:\/\/www.notibras.com\/site\/dilma-fara-ouvido-de-surda-para-insistir-com-a-volta-da-cpmf\/#breadcrumb"},"inLanguage":"pt-BR","potentialAction":[{"@type":"ReadAction","target":["https:\/\/www.notibras.com\/site\/dilma-fara-ouvido-de-surda-para-insistir-com-a-volta-da-cpmf\/"]}]},{"@type":"ImageObject","inLanguage":"pt-BR","@id":"https:\/\/www.notibras.com\/site\/dilma-fara-ouvido-de-surda-para-insistir-com-a-volta-da-cpmf\/#primaryimage","url":"https:\/\/www.notibras.com\/site\/wp-content\/uploads\/2015\/09\/size_810_16_9_dilma-rousseff.jpg","contentUrl":"https:\/\/www.notibras.com\/site\/wp-content\/uploads\/2015\/09\/size_810_16_9_dilma-rousseff.jpg","width":810,"height":456},{"@type":"BreadcrumbList","@id":"https:\/\/www.notibras.com\/site\/dilma-fara-ouvido-de-surda-para-insistir-com-a-volta-da-cpmf\/#breadcrumb","itemListElement":[{"@type":"ListItem","position":1,"name":"In\u00edcio","item":"https:\/\/www.notibras.com\/site\/"},{"@type":"ListItem","position":2,"name":"Dilma far\u00e1 ouvido de surda para insistir com a volta da CPMF"}]},{"@type":"WebSite","@id":"https:\/\/www.notibras.com\/site\/#website","url":"https:\/\/www.notibras.com\/site\/","name":"Notibras","description":"Not\u00edcias de Bras\u00edlia, do Brasil e do Mundo","publisher":{"@id":"https:\/\/www.notibras.com\/site\/#organization"},"potentialAction":[{"@type":"SearchAction","target":{"@type":"EntryPoint","urlTemplate":"https:\/\/www.notibras.com\/site\/?s={search_term_string}"},"query-input":{"@type":"PropertyValueSpecification","valueRequired":true,"valueName":"search_term_string"}}],"inLanguage":"pt-BR"},{"@type":"Organization","@id":"https:\/\/www.notibras.com\/site\/#organization","name":"Grupo Notibras de Comunica\u00e7\u00e3o","url":"https:\/\/www.notibras.com\/site\/","logo":{"@type":"ImageObject","inLanguage":"pt-BR","@id":"https:\/\/www.notibras.com\/site\/#\/schema\/logo\/image\/","url":"https:\/\/www.notibras.com\/site\/wp-content\/uploads\/2023\/01\/notibras23.png","contentUrl":"https:\/\/www.notibras.com\/site\/wp-content\/uploads\/2023\/01\/notibras23.png","width":350,"height":87,"caption":"Grupo Notibras de Comunica\u00e7\u00e3o"},"image":{"@id":"https:\/\/www.notibras.com\/site\/#\/schema\/logo\/image\/"},"sameAs":["https:\/\/www.facebook.com\/notibras\/","https:\/\/x.com\/Notibras","https:\/\/www.instagram.com\/notibras\/"]},{"@type":"Person","@id":"https:\/\/www.notibras.com\/site\/#\/schema\/person\/36ab0979449956132d3e5b517ea76ac8","name":"Reda\u00e7\u00e3o","image":{"@type":"ImageObject","inLanguage":"pt-BR","@id":"https:\/\/secure.gravatar.com\/avatar\/e0a867bdedb85fd243eadf09663511f96fc81e0720a4a42581f334ad4303aa6b?s=96&d=mm&r=g","url":"https:\/\/secure.gravatar.com\/avatar\/e0a867bdedb85fd243eadf09663511f96fc81e0720a4a42581f334ad4303aa6b?s=96&d=mm&r=g","contentUrl":"https:\/\/secure.gravatar.com\/avatar\/e0a867bdedb85fd243eadf09663511f96fc81e0720a4a42581f334ad4303aa6b?s=96&d=mm&r=g","caption":"Reda\u00e7\u00e3o"}}]}},"amp_enabled":true,"_links":{"self":[{"href":"https:\/\/www.notibras.com\/site\/wp-json\/wp\/v2\/posts\/67157","targetHints":{"allow":["GET"]}}],"collection":[{"href":"https:\/\/www.notibras.com\/site\/wp-json\/wp\/v2\/posts"}],"about":[{"href":"https:\/\/www.notibras.com\/site\/wp-json\/wp\/v2\/types\/post"}],"author":[{"embeddable":true,"href":"https:\/\/www.notibras.com\/site\/wp-json\/wp\/v2\/users\/2"}],"replies":[{"embeddable":true,"href":"https:\/\/www.notibras.com\/site\/wp-json\/wp\/v2\/comments?post=67157"}],"version-history":[{"count":1,"href":"https:\/\/www.notibras.com\/site\/wp-json\/wp\/v2\/posts\/67157\/revisions"}],"predecessor-version":[{"id":67159,"href":"https:\/\/www.notibras.com\/site\/wp-json\/wp\/v2\/posts\/67157\/revisions\/67159"}],"wp:featuredmedia":[{"embeddable":true,"href":"https:\/\/www.notibras.com\/site\/wp-json\/wp\/v2\/media\/67158"}],"wp:attachment":[{"href":"https:\/\/www.notibras.com\/site\/wp-json\/wp\/v2\/media?parent=67157"}],"wp:term":[{"taxonomy":"category","embeddable":true,"href":"https:\/\/www.notibras.com\/site\/wp-json\/wp\/v2\/categories?post=67157"},{"taxonomy":"post_tag","embeddable":true,"href":"https:\/\/www.notibras.com\/site\/wp-json\/wp\/v2\/tags?post=67157"}],"curies":[{"name":"wp","href":"https:\/\/api.w.org\/{rel}","templated":true}]}}