{"id":67171,"date":"2015-09-10T20:36:04","date_gmt":"2015-09-10T23:36:04","guid":{"rendered":"http:\/\/www.notibras.com\/site\/?p=67171"},"modified":"2015-09-11T06:17:32","modified_gmt":"2015-09-11T09:17:32","slug":"joinville-e-chapecoense-fazem-jogo-sem-emocao-que-acaba-do-jeito-que-comecou","status":"publish","type":"post","link":"https:\/\/www.notibras.com\/site\/joinville-e-chapecoense-fazem-jogo-sem-emocao-que-acaba-do-jeito-que-comecou\/","title":{"rendered":"Joinville e Chapecoense fazem jogo sem emo\u00e7\u00e3o que acaba do jeito que come\u00e7ou"},"content":{"rendered":"<p><input id=\"csi\" type=\"hidden\" \/><\/p>\n<div id=\"adunit\">\n<div id=\"ads\">\n<p>Joinville e Chapecoense tiveram um dia a mais para se prepararem para o duelo, antes marcado para quarta, mas adiado para a noite desta quinta-feira devido ao mau tempo em Joinville. O tempo extra, no entanto, n\u00e3o pareceu surtir efeito. As duas equipes fizeram um duelo de pouqu\u00edssimas emo\u00e7\u00f5es na casa do Joinville, e ficaram no zero.<\/p>\n<p>O primeiro tempo at\u00e9 que apresentou alguns lances de efeito, especialmente na reta final, com as bolas paradas de Marcelinho Para\u00edba. A Chape tamb\u00e9m teve chances, mas falhava na hora de finalizar.<\/p>\n<p>O resultado n\u00e3o foi t\u00e3o insatisfat\u00f3rio para o time alviverde, que se mant\u00e9m na 12\u00aa coloca\u00e7\u00e3o na tabela do Brasileiro, com 30 pontos. J\u00e1 para o Joinville, o empate \u00e9 extremamente frustrante para os planos da equipe do norte de Santa Catarina, que segue em 19\u00ba, com 22 pontos.<\/p>\n<p>Na pr\u00f3xima rodada, o Tricolor ter\u00e1 parada dura pela frente, contra o l\u00edder Corinthians em S\u00e3o Paulo. O jogo est\u00e1 marcado para as 11h (de Bras\u00edlia) de domingo. A Chape tamb\u00e9m volta a campo no domingo, mais tarde, \u00e0s 16h, contra o embalado Flamengo na Arena Cond\u00e1.<\/p>\n<p>Antes da bola rolar, o t\u00e9cnico PC Gusm\u00e3o decidiu surpreender na escala\u00e7\u00e3o do JEC, colocando William Henrique e Fernando Rangel, que reestreou com a camisa tricolor, no comando de ataque ao lado de Edigar Junio. Na lateral esquerda, o treinador colocou o meia Juninho improvisado. Do lado da Chape, Vin\u00edcius Eutr\u00f3pio decidiu pela entrada de Camilo no lugar de Ananias, com Bruno Rangel e Tiago Luis, ex-JEC, como dupla de frente.<\/p>\n<p>A partida come\u00e7ou equilibrada, e logo aos quatro minutos os torcedores tomaram um susto quando Rafael Lima e Fernando Viana dividiram de cabe\u00e7a pelo alto e foram ao ch\u00e3o. Felizmente, nada grave aconteceu aos jogadores.<\/p>\n<p>As duas equipes se revezavam no ataque, mas n\u00e3o conseguiam finalizar. A Chape teve uma boa chance aos 10 minutos. Camilo fez boa jogada na direita da \u00e1rea e ajeitou para Bruno Silva chegar batendo. No momento de bater, por\u00e9m, o volante pegou bisonhamente mal na bola, que quase nem se mexeu.<\/p>\n<p>Tr\u00eas minutos depois, foi a vez de Tiago Luis bater falta perigosa na entrada da \u00e1rea com muita for\u00e7a, por cima do gol de Agenor. O atacante, que deixou o JEC no in\u00edcio do Brasileiro, era muito vaiado pela torcida tricolor a cada toque na bola.<\/p>\n<p>O Joinville travava uma disputa de igual para igual pela posse de bola, mas n\u00e3o conseguia arriscar a gol. At\u00e9 que, aos 19 minutos, Edigar Junio recebeu na intermedi\u00e1ria, ajeitou e bateu forte, buscando o \u00e2ngulo de Danilo. A bola passou muito perto e animou a torcida da casa.<\/p>\n<p>Preocupado com a fragilidade da marca\u00e7\u00e3o no meio-campo, PC Gusm\u00e3o decidiu promover uma mudan\u00e7a no JEC antes mesmo do intervalo: saiu o atacante William Henrique, entrou o volante Fabr\u00edcio.<\/p>\n<p>A troca, por\u00e9m, n\u00e3o mudou o quadro da partida, e a Chape crescia cada vez mais. Aos 34, Camilo aproveitou chut\u00e3o de Rafael Lima, invadiu a \u00e1rea, mas foi travado bem na hora do chute pelo lateral M\u00e1rio S\u00e9rgio.<\/p>\n<p>Aos 41, mais uma chance para o Verd\u00e3o. Dener avan\u00e7ou pela esquerda e cruzou para Bruno Rangel. O atacante dominou e, de perna esquerda, fez feio, pegando torto na bola e mandando longe do gol.<\/p>\n<p>Nos minutos finais do primeiro tempo, o Joinville ensaiou uma press\u00e3o em duas bolas paradas do p\u00e9 de Marcelinho Para\u00edba. Por\u00e9m, o goleiro Danilo foi bem e neutralizou as tentativas. No \u00faltimo lance antes do apito, Para\u00edba ainda tentou outra vez ap\u00f3s cruzamento na \u00e1rea, mas mandou para fora.<\/p>\n<p>O JEC voltou com ritmo intenso na etapa final. Aos dois minutos, Marcelinho Para\u00edba aproveitou erro de passe de Camilo na defesa, mas arriscou muito mal de fora da \u00e1rea, mandando para fora.<\/p>\n<p>No minuto seguinte, foi a vez de Fernando Viana fazer boa jogada pela direita e cruzar na \u00e1rea. Livre de marca\u00e7\u00e3o no segundo pau, Edigar Junio subiu, mas errou a cabe\u00e7ada e desperdi\u00e7ou a boa oportunidade.<\/p>\n<p>Depois disso, pouqu\u00edssimas emo\u00e7\u00f5es e lances de perigo movimentaram o cl\u00e1ssico catarinense na Arena Joinville. O JEC precisava desesperadamente da vit\u00f3ria, mas demonstrava muita cautela para atacar. Do outro lado, a Chape se mostrava satisfeita com o empate.<\/p>\n<p>Sem grande press\u00e3o pelo resultado, o Verd\u00e3o tentou aos 33. Dener fez bonita jogada na ponta esquerda e cruzou para Camilo, que dominou e chutar por cima. Pouco depois, Ananias chegou tamb\u00e9m pela esquerda, cruzou na \u00e1rea, mas Agenor cortou antes da finaliza\u00e7\u00e3o.<\/p>\n<\/div>\n<\/div>\n","protected":false},"excerpt":{"rendered":"<p>Joinville e Chapecoense tiveram um dia a mais para se prepararem para o duelo, antes marcado para quarta, mas adiado para a noite desta quinta-feira devido ao mau tempo em Joinville. O tempo extra, no entanto, n\u00e3o pareceu surtir efeito. As duas equipes fizeram um duelo de pouqu\u00edssimas emo\u00e7\u00f5es na casa do Joinville, e ficaram [&hellip;]<\/p>\n","protected":false},"author":2,"featured_media":67173,"comment_status":"open","ping_status":"closed","sticky":false,"template":"","format":"standard","meta":{"_acf_changed":false,"footnotes":""},"categories":[29],"tags":[],"class_list":["post-67171","post","type-post","status-publish","format-standard","has-post-thumbnail","hentry","category-futebol"],"acf":[],"yoast_head":"<!-- This site is optimized with the Yoast SEO plugin v27.2 - https:\/\/yoast.com\/product\/yoast-seo-wordpress\/ -->\n<title>Joinville e Chapecoense fazem jogo sem emo\u00e7\u00e3o que acaba do jeito que come\u00e7ou - Notibras<\/title>\n<meta name=\"robots\" content=\"index, follow, max-snippet:-1, max-image-preview:large, max-video-preview:-1\" \/>\n<link rel=\"canonical\" href=\"https:\/\/www.notibras.com\/site\/joinville-e-chapecoense-fazem-jogo-sem-emocao-que-acaba-do-jeito-que-comecou\/\" \/>\n<meta property=\"og:locale\" content=\"pt_BR\" \/>\n<meta property=\"og:type\" content=\"article\" \/>\n<meta property=\"og:title\" content=\"Joinville e Chapecoense fazem jogo sem emo\u00e7\u00e3o que acaba do jeito que come\u00e7ou - Notibras\" \/>\n<meta property=\"og:description\" content=\"Joinville e Chapecoense tiveram um dia a mais para se prepararem para o duelo, antes marcado para quarta, mas adiado para a noite desta quinta-feira devido ao mau tempo em Joinville. O tempo extra, no entanto, n\u00e3o pareceu surtir efeito. As duas equipes fizeram um duelo de pouqu\u00edssimas emo\u00e7\u00f5es na casa do Joinville, e ficaram [&hellip;]\" \/>\n<meta property=\"og:url\" content=\"https:\/\/www.notibras.com\/site\/joinville-e-chapecoense-fazem-jogo-sem-emocao-que-acaba-do-jeito-que-comecou\/\" \/>\n<meta property=\"og:site_name\" content=\"Notibras\" \/>\n<meta property=\"article:publisher\" content=\"https:\/\/www.facebook.com\/notibras\/\" \/>\n<meta property=\"article:published_time\" content=\"2015-09-10T23:36:04+00:00\" \/>\n<meta property=\"article:modified_time\" content=\"2015-09-11T09:17:32+00:00\" \/>\n<meta property=\"og:image\" content=\"https:\/\/www.notibras.com\/site\/wp-content\/uploads\/2015\/09\/joinvillechapecoensefuturapress.jpg\" \/>\n\t<meta property=\"og:image:width\" content=\"940\" \/>\n\t<meta property=\"og:image:height\" content=\"627\" \/>\n\t<meta property=\"og:image:type\" content=\"image\/jpeg\" \/>\n<meta name=\"author\" content=\"Reda\u00e7\u00e3o\" \/>\n<meta name=\"twitter:card\" content=\"summary_large_image\" \/>\n<meta name=\"twitter:creator\" content=\"@Notibras\" \/>\n<meta name=\"twitter:site\" content=\"@Notibras\" \/>\n<meta name=\"twitter:label1\" content=\"Escrito por\" \/>\n\t<meta name=\"twitter:data1\" content=\"Reda\u00e7\u00e3o\" \/>\n\t<meta name=\"twitter:label2\" content=\"Est. tempo de leitura\" \/>\n\t<meta name=\"twitter:data2\" content=\"4 minutos\" \/>\n<script type=\"application\/ld+json\" class=\"yoast-schema-graph\">{\"@context\":\"https:\/\/schema.org\",\"@graph\":[{\"@type\":\"Article\",\"@id\":\"https:\/\/www.notibras.com\/site\/joinville-e-chapecoense-fazem-jogo-sem-emocao-que-acaba-do-jeito-que-comecou\/#article\",\"isPartOf\":{\"@id\":\"https:\/\/www.notibras.com\/site\/joinville-e-chapecoense-fazem-jogo-sem-emocao-que-acaba-do-jeito-que-comecou\/\"},\"author\":{\"name\":\"Reda\u00e7\u00e3o\",\"@id\":\"https:\/\/www.notibras.com\/site\/#\/schema\/person\/36ab0979449956132d3e5b517ea76ac8\"},\"headline\":\"Joinville e Chapecoense fazem jogo sem emo\u00e7\u00e3o que acaba do jeito que come\u00e7ou\",\"datePublished\":\"2015-09-10T23:36:04+00:00\",\"dateModified\":\"2015-09-11T09:17:32+00:00\",\"mainEntityOfPage\":{\"@id\":\"https:\/\/www.notibras.com\/site\/joinville-e-chapecoense-fazem-jogo-sem-emocao-que-acaba-do-jeito-que-comecou\/\"},\"wordCount\":803,\"commentCount\":0,\"publisher\":{\"@id\":\"https:\/\/www.notibras.com\/site\/#organization\"},\"image\":{\"@id\":\"https:\/\/www.notibras.com\/site\/joinville-e-chapecoense-fazem-jogo-sem-emocao-que-acaba-do-jeito-que-comecou\/#primaryimage\"},\"thumbnailUrl\":\"https:\/\/www.notibras.com\/site\/wp-content\/uploads\/2015\/09\/joinvillechapecoensefuturapress.jpg\",\"articleSection\":[\"Futebol\"],\"inLanguage\":\"pt-BR\",\"potentialAction\":[{\"@type\":\"CommentAction\",\"name\":\"Comment\",\"target\":[\"https:\/\/www.notibras.com\/site\/joinville-e-chapecoense-fazem-jogo-sem-emocao-que-acaba-do-jeito-que-comecou\/#respond\"]}]},{\"@type\":\"WebPage\",\"@id\":\"https:\/\/www.notibras.com\/site\/joinville-e-chapecoense-fazem-jogo-sem-emocao-que-acaba-do-jeito-que-comecou\/\",\"url\":\"https:\/\/www.notibras.com\/site\/joinville-e-chapecoense-fazem-jogo-sem-emocao-que-acaba-do-jeito-que-comecou\/\",\"name\":\"Joinville e Chapecoense fazem jogo sem emo\u00e7\u00e3o que acaba do jeito que come\u00e7ou - Notibras\",\"isPartOf\":{\"@id\":\"https:\/\/www.notibras.com\/site\/#website\"},\"primaryImageOfPage\":{\"@id\":\"https:\/\/www.notibras.com\/site\/joinville-e-chapecoense-fazem-jogo-sem-emocao-que-acaba-do-jeito-que-comecou\/#primaryimage\"},\"image\":{\"@id\":\"https:\/\/www.notibras.com\/site\/joinville-e-chapecoense-fazem-jogo-sem-emocao-que-acaba-do-jeito-que-comecou\/#primaryimage\"},\"thumbnailUrl\":\"https:\/\/www.notibras.com\/site\/wp-content\/uploads\/2015\/09\/joinvillechapecoensefuturapress.jpg\",\"datePublished\":\"2015-09-10T23:36:04+00:00\",\"dateModified\":\"2015-09-11T09:17:32+00:00\",\"breadcrumb\":{\"@id\":\"https:\/\/www.notibras.com\/site\/joinville-e-chapecoense-fazem-jogo-sem-emocao-que-acaba-do-jeito-que-comecou\/#breadcrumb\"},\"inLanguage\":\"pt-BR\",\"potentialAction\":[{\"@type\":\"ReadAction\",\"target\":[\"https:\/\/www.notibras.com\/site\/joinville-e-chapecoense-fazem-jogo-sem-emocao-que-acaba-do-jeito-que-comecou\/\"]}]},{\"@type\":\"ImageObject\",\"inLanguage\":\"pt-BR\",\"@id\":\"https:\/\/www.notibras.com\/site\/joinville-e-chapecoense-fazem-jogo-sem-emocao-que-acaba-do-jeito-que-comecou\/#primaryimage\",\"url\":\"https:\/\/www.notibras.com\/site\/wp-content\/uploads\/2015\/09\/joinvillechapecoensefuturapress.jpg\",\"contentUrl\":\"https:\/\/www.notibras.com\/site\/wp-content\/uploads\/2015\/09\/joinvillechapecoensefuturapress.jpg\",\"width\":940,\"height\":627},{\"@type\":\"BreadcrumbList\",\"@id\":\"https:\/\/www.notibras.com\/site\/joinville-e-chapecoense-fazem-jogo-sem-emocao-que-acaba-do-jeito-que-comecou\/#breadcrumb\",\"itemListElement\":[{\"@type\":\"ListItem\",\"position\":1,\"name\":\"In\u00edcio\",\"item\":\"https:\/\/www.notibras.com\/site\/\"},{\"@type\":\"ListItem\",\"position\":2,\"name\":\"Joinville e Chapecoense fazem jogo sem emo\u00e7\u00e3o que acaba do jeito que come\u00e7ou\"}]},{\"@type\":\"WebSite\",\"@id\":\"https:\/\/www.notibras.com\/site\/#website\",\"url\":\"https:\/\/www.notibras.com\/site\/\",\"name\":\"Notibras\",\"description\":\"Not\u00edcias de Bras\u00edlia, do Brasil e do Mundo\",\"publisher\":{\"@id\":\"https:\/\/www.notibras.com\/site\/#organization\"},\"potentialAction\":[{\"@type\":\"SearchAction\",\"target\":{\"@type\":\"EntryPoint\",\"urlTemplate\":\"https:\/\/www.notibras.com\/site\/?s={search_term_string}\"},\"query-input\":{\"@type\":\"PropertyValueSpecification\",\"valueRequired\":true,\"valueName\":\"search_term_string\"}}],\"inLanguage\":\"pt-BR\"},{\"@type\":\"Organization\",\"@id\":\"https:\/\/www.notibras.com\/site\/#organization\",\"name\":\"Grupo Notibras de Comunica\u00e7\u00e3o\",\"url\":\"https:\/\/www.notibras.com\/site\/\",\"logo\":{\"@type\":\"ImageObject\",\"inLanguage\":\"pt-BR\",\"@id\":\"https:\/\/www.notibras.com\/site\/#\/schema\/logo\/image\/\",\"url\":\"https:\/\/www.notibras.com\/site\/wp-content\/uploads\/2023\/01\/notibras23.png\",\"contentUrl\":\"https:\/\/www.notibras.com\/site\/wp-content\/uploads\/2023\/01\/notibras23.png\",\"width\":350,\"height\":87,\"caption\":\"Grupo Notibras de Comunica\u00e7\u00e3o\"},\"image\":{\"@id\":\"https:\/\/www.notibras.com\/site\/#\/schema\/logo\/image\/\"},\"sameAs\":[\"https:\/\/www.facebook.com\/notibras\/\",\"https:\/\/x.com\/Notibras\",\"https:\/\/www.instagram.com\/notibras\/\"]},{\"@type\":\"Person\",\"@id\":\"https:\/\/www.notibras.com\/site\/#\/schema\/person\/36ab0979449956132d3e5b517ea76ac8\",\"name\":\"Reda\u00e7\u00e3o\",\"image\":{\"@type\":\"ImageObject\",\"inLanguage\":\"pt-BR\",\"@id\":\"https:\/\/secure.gravatar.com\/avatar\/e0a867bdedb85fd243eadf09663511f96fc81e0720a4a42581f334ad4303aa6b?s=96&d=mm&r=g\",\"url\":\"https:\/\/secure.gravatar.com\/avatar\/e0a867bdedb85fd243eadf09663511f96fc81e0720a4a42581f334ad4303aa6b?s=96&d=mm&r=g\",\"contentUrl\":\"https:\/\/secure.gravatar.com\/avatar\/e0a867bdedb85fd243eadf09663511f96fc81e0720a4a42581f334ad4303aa6b?s=96&d=mm&r=g\",\"caption\":\"Reda\u00e7\u00e3o\"}}]}<\/script>\n<!-- \/ Yoast SEO plugin. -->","yoast_head_json":{"title":"Joinville e Chapecoense fazem jogo sem emo\u00e7\u00e3o que acaba do jeito que come\u00e7ou - Notibras","robots":{"index":"index","follow":"follow","max-snippet":"max-snippet:-1","max-image-preview":"max-image-preview:large","max-video-preview":"max-video-preview:-1"},"canonical":"https:\/\/www.notibras.com\/site\/joinville-e-chapecoense-fazem-jogo-sem-emocao-que-acaba-do-jeito-que-comecou\/","og_locale":"pt_BR","og_type":"article","og_title":"Joinville e Chapecoense fazem jogo sem emo\u00e7\u00e3o que acaba do jeito que come\u00e7ou - Notibras","og_description":"Joinville e Chapecoense tiveram um dia a mais para se prepararem para o duelo, antes marcado para quarta, mas adiado para a noite desta quinta-feira devido ao mau tempo em Joinville. O tempo extra, no entanto, n\u00e3o pareceu surtir efeito. As duas equipes fizeram um duelo de pouqu\u00edssimas emo\u00e7\u00f5es na casa do Joinville, e ficaram [&hellip;]","og_url":"https:\/\/www.notibras.com\/site\/joinville-e-chapecoense-fazem-jogo-sem-emocao-que-acaba-do-jeito-que-comecou\/","og_site_name":"Notibras","article_publisher":"https:\/\/www.facebook.com\/notibras\/","article_published_time":"2015-09-10T23:36:04+00:00","article_modified_time":"2015-09-11T09:17:32+00:00","og_image":[{"width":940,"height":627,"url":"https:\/\/www.notibras.com\/site\/wp-content\/uploads\/2015\/09\/joinvillechapecoensefuturapress.jpg","type":"image\/jpeg"}],"author":"Reda\u00e7\u00e3o","twitter_card":"summary_large_image","twitter_creator":"@Notibras","twitter_site":"@Notibras","twitter_misc":{"Escrito por":"Reda\u00e7\u00e3o","Est. tempo de leitura":"4 minutos"},"schema":{"@context":"https:\/\/schema.org","@graph":[{"@type":"Article","@id":"https:\/\/www.notibras.com\/site\/joinville-e-chapecoense-fazem-jogo-sem-emocao-que-acaba-do-jeito-que-comecou\/#article","isPartOf":{"@id":"https:\/\/www.notibras.com\/site\/joinville-e-chapecoense-fazem-jogo-sem-emocao-que-acaba-do-jeito-que-comecou\/"},"author":{"name":"Reda\u00e7\u00e3o","@id":"https:\/\/www.notibras.com\/site\/#\/schema\/person\/36ab0979449956132d3e5b517ea76ac8"},"headline":"Joinville e Chapecoense fazem jogo sem emo\u00e7\u00e3o que acaba do jeito que come\u00e7ou","datePublished":"2015-09-10T23:36:04+00:00","dateModified":"2015-09-11T09:17:32+00:00","mainEntityOfPage":{"@id":"https:\/\/www.notibras.com\/site\/joinville-e-chapecoense-fazem-jogo-sem-emocao-que-acaba-do-jeito-que-comecou\/"},"wordCount":803,"commentCount":0,"publisher":{"@id":"https:\/\/www.notibras.com\/site\/#organization"},"image":{"@id":"https:\/\/www.notibras.com\/site\/joinville-e-chapecoense-fazem-jogo-sem-emocao-que-acaba-do-jeito-que-comecou\/#primaryimage"},"thumbnailUrl":"https:\/\/www.notibras.com\/site\/wp-content\/uploads\/2015\/09\/joinvillechapecoensefuturapress.jpg","articleSection":["Futebol"],"inLanguage":"pt-BR","potentialAction":[{"@type":"CommentAction","name":"Comment","target":["https:\/\/www.notibras.com\/site\/joinville-e-chapecoense-fazem-jogo-sem-emocao-que-acaba-do-jeito-que-comecou\/#respond"]}]},{"@type":"WebPage","@id":"https:\/\/www.notibras.com\/site\/joinville-e-chapecoense-fazem-jogo-sem-emocao-que-acaba-do-jeito-que-comecou\/","url":"https:\/\/www.notibras.com\/site\/joinville-e-chapecoense-fazem-jogo-sem-emocao-que-acaba-do-jeito-que-comecou\/","name":"Joinville e Chapecoense fazem jogo sem emo\u00e7\u00e3o que acaba do jeito que come\u00e7ou - Notibras","isPartOf":{"@id":"https:\/\/www.notibras.com\/site\/#website"},"primaryImageOfPage":{"@id":"https:\/\/www.notibras.com\/site\/joinville-e-chapecoense-fazem-jogo-sem-emocao-que-acaba-do-jeito-que-comecou\/#primaryimage"},"image":{"@id":"https:\/\/www.notibras.com\/site\/joinville-e-chapecoense-fazem-jogo-sem-emocao-que-acaba-do-jeito-que-comecou\/#primaryimage"},"thumbnailUrl":"https:\/\/www.notibras.com\/site\/wp-content\/uploads\/2015\/09\/joinvillechapecoensefuturapress.jpg","datePublished":"2015-09-10T23:36:04+00:00","dateModified":"2015-09-11T09:17:32+00:00","breadcrumb":{"@id":"https:\/\/www.notibras.com\/site\/joinville-e-chapecoense-fazem-jogo-sem-emocao-que-acaba-do-jeito-que-comecou\/#breadcrumb"},"inLanguage":"pt-BR","potentialAction":[{"@type":"ReadAction","target":["https:\/\/www.notibras.com\/site\/joinville-e-chapecoense-fazem-jogo-sem-emocao-que-acaba-do-jeito-que-comecou\/"]}]},{"@type":"ImageObject","inLanguage":"pt-BR","@id":"https:\/\/www.notibras.com\/site\/joinville-e-chapecoense-fazem-jogo-sem-emocao-que-acaba-do-jeito-que-comecou\/#primaryimage","url":"https:\/\/www.notibras.com\/site\/wp-content\/uploads\/2015\/09\/joinvillechapecoensefuturapress.jpg","contentUrl":"https:\/\/www.notibras.com\/site\/wp-content\/uploads\/2015\/09\/joinvillechapecoensefuturapress.jpg","width":940,"height":627},{"@type":"BreadcrumbList","@id":"https:\/\/www.notibras.com\/site\/joinville-e-chapecoense-fazem-jogo-sem-emocao-que-acaba-do-jeito-que-comecou\/#breadcrumb","itemListElement":[{"@type":"ListItem","position":1,"name":"In\u00edcio","item":"https:\/\/www.notibras.com\/site\/"},{"@type":"ListItem","position":2,"name":"Joinville e Chapecoense fazem jogo sem emo\u00e7\u00e3o que acaba do jeito que come\u00e7ou"}]},{"@type":"WebSite","@id":"https:\/\/www.notibras.com\/site\/#website","url":"https:\/\/www.notibras.com\/site\/","name":"Notibras","description":"Not\u00edcias de Bras\u00edlia, do Brasil e do Mundo","publisher":{"@id":"https:\/\/www.notibras.com\/site\/#organization"},"potentialAction":[{"@type":"SearchAction","target":{"@type":"EntryPoint","urlTemplate":"https:\/\/www.notibras.com\/site\/?s={search_term_string}"},"query-input":{"@type":"PropertyValueSpecification","valueRequired":true,"valueName":"search_term_string"}}],"inLanguage":"pt-BR"},{"@type":"Organization","@id":"https:\/\/www.notibras.com\/site\/#organization","name":"Grupo Notibras de Comunica\u00e7\u00e3o","url":"https:\/\/www.notibras.com\/site\/","logo":{"@type":"ImageObject","inLanguage":"pt-BR","@id":"https:\/\/www.notibras.com\/site\/#\/schema\/logo\/image\/","url":"https:\/\/www.notibras.com\/site\/wp-content\/uploads\/2023\/01\/notibras23.png","contentUrl":"https:\/\/www.notibras.com\/site\/wp-content\/uploads\/2023\/01\/notibras23.png","width":350,"height":87,"caption":"Grupo Notibras de Comunica\u00e7\u00e3o"},"image":{"@id":"https:\/\/www.notibras.com\/site\/#\/schema\/logo\/image\/"},"sameAs":["https:\/\/www.facebook.com\/notibras\/","https:\/\/x.com\/Notibras","https:\/\/www.instagram.com\/notibras\/"]},{"@type":"Person","@id":"https:\/\/www.notibras.com\/site\/#\/schema\/person\/36ab0979449956132d3e5b517ea76ac8","name":"Reda\u00e7\u00e3o","image":{"@type":"ImageObject","inLanguage":"pt-BR","@id":"https:\/\/secure.gravatar.com\/avatar\/e0a867bdedb85fd243eadf09663511f96fc81e0720a4a42581f334ad4303aa6b?s=96&d=mm&r=g","url":"https:\/\/secure.gravatar.com\/avatar\/e0a867bdedb85fd243eadf09663511f96fc81e0720a4a42581f334ad4303aa6b?s=96&d=mm&r=g","contentUrl":"https:\/\/secure.gravatar.com\/avatar\/e0a867bdedb85fd243eadf09663511f96fc81e0720a4a42581f334ad4303aa6b?s=96&d=mm&r=g","caption":"Reda\u00e7\u00e3o"}}]}},"amp_enabled":true,"_links":{"self":[{"href":"https:\/\/www.notibras.com\/site\/wp-json\/wp\/v2\/posts\/67171","targetHints":{"allow":["GET"]}}],"collection":[{"href":"https:\/\/www.notibras.com\/site\/wp-json\/wp\/v2\/posts"}],"about":[{"href":"https:\/\/www.notibras.com\/site\/wp-json\/wp\/v2\/types\/post"}],"author":[{"embeddable":true,"href":"https:\/\/www.notibras.com\/site\/wp-json\/wp\/v2\/users\/2"}],"replies":[{"embeddable":true,"href":"https:\/\/www.notibras.com\/site\/wp-json\/wp\/v2\/comments?post=67171"}],"version-history":[{"count":1,"href":"https:\/\/www.notibras.com\/site\/wp-json\/wp\/v2\/posts\/67171\/revisions"}],"predecessor-version":[{"id":67174,"href":"https:\/\/www.notibras.com\/site\/wp-json\/wp\/v2\/posts\/67171\/revisions\/67174"}],"wp:featuredmedia":[{"embeddable":true,"href":"https:\/\/www.notibras.com\/site\/wp-json\/wp\/v2\/media\/67173"}],"wp:attachment":[{"href":"https:\/\/www.notibras.com\/site\/wp-json\/wp\/v2\/media?parent=67171"}],"wp:term":[{"taxonomy":"category","embeddable":true,"href":"https:\/\/www.notibras.com\/site\/wp-json\/wp\/v2\/categories?post=67171"},{"taxonomy":"post_tag","embeddable":true,"href":"https:\/\/www.notibras.com\/site\/wp-json\/wp\/v2\/tags?post=67171"}],"curies":[{"name":"wp","href":"https:\/\/api.w.org\/{rel}","templated":true}]}}