{"id":67175,"date":"2015-09-10T22:00:05","date_gmt":"2015-09-11T01:00:05","guid":{"rendered":"http:\/\/www.notibras.com\/site\/?p=67175"},"modified":"2015-09-11T18:39:04","modified_gmt":"2015-09-11T21:39:04","slug":"cunhada-roda-a-baiana-e-ex-primeira-dama-da-paraiba-apanha-como-cachorro-morto","status":"publish","type":"post","link":"https:\/\/www.notibras.com\/site\/cunhada-roda-a-baiana-e-ex-primeira-dama-da-paraiba-apanha-como-cachorro-morto\/","title":{"rendered":"Cunhada roda baiana e ex-primeira dama da Para\u00edba apanha como bicho morto"},"content":{"rendered":"<p>A Pol\u00edcia Civil da Para\u00edba investiga uma briga entre a ex-primeira-dama do Estado, P\u00e2mela B\u00f3rio, a irm\u00e3 do governador Ricardo Coutinho (PSB), Viviane Coutinho, e a sobrinha dele, Ana Carolina Coelho Coutinho. Tudo teria acontecido na \u00faltima segunda-feira (7), na Granja Santana, resid\u00eancia oficial do governador em Jo\u00e3o Pessoa. As agress\u00f5es, informa o Uol, ocorreram na frente do filho do ex-casal, um menino de 4 anos.<\/p>\n<p>P\u00e2mela registrou Boletim de Ocorr\u00eancia no Disp (Distrito Integrado de Seguran\u00e7a P\u00fablica), no bairro de Mana\u00edra, acusando Viviane e Ana Carolina de agred\u00ed-la. A fam\u00edlia do governador afirma que P\u00e2mela foi quem iniciou a confus\u00e3o ao agredir Viviane.<\/p>\n<p>Segundo o boletim de ocorr\u00eancia, o carro em que P\u00e2mela estava com a crian\u00e7a teria entrado na resid\u00eancia do governador e quando parou, Viviane e Ana Carolina a atacaram. Ela n\u00e3o tem autoriza\u00e7\u00e3o de entrar na Granja desde o m\u00eas de mar\u00e7o.<\/p>\n<p>Nesta quarta-feira (9), P\u00e2mela postou no Instagram sua vers\u00e3o sobre a confus\u00e3o e disse temer pela pr\u00f3pria vida. Segundo ela, o seguran\u00e7a do menino, que \u00e9 policial, a levou contra a sua vontade para dentro da Granja, quando eles estavam indo passear em um shopping da capital.<\/p>\n<p>&#8220;Fui conduzida contra a minha vontade e tive meu celular roubado violentamente. Al\u00e9m das les\u00f5es corporais, o pavor em saber que posso ser raptada assim, ser privada da minha liberdade de ir e vir e ainda por servidores do Estado, para ser a\u00e7oitada, espancada e humilhada na frente do meu filho, numa vulgar, psic\u00f3tica e surreal demonstra\u00e7\u00e3o de desmando, abuso e impunidade&#8221;, disse a ex-primeira dama.<\/p>\n<p>No texto, P\u00e2mela destaca ainda que o filho n\u00e3o foi poupado de presenciar as agress\u00f5es e que a crian\u00e7a viu a &#8220;m\u00e3e ser levada por policiais para uma armadilha&#8221; feita dentro da casa que reside com o pai. &#8220;Estou muito perplexa. Quando cheguei pela segunda vez ao IML, desabafei ao fot\u00f3grafo: &#8220;tomara que n\u00e3o tenha uma pr\u00f3xima vez comigo, na qual o senhor tenha que fotografar um cad\u00e1ver&#8221;. N\u00e3o haver\u00e1 surpresa alguma se isso acontecer. Depois do que sofri ontem, acabaram as minhas d\u00favidas de que tudo pode acontecer&#8221;, afirmou P\u00e2mela.<\/p>\n<p>O advogado da fam\u00edlia Coutinho, F\u00e1bio Rocha, afirmou que P\u00e2mela armou toda a confus\u00e3o para tentar encobrir o descumprimento de ordem judicial sobre a data da entrega do filho, que deveria ter sido entregue no domingo (6). Coutinho \u00e9 detentor da guarda unilateral da crian\u00e7a, depois que a Justi\u00e7a determinou que o menino ficasse aos cuidados do pai por conta de suposta confus\u00e3o entre P\u00e2mela e uma bab\u00e1, ocorrida em junho.<\/p>\n<p>&#8220;O que ocorreu foi uma cena, uma arma\u00e7\u00e3o, criada pela pr\u00f3pria P\u00e2mela. Isso n\u00e3o aconteceu a primeira vez, \u00e9 uma cena que se repete. No domingo \u00e0 noite, ela descumpriu uma ordem judicial, deixando de entregar a crian\u00e7a aos cuidados do genitor. No dia 7, ela diz que n\u00e3o vai devolver a crian\u00e7a e estabelece a condi\u00e7\u00e3o de entregar a crian\u00e7a mediante a ida dela \u00e0 granja. No momento em que a porta do carro \u00e9 aberta, a tia tentou pegar a crian\u00e7a e, imediatamente iniciou um processo de agress\u00f5es f\u00edsicas e verbais da pr\u00f3pria P\u00e2mela&#8221;, rebateu Rocha, em entrevista \u00e0 TV Cabo Branco.<\/p>\n<p>O advogado disse que a fam\u00edlia Coutinho tamb\u00e9m registrou BO.<\/p>\n<p>A Secretaria de Seguran\u00e7a P\u00fablica da Para\u00edba informou, por meio da assessoria de imprensa, que o delegado Ant\u00f4nio Brayner, que est\u00e1 \u00e0 frente das investiga\u00e7\u00f5es, deve se pronunciar sobre o caso quando concluir o inqu\u00e9rito policial.<\/p>\n<p>No dia 3 de junho, uma bab\u00e1 da crian\u00e7a, de 47 anos, registrou BO na Delegacia de Crimes contra a Pessoa, em Jo\u00e3o Pessoa, afirmando que foi agredida, na noite do dia 2, com chutes e pontap\u00e9s por P\u00e2mela. Segundo a pol\u00edcia, a bab\u00e1 contou que P\u00e2mela teria pedido para ela ir embora porque a mulher estava com virose e iria passar a doen\u00e7a para a crian\u00e7a. Entretanto, a bab\u00e1 se recusou a ir embora porque j\u00e1 estava tarde da noite.<\/p>\n<p>P\u00e2mela tamb\u00e9m registrou queixa na 12\u00aa Delegacia Distrital de Jo\u00e3o Pessoa acusando a bab\u00e1 de agress\u00e3o. A mulher foi demitida.<\/p>\n<p>Depois da confus\u00e3o, a guarda da crian\u00e7a foi dada ao governador. Desde que perdeu a guarda da crian\u00e7a, P\u00e2mela est\u00e1 fazendo a contagem das noites e dos dias que n\u00e3o est\u00e1 convivendo com o filho.<\/p>\n<p>Segundo a postagem desta quinta-feira (10), esta \u00e9 a 34\u00aa noite que o menino n\u00e3o dorme com ela. &#8220;Hoje o nosso reencontro desde o fat\u00eddico feriado foi assim. Ap\u00f3s a sa\u00edda da escola, apenas o tempo de passar em uma farm\u00e1cia pelo caminho, de abastecer combust\u00edvel, de dar um beijo na vov\u00f3&#8230; E ent\u00e3o, novamente partiu&#8221;, escreveu P\u00e2mela, na noite desta quinta-feira (10).<\/p>\n","protected":false},"excerpt":{"rendered":"<p>A Pol\u00edcia Civil da Para\u00edba investiga uma briga entre a ex-primeira-dama do Estado, P\u00e2mela B\u00f3rio, a irm\u00e3 do governador Ricardo Coutinho (PSB), Viviane Coutinho, e a sobrinha dele, Ana Carolina Coelho Coutinho. Tudo teria acontecido na \u00faltima segunda-feira (7), na Granja Santana, resid\u00eancia oficial do governador em Jo\u00e3o Pessoa. As agress\u00f5es, informa o Uol, ocorreram [&hellip;]<\/p>\n","protected":false},"author":2,"featured_media":67176,"comment_status":"open","ping_status":"closed","sticky":false,"template":"","format":"standard","meta":{"_acf_changed":false,"footnotes":""},"categories":[16],"tags":[],"class_list":["post-67175","post","type-post","status-publish","format-standard","has-post-thumbnail","hentry","category-brasil"],"acf":[],"yoast_head":"<!-- This site is optimized with the Yoast SEO plugin v27.2 - https:\/\/yoast.com\/product\/yoast-seo-wordpress\/ -->\n<title>Cunhada roda baiana e ex-primeira dama da Para\u00edba apanha como bicho morto - Notibras<\/title>\n<meta name=\"robots\" content=\"index, follow, max-snippet:-1, max-image-preview:large, max-video-preview:-1\" \/>\n<link rel=\"canonical\" href=\"https:\/\/www.notibras.com\/site\/cunhada-roda-a-baiana-e-ex-primeira-dama-da-paraiba-apanha-como-cachorro-morto\/\" \/>\n<meta property=\"og:locale\" content=\"pt_BR\" \/>\n<meta property=\"og:type\" content=\"article\" \/>\n<meta property=\"og:title\" content=\"Cunhada roda baiana e ex-primeira dama da Para\u00edba apanha como bicho morto - Notibras\" \/>\n<meta property=\"og:description\" content=\"A Pol\u00edcia Civil da Para\u00edba investiga uma briga entre a ex-primeira-dama do Estado, P\u00e2mela B\u00f3rio, a irm\u00e3 do governador Ricardo Coutinho (PSB), Viviane Coutinho, e a sobrinha dele, Ana Carolina Coelho Coutinho. Tudo teria acontecido na \u00faltima segunda-feira (7), na Granja Santana, resid\u00eancia oficial do governador em Jo\u00e3o Pessoa. As agress\u00f5es, informa o Uol, ocorreram [&hellip;]\" \/>\n<meta property=\"og:url\" content=\"https:\/\/www.notibras.com\/site\/cunhada-roda-a-baiana-e-ex-primeira-dama-da-paraiba-apanha-como-cachorro-morto\/\" \/>\n<meta property=\"og:site_name\" content=\"Notibras\" \/>\n<meta property=\"article:publisher\" content=\"https:\/\/www.facebook.com\/notibras\/\" \/>\n<meta property=\"article:published_time\" content=\"2015-09-11T01:00:05+00:00\" \/>\n<meta property=\"article:modified_time\" content=\"2015-09-11T21:39:04+00:00\" \/>\n<meta property=\"og:image\" content=\"https:\/\/www.notibras.com\/site\/wp-content\/uploads\/2015\/09\/exdma.jpg\" \/>\n\t<meta property=\"og:image:width\" content=\"300\" \/>\n\t<meta property=\"og:image:height\" content=\"200\" \/>\n\t<meta property=\"og:image:type\" content=\"image\/jpeg\" \/>\n<meta name=\"author\" content=\"Reda\u00e7\u00e3o\" \/>\n<meta name=\"twitter:card\" content=\"summary_large_image\" \/>\n<meta name=\"twitter:creator\" content=\"@Notibras\" \/>\n<meta name=\"twitter:site\" content=\"@Notibras\" \/>\n<meta name=\"twitter:label1\" content=\"Escrito por\" \/>\n\t<meta name=\"twitter:data1\" content=\"Reda\u00e7\u00e3o\" \/>\n\t<meta name=\"twitter:label2\" content=\"Est. tempo de leitura\" \/>\n\t<meta name=\"twitter:data2\" content=\"4 minutos\" \/>\n<script type=\"application\/ld+json\" class=\"yoast-schema-graph\">{\"@context\":\"https:\/\/schema.org\",\"@graph\":[{\"@type\":\"Article\",\"@id\":\"https:\/\/www.notibras.com\/site\/cunhada-roda-a-baiana-e-ex-primeira-dama-da-paraiba-apanha-como-cachorro-morto\/#article\",\"isPartOf\":{\"@id\":\"https:\/\/www.notibras.com\/site\/cunhada-roda-a-baiana-e-ex-primeira-dama-da-paraiba-apanha-como-cachorro-morto\/\"},\"author\":{\"name\":\"Reda\u00e7\u00e3o\",\"@id\":\"https:\/\/www.notibras.com\/site\/#\/schema\/person\/36ab0979449956132d3e5b517ea76ac8\"},\"headline\":\"Cunhada roda baiana e ex-primeira dama da Para\u00edba apanha como bicho morto\",\"datePublished\":\"2015-09-11T01:00:05+00:00\",\"dateModified\":\"2015-09-11T21:39:04+00:00\",\"mainEntityOfPage\":{\"@id\":\"https:\/\/www.notibras.com\/site\/cunhada-roda-a-baiana-e-ex-primeira-dama-da-paraiba-apanha-como-cachorro-morto\/\"},\"wordCount\":863,\"commentCount\":0,\"publisher\":{\"@id\":\"https:\/\/www.notibras.com\/site\/#organization\"},\"image\":{\"@id\":\"https:\/\/www.notibras.com\/site\/cunhada-roda-a-baiana-e-ex-primeira-dama-da-paraiba-apanha-como-cachorro-morto\/#primaryimage\"},\"thumbnailUrl\":\"https:\/\/www.notibras.com\/site\/wp-content\/uploads\/2015\/09\/exdma.jpg\",\"articleSection\":[\"Brasil\"],\"inLanguage\":\"pt-BR\",\"potentialAction\":[{\"@type\":\"CommentAction\",\"name\":\"Comment\",\"target\":[\"https:\/\/www.notibras.com\/site\/cunhada-roda-a-baiana-e-ex-primeira-dama-da-paraiba-apanha-como-cachorro-morto\/#respond\"]}]},{\"@type\":\"WebPage\",\"@id\":\"https:\/\/www.notibras.com\/site\/cunhada-roda-a-baiana-e-ex-primeira-dama-da-paraiba-apanha-como-cachorro-morto\/\",\"url\":\"https:\/\/www.notibras.com\/site\/cunhada-roda-a-baiana-e-ex-primeira-dama-da-paraiba-apanha-como-cachorro-morto\/\",\"name\":\"Cunhada roda baiana e ex-primeira dama da Para\u00edba apanha como bicho morto - Notibras\",\"isPartOf\":{\"@id\":\"https:\/\/www.notibras.com\/site\/#website\"},\"primaryImageOfPage\":{\"@id\":\"https:\/\/www.notibras.com\/site\/cunhada-roda-a-baiana-e-ex-primeira-dama-da-paraiba-apanha-como-cachorro-morto\/#primaryimage\"},\"image\":{\"@id\":\"https:\/\/www.notibras.com\/site\/cunhada-roda-a-baiana-e-ex-primeira-dama-da-paraiba-apanha-como-cachorro-morto\/#primaryimage\"},\"thumbnailUrl\":\"https:\/\/www.notibras.com\/site\/wp-content\/uploads\/2015\/09\/exdma.jpg\",\"datePublished\":\"2015-09-11T01:00:05+00:00\",\"dateModified\":\"2015-09-11T21:39:04+00:00\",\"breadcrumb\":{\"@id\":\"https:\/\/www.notibras.com\/site\/cunhada-roda-a-baiana-e-ex-primeira-dama-da-paraiba-apanha-como-cachorro-morto\/#breadcrumb\"},\"inLanguage\":\"pt-BR\",\"potentialAction\":[{\"@type\":\"ReadAction\",\"target\":[\"https:\/\/www.notibras.com\/site\/cunhada-roda-a-baiana-e-ex-primeira-dama-da-paraiba-apanha-como-cachorro-morto\/\"]}]},{\"@type\":\"ImageObject\",\"inLanguage\":\"pt-BR\",\"@id\":\"https:\/\/www.notibras.com\/site\/cunhada-roda-a-baiana-e-ex-primeira-dama-da-paraiba-apanha-como-cachorro-morto\/#primaryimage\",\"url\":\"https:\/\/www.notibras.com\/site\/wp-content\/uploads\/2015\/09\/exdma.jpg\",\"contentUrl\":\"https:\/\/www.notibras.com\/site\/wp-content\/uploads\/2015\/09\/exdma.jpg\",\"width\":300,\"height\":200},{\"@type\":\"BreadcrumbList\",\"@id\":\"https:\/\/www.notibras.com\/site\/cunhada-roda-a-baiana-e-ex-primeira-dama-da-paraiba-apanha-como-cachorro-morto\/#breadcrumb\",\"itemListElement\":[{\"@type\":\"ListItem\",\"position\":1,\"name\":\"In\u00edcio\",\"item\":\"https:\/\/www.notibras.com\/site\/\"},{\"@type\":\"ListItem\",\"position\":2,\"name\":\"Cunhada roda baiana e ex-primeira dama da Para\u00edba apanha como bicho morto\"}]},{\"@type\":\"WebSite\",\"@id\":\"https:\/\/www.notibras.com\/site\/#website\",\"url\":\"https:\/\/www.notibras.com\/site\/\",\"name\":\"Notibras\",\"description\":\"Not\u00edcias de Bras\u00edlia, do Brasil e do Mundo\",\"publisher\":{\"@id\":\"https:\/\/www.notibras.com\/site\/#organization\"},\"potentialAction\":[{\"@type\":\"SearchAction\",\"target\":{\"@type\":\"EntryPoint\",\"urlTemplate\":\"https:\/\/www.notibras.com\/site\/?s={search_term_string}\"},\"query-input\":{\"@type\":\"PropertyValueSpecification\",\"valueRequired\":true,\"valueName\":\"search_term_string\"}}],\"inLanguage\":\"pt-BR\"},{\"@type\":\"Organization\",\"@id\":\"https:\/\/www.notibras.com\/site\/#organization\",\"name\":\"Grupo Notibras de Comunica\u00e7\u00e3o\",\"url\":\"https:\/\/www.notibras.com\/site\/\",\"logo\":{\"@type\":\"ImageObject\",\"inLanguage\":\"pt-BR\",\"@id\":\"https:\/\/www.notibras.com\/site\/#\/schema\/logo\/image\/\",\"url\":\"https:\/\/www.notibras.com\/site\/wp-content\/uploads\/2023\/01\/notibras23.png\",\"contentUrl\":\"https:\/\/www.notibras.com\/site\/wp-content\/uploads\/2023\/01\/notibras23.png\",\"width\":350,\"height\":87,\"caption\":\"Grupo Notibras de Comunica\u00e7\u00e3o\"},\"image\":{\"@id\":\"https:\/\/www.notibras.com\/site\/#\/schema\/logo\/image\/\"},\"sameAs\":[\"https:\/\/www.facebook.com\/notibras\/\",\"https:\/\/x.com\/Notibras\",\"https:\/\/www.instagram.com\/notibras\/\"]},{\"@type\":\"Person\",\"@id\":\"https:\/\/www.notibras.com\/site\/#\/schema\/person\/36ab0979449956132d3e5b517ea76ac8\",\"name\":\"Reda\u00e7\u00e3o\",\"image\":{\"@type\":\"ImageObject\",\"inLanguage\":\"pt-BR\",\"@id\":\"https:\/\/secure.gravatar.com\/avatar\/e0a867bdedb85fd243eadf09663511f96fc81e0720a4a42581f334ad4303aa6b?s=96&d=mm&r=g\",\"url\":\"https:\/\/secure.gravatar.com\/avatar\/e0a867bdedb85fd243eadf09663511f96fc81e0720a4a42581f334ad4303aa6b?s=96&d=mm&r=g\",\"contentUrl\":\"https:\/\/secure.gravatar.com\/avatar\/e0a867bdedb85fd243eadf09663511f96fc81e0720a4a42581f334ad4303aa6b?s=96&d=mm&r=g\",\"caption\":\"Reda\u00e7\u00e3o\"}}]}<\/script>\n<!-- \/ Yoast SEO plugin. -->","yoast_head_json":{"title":"Cunhada roda baiana e ex-primeira dama da Para\u00edba apanha como bicho morto - Notibras","robots":{"index":"index","follow":"follow","max-snippet":"max-snippet:-1","max-image-preview":"max-image-preview:large","max-video-preview":"max-video-preview:-1"},"canonical":"https:\/\/www.notibras.com\/site\/cunhada-roda-a-baiana-e-ex-primeira-dama-da-paraiba-apanha-como-cachorro-morto\/","og_locale":"pt_BR","og_type":"article","og_title":"Cunhada roda baiana e ex-primeira dama da Para\u00edba apanha como bicho morto - Notibras","og_description":"A Pol\u00edcia Civil da Para\u00edba investiga uma briga entre a ex-primeira-dama do Estado, P\u00e2mela B\u00f3rio, a irm\u00e3 do governador Ricardo Coutinho (PSB), Viviane Coutinho, e a sobrinha dele, Ana Carolina Coelho Coutinho. Tudo teria acontecido na \u00faltima segunda-feira (7), na Granja Santana, resid\u00eancia oficial do governador em Jo\u00e3o Pessoa. As agress\u00f5es, informa o Uol, ocorreram [&hellip;]","og_url":"https:\/\/www.notibras.com\/site\/cunhada-roda-a-baiana-e-ex-primeira-dama-da-paraiba-apanha-como-cachorro-morto\/","og_site_name":"Notibras","article_publisher":"https:\/\/www.facebook.com\/notibras\/","article_published_time":"2015-09-11T01:00:05+00:00","article_modified_time":"2015-09-11T21:39:04+00:00","og_image":[{"width":300,"height":200,"url":"https:\/\/www.notibras.com\/site\/wp-content\/uploads\/2015\/09\/exdma.jpg","type":"image\/jpeg"}],"author":"Reda\u00e7\u00e3o","twitter_card":"summary_large_image","twitter_creator":"@Notibras","twitter_site":"@Notibras","twitter_misc":{"Escrito por":"Reda\u00e7\u00e3o","Est. tempo de leitura":"4 minutos"},"schema":{"@context":"https:\/\/schema.org","@graph":[{"@type":"Article","@id":"https:\/\/www.notibras.com\/site\/cunhada-roda-a-baiana-e-ex-primeira-dama-da-paraiba-apanha-como-cachorro-morto\/#article","isPartOf":{"@id":"https:\/\/www.notibras.com\/site\/cunhada-roda-a-baiana-e-ex-primeira-dama-da-paraiba-apanha-como-cachorro-morto\/"},"author":{"name":"Reda\u00e7\u00e3o","@id":"https:\/\/www.notibras.com\/site\/#\/schema\/person\/36ab0979449956132d3e5b517ea76ac8"},"headline":"Cunhada roda baiana e ex-primeira dama da Para\u00edba apanha como bicho morto","datePublished":"2015-09-11T01:00:05+00:00","dateModified":"2015-09-11T21:39:04+00:00","mainEntityOfPage":{"@id":"https:\/\/www.notibras.com\/site\/cunhada-roda-a-baiana-e-ex-primeira-dama-da-paraiba-apanha-como-cachorro-morto\/"},"wordCount":863,"commentCount":0,"publisher":{"@id":"https:\/\/www.notibras.com\/site\/#organization"},"image":{"@id":"https:\/\/www.notibras.com\/site\/cunhada-roda-a-baiana-e-ex-primeira-dama-da-paraiba-apanha-como-cachorro-morto\/#primaryimage"},"thumbnailUrl":"https:\/\/www.notibras.com\/site\/wp-content\/uploads\/2015\/09\/exdma.jpg","articleSection":["Brasil"],"inLanguage":"pt-BR","potentialAction":[{"@type":"CommentAction","name":"Comment","target":["https:\/\/www.notibras.com\/site\/cunhada-roda-a-baiana-e-ex-primeira-dama-da-paraiba-apanha-como-cachorro-morto\/#respond"]}]},{"@type":"WebPage","@id":"https:\/\/www.notibras.com\/site\/cunhada-roda-a-baiana-e-ex-primeira-dama-da-paraiba-apanha-como-cachorro-morto\/","url":"https:\/\/www.notibras.com\/site\/cunhada-roda-a-baiana-e-ex-primeira-dama-da-paraiba-apanha-como-cachorro-morto\/","name":"Cunhada roda baiana e ex-primeira dama da Para\u00edba apanha como bicho morto - Notibras","isPartOf":{"@id":"https:\/\/www.notibras.com\/site\/#website"},"primaryImageOfPage":{"@id":"https:\/\/www.notibras.com\/site\/cunhada-roda-a-baiana-e-ex-primeira-dama-da-paraiba-apanha-como-cachorro-morto\/#primaryimage"},"image":{"@id":"https:\/\/www.notibras.com\/site\/cunhada-roda-a-baiana-e-ex-primeira-dama-da-paraiba-apanha-como-cachorro-morto\/#primaryimage"},"thumbnailUrl":"https:\/\/www.notibras.com\/site\/wp-content\/uploads\/2015\/09\/exdma.jpg","datePublished":"2015-09-11T01:00:05+00:00","dateModified":"2015-09-11T21:39:04+00:00","breadcrumb":{"@id":"https:\/\/www.notibras.com\/site\/cunhada-roda-a-baiana-e-ex-primeira-dama-da-paraiba-apanha-como-cachorro-morto\/#breadcrumb"},"inLanguage":"pt-BR","potentialAction":[{"@type":"ReadAction","target":["https:\/\/www.notibras.com\/site\/cunhada-roda-a-baiana-e-ex-primeira-dama-da-paraiba-apanha-como-cachorro-morto\/"]}]},{"@type":"ImageObject","inLanguage":"pt-BR","@id":"https:\/\/www.notibras.com\/site\/cunhada-roda-a-baiana-e-ex-primeira-dama-da-paraiba-apanha-como-cachorro-morto\/#primaryimage","url":"https:\/\/www.notibras.com\/site\/wp-content\/uploads\/2015\/09\/exdma.jpg","contentUrl":"https:\/\/www.notibras.com\/site\/wp-content\/uploads\/2015\/09\/exdma.jpg","width":300,"height":200},{"@type":"BreadcrumbList","@id":"https:\/\/www.notibras.com\/site\/cunhada-roda-a-baiana-e-ex-primeira-dama-da-paraiba-apanha-como-cachorro-morto\/#breadcrumb","itemListElement":[{"@type":"ListItem","position":1,"name":"In\u00edcio","item":"https:\/\/www.notibras.com\/site\/"},{"@type":"ListItem","position":2,"name":"Cunhada roda baiana e ex-primeira dama da Para\u00edba apanha como bicho morto"}]},{"@type":"WebSite","@id":"https:\/\/www.notibras.com\/site\/#website","url":"https:\/\/www.notibras.com\/site\/","name":"Notibras","description":"Not\u00edcias de Bras\u00edlia, do Brasil e do Mundo","publisher":{"@id":"https:\/\/www.notibras.com\/site\/#organization"},"potentialAction":[{"@type":"SearchAction","target":{"@type":"EntryPoint","urlTemplate":"https:\/\/www.notibras.com\/site\/?s={search_term_string}"},"query-input":{"@type":"PropertyValueSpecification","valueRequired":true,"valueName":"search_term_string"}}],"inLanguage":"pt-BR"},{"@type":"Organization","@id":"https:\/\/www.notibras.com\/site\/#organization","name":"Grupo Notibras de Comunica\u00e7\u00e3o","url":"https:\/\/www.notibras.com\/site\/","logo":{"@type":"ImageObject","inLanguage":"pt-BR","@id":"https:\/\/www.notibras.com\/site\/#\/schema\/logo\/image\/","url":"https:\/\/www.notibras.com\/site\/wp-content\/uploads\/2023\/01\/notibras23.png","contentUrl":"https:\/\/www.notibras.com\/site\/wp-content\/uploads\/2023\/01\/notibras23.png","width":350,"height":87,"caption":"Grupo Notibras de Comunica\u00e7\u00e3o"},"image":{"@id":"https:\/\/www.notibras.com\/site\/#\/schema\/logo\/image\/"},"sameAs":["https:\/\/www.facebook.com\/notibras\/","https:\/\/x.com\/Notibras","https:\/\/www.instagram.com\/notibras\/"]},{"@type":"Person","@id":"https:\/\/www.notibras.com\/site\/#\/schema\/person\/36ab0979449956132d3e5b517ea76ac8","name":"Reda\u00e7\u00e3o","image":{"@type":"ImageObject","inLanguage":"pt-BR","@id":"https:\/\/secure.gravatar.com\/avatar\/e0a867bdedb85fd243eadf09663511f96fc81e0720a4a42581f334ad4303aa6b?s=96&d=mm&r=g","url":"https:\/\/secure.gravatar.com\/avatar\/e0a867bdedb85fd243eadf09663511f96fc81e0720a4a42581f334ad4303aa6b?s=96&d=mm&r=g","contentUrl":"https:\/\/secure.gravatar.com\/avatar\/e0a867bdedb85fd243eadf09663511f96fc81e0720a4a42581f334ad4303aa6b?s=96&d=mm&r=g","caption":"Reda\u00e7\u00e3o"}}]}},"amp_enabled":true,"_links":{"self":[{"href":"https:\/\/www.notibras.com\/site\/wp-json\/wp\/v2\/posts\/67175","targetHints":{"allow":["GET"]}}],"collection":[{"href":"https:\/\/www.notibras.com\/site\/wp-json\/wp\/v2\/posts"}],"about":[{"href":"https:\/\/www.notibras.com\/site\/wp-json\/wp\/v2\/types\/post"}],"author":[{"embeddable":true,"href":"https:\/\/www.notibras.com\/site\/wp-json\/wp\/v2\/users\/2"}],"replies":[{"embeddable":true,"href":"https:\/\/www.notibras.com\/site\/wp-json\/wp\/v2\/comments?post=67175"}],"version-history":[{"count":3,"href":"https:\/\/www.notibras.com\/site\/wp-json\/wp\/v2\/posts\/67175\/revisions"}],"predecessor-version":[{"id":67179,"href":"https:\/\/www.notibras.com\/site\/wp-json\/wp\/v2\/posts\/67175\/revisions\/67179"}],"wp:featuredmedia":[{"embeddable":true,"href":"https:\/\/www.notibras.com\/site\/wp-json\/wp\/v2\/media\/67176"}],"wp:attachment":[{"href":"https:\/\/www.notibras.com\/site\/wp-json\/wp\/v2\/media?parent=67175"}],"wp:term":[{"taxonomy":"category","embeddable":true,"href":"https:\/\/www.notibras.com\/site\/wp-json\/wp\/v2\/categories?post=67175"},{"taxonomy":"post_tag","embeddable":true,"href":"https:\/\/www.notibras.com\/site\/wp-json\/wp\/v2\/tags?post=67175"}],"curies":[{"name":"wp","href":"https:\/\/api.w.org\/{rel}","templated":true}]}}