{"id":67180,"date":"2015-09-10T20:17:55","date_gmt":"2015-09-10T23:17:55","guid":{"rendered":"http:\/\/www.notibras.com\/site\/?p=67180"},"modified":"2015-09-11T18:38:26","modified_gmt":"2015-09-11T21:38:26","slug":"juri-condena-a-22-anos-mulher-que-matou-filho-e-escondeu-corpo-em-sofa-em-minas","status":"publish","type":"post","link":"https:\/\/www.notibras.com\/site\/juri-condena-a-22-anos-mulher-que-matou-filho-e-escondeu-corpo-em-sofa-em-minas\/","title":{"rendered":"J\u00fari condena a 22 anos de pris\u00e3o mulher que matou o filho e escondeu o corpo em sof\u00e1"},"content":{"rendered":"<p>Uma mulher foi condenada a 22 anos de pris\u00e3o, em regime fechado, pela morte do pr\u00f3prio filho, de apenas dois anos, cujo corpo foi encontrado dentro de um sof\u00e1, na casa do tio dele, situada na cidade de Ibirit\u00e9, localizada na regi\u00e3o metropolitana de Belo Horizonte (MG).<\/p>\n<p>O j\u00fari popular, formado por cinco homens e duas mulheres, come\u00e7ou nesta quarta-feira (9) e terminou na madrugada desta quinta-feira. Mar\u00edlia Cristiane Gomes, 20, foi considerada culpada pelos crimes de homic\u00eddio duplamente qualificado e oculta\u00e7\u00e3o de cad\u00e1ver.<\/p>\n<p>O caso ocorreu em julho do ano passado, sendo que o garoto foi considerado desaparecido por quatro dias ap\u00f3s a m\u00e3e ter acionado a pol\u00edcia e relatado o sumi\u00e7o da crian\u00e7a.<\/p>\n<p>Cartazes com a foto dele foram feitos e parentes se mobilizaram para tentar localiz\u00e1-lo. No entanto, em seguida, a mulher confessou o crime.<\/p>\n<p>O advogado de defesa informou que j\u00e1 entrou com recurso para anular o j\u00fari. Segundo Marco Ant\u00f4nio Siqueira, a pena foi considerada alta pela defesa, que tenta desqualificar o homic\u00eddio doloso (quando h\u00e1 inten\u00e7\u00e3o de matar) para homic\u00eddio culposo (quando n\u00e3o h\u00e1 a inten\u00e7\u00e3o de matar). Para ele, a pena correta seria entre 4 e 12 anos de reclus\u00e3o.<\/p>\n<p>&#8220;A pena foi exagerada. Ela n\u00e3o cometeu um homic\u00eddio doloso contra a crian\u00e7a. Ela agiu culposamente e acabou acontecendo [o \u00f3bito]. A minha cliente jogou a crian\u00e7a na cama e, infelizmente, ela bateu com a cabe\u00e7a na parede&#8217;, afirmou Siqueira.<\/p>\n<p>O advogado ainda questionou o quesito relativo \u00e0 oculta\u00e7\u00e3o de cad\u00e1ver. Conforme Siqueira, a mulher, de fato, escondeu o corpo do filho dentro do sof\u00e1, mas teria, em seguida, indicado o local \u00e0 pol\u00edcia.<\/p>\n<p>Na \u00f3tica do defensor, isso descaracterizaria a acusa\u00e7\u00e3o sobre ela. Essa vers\u00e3o, no entanto, \u00e9 rebatida pela pol\u00edcia, que informou \u00e0 \u00e9poca ter sido o tio da crian\u00e7a quem localizou o corpo ap\u00f3s sentir um forte odor oriundo do sof\u00e1.<\/p>\n<p>Siqueira disse ainda que a cliente tem transtornos psicol\u00f3gicos considerados por ele como &#8220;graves&#8221;. &#8220;Ela padece de sofrimento psicol\u00f3gico e mental graves, inclusive tendo tentando o autoexterm\u00ednio por tr\u00eas vezes.&#8221;<\/p>\n<p>Atualmente, a mulher est\u00e1 presa no Complexo Penitenci\u00e1rio Feminino Estev\u00e3o Pinto, em Belo Horizonte.<\/p>\n","protected":false},"excerpt":{"rendered":"<p>Uma mulher foi condenada a 22 anos de pris\u00e3o, em regime fechado, pela morte do pr\u00f3prio filho, de apenas dois anos, cujo corpo foi encontrado dentro de um sof\u00e1, na casa do tio dele, situada na cidade de Ibirit\u00e9, localizada na regi\u00e3o metropolitana de Belo Horizonte (MG). O j\u00fari popular, formado por cinco homens e [&hellip;]<\/p>\n","protected":false},"author":2,"featured_media":67183,"comment_status":"open","ping_status":"closed","sticky":false,"template":"","format":"standard","meta":{"_acf_changed":false,"footnotes":""},"categories":[16],"tags":[],"class_list":["post-67180","post","type-post","status-publish","format-standard","has-post-thumbnail","hentry","category-brasil"],"acf":[],"yoast_head":"<!-- This site is optimized with the Yoast SEO plugin v27.2 - https:\/\/yoast.com\/product\/yoast-seo-wordpress\/ -->\n<title>J\u00fari condena a 22 anos de pris\u00e3o mulher que matou o filho e escondeu o corpo em sof\u00e1 - Notibras<\/title>\n<meta name=\"robots\" content=\"index, follow, max-snippet:-1, max-image-preview:large, max-video-preview:-1\" \/>\n<link rel=\"canonical\" href=\"https:\/\/www.notibras.com\/site\/juri-condena-a-22-anos-mulher-que-matou-filho-e-escondeu-corpo-em-sofa-em-minas\/\" \/>\n<meta property=\"og:locale\" content=\"pt_BR\" \/>\n<meta property=\"og:type\" content=\"article\" \/>\n<meta property=\"og:title\" content=\"J\u00fari condena a 22 anos de pris\u00e3o mulher que matou o filho e escondeu o corpo em sof\u00e1 - Notibras\" \/>\n<meta property=\"og:description\" content=\"Uma mulher foi condenada a 22 anos de pris\u00e3o, em regime fechado, pela morte do pr\u00f3prio filho, de apenas dois anos, cujo corpo foi encontrado dentro de um sof\u00e1, na casa do tio dele, situada na cidade de Ibirit\u00e9, localizada na regi\u00e3o metropolitana de Belo Horizonte (MG). O j\u00fari popular, formado por cinco homens e [&hellip;]\" \/>\n<meta property=\"og:url\" content=\"https:\/\/www.notibras.com\/site\/juri-condena-a-22-anos-mulher-que-matou-filho-e-escondeu-corpo-em-sofa-em-minas\/\" \/>\n<meta property=\"og:site_name\" content=\"Notibras\" \/>\n<meta property=\"article:publisher\" content=\"https:\/\/www.facebook.com\/notibras\/\" \/>\n<meta property=\"article:published_time\" content=\"2015-09-10T23:17:55+00:00\" \/>\n<meta property=\"article:modified_time\" content=\"2015-09-11T21:38:26+00:00\" \/>\n<meta property=\"og:image\" content=\"https:\/\/www.notibras.com\/site\/wp-content\/uploads\/2015\/09\/mminas.jpg\" \/>\n\t<meta property=\"og:image:width\" content=\"600\" \/>\n\t<meta property=\"og:image:height\" content=\"420\" \/>\n\t<meta property=\"og:image:type\" content=\"image\/jpeg\" \/>\n<meta name=\"author\" content=\"Reda\u00e7\u00e3o\" \/>\n<meta name=\"twitter:card\" content=\"summary_large_image\" \/>\n<meta name=\"twitter:creator\" content=\"@Notibras\" \/>\n<meta name=\"twitter:site\" content=\"@Notibras\" \/>\n<meta name=\"twitter:label1\" content=\"Escrito por\" \/>\n\t<meta name=\"twitter:data1\" content=\"Reda\u00e7\u00e3o\" \/>\n\t<meta name=\"twitter:label2\" content=\"Est. tempo de leitura\" \/>\n\t<meta name=\"twitter:data2\" content=\"2 minutos\" \/>\n<script type=\"application\/ld+json\" class=\"yoast-schema-graph\">{\"@context\":\"https:\/\/schema.org\",\"@graph\":[{\"@type\":\"Article\",\"@id\":\"https:\/\/www.notibras.com\/site\/juri-condena-a-22-anos-mulher-que-matou-filho-e-escondeu-corpo-em-sofa-em-minas\/#article\",\"isPartOf\":{\"@id\":\"https:\/\/www.notibras.com\/site\/juri-condena-a-22-anos-mulher-que-matou-filho-e-escondeu-corpo-em-sofa-em-minas\/\"},\"author\":{\"name\":\"Reda\u00e7\u00e3o\",\"@id\":\"https:\/\/www.notibras.com\/site\/#\/schema\/person\/36ab0979449956132d3e5b517ea76ac8\"},\"headline\":\"J\u00fari condena a 22 anos de pris\u00e3o mulher que matou o filho e escondeu o corpo em sof\u00e1\",\"datePublished\":\"2015-09-10T23:17:55+00:00\",\"dateModified\":\"2015-09-11T21:38:26+00:00\",\"mainEntityOfPage\":{\"@id\":\"https:\/\/www.notibras.com\/site\/juri-condena-a-22-anos-mulher-que-matou-filho-e-escondeu-corpo-em-sofa-em-minas\/\"},\"wordCount\":407,\"commentCount\":0,\"publisher\":{\"@id\":\"https:\/\/www.notibras.com\/site\/#organization\"},\"image\":{\"@id\":\"https:\/\/www.notibras.com\/site\/juri-condena-a-22-anos-mulher-que-matou-filho-e-escondeu-corpo-em-sofa-em-minas\/#primaryimage\"},\"thumbnailUrl\":\"https:\/\/www.notibras.com\/site\/wp-content\/uploads\/2015\/09\/mminas.jpg\",\"articleSection\":[\"Brasil\"],\"inLanguage\":\"pt-BR\",\"potentialAction\":[{\"@type\":\"CommentAction\",\"name\":\"Comment\",\"target\":[\"https:\/\/www.notibras.com\/site\/juri-condena-a-22-anos-mulher-que-matou-filho-e-escondeu-corpo-em-sofa-em-minas\/#respond\"]}]},{\"@type\":\"WebPage\",\"@id\":\"https:\/\/www.notibras.com\/site\/juri-condena-a-22-anos-mulher-que-matou-filho-e-escondeu-corpo-em-sofa-em-minas\/\",\"url\":\"https:\/\/www.notibras.com\/site\/juri-condena-a-22-anos-mulher-que-matou-filho-e-escondeu-corpo-em-sofa-em-minas\/\",\"name\":\"J\u00fari condena a 22 anos de pris\u00e3o mulher que matou o filho e escondeu o corpo em sof\u00e1 - Notibras\",\"isPartOf\":{\"@id\":\"https:\/\/www.notibras.com\/site\/#website\"},\"primaryImageOfPage\":{\"@id\":\"https:\/\/www.notibras.com\/site\/juri-condena-a-22-anos-mulher-que-matou-filho-e-escondeu-corpo-em-sofa-em-minas\/#primaryimage\"},\"image\":{\"@id\":\"https:\/\/www.notibras.com\/site\/juri-condena-a-22-anos-mulher-que-matou-filho-e-escondeu-corpo-em-sofa-em-minas\/#primaryimage\"},\"thumbnailUrl\":\"https:\/\/www.notibras.com\/site\/wp-content\/uploads\/2015\/09\/mminas.jpg\",\"datePublished\":\"2015-09-10T23:17:55+00:00\",\"dateModified\":\"2015-09-11T21:38:26+00:00\",\"breadcrumb\":{\"@id\":\"https:\/\/www.notibras.com\/site\/juri-condena-a-22-anos-mulher-que-matou-filho-e-escondeu-corpo-em-sofa-em-minas\/#breadcrumb\"},\"inLanguage\":\"pt-BR\",\"potentialAction\":[{\"@type\":\"ReadAction\",\"target\":[\"https:\/\/www.notibras.com\/site\/juri-condena-a-22-anos-mulher-que-matou-filho-e-escondeu-corpo-em-sofa-em-minas\/\"]}]},{\"@type\":\"ImageObject\",\"inLanguage\":\"pt-BR\",\"@id\":\"https:\/\/www.notibras.com\/site\/juri-condena-a-22-anos-mulher-que-matou-filho-e-escondeu-corpo-em-sofa-em-minas\/#primaryimage\",\"url\":\"https:\/\/www.notibras.com\/site\/wp-content\/uploads\/2015\/09\/mminas.jpg\",\"contentUrl\":\"https:\/\/www.notibras.com\/site\/wp-content\/uploads\/2015\/09\/mminas.jpg\",\"width\":600,\"height\":420},{\"@type\":\"BreadcrumbList\",\"@id\":\"https:\/\/www.notibras.com\/site\/juri-condena-a-22-anos-mulher-que-matou-filho-e-escondeu-corpo-em-sofa-em-minas\/#breadcrumb\",\"itemListElement\":[{\"@type\":\"ListItem\",\"position\":1,\"name\":\"In\u00edcio\",\"item\":\"https:\/\/www.notibras.com\/site\/\"},{\"@type\":\"ListItem\",\"position\":2,\"name\":\"J\u00fari condena a 22 anos de pris\u00e3o mulher que matou o filho e escondeu o corpo em sof\u00e1\"}]},{\"@type\":\"WebSite\",\"@id\":\"https:\/\/www.notibras.com\/site\/#website\",\"url\":\"https:\/\/www.notibras.com\/site\/\",\"name\":\"Notibras\",\"description\":\"Not\u00edcias de Bras\u00edlia, do Brasil e do Mundo\",\"publisher\":{\"@id\":\"https:\/\/www.notibras.com\/site\/#organization\"},\"potentialAction\":[{\"@type\":\"SearchAction\",\"target\":{\"@type\":\"EntryPoint\",\"urlTemplate\":\"https:\/\/www.notibras.com\/site\/?s={search_term_string}\"},\"query-input\":{\"@type\":\"PropertyValueSpecification\",\"valueRequired\":true,\"valueName\":\"search_term_string\"}}],\"inLanguage\":\"pt-BR\"},{\"@type\":\"Organization\",\"@id\":\"https:\/\/www.notibras.com\/site\/#organization\",\"name\":\"Grupo Notibras de Comunica\u00e7\u00e3o\",\"url\":\"https:\/\/www.notibras.com\/site\/\",\"logo\":{\"@type\":\"ImageObject\",\"inLanguage\":\"pt-BR\",\"@id\":\"https:\/\/www.notibras.com\/site\/#\/schema\/logo\/image\/\",\"url\":\"https:\/\/www.notibras.com\/site\/wp-content\/uploads\/2023\/01\/notibras23.png\",\"contentUrl\":\"https:\/\/www.notibras.com\/site\/wp-content\/uploads\/2023\/01\/notibras23.png\",\"width\":350,\"height\":87,\"caption\":\"Grupo Notibras de Comunica\u00e7\u00e3o\"},\"image\":{\"@id\":\"https:\/\/www.notibras.com\/site\/#\/schema\/logo\/image\/\"},\"sameAs\":[\"https:\/\/www.facebook.com\/notibras\/\",\"https:\/\/x.com\/Notibras\",\"https:\/\/www.instagram.com\/notibras\/\"]},{\"@type\":\"Person\",\"@id\":\"https:\/\/www.notibras.com\/site\/#\/schema\/person\/36ab0979449956132d3e5b517ea76ac8\",\"name\":\"Reda\u00e7\u00e3o\",\"image\":{\"@type\":\"ImageObject\",\"inLanguage\":\"pt-BR\",\"@id\":\"https:\/\/secure.gravatar.com\/avatar\/e0a867bdedb85fd243eadf09663511f96fc81e0720a4a42581f334ad4303aa6b?s=96&d=mm&r=g\",\"url\":\"https:\/\/secure.gravatar.com\/avatar\/e0a867bdedb85fd243eadf09663511f96fc81e0720a4a42581f334ad4303aa6b?s=96&d=mm&r=g\",\"contentUrl\":\"https:\/\/secure.gravatar.com\/avatar\/e0a867bdedb85fd243eadf09663511f96fc81e0720a4a42581f334ad4303aa6b?s=96&d=mm&r=g\",\"caption\":\"Reda\u00e7\u00e3o\"}}]}<\/script>\n<!-- \/ Yoast SEO plugin. -->","yoast_head_json":{"title":"J\u00fari condena a 22 anos de pris\u00e3o mulher que matou o filho e escondeu o corpo em sof\u00e1 - Notibras","robots":{"index":"index","follow":"follow","max-snippet":"max-snippet:-1","max-image-preview":"max-image-preview:large","max-video-preview":"max-video-preview:-1"},"canonical":"https:\/\/www.notibras.com\/site\/juri-condena-a-22-anos-mulher-que-matou-filho-e-escondeu-corpo-em-sofa-em-minas\/","og_locale":"pt_BR","og_type":"article","og_title":"J\u00fari condena a 22 anos de pris\u00e3o mulher que matou o filho e escondeu o corpo em sof\u00e1 - Notibras","og_description":"Uma mulher foi condenada a 22 anos de pris\u00e3o, em regime fechado, pela morte do pr\u00f3prio filho, de apenas dois anos, cujo corpo foi encontrado dentro de um sof\u00e1, na casa do tio dele, situada na cidade de Ibirit\u00e9, localizada na regi\u00e3o metropolitana de Belo Horizonte (MG). O j\u00fari popular, formado por cinco homens e [&hellip;]","og_url":"https:\/\/www.notibras.com\/site\/juri-condena-a-22-anos-mulher-que-matou-filho-e-escondeu-corpo-em-sofa-em-minas\/","og_site_name":"Notibras","article_publisher":"https:\/\/www.facebook.com\/notibras\/","article_published_time":"2015-09-10T23:17:55+00:00","article_modified_time":"2015-09-11T21:38:26+00:00","og_image":[{"width":600,"height":420,"url":"https:\/\/www.notibras.com\/site\/wp-content\/uploads\/2015\/09\/mminas.jpg","type":"image\/jpeg"}],"author":"Reda\u00e7\u00e3o","twitter_card":"summary_large_image","twitter_creator":"@Notibras","twitter_site":"@Notibras","twitter_misc":{"Escrito por":"Reda\u00e7\u00e3o","Est. tempo de leitura":"2 minutos"},"schema":{"@context":"https:\/\/schema.org","@graph":[{"@type":"Article","@id":"https:\/\/www.notibras.com\/site\/juri-condena-a-22-anos-mulher-que-matou-filho-e-escondeu-corpo-em-sofa-em-minas\/#article","isPartOf":{"@id":"https:\/\/www.notibras.com\/site\/juri-condena-a-22-anos-mulher-que-matou-filho-e-escondeu-corpo-em-sofa-em-minas\/"},"author":{"name":"Reda\u00e7\u00e3o","@id":"https:\/\/www.notibras.com\/site\/#\/schema\/person\/36ab0979449956132d3e5b517ea76ac8"},"headline":"J\u00fari condena a 22 anos de pris\u00e3o mulher que matou o filho e escondeu o corpo em sof\u00e1","datePublished":"2015-09-10T23:17:55+00:00","dateModified":"2015-09-11T21:38:26+00:00","mainEntityOfPage":{"@id":"https:\/\/www.notibras.com\/site\/juri-condena-a-22-anos-mulher-que-matou-filho-e-escondeu-corpo-em-sofa-em-minas\/"},"wordCount":407,"commentCount":0,"publisher":{"@id":"https:\/\/www.notibras.com\/site\/#organization"},"image":{"@id":"https:\/\/www.notibras.com\/site\/juri-condena-a-22-anos-mulher-que-matou-filho-e-escondeu-corpo-em-sofa-em-minas\/#primaryimage"},"thumbnailUrl":"https:\/\/www.notibras.com\/site\/wp-content\/uploads\/2015\/09\/mminas.jpg","articleSection":["Brasil"],"inLanguage":"pt-BR","potentialAction":[{"@type":"CommentAction","name":"Comment","target":["https:\/\/www.notibras.com\/site\/juri-condena-a-22-anos-mulher-que-matou-filho-e-escondeu-corpo-em-sofa-em-minas\/#respond"]}]},{"@type":"WebPage","@id":"https:\/\/www.notibras.com\/site\/juri-condena-a-22-anos-mulher-que-matou-filho-e-escondeu-corpo-em-sofa-em-minas\/","url":"https:\/\/www.notibras.com\/site\/juri-condena-a-22-anos-mulher-que-matou-filho-e-escondeu-corpo-em-sofa-em-minas\/","name":"J\u00fari condena a 22 anos de pris\u00e3o mulher que matou o filho e escondeu o corpo em sof\u00e1 - Notibras","isPartOf":{"@id":"https:\/\/www.notibras.com\/site\/#website"},"primaryImageOfPage":{"@id":"https:\/\/www.notibras.com\/site\/juri-condena-a-22-anos-mulher-que-matou-filho-e-escondeu-corpo-em-sofa-em-minas\/#primaryimage"},"image":{"@id":"https:\/\/www.notibras.com\/site\/juri-condena-a-22-anos-mulher-que-matou-filho-e-escondeu-corpo-em-sofa-em-minas\/#primaryimage"},"thumbnailUrl":"https:\/\/www.notibras.com\/site\/wp-content\/uploads\/2015\/09\/mminas.jpg","datePublished":"2015-09-10T23:17:55+00:00","dateModified":"2015-09-11T21:38:26+00:00","breadcrumb":{"@id":"https:\/\/www.notibras.com\/site\/juri-condena-a-22-anos-mulher-que-matou-filho-e-escondeu-corpo-em-sofa-em-minas\/#breadcrumb"},"inLanguage":"pt-BR","potentialAction":[{"@type":"ReadAction","target":["https:\/\/www.notibras.com\/site\/juri-condena-a-22-anos-mulher-que-matou-filho-e-escondeu-corpo-em-sofa-em-minas\/"]}]},{"@type":"ImageObject","inLanguage":"pt-BR","@id":"https:\/\/www.notibras.com\/site\/juri-condena-a-22-anos-mulher-que-matou-filho-e-escondeu-corpo-em-sofa-em-minas\/#primaryimage","url":"https:\/\/www.notibras.com\/site\/wp-content\/uploads\/2015\/09\/mminas.jpg","contentUrl":"https:\/\/www.notibras.com\/site\/wp-content\/uploads\/2015\/09\/mminas.jpg","width":600,"height":420},{"@type":"BreadcrumbList","@id":"https:\/\/www.notibras.com\/site\/juri-condena-a-22-anos-mulher-que-matou-filho-e-escondeu-corpo-em-sofa-em-minas\/#breadcrumb","itemListElement":[{"@type":"ListItem","position":1,"name":"In\u00edcio","item":"https:\/\/www.notibras.com\/site\/"},{"@type":"ListItem","position":2,"name":"J\u00fari condena a 22 anos de pris\u00e3o mulher que matou o filho e escondeu o corpo em sof\u00e1"}]},{"@type":"WebSite","@id":"https:\/\/www.notibras.com\/site\/#website","url":"https:\/\/www.notibras.com\/site\/","name":"Notibras","description":"Not\u00edcias de Bras\u00edlia, do Brasil e do Mundo","publisher":{"@id":"https:\/\/www.notibras.com\/site\/#organization"},"potentialAction":[{"@type":"SearchAction","target":{"@type":"EntryPoint","urlTemplate":"https:\/\/www.notibras.com\/site\/?s={search_term_string}"},"query-input":{"@type":"PropertyValueSpecification","valueRequired":true,"valueName":"search_term_string"}}],"inLanguage":"pt-BR"},{"@type":"Organization","@id":"https:\/\/www.notibras.com\/site\/#organization","name":"Grupo Notibras de Comunica\u00e7\u00e3o","url":"https:\/\/www.notibras.com\/site\/","logo":{"@type":"ImageObject","inLanguage":"pt-BR","@id":"https:\/\/www.notibras.com\/site\/#\/schema\/logo\/image\/","url":"https:\/\/www.notibras.com\/site\/wp-content\/uploads\/2023\/01\/notibras23.png","contentUrl":"https:\/\/www.notibras.com\/site\/wp-content\/uploads\/2023\/01\/notibras23.png","width":350,"height":87,"caption":"Grupo Notibras de Comunica\u00e7\u00e3o"},"image":{"@id":"https:\/\/www.notibras.com\/site\/#\/schema\/logo\/image\/"},"sameAs":["https:\/\/www.facebook.com\/notibras\/","https:\/\/x.com\/Notibras","https:\/\/www.instagram.com\/notibras\/"]},{"@type":"Person","@id":"https:\/\/www.notibras.com\/site\/#\/schema\/person\/36ab0979449956132d3e5b517ea76ac8","name":"Reda\u00e7\u00e3o","image":{"@type":"ImageObject","inLanguage":"pt-BR","@id":"https:\/\/secure.gravatar.com\/avatar\/e0a867bdedb85fd243eadf09663511f96fc81e0720a4a42581f334ad4303aa6b?s=96&d=mm&r=g","url":"https:\/\/secure.gravatar.com\/avatar\/e0a867bdedb85fd243eadf09663511f96fc81e0720a4a42581f334ad4303aa6b?s=96&d=mm&r=g","contentUrl":"https:\/\/secure.gravatar.com\/avatar\/e0a867bdedb85fd243eadf09663511f96fc81e0720a4a42581f334ad4303aa6b?s=96&d=mm&r=g","caption":"Reda\u00e7\u00e3o"}}]}},"amp_enabled":true,"_links":{"self":[{"href":"https:\/\/www.notibras.com\/site\/wp-json\/wp\/v2\/posts\/67180","targetHints":{"allow":["GET"]}}],"collection":[{"href":"https:\/\/www.notibras.com\/site\/wp-json\/wp\/v2\/posts"}],"about":[{"href":"https:\/\/www.notibras.com\/site\/wp-json\/wp\/v2\/types\/post"}],"author":[{"embeddable":true,"href":"https:\/\/www.notibras.com\/site\/wp-json\/wp\/v2\/users\/2"}],"replies":[{"embeddable":true,"href":"https:\/\/www.notibras.com\/site\/wp-json\/wp\/v2\/comments?post=67180"}],"version-history":[{"count":4,"href":"https:\/\/www.notibras.com\/site\/wp-json\/wp\/v2\/posts\/67180\/revisions"}],"predecessor-version":[{"id":67293,"href":"https:\/\/www.notibras.com\/site\/wp-json\/wp\/v2\/posts\/67180\/revisions\/67293"}],"wp:featuredmedia":[{"embeddable":true,"href":"https:\/\/www.notibras.com\/site\/wp-json\/wp\/v2\/media\/67183"}],"wp:attachment":[{"href":"https:\/\/www.notibras.com\/site\/wp-json\/wp\/v2\/media?parent=67180"}],"wp:term":[{"taxonomy":"category","embeddable":true,"href":"https:\/\/www.notibras.com\/site\/wp-json\/wp\/v2\/categories?post=67180"},{"taxonomy":"post_tag","embeddable":true,"href":"https:\/\/www.notibras.com\/site\/wp-json\/wp\/v2\/tags?post=67180"}],"curies":[{"name":"wp","href":"https:\/\/api.w.org\/{rel}","templated":true}]}}