{"id":67295,"date":"2015-09-11T19:01:12","date_gmt":"2015-09-11T22:01:12","guid":{"rendered":"http:\/\/www.notibras.com\/site\/?p=67295"},"modified":"2015-09-11T19:02:31","modified_gmt":"2015-09-11T22:02:31","slug":"rebaixamento-fragiliza-o-governo-e-dificulta-a-criacao-de-mais-impostos","status":"publish","type":"post","link":"https:\/\/www.notibras.com\/site\/rebaixamento-fragiliza-o-governo-e-dificulta-a-criacao-de-mais-impostos\/","title":{"rendered":"Rebaixamento fragiliza o governo e dificulta a cria\u00e7\u00e3o de impostos"},"content":{"rendered":"<p>A ag\u00eancia S&amp;P anunciou na \u00faltima quarta dois movimentos em rela\u00e7\u00e3o \u00e0 classifica\u00e7\u00e3o de cr\u00e9dito soberano do Brasil. O primeiro deles foi a queda do rating de BBB- para BB+, o que significa a perda do chamado grau de investimento. O segundo movimento foi colocar a nova classifica\u00e7\u00e3o de cr\u00e9dito em perspectiva negativa. Esta perspectiva atribui uma probabilidade maior que 33,3% de uma nova queda na classifica\u00e7\u00e3o de cr\u00e9dito.<\/p>\n<p>De que forma esses dois movimentos podem impactar a economia brasileira? Tipicamente, o efeito imediato ocorre sobre os pre\u00e7os dos ativos financeiros. Mercados financeiros precificam ativos de acordo com suas perspectivas futuras. Desta forma, pre\u00e7os refletem eventos de acordo com sua probabilidade de ocorr\u00eancia.<\/p>\n<p>Dada a crescente din\u00e2mica desfavor\u00e1vel no ambiente pol\u00edtico e econ\u00f4mico, a perda de grau de investimento do Brasil era em grande parte antecipada nos mercados de t\u00edtulos soberanos no exterior. O risco-pa\u00eds e o seguro para perdas com t\u00edtulos brasileiros (CDS) eram negociados a valores compat\u00edveis com a perda do grau de investimento. Por arbitragem, a taxa de c\u00e2mbio Real\/US$ tamb\u00e9m refletia esta probabilidade.<\/p>\n<p>Isto quer dizer que todo impacto da not\u00edcia j\u00e1 foi absorvido? Creio que a resposta \u00e9 negativa. A novidade do an\u00fancio resulta de dois fatos. O primeiro \u00e9 que o an\u00fancio ocorre apenas 43 dias depois da S&amp;P ter mantido o grau de investimento, por\u00e9m rebaixando a perspectiva para negativa.<\/p>\n<p>Comparando com movimenta\u00e7\u00f5es similares anteriores (de BBB- para BB+ ou equivalente), em oito casos de pa\u00edses analisados, em nenhum deles a perda ocorreu num per\u00edodo t\u00e3o curto. Tipicamente, essa movimenta\u00e7\u00e3o leva cerca de nove meses. Isso demonstra a r\u00e1pida deteriora\u00e7\u00e3o da situa\u00e7\u00e3o fiscal brasileira associada ao desfavor\u00e1vel ambiente econ\u00f4mico e pol\u00edtico.<\/p>\n<p>O segundo fator \u00e9 a ado\u00e7\u00e3o da perspectiva negativa. Isto sinaliza que n\u00e3o haver\u00e1 nenhuma boa vontade adicional da ag\u00eancia com o desempenho fiscal brasileiro. De maneira incisiva, a ag\u00eancia afirma que o ambiente pol\u00edtico comprometeu a capacidade e a resolu\u00e7\u00e3o do governo em conduzir a corre\u00e7\u00e3o necess\u00e1ria no or\u00e7amento.<\/p>\n<p>Esses fatos podem precipitar novos desdobramentos que ainda n\u00e3o est\u00e3o precificados. Em primeiro lugar, outras ag\u00eancias tender\u00e3o a acompanhar a recomenda\u00e7\u00e3o da S&amp;P rapidamente, para n\u00e3o perderem o timing. Caso pelo menos mais uma ag\u00eancia acompanhe, isto for\u00e7aria uma venda compuls\u00f3ria de ativos brasileiros nas carteiras de fundos que n\u00e3o podem ter ativos &#8220;junk&#8221; (sem grau de investimento).<\/p>\n<p>Em segundo lugar, o impacto sobre a din\u00e2mica pol\u00edtica deixar\u00e1 o governo ainda mais fragilizado para realizar os cortes de gastos e aprovar novos impostos. Em terceiro lugar, embora os efeitos da perda do grau de investimento sobre a economia real tendam a ocorrer mais lentamente que no mercado financeiro, seus impactos n\u00e3o ser\u00e3o menos relevantes.<\/p>\n<p>O cr\u00e9dito para empresas brasileiras no exterior ficar\u00e1 mais caro e mais escasso, o que ir\u00e1 contrair o cr\u00e9dito dom\u00e9stico para investimento e consumo. Empresas endividadas no exterior, como a Petrobras, dever\u00e3o reduzir ainda mais seus investimentos. Para suavizar a deprecia\u00e7\u00e3o cambial e minimizar seu repasse aos pre\u00e7os, o Banco Central ser\u00e1 for\u00e7ado a manter juros elevados por mais tempo, ou eventualmente aument\u00e1-los.<\/p>\n<p>Haver\u00e1 tamb\u00e9m impacto na entrada de investimento direto no pa\u00eds, dado o desinteresse do investidor estrangeiro. Todos esses elementos tendem a agravar a delicada situa\u00e7\u00e3o econ\u00f4mica com aumento do desemprego e queda da atividade, podendo levar \u00e0 convuls\u00e3o social.<\/p>\n<p>Esta marcha batida para o abismo econ\u00f4mico ainda pode ser interrompida. Quem sabe ao contempl\u00e1-lo, encontraremos o nosso car\u00e1ter. Tomara que n\u00e3o esteja no fundo do abismo.<\/p>\n<p><strong>Clemens Nunes<\/strong><\/p>\n","protected":false},"excerpt":{"rendered":"<p>A ag\u00eancia S&amp;P anunciou na \u00faltima quarta dois movimentos em rela\u00e7\u00e3o \u00e0 classifica\u00e7\u00e3o de cr\u00e9dito soberano do Brasil. O primeiro deles foi a queda do rating de BBB- para BB+, o que significa a perda do chamado grau de investimento. O segundo movimento foi colocar a nova classifica\u00e7\u00e3o de cr\u00e9dito em perspectiva negativa. Esta perspectiva [&hellip;]<\/p>\n","protected":false},"author":2,"featured_media":67296,"comment_status":"open","ping_status":"closed","sticky":false,"template":"","format":"standard","meta":{"_acf_changed":false,"footnotes":""},"categories":[25],"tags":[],"class_list":["post-67295","post","type-post","status-publish","format-standard","has-post-thumbnail","hentry","category-opina-ai"],"acf":[],"yoast_head":"<!-- This site is optimized with the Yoast SEO plugin v27.2 - https:\/\/yoast.com\/product\/yoast-seo-wordpress\/ -->\n<title>Rebaixamento fragiliza o governo e dificulta a cria\u00e7\u00e3o de impostos - Notibras<\/title>\n<meta name=\"robots\" content=\"index, follow, max-snippet:-1, max-image-preview:large, max-video-preview:-1\" \/>\n<link rel=\"canonical\" href=\"https:\/\/www.notibras.com\/site\/rebaixamento-fragiliza-o-governo-e-dificulta-a-criacao-de-mais-impostos\/\" \/>\n<meta property=\"og:locale\" content=\"pt_BR\" \/>\n<meta property=\"og:type\" content=\"article\" \/>\n<meta property=\"og:title\" content=\"Rebaixamento fragiliza o governo e dificulta a cria\u00e7\u00e3o de impostos - Notibras\" \/>\n<meta property=\"og:description\" content=\"A ag\u00eancia S&amp;P anunciou na \u00faltima quarta dois movimentos em rela\u00e7\u00e3o \u00e0 classifica\u00e7\u00e3o de cr\u00e9dito soberano do Brasil. O primeiro deles foi a queda do rating de BBB- para BB+, o que significa a perda do chamado grau de investimento. O segundo movimento foi colocar a nova classifica\u00e7\u00e3o de cr\u00e9dito em perspectiva negativa. Esta perspectiva [&hellip;]\" \/>\n<meta property=\"og:url\" content=\"https:\/\/www.notibras.com\/site\/rebaixamento-fragiliza-o-governo-e-dificulta-a-criacao-de-mais-impostos\/\" \/>\n<meta property=\"og:site_name\" content=\"Notibras\" \/>\n<meta property=\"article:publisher\" content=\"https:\/\/www.facebook.com\/notibras\/\" \/>\n<meta property=\"article:published_time\" content=\"2015-09-11T22:01:12+00:00\" \/>\n<meta property=\"article:modified_time\" content=\"2015-09-11T22:02:31+00:00\" \/>\n<meta property=\"og:image\" content=\"https:\/\/www.notibras.com\/site\/wp-content\/uploads\/2015\/09\/reba.jpg\" \/>\n\t<meta property=\"og:image:width\" content=\"620\" \/>\n\t<meta property=\"og:image:height\" content=\"465\" \/>\n\t<meta property=\"og:image:type\" content=\"image\/jpeg\" \/>\n<meta name=\"author\" content=\"Reda\u00e7\u00e3o\" \/>\n<meta name=\"twitter:card\" content=\"summary_large_image\" \/>\n<meta name=\"twitter:creator\" content=\"@Notibras\" \/>\n<meta name=\"twitter:site\" content=\"@Notibras\" \/>\n<meta name=\"twitter:label1\" content=\"Escrito por\" \/>\n\t<meta name=\"twitter:data1\" content=\"Reda\u00e7\u00e3o\" \/>\n\t<meta name=\"twitter:label2\" content=\"Est. tempo de leitura\" \/>\n\t<meta name=\"twitter:data2\" content=\"3 minutos\" \/>\n<script type=\"application\/ld+json\" class=\"yoast-schema-graph\">{\"@context\":\"https:\/\/schema.org\",\"@graph\":[{\"@type\":\"Article\",\"@id\":\"https:\/\/www.notibras.com\/site\/rebaixamento-fragiliza-o-governo-e-dificulta-a-criacao-de-mais-impostos\/#article\",\"isPartOf\":{\"@id\":\"https:\/\/www.notibras.com\/site\/rebaixamento-fragiliza-o-governo-e-dificulta-a-criacao-de-mais-impostos\/\"},\"author\":{\"name\":\"Reda\u00e7\u00e3o\",\"@id\":\"https:\/\/www.notibras.com\/site\/#\/schema\/person\/36ab0979449956132d3e5b517ea76ac8\"},\"headline\":\"Rebaixamento fragiliza o governo e dificulta a cria\u00e7\u00e3o de impostos\",\"datePublished\":\"2015-09-11T22:01:12+00:00\",\"dateModified\":\"2015-09-11T22:02:31+00:00\",\"mainEntityOfPage\":{\"@id\":\"https:\/\/www.notibras.com\/site\/rebaixamento-fragiliza-o-governo-e-dificulta-a-criacao-de-mais-impostos\/\"},\"wordCount\":660,\"commentCount\":0,\"publisher\":{\"@id\":\"https:\/\/www.notibras.com\/site\/#organization\"},\"image\":{\"@id\":\"https:\/\/www.notibras.com\/site\/rebaixamento-fragiliza-o-governo-e-dificulta-a-criacao-de-mais-impostos\/#primaryimage\"},\"thumbnailUrl\":\"https:\/\/www.notibras.com\/site\/wp-content\/uploads\/2015\/09\/reba.jpg\",\"articleSection\":[\"Opina a\u00ed\"],\"inLanguage\":\"pt-BR\",\"potentialAction\":[{\"@type\":\"CommentAction\",\"name\":\"Comment\",\"target\":[\"https:\/\/www.notibras.com\/site\/rebaixamento-fragiliza-o-governo-e-dificulta-a-criacao-de-mais-impostos\/#respond\"]}]},{\"@type\":\"WebPage\",\"@id\":\"https:\/\/www.notibras.com\/site\/rebaixamento-fragiliza-o-governo-e-dificulta-a-criacao-de-mais-impostos\/\",\"url\":\"https:\/\/www.notibras.com\/site\/rebaixamento-fragiliza-o-governo-e-dificulta-a-criacao-de-mais-impostos\/\",\"name\":\"Rebaixamento fragiliza o governo e dificulta a cria\u00e7\u00e3o de impostos - Notibras\",\"isPartOf\":{\"@id\":\"https:\/\/www.notibras.com\/site\/#website\"},\"primaryImageOfPage\":{\"@id\":\"https:\/\/www.notibras.com\/site\/rebaixamento-fragiliza-o-governo-e-dificulta-a-criacao-de-mais-impostos\/#primaryimage\"},\"image\":{\"@id\":\"https:\/\/www.notibras.com\/site\/rebaixamento-fragiliza-o-governo-e-dificulta-a-criacao-de-mais-impostos\/#primaryimage\"},\"thumbnailUrl\":\"https:\/\/www.notibras.com\/site\/wp-content\/uploads\/2015\/09\/reba.jpg\",\"datePublished\":\"2015-09-11T22:01:12+00:00\",\"dateModified\":\"2015-09-11T22:02:31+00:00\",\"breadcrumb\":{\"@id\":\"https:\/\/www.notibras.com\/site\/rebaixamento-fragiliza-o-governo-e-dificulta-a-criacao-de-mais-impostos\/#breadcrumb\"},\"inLanguage\":\"pt-BR\",\"potentialAction\":[{\"@type\":\"ReadAction\",\"target\":[\"https:\/\/www.notibras.com\/site\/rebaixamento-fragiliza-o-governo-e-dificulta-a-criacao-de-mais-impostos\/\"]}]},{\"@type\":\"ImageObject\",\"inLanguage\":\"pt-BR\",\"@id\":\"https:\/\/www.notibras.com\/site\/rebaixamento-fragiliza-o-governo-e-dificulta-a-criacao-de-mais-impostos\/#primaryimage\",\"url\":\"https:\/\/www.notibras.com\/site\/wp-content\/uploads\/2015\/09\/reba.jpg\",\"contentUrl\":\"https:\/\/www.notibras.com\/site\/wp-content\/uploads\/2015\/09\/reba.jpg\",\"width\":620,\"height\":465},{\"@type\":\"BreadcrumbList\",\"@id\":\"https:\/\/www.notibras.com\/site\/rebaixamento-fragiliza-o-governo-e-dificulta-a-criacao-de-mais-impostos\/#breadcrumb\",\"itemListElement\":[{\"@type\":\"ListItem\",\"position\":1,\"name\":\"In\u00edcio\",\"item\":\"https:\/\/www.notibras.com\/site\/\"},{\"@type\":\"ListItem\",\"position\":2,\"name\":\"Rebaixamento fragiliza o governo e dificulta a cria\u00e7\u00e3o de impostos\"}]},{\"@type\":\"WebSite\",\"@id\":\"https:\/\/www.notibras.com\/site\/#website\",\"url\":\"https:\/\/www.notibras.com\/site\/\",\"name\":\"Notibras\",\"description\":\"Not\u00edcias de Bras\u00edlia, do Brasil e do Mundo\",\"publisher\":{\"@id\":\"https:\/\/www.notibras.com\/site\/#organization\"},\"potentialAction\":[{\"@type\":\"SearchAction\",\"target\":{\"@type\":\"EntryPoint\",\"urlTemplate\":\"https:\/\/www.notibras.com\/site\/?s={search_term_string}\"},\"query-input\":{\"@type\":\"PropertyValueSpecification\",\"valueRequired\":true,\"valueName\":\"search_term_string\"}}],\"inLanguage\":\"pt-BR\"},{\"@type\":\"Organization\",\"@id\":\"https:\/\/www.notibras.com\/site\/#organization\",\"name\":\"Grupo Notibras de Comunica\u00e7\u00e3o\",\"url\":\"https:\/\/www.notibras.com\/site\/\",\"logo\":{\"@type\":\"ImageObject\",\"inLanguage\":\"pt-BR\",\"@id\":\"https:\/\/www.notibras.com\/site\/#\/schema\/logo\/image\/\",\"url\":\"https:\/\/www.notibras.com\/site\/wp-content\/uploads\/2023\/01\/notibras23.png\",\"contentUrl\":\"https:\/\/www.notibras.com\/site\/wp-content\/uploads\/2023\/01\/notibras23.png\",\"width\":350,\"height\":87,\"caption\":\"Grupo Notibras de Comunica\u00e7\u00e3o\"},\"image\":{\"@id\":\"https:\/\/www.notibras.com\/site\/#\/schema\/logo\/image\/\"},\"sameAs\":[\"https:\/\/www.facebook.com\/notibras\/\",\"https:\/\/x.com\/Notibras\",\"https:\/\/www.instagram.com\/notibras\/\"]},{\"@type\":\"Person\",\"@id\":\"https:\/\/www.notibras.com\/site\/#\/schema\/person\/36ab0979449956132d3e5b517ea76ac8\",\"name\":\"Reda\u00e7\u00e3o\",\"image\":{\"@type\":\"ImageObject\",\"inLanguage\":\"pt-BR\",\"@id\":\"https:\/\/secure.gravatar.com\/avatar\/e0a867bdedb85fd243eadf09663511f96fc81e0720a4a42581f334ad4303aa6b?s=96&d=mm&r=g\",\"url\":\"https:\/\/secure.gravatar.com\/avatar\/e0a867bdedb85fd243eadf09663511f96fc81e0720a4a42581f334ad4303aa6b?s=96&d=mm&r=g\",\"contentUrl\":\"https:\/\/secure.gravatar.com\/avatar\/e0a867bdedb85fd243eadf09663511f96fc81e0720a4a42581f334ad4303aa6b?s=96&d=mm&r=g\",\"caption\":\"Reda\u00e7\u00e3o\"}}]}<\/script>\n<!-- \/ Yoast SEO plugin. -->","yoast_head_json":{"title":"Rebaixamento fragiliza o governo e dificulta a cria\u00e7\u00e3o de impostos - Notibras","robots":{"index":"index","follow":"follow","max-snippet":"max-snippet:-1","max-image-preview":"max-image-preview:large","max-video-preview":"max-video-preview:-1"},"canonical":"https:\/\/www.notibras.com\/site\/rebaixamento-fragiliza-o-governo-e-dificulta-a-criacao-de-mais-impostos\/","og_locale":"pt_BR","og_type":"article","og_title":"Rebaixamento fragiliza o governo e dificulta a cria\u00e7\u00e3o de impostos - Notibras","og_description":"A ag\u00eancia S&amp;P anunciou na \u00faltima quarta dois movimentos em rela\u00e7\u00e3o \u00e0 classifica\u00e7\u00e3o de cr\u00e9dito soberano do Brasil. O primeiro deles foi a queda do rating de BBB- para BB+, o que significa a perda do chamado grau de investimento. O segundo movimento foi colocar a nova classifica\u00e7\u00e3o de cr\u00e9dito em perspectiva negativa. Esta perspectiva [&hellip;]","og_url":"https:\/\/www.notibras.com\/site\/rebaixamento-fragiliza-o-governo-e-dificulta-a-criacao-de-mais-impostos\/","og_site_name":"Notibras","article_publisher":"https:\/\/www.facebook.com\/notibras\/","article_published_time":"2015-09-11T22:01:12+00:00","article_modified_time":"2015-09-11T22:02:31+00:00","og_image":[{"width":620,"height":465,"url":"https:\/\/www.notibras.com\/site\/wp-content\/uploads\/2015\/09\/reba.jpg","type":"image\/jpeg"}],"author":"Reda\u00e7\u00e3o","twitter_card":"summary_large_image","twitter_creator":"@Notibras","twitter_site":"@Notibras","twitter_misc":{"Escrito por":"Reda\u00e7\u00e3o","Est. tempo de leitura":"3 minutos"},"schema":{"@context":"https:\/\/schema.org","@graph":[{"@type":"Article","@id":"https:\/\/www.notibras.com\/site\/rebaixamento-fragiliza-o-governo-e-dificulta-a-criacao-de-mais-impostos\/#article","isPartOf":{"@id":"https:\/\/www.notibras.com\/site\/rebaixamento-fragiliza-o-governo-e-dificulta-a-criacao-de-mais-impostos\/"},"author":{"name":"Reda\u00e7\u00e3o","@id":"https:\/\/www.notibras.com\/site\/#\/schema\/person\/36ab0979449956132d3e5b517ea76ac8"},"headline":"Rebaixamento fragiliza o governo e dificulta a cria\u00e7\u00e3o de impostos","datePublished":"2015-09-11T22:01:12+00:00","dateModified":"2015-09-11T22:02:31+00:00","mainEntityOfPage":{"@id":"https:\/\/www.notibras.com\/site\/rebaixamento-fragiliza-o-governo-e-dificulta-a-criacao-de-mais-impostos\/"},"wordCount":660,"commentCount":0,"publisher":{"@id":"https:\/\/www.notibras.com\/site\/#organization"},"image":{"@id":"https:\/\/www.notibras.com\/site\/rebaixamento-fragiliza-o-governo-e-dificulta-a-criacao-de-mais-impostos\/#primaryimage"},"thumbnailUrl":"https:\/\/www.notibras.com\/site\/wp-content\/uploads\/2015\/09\/reba.jpg","articleSection":["Opina a\u00ed"],"inLanguage":"pt-BR","potentialAction":[{"@type":"CommentAction","name":"Comment","target":["https:\/\/www.notibras.com\/site\/rebaixamento-fragiliza-o-governo-e-dificulta-a-criacao-de-mais-impostos\/#respond"]}]},{"@type":"WebPage","@id":"https:\/\/www.notibras.com\/site\/rebaixamento-fragiliza-o-governo-e-dificulta-a-criacao-de-mais-impostos\/","url":"https:\/\/www.notibras.com\/site\/rebaixamento-fragiliza-o-governo-e-dificulta-a-criacao-de-mais-impostos\/","name":"Rebaixamento fragiliza o governo e dificulta a cria\u00e7\u00e3o de impostos - Notibras","isPartOf":{"@id":"https:\/\/www.notibras.com\/site\/#website"},"primaryImageOfPage":{"@id":"https:\/\/www.notibras.com\/site\/rebaixamento-fragiliza-o-governo-e-dificulta-a-criacao-de-mais-impostos\/#primaryimage"},"image":{"@id":"https:\/\/www.notibras.com\/site\/rebaixamento-fragiliza-o-governo-e-dificulta-a-criacao-de-mais-impostos\/#primaryimage"},"thumbnailUrl":"https:\/\/www.notibras.com\/site\/wp-content\/uploads\/2015\/09\/reba.jpg","datePublished":"2015-09-11T22:01:12+00:00","dateModified":"2015-09-11T22:02:31+00:00","breadcrumb":{"@id":"https:\/\/www.notibras.com\/site\/rebaixamento-fragiliza-o-governo-e-dificulta-a-criacao-de-mais-impostos\/#breadcrumb"},"inLanguage":"pt-BR","potentialAction":[{"@type":"ReadAction","target":["https:\/\/www.notibras.com\/site\/rebaixamento-fragiliza-o-governo-e-dificulta-a-criacao-de-mais-impostos\/"]}]},{"@type":"ImageObject","inLanguage":"pt-BR","@id":"https:\/\/www.notibras.com\/site\/rebaixamento-fragiliza-o-governo-e-dificulta-a-criacao-de-mais-impostos\/#primaryimage","url":"https:\/\/www.notibras.com\/site\/wp-content\/uploads\/2015\/09\/reba.jpg","contentUrl":"https:\/\/www.notibras.com\/site\/wp-content\/uploads\/2015\/09\/reba.jpg","width":620,"height":465},{"@type":"BreadcrumbList","@id":"https:\/\/www.notibras.com\/site\/rebaixamento-fragiliza-o-governo-e-dificulta-a-criacao-de-mais-impostos\/#breadcrumb","itemListElement":[{"@type":"ListItem","position":1,"name":"In\u00edcio","item":"https:\/\/www.notibras.com\/site\/"},{"@type":"ListItem","position":2,"name":"Rebaixamento fragiliza o governo e dificulta a cria\u00e7\u00e3o de impostos"}]},{"@type":"WebSite","@id":"https:\/\/www.notibras.com\/site\/#website","url":"https:\/\/www.notibras.com\/site\/","name":"Notibras","description":"Not\u00edcias de Bras\u00edlia, do Brasil e do Mundo","publisher":{"@id":"https:\/\/www.notibras.com\/site\/#organization"},"potentialAction":[{"@type":"SearchAction","target":{"@type":"EntryPoint","urlTemplate":"https:\/\/www.notibras.com\/site\/?s={search_term_string}"},"query-input":{"@type":"PropertyValueSpecification","valueRequired":true,"valueName":"search_term_string"}}],"inLanguage":"pt-BR"},{"@type":"Organization","@id":"https:\/\/www.notibras.com\/site\/#organization","name":"Grupo Notibras de Comunica\u00e7\u00e3o","url":"https:\/\/www.notibras.com\/site\/","logo":{"@type":"ImageObject","inLanguage":"pt-BR","@id":"https:\/\/www.notibras.com\/site\/#\/schema\/logo\/image\/","url":"https:\/\/www.notibras.com\/site\/wp-content\/uploads\/2023\/01\/notibras23.png","contentUrl":"https:\/\/www.notibras.com\/site\/wp-content\/uploads\/2023\/01\/notibras23.png","width":350,"height":87,"caption":"Grupo Notibras de Comunica\u00e7\u00e3o"},"image":{"@id":"https:\/\/www.notibras.com\/site\/#\/schema\/logo\/image\/"},"sameAs":["https:\/\/www.facebook.com\/notibras\/","https:\/\/x.com\/Notibras","https:\/\/www.instagram.com\/notibras\/"]},{"@type":"Person","@id":"https:\/\/www.notibras.com\/site\/#\/schema\/person\/36ab0979449956132d3e5b517ea76ac8","name":"Reda\u00e7\u00e3o","image":{"@type":"ImageObject","inLanguage":"pt-BR","@id":"https:\/\/secure.gravatar.com\/avatar\/e0a867bdedb85fd243eadf09663511f96fc81e0720a4a42581f334ad4303aa6b?s=96&d=mm&r=g","url":"https:\/\/secure.gravatar.com\/avatar\/e0a867bdedb85fd243eadf09663511f96fc81e0720a4a42581f334ad4303aa6b?s=96&d=mm&r=g","contentUrl":"https:\/\/secure.gravatar.com\/avatar\/e0a867bdedb85fd243eadf09663511f96fc81e0720a4a42581f334ad4303aa6b?s=96&d=mm&r=g","caption":"Reda\u00e7\u00e3o"}}]}},"amp_enabled":true,"_links":{"self":[{"href":"https:\/\/www.notibras.com\/site\/wp-json\/wp\/v2\/posts\/67295","targetHints":{"allow":["GET"]}}],"collection":[{"href":"https:\/\/www.notibras.com\/site\/wp-json\/wp\/v2\/posts"}],"about":[{"href":"https:\/\/www.notibras.com\/site\/wp-json\/wp\/v2\/types\/post"}],"author":[{"embeddable":true,"href":"https:\/\/www.notibras.com\/site\/wp-json\/wp\/v2\/users\/2"}],"replies":[{"embeddable":true,"href":"https:\/\/www.notibras.com\/site\/wp-json\/wp\/v2\/comments?post=67295"}],"version-history":[{"count":2,"href":"https:\/\/www.notibras.com\/site\/wp-json\/wp\/v2\/posts\/67295\/revisions"}],"predecessor-version":[{"id":67298,"href":"https:\/\/www.notibras.com\/site\/wp-json\/wp\/v2\/posts\/67295\/revisions\/67298"}],"wp:featuredmedia":[{"embeddable":true,"href":"https:\/\/www.notibras.com\/site\/wp-json\/wp\/v2\/media\/67296"}],"wp:attachment":[{"href":"https:\/\/www.notibras.com\/site\/wp-json\/wp\/v2\/media?parent=67295"}],"wp:term":[{"taxonomy":"category","embeddable":true,"href":"https:\/\/www.notibras.com\/site\/wp-json\/wp\/v2\/categories?post=67295"},{"taxonomy":"post_tag","embeddable":true,"href":"https:\/\/www.notibras.com\/site\/wp-json\/wp\/v2\/tags?post=67295"}],"curies":[{"name":"wp","href":"https:\/\/api.w.org\/{rel}","templated":true}]}}