{"id":67360,"date":"2015-09-12T12:02:06","date_gmt":"2015-09-12T15:02:06","guid":{"rendered":"http:\/\/www.notibras.com\/site\/?p=67360"},"modified":"2015-09-13T16:01:02","modified_gmt":"2015-09-13T19:01:02","slug":"basta-ou-matamos-a-crise-etica-ou-a-falta-de-moral-nos-consome","status":"publish","type":"post","link":"https:\/\/www.notibras.com\/site\/basta-ou-matamos-a-crise-etica-ou-a-falta-de-moral-nos-consome\/","title":{"rendered":"Basta! Ou matamos a crise \u00e9tica ou a falta de moral consome o povo"},"content":{"rendered":"<p>O Brasil passa por uma das piores crises de sua hist\u00f3ria e n\u00e3o \u00e9 apenas econ\u00f4mica. Todos os problemas que enfrentamos diariamente se devem ao grave desvio moral, \u00e9tico e \u00e0 baixa expectativa quanto \u00e0 qualidade, desde a escolha dos governantes at\u00e9 a cal\u00e7ada sobre a qual andamos.<\/p>\n<p>O padr\u00e3o de qualidade exigido pelos brasileiros \u00e9 muito baixo. Observe-se que aceitamos pagar por um carro sem qualquer item de seguran\u00e7a e conforto o mesmo pre\u00e7o que se paga por um carro completo nos Estados Unidos. Estamos aceitando pagar R$ 25 por um sandu\u00edche num food truck que, em qualquer lugar do mundo, vende comida barata.<\/p>\n<p>Essa aceita\u00e7\u00e3o de qualquer coisa toma propor\u00e7\u00f5es inimagin\u00e1veis e algumas pessoas n\u00e3o percebem que tudo est\u00e1 conectado. Por isso vemos o povo, os intelectuais, os pol\u00edticos e os juristas aceitarem que os ministros do Supremo Tribunal Federal sejam escolhidos pela presid\u00eancia da rep\u00fablica.<\/p>\n<p>N\u00e3o bastasse essa regra para ocupar a cadeira ser absurda, sendo um poder escolhido por outro, o STF inova legislando ao inv\u00e9s de interpretar as leis. A fun\u00e7\u00e3o do STF estabelecida no artigo 102 \u00e9 a guarda da Carta Maior, cabendo a ele interpret\u00e1-la. Legislar \u00e9 fun\u00e7\u00e3o do Congresso Nacional, no entanto vemos a cada dia os tribunais legislando por meio de seus julgados.<\/p>\n<p>Estamos acompanhando o julgamento da maconha e os 11 ministros est\u00e3o decidindo se o porte \u00e9 crime ou n\u00e3o. Quem tem que dizer o que \u00e9 crime, se a a\u00e7\u00e3o penal \u00e9 p\u00fablica ou privada \u00e9 a lei e n\u00e3o o tribunal. As s\u00famulas est\u00e3o chegando ao ponto de modificar o que est\u00e1 escrito nos c\u00f3digos de processo sem que a altera\u00e7\u00e3o passe pelas casas legislativas. Quem duvida que o pr\u00f3ximo t\u00f3pico a entrar na pauta ser\u00e1 o aborto?<\/p>\n<p>Muito se reclama do Executivo e Legislativo, os poderes que em tese s\u00e3o os mais democr\u00e1ticos ante a escolha popular de seus integrantes, por\u00e9m vemos em todos os n\u00edveis que o mais nefasto atualmente \u00e9 o Judici\u00e1rio, que a cada dia se ocupa em legislar e n\u00e3o cumprir a lei. H\u00e1 v\u00e1rios exemplos: n\u00e3o cumprimento de reintegra\u00e7\u00e3o de posse contra o MST, de revers\u00e3o de guarda em favor do pai por maus tratos da m\u00e3e, de andamento regular de processo contra o INSS em mandado de seguran\u00e7a&#8230; e por a\u00ed vai.<\/p>\n<p>A culpa \u00e9 dos ju\u00edzes? Nem sempre. O aparelhamento dos conselhos pelo \u201cpoliticamente correto\u201d coloca os magistrados em situa\u00e7\u00e3o bastante desconfort\u00e1vel e sujeitos a retalia\u00e7\u00f5es. Tudo est\u00e1 interligado. N\u00e3o adianta se fazer um movimento contra os entes pol\u00edticos se os judiciais est\u00e3o aparelhados, eis que aqueles ser\u00e3o julgados por estes, que por sua vez s\u00e3o escolhidos pelos primeiros.<\/p>\n<p>Comecei falando de crise e conclui falando de crise. A crise econ\u00f4mica \u00e9 vis\u00edvel, no entanto a crise moral e \u00e9tica \u00e9 a m\u00e3e de todas elas. Enquanto aceitarmos pagar caro por uma gasolina batizada, continuaremos aceitando calados que o presidente escolha seu j\u00fari, juiz e carrasco.<\/p>\n","protected":false},"excerpt":{"rendered":"<p>O Brasil passa por uma das piores crises de sua hist\u00f3ria e n\u00e3o \u00e9 apenas econ\u00f4mica. Todos os problemas que enfrentamos diariamente se devem ao grave desvio moral, \u00e9tico e \u00e0 baixa expectativa quanto \u00e0 qualidade, desde a escolha dos governantes at\u00e9 a cal\u00e7ada sobre a qual andamos. O padr\u00e3o de qualidade exigido pelos brasileiros [&hellip;]<\/p>\n","protected":false},"author":2,"featured_media":67361,"comment_status":"open","ping_status":"closed","sticky":false,"template":"","format":"standard","meta":{"_acf_changed":false,"footnotes":""},"categories":[47],"tags":[],"class_list":["post-67360","post","type-post","status-publish","format-standard","has-post-thumbnail","hentry","category-denia"],"acf":[],"yoast_head":"<!-- This site is optimized with the Yoast SEO plugin v27.2 - https:\/\/yoast.com\/product\/yoast-seo-wordpress\/ -->\n<title>Basta! Ou matamos a crise \u00e9tica ou a falta de moral consome o povo - Notibras<\/title>\n<meta name=\"robots\" content=\"index, follow, max-snippet:-1, max-image-preview:large, max-video-preview:-1\" \/>\n<link rel=\"canonical\" href=\"https:\/\/www.notibras.com\/site\/basta-ou-matamos-a-crise-etica-ou-a-falta-de-moral-nos-consome\/\" \/>\n<meta property=\"og:locale\" content=\"pt_BR\" \/>\n<meta property=\"og:type\" content=\"article\" \/>\n<meta property=\"og:title\" content=\"Basta! Ou matamos a crise \u00e9tica ou a falta de moral consome o povo - Notibras\" \/>\n<meta property=\"og:description\" content=\"O Brasil passa por uma das piores crises de sua hist\u00f3ria e n\u00e3o \u00e9 apenas econ\u00f4mica. Todos os problemas que enfrentamos diariamente se devem ao grave desvio moral, \u00e9tico e \u00e0 baixa expectativa quanto \u00e0 qualidade, desde a escolha dos governantes at\u00e9 a cal\u00e7ada sobre a qual andamos. O padr\u00e3o de qualidade exigido pelos brasileiros [&hellip;]\" \/>\n<meta property=\"og:url\" content=\"https:\/\/www.notibras.com\/site\/basta-ou-matamos-a-crise-etica-ou-a-falta-de-moral-nos-consome\/\" \/>\n<meta property=\"og:site_name\" content=\"Notibras\" \/>\n<meta property=\"article:publisher\" content=\"https:\/\/www.facebook.com\/notibras\/\" \/>\n<meta property=\"article:published_time\" content=\"2015-09-12T15:02:06+00:00\" \/>\n<meta property=\"article:modified_time\" content=\"2015-09-13T19:01:02+00:00\" \/>\n<meta property=\"og:image\" content=\"https:\/\/www.notibras.com\/site\/wp-content\/uploads\/2015\/09\/olho20brasil.jpg\" \/>\n\t<meta property=\"og:image:width\" content=\"500\" \/>\n\t<meta property=\"og:image:height\" content=\"332\" \/>\n\t<meta property=\"og:image:type\" content=\"image\/jpeg\" \/>\n<meta name=\"author\" content=\"Reda\u00e7\u00e3o\" \/>\n<meta name=\"twitter:card\" content=\"summary_large_image\" \/>\n<meta name=\"twitter:creator\" content=\"@Notibras\" \/>\n<meta name=\"twitter:site\" content=\"@Notibras\" \/>\n<meta name=\"twitter:label1\" content=\"Escrito por\" \/>\n\t<meta name=\"twitter:data1\" content=\"Reda\u00e7\u00e3o\" \/>\n\t<meta name=\"twitter:label2\" content=\"Est. tempo de leitura\" \/>\n\t<meta name=\"twitter:data2\" content=\"3 minutos\" \/>\n<script type=\"application\/ld+json\" class=\"yoast-schema-graph\">{\"@context\":\"https:\/\/schema.org\",\"@graph\":[{\"@type\":\"Article\",\"@id\":\"https:\/\/www.notibras.com\/site\/basta-ou-matamos-a-crise-etica-ou-a-falta-de-moral-nos-consome\/#article\",\"isPartOf\":{\"@id\":\"https:\/\/www.notibras.com\/site\/basta-ou-matamos-a-crise-etica-ou-a-falta-de-moral-nos-consome\/\"},\"author\":{\"name\":\"Reda\u00e7\u00e3o\",\"@id\":\"https:\/\/www.notibras.com\/site\/#\/schema\/person\/36ab0979449956132d3e5b517ea76ac8\"},\"headline\":\"Basta! Ou matamos a crise \u00e9tica ou a falta de moral consome o povo\",\"datePublished\":\"2015-09-12T15:02:06+00:00\",\"dateModified\":\"2015-09-13T19:01:02+00:00\",\"mainEntityOfPage\":{\"@id\":\"https:\/\/www.notibras.com\/site\/basta-ou-matamos-a-crise-etica-ou-a-falta-de-moral-nos-consome\/\"},\"wordCount\":540,\"commentCount\":0,\"publisher\":{\"@id\":\"https:\/\/www.notibras.com\/site\/#organization\"},\"image\":{\"@id\":\"https:\/\/www.notibras.com\/site\/basta-ou-matamos-a-crise-etica-ou-a-falta-de-moral-nos-consome\/#primaryimage\"},\"thumbnailUrl\":\"https:\/\/www.notibras.com\/site\/wp-content\/uploads\/2015\/09\/olho20brasil.jpg\",\"articleSection\":[\"D\u00eania Magalh\u00e3es\"],\"inLanguage\":\"pt-BR\",\"potentialAction\":[{\"@type\":\"CommentAction\",\"name\":\"Comment\",\"target\":[\"https:\/\/www.notibras.com\/site\/basta-ou-matamos-a-crise-etica-ou-a-falta-de-moral-nos-consome\/#respond\"]}]},{\"@type\":\"WebPage\",\"@id\":\"https:\/\/www.notibras.com\/site\/basta-ou-matamos-a-crise-etica-ou-a-falta-de-moral-nos-consome\/\",\"url\":\"https:\/\/www.notibras.com\/site\/basta-ou-matamos-a-crise-etica-ou-a-falta-de-moral-nos-consome\/\",\"name\":\"Basta! Ou matamos a crise \u00e9tica ou a falta de moral consome o povo - Notibras\",\"isPartOf\":{\"@id\":\"https:\/\/www.notibras.com\/site\/#website\"},\"primaryImageOfPage\":{\"@id\":\"https:\/\/www.notibras.com\/site\/basta-ou-matamos-a-crise-etica-ou-a-falta-de-moral-nos-consome\/#primaryimage\"},\"image\":{\"@id\":\"https:\/\/www.notibras.com\/site\/basta-ou-matamos-a-crise-etica-ou-a-falta-de-moral-nos-consome\/#primaryimage\"},\"thumbnailUrl\":\"https:\/\/www.notibras.com\/site\/wp-content\/uploads\/2015\/09\/olho20brasil.jpg\",\"datePublished\":\"2015-09-12T15:02:06+00:00\",\"dateModified\":\"2015-09-13T19:01:02+00:00\",\"breadcrumb\":{\"@id\":\"https:\/\/www.notibras.com\/site\/basta-ou-matamos-a-crise-etica-ou-a-falta-de-moral-nos-consome\/#breadcrumb\"},\"inLanguage\":\"pt-BR\",\"potentialAction\":[{\"@type\":\"ReadAction\",\"target\":[\"https:\/\/www.notibras.com\/site\/basta-ou-matamos-a-crise-etica-ou-a-falta-de-moral-nos-consome\/\"]}]},{\"@type\":\"ImageObject\",\"inLanguage\":\"pt-BR\",\"@id\":\"https:\/\/www.notibras.com\/site\/basta-ou-matamos-a-crise-etica-ou-a-falta-de-moral-nos-consome\/#primaryimage\",\"url\":\"https:\/\/www.notibras.com\/site\/wp-content\/uploads\/2015\/09\/olho20brasil.jpg\",\"contentUrl\":\"https:\/\/www.notibras.com\/site\/wp-content\/uploads\/2015\/09\/olho20brasil.jpg\",\"width\":500,\"height\":332},{\"@type\":\"BreadcrumbList\",\"@id\":\"https:\/\/www.notibras.com\/site\/basta-ou-matamos-a-crise-etica-ou-a-falta-de-moral-nos-consome\/#breadcrumb\",\"itemListElement\":[{\"@type\":\"ListItem\",\"position\":1,\"name\":\"In\u00edcio\",\"item\":\"https:\/\/www.notibras.com\/site\/\"},{\"@type\":\"ListItem\",\"position\":2,\"name\":\"Basta! Ou matamos a crise \u00e9tica ou a falta de moral consome o povo\"}]},{\"@type\":\"WebSite\",\"@id\":\"https:\/\/www.notibras.com\/site\/#website\",\"url\":\"https:\/\/www.notibras.com\/site\/\",\"name\":\"Notibras\",\"description\":\"Not\u00edcias de Bras\u00edlia, do Brasil e do Mundo\",\"publisher\":{\"@id\":\"https:\/\/www.notibras.com\/site\/#organization\"},\"potentialAction\":[{\"@type\":\"SearchAction\",\"target\":{\"@type\":\"EntryPoint\",\"urlTemplate\":\"https:\/\/www.notibras.com\/site\/?s={search_term_string}\"},\"query-input\":{\"@type\":\"PropertyValueSpecification\",\"valueRequired\":true,\"valueName\":\"search_term_string\"}}],\"inLanguage\":\"pt-BR\"},{\"@type\":\"Organization\",\"@id\":\"https:\/\/www.notibras.com\/site\/#organization\",\"name\":\"Grupo Notibras de Comunica\u00e7\u00e3o\",\"url\":\"https:\/\/www.notibras.com\/site\/\",\"logo\":{\"@type\":\"ImageObject\",\"inLanguage\":\"pt-BR\",\"@id\":\"https:\/\/www.notibras.com\/site\/#\/schema\/logo\/image\/\",\"url\":\"https:\/\/www.notibras.com\/site\/wp-content\/uploads\/2023\/01\/notibras23.png\",\"contentUrl\":\"https:\/\/www.notibras.com\/site\/wp-content\/uploads\/2023\/01\/notibras23.png\",\"width\":350,\"height\":87,\"caption\":\"Grupo Notibras de Comunica\u00e7\u00e3o\"},\"image\":{\"@id\":\"https:\/\/www.notibras.com\/site\/#\/schema\/logo\/image\/\"},\"sameAs\":[\"https:\/\/www.facebook.com\/notibras\/\",\"https:\/\/x.com\/Notibras\",\"https:\/\/www.instagram.com\/notibras\/\"]},{\"@type\":\"Person\",\"@id\":\"https:\/\/www.notibras.com\/site\/#\/schema\/person\/36ab0979449956132d3e5b517ea76ac8\",\"name\":\"Reda\u00e7\u00e3o\",\"image\":{\"@type\":\"ImageObject\",\"inLanguage\":\"pt-BR\",\"@id\":\"https:\/\/secure.gravatar.com\/avatar\/e0a867bdedb85fd243eadf09663511f96fc81e0720a4a42581f334ad4303aa6b?s=96&d=mm&r=g\",\"url\":\"https:\/\/secure.gravatar.com\/avatar\/e0a867bdedb85fd243eadf09663511f96fc81e0720a4a42581f334ad4303aa6b?s=96&d=mm&r=g\",\"contentUrl\":\"https:\/\/secure.gravatar.com\/avatar\/e0a867bdedb85fd243eadf09663511f96fc81e0720a4a42581f334ad4303aa6b?s=96&d=mm&r=g\",\"caption\":\"Reda\u00e7\u00e3o\"}}]}<\/script>\n<!-- \/ Yoast SEO plugin. -->","yoast_head_json":{"title":"Basta! Ou matamos a crise \u00e9tica ou a falta de moral consome o povo - Notibras","robots":{"index":"index","follow":"follow","max-snippet":"max-snippet:-1","max-image-preview":"max-image-preview:large","max-video-preview":"max-video-preview:-1"},"canonical":"https:\/\/www.notibras.com\/site\/basta-ou-matamos-a-crise-etica-ou-a-falta-de-moral-nos-consome\/","og_locale":"pt_BR","og_type":"article","og_title":"Basta! Ou matamos a crise \u00e9tica ou a falta de moral consome o povo - Notibras","og_description":"O Brasil passa por uma das piores crises de sua hist\u00f3ria e n\u00e3o \u00e9 apenas econ\u00f4mica. Todos os problemas que enfrentamos diariamente se devem ao grave desvio moral, \u00e9tico e \u00e0 baixa expectativa quanto \u00e0 qualidade, desde a escolha dos governantes at\u00e9 a cal\u00e7ada sobre a qual andamos. O padr\u00e3o de qualidade exigido pelos brasileiros [&hellip;]","og_url":"https:\/\/www.notibras.com\/site\/basta-ou-matamos-a-crise-etica-ou-a-falta-de-moral-nos-consome\/","og_site_name":"Notibras","article_publisher":"https:\/\/www.facebook.com\/notibras\/","article_published_time":"2015-09-12T15:02:06+00:00","article_modified_time":"2015-09-13T19:01:02+00:00","og_image":[{"width":500,"height":332,"url":"https:\/\/www.notibras.com\/site\/wp-content\/uploads\/2015\/09\/olho20brasil.jpg","type":"image\/jpeg"}],"author":"Reda\u00e7\u00e3o","twitter_card":"summary_large_image","twitter_creator":"@Notibras","twitter_site":"@Notibras","twitter_misc":{"Escrito por":"Reda\u00e7\u00e3o","Est. tempo de leitura":"3 minutos"},"schema":{"@context":"https:\/\/schema.org","@graph":[{"@type":"Article","@id":"https:\/\/www.notibras.com\/site\/basta-ou-matamos-a-crise-etica-ou-a-falta-de-moral-nos-consome\/#article","isPartOf":{"@id":"https:\/\/www.notibras.com\/site\/basta-ou-matamos-a-crise-etica-ou-a-falta-de-moral-nos-consome\/"},"author":{"name":"Reda\u00e7\u00e3o","@id":"https:\/\/www.notibras.com\/site\/#\/schema\/person\/36ab0979449956132d3e5b517ea76ac8"},"headline":"Basta! Ou matamos a crise \u00e9tica ou a falta de moral consome o povo","datePublished":"2015-09-12T15:02:06+00:00","dateModified":"2015-09-13T19:01:02+00:00","mainEntityOfPage":{"@id":"https:\/\/www.notibras.com\/site\/basta-ou-matamos-a-crise-etica-ou-a-falta-de-moral-nos-consome\/"},"wordCount":540,"commentCount":0,"publisher":{"@id":"https:\/\/www.notibras.com\/site\/#organization"},"image":{"@id":"https:\/\/www.notibras.com\/site\/basta-ou-matamos-a-crise-etica-ou-a-falta-de-moral-nos-consome\/#primaryimage"},"thumbnailUrl":"https:\/\/www.notibras.com\/site\/wp-content\/uploads\/2015\/09\/olho20brasil.jpg","articleSection":["D\u00eania Magalh\u00e3es"],"inLanguage":"pt-BR","potentialAction":[{"@type":"CommentAction","name":"Comment","target":["https:\/\/www.notibras.com\/site\/basta-ou-matamos-a-crise-etica-ou-a-falta-de-moral-nos-consome\/#respond"]}]},{"@type":"WebPage","@id":"https:\/\/www.notibras.com\/site\/basta-ou-matamos-a-crise-etica-ou-a-falta-de-moral-nos-consome\/","url":"https:\/\/www.notibras.com\/site\/basta-ou-matamos-a-crise-etica-ou-a-falta-de-moral-nos-consome\/","name":"Basta! Ou matamos a crise \u00e9tica ou a falta de moral consome o povo - Notibras","isPartOf":{"@id":"https:\/\/www.notibras.com\/site\/#website"},"primaryImageOfPage":{"@id":"https:\/\/www.notibras.com\/site\/basta-ou-matamos-a-crise-etica-ou-a-falta-de-moral-nos-consome\/#primaryimage"},"image":{"@id":"https:\/\/www.notibras.com\/site\/basta-ou-matamos-a-crise-etica-ou-a-falta-de-moral-nos-consome\/#primaryimage"},"thumbnailUrl":"https:\/\/www.notibras.com\/site\/wp-content\/uploads\/2015\/09\/olho20brasil.jpg","datePublished":"2015-09-12T15:02:06+00:00","dateModified":"2015-09-13T19:01:02+00:00","breadcrumb":{"@id":"https:\/\/www.notibras.com\/site\/basta-ou-matamos-a-crise-etica-ou-a-falta-de-moral-nos-consome\/#breadcrumb"},"inLanguage":"pt-BR","potentialAction":[{"@type":"ReadAction","target":["https:\/\/www.notibras.com\/site\/basta-ou-matamos-a-crise-etica-ou-a-falta-de-moral-nos-consome\/"]}]},{"@type":"ImageObject","inLanguage":"pt-BR","@id":"https:\/\/www.notibras.com\/site\/basta-ou-matamos-a-crise-etica-ou-a-falta-de-moral-nos-consome\/#primaryimage","url":"https:\/\/www.notibras.com\/site\/wp-content\/uploads\/2015\/09\/olho20brasil.jpg","contentUrl":"https:\/\/www.notibras.com\/site\/wp-content\/uploads\/2015\/09\/olho20brasil.jpg","width":500,"height":332},{"@type":"BreadcrumbList","@id":"https:\/\/www.notibras.com\/site\/basta-ou-matamos-a-crise-etica-ou-a-falta-de-moral-nos-consome\/#breadcrumb","itemListElement":[{"@type":"ListItem","position":1,"name":"In\u00edcio","item":"https:\/\/www.notibras.com\/site\/"},{"@type":"ListItem","position":2,"name":"Basta! Ou matamos a crise \u00e9tica ou a falta de moral consome o povo"}]},{"@type":"WebSite","@id":"https:\/\/www.notibras.com\/site\/#website","url":"https:\/\/www.notibras.com\/site\/","name":"Notibras","description":"Not\u00edcias de Bras\u00edlia, do Brasil e do Mundo","publisher":{"@id":"https:\/\/www.notibras.com\/site\/#organization"},"potentialAction":[{"@type":"SearchAction","target":{"@type":"EntryPoint","urlTemplate":"https:\/\/www.notibras.com\/site\/?s={search_term_string}"},"query-input":{"@type":"PropertyValueSpecification","valueRequired":true,"valueName":"search_term_string"}}],"inLanguage":"pt-BR"},{"@type":"Organization","@id":"https:\/\/www.notibras.com\/site\/#organization","name":"Grupo Notibras de Comunica\u00e7\u00e3o","url":"https:\/\/www.notibras.com\/site\/","logo":{"@type":"ImageObject","inLanguage":"pt-BR","@id":"https:\/\/www.notibras.com\/site\/#\/schema\/logo\/image\/","url":"https:\/\/www.notibras.com\/site\/wp-content\/uploads\/2023\/01\/notibras23.png","contentUrl":"https:\/\/www.notibras.com\/site\/wp-content\/uploads\/2023\/01\/notibras23.png","width":350,"height":87,"caption":"Grupo Notibras de Comunica\u00e7\u00e3o"},"image":{"@id":"https:\/\/www.notibras.com\/site\/#\/schema\/logo\/image\/"},"sameAs":["https:\/\/www.facebook.com\/notibras\/","https:\/\/x.com\/Notibras","https:\/\/www.instagram.com\/notibras\/"]},{"@type":"Person","@id":"https:\/\/www.notibras.com\/site\/#\/schema\/person\/36ab0979449956132d3e5b517ea76ac8","name":"Reda\u00e7\u00e3o","image":{"@type":"ImageObject","inLanguage":"pt-BR","@id":"https:\/\/secure.gravatar.com\/avatar\/e0a867bdedb85fd243eadf09663511f96fc81e0720a4a42581f334ad4303aa6b?s=96&d=mm&r=g","url":"https:\/\/secure.gravatar.com\/avatar\/e0a867bdedb85fd243eadf09663511f96fc81e0720a4a42581f334ad4303aa6b?s=96&d=mm&r=g","contentUrl":"https:\/\/secure.gravatar.com\/avatar\/e0a867bdedb85fd243eadf09663511f96fc81e0720a4a42581f334ad4303aa6b?s=96&d=mm&r=g","caption":"Reda\u00e7\u00e3o"}}]}},"amp_enabled":true,"_links":{"self":[{"href":"https:\/\/www.notibras.com\/site\/wp-json\/wp\/v2\/posts\/67360","targetHints":{"allow":["GET"]}}],"collection":[{"href":"https:\/\/www.notibras.com\/site\/wp-json\/wp\/v2\/posts"}],"about":[{"href":"https:\/\/www.notibras.com\/site\/wp-json\/wp\/v2\/types\/post"}],"author":[{"embeddable":true,"href":"https:\/\/www.notibras.com\/site\/wp-json\/wp\/v2\/users\/2"}],"replies":[{"embeddable":true,"href":"https:\/\/www.notibras.com\/site\/wp-json\/wp\/v2\/comments?post=67360"}],"version-history":[{"count":2,"href":"https:\/\/www.notibras.com\/site\/wp-json\/wp\/v2\/posts\/67360\/revisions"}],"predecessor-version":[{"id":67363,"href":"https:\/\/www.notibras.com\/site\/wp-json\/wp\/v2\/posts\/67360\/revisions\/67363"}],"wp:featuredmedia":[{"embeddable":true,"href":"https:\/\/www.notibras.com\/site\/wp-json\/wp\/v2\/media\/67361"}],"wp:attachment":[{"href":"https:\/\/www.notibras.com\/site\/wp-json\/wp\/v2\/media?parent=67360"}],"wp:term":[{"taxonomy":"category","embeddable":true,"href":"https:\/\/www.notibras.com\/site\/wp-json\/wp\/v2\/categories?post=67360"},{"taxonomy":"post_tag","embeddable":true,"href":"https:\/\/www.notibras.com\/site\/wp-json\/wp\/v2\/tags?post=67360"}],"curies":[{"name":"wp","href":"https:\/\/api.w.org\/{rel}","templated":true}]}}