{"id":6747,"date":"2014-04-15T11:56:50","date_gmt":"2014-04-15T14:56:50","guid":{"rendered":"http:\/\/www.notibras.com\/site\/?p=6747"},"modified":"2014-04-15T13:43:32","modified_gmt":"2014-04-15T16:43:32","slug":"distritais-sugeren-hashtag-para-contrapor-buriti-na-difamacao-da-camara","status":"publish","type":"post","link":"https:\/\/www.notibras.com\/site\/distritais-sugeren-hashtag-para-contrapor-buriti-na-difamacao-da-camara\/","title":{"rendered":"Distritais sugerem hashtag para contrapor difama\u00e7\u00e3o da C\u00e2mara"},"content":{"rendered":"<p>Em resposta a hashtag lan\u00e7ada pelo <em>Correio Braziliense<\/em> <strong>#vaitrabalhardeputado<\/strong>, com o entusiasmado apoio do Buriti, alguns parlamentares corajosamente sugeriram lan\u00e7ar a hashtag <strong>#largaodinheirodapublicidade<\/strong>, para atacar o gasto de mais de 200 milh\u00f5es, s\u00f3 este ano, com publicidade e propaganda nas barbas do Tribunal de Contas, do TRE e do MPDF. Na avalia\u00e7\u00e3o dos distritais estes recursos seriam muito melhor investidos na educa\u00e7\u00e3o, na sa\u00fade e seguran\u00e7a. Pena que de p\u00fablico ningu\u00e9m teve coragem de dar nome aos bois.<\/p>\n<p><strong>GOVERNO OU OPOSI\u00c7\u00c3O<\/strong><br \/>\nA deputada \u00c9rika Kokay, do PT\/DF est\u00e1 recolhendo de forma virtual assinaturas num manifesto de sua autoria, contra o projeto de lei do PPCUB encaminhado pelo GDF, a ser encaminhado ao governador Agnelo Queiroz e ao Deputado Wasny de Roure, presidente da C\u00e2mara. Com duras cr\u00edticas ao projeto \u00c9rika espera faturar o apoio, em forma de votos, de milhares de pessoas que s\u00e3o contra a proposta. Tem gente no PT que consegue ao mesmo tempo ser governo e oposi\u00e7\u00e3o, e assim pensam confundir o eleitor.\u00a0 O presidente do partido j\u00e1 foi acionado para apagar mais este inc\u00eandio do fogo amigo.<\/p>\n<p><strong>SANTA INCAPACIDADE<\/strong><br \/>\nAgora est\u00e1 provado. Assim como aconteceu no seu mandato de deputado distrital, quando pouco fez pela cidade e pela popula\u00e7\u00e3o do DF, o hoje deputado Reguffe tamb\u00e9m fez pouco ou quase nada no seu mandato de federal. J\u00e1 estamos iniciando as discuss\u00f5es das elei\u00e7\u00f5es para a pr\u00f3xima legislatura e Reguffe n\u00e3o liberou um \u00fanico centavo das emendas que apresentou em favor da sa\u00fade, educa\u00e7\u00e3o e seguran\u00e7a. O nobre parlamentar tem que entender que liberar as emendas apresentadas tamb\u00e9m \u00e9 papel do deputado. N\u00e3o basta aprovar o dinheiro tem que brigar para que os recursos sejam liberados e atenda os seus objetivos, apresentar a emenda ou o projeto e deitar em ber\u00e7o espl\u00eandido esperando cair do c\u00e9u \u00e9 uma demonstra\u00e7\u00e3o de total incapacidade pol\u00edtica, a merecer reprova\u00e7\u00e3o como representante do povo. Este comportamento conveniente e eleitoreiro tamb\u00e9m merece a hashtag<strong> #vaitrabalhardeputado<\/strong>.<\/p>\n<p><strong>FIASCO NA SA\u00daDE<\/strong><br \/>\nA sa\u00fade do GDF est\u00e1 colhendo o que plantou nos \u00faltimos 3 anos, gastos enormes com custeio, pessoal e publicidade, muito pouco de recursos em investimentos, apesar do or\u00e7amento de bilh\u00f5es. A queda da tenda em Ceil\u00e2ndia, a revolta dos pacientes na UPA rec\u00e9m inaugurada na mesma cidade, al\u00e9m das tentativas frustradas de terceiriza\u00e7\u00e3o dos servi\u00e7os de lavanderia, culminando com o fechamento da unidade de pediatria do hospital de Santa Maria. \u00c9 uma \u00e1rea que lamentavelmente tem muito pouco a comemorar, para desespero da popula\u00e7\u00e3o.<\/p>\n<p><strong>GRAMADO MALTRATADO<\/strong><br \/>\n\u00c9 uma vergonha a atual situa\u00e7\u00e3o do gramado da esplanada dos minist\u00e9rios.\u00a0 Tanto foram os desmandos e os eventos para atender a turma do lucro f\u00e1cil, que exploraram o local sem um m\u00ednimo de cuidado, que hoje o que se v\u00ea \u00e9 lama e terra, muito distante do gramado que serviu por muitos anos como cart\u00e3o postal da cidade. O IPHAN, \u00f3rg\u00e3o respons\u00e1vel por defender a regi\u00e3o tombada da capital federal, simplesmente fechou os olhos e a cidade perdeu e vem perdendo. A bienal do livro, por exemplo, tem como porta de entrada a lama quando chove e a poeira quando seca. Lament\u00e1vel.<\/p>\n<p><strong>PASSADO INC\u00d4MODO<\/strong><br \/>\nO senador Renan Calheiros, presidente do senado federal, n\u00e3o poderia ter sido mais cruel com o senador Rodrigo Rollemberg, virtual candidato ao governo do DF pelo PSB. Renan, cheio de ironia, manifestou sua satisfa\u00e7\u00e3o com a atual indica\u00e7\u00e3o do senador de Bras\u00edlia, que sugeriu um nome t\u00e9cnico para a vaga de ministro do Tribunal de Contas da Uni\u00e3o, pois na vaga anterior Rodrigo indicou, sem qualquer constrangimento, a m\u00e3e do presidente nacional do seu partido, cuja intimidade com finan\u00e7as p\u00fablica n\u00e3o tinha nada de t\u00e9cnica. A ironia ganhou destaque nacional e deixou Rollemberg numa saia justa sem tamanho. Afinal, quem age com a conveni\u00eancia pol\u00edtica do momento n\u00e3o pode esquecer o que fez no ver\u00e3o passado.<\/p>\n<p><strong>AUS\u00caNCIA PROGRAMADA<\/strong><br \/>\nCortejado por quase todos os partidos, em especial os que j\u00e1 possuem candidatura definida, o PSD comandado pelo ex-governador Rog\u00e9rio Rosso, apresentou um projeto de plano de governo com algumas propostas interessantes, como a autonomia financeira das administra\u00e7\u00f5es regionais e outras mirabolantes como a incorpora\u00e7\u00e3o dos munic\u00edpios do entorno ao DF. Presentes quase todos os grandes partidos do DF, \u00e0 exce\u00e7\u00e3o do PMDB, cujo presidente regional, o vice-governador Tadeu Fillipeli, n\u00e3o se d\u00e1 com Rosso. At\u00e9 mesmo o PT que foi recentemente atacado por Rosso na propaganda eleitoral, engoliu a seco e mandou seu presidente local o deputado Policarpo para prestigiar o lan\u00e7amento, de olho apenas nos preciosos minutos da propaganda eleitoral do PSD.<\/p>\n<p><strong>INFELICIDADE NA LARGADA<\/strong><br \/>\nLogo na primeira entrevista ap\u00f3s ser indicado pelo PSDB como seu virtual candidato ao governo do Distrito Federal, o deputado Pitiman deu uma escorregada feia ao admitir, em resposta \u00e0 \u00faltima pergunta, a possibilidade de abrir m\u00e3o da cabe\u00e7a de chapa ao governo em nome de uma coliga\u00e7\u00e3o mais forte. Depois de uma luta interna que rachou o partido, admitir n\u00e3o concorrer, logo na primeira manifesta\u00e7\u00e3o p\u00fablica demonstra pouca convic\u00e7\u00e3o em si mesmo e afasta os poss\u00edveis aliados. Afinal os partidos pol\u00edticos ou est\u00e3o do lado de quem j\u00e1 est\u00e1 no poder ou querem estar junto de quem tem convic\u00e7\u00e3o de alcan\u00e7ar o poder. No caso, o candidato tucano n\u00e3o preenche nenhum dos requisitos e corre o risco de fazer sua caminhada de forma solit\u00e1ria, para desespero dos seus candidatos proporcionais. Derrapou logo na largada.<\/p>\n<p><strong>Celson Bianchi<\/strong><\/p>\n","protected":false},"excerpt":{"rendered":"<p>Em resposta a hashtag lan\u00e7ada pelo Correio Braziliense #vaitrabalhardeputado, com o entusiasmado apoio do Buriti, alguns parlamentares corajosamente sugeriram lan\u00e7ar a hashtag #largaodinheirodapublicidade, para atacar o gasto de mais de 200 milh\u00f5es, s\u00f3 este ano, com publicidade e propaganda nas barbas do Tribunal de Contas, do TRE e do MPDF. Na avalia\u00e7\u00e3o dos distritais estes [&hellip;]<\/p>\n","protected":false},"author":2,"featured_media":6748,"comment_status":"open","ping_status":"closed","sticky":false,"template":"","format":"standard","meta":{"_acf_changed":false,"footnotes":""},"categories":[1],"tags":[],"class_list":["post-6747","post","type-post","status-publish","format-standard","has-post-thumbnail","hentry","category-brasilia"],"acf":[],"yoast_head":"<!-- This site is optimized with the Yoast SEO plugin v27.2 - https:\/\/yoast.com\/product\/yoast-seo-wordpress\/ -->\n<title>Distritais sugerem hashtag para contrapor difama\u00e7\u00e3o da C\u00e2mara - Notibras<\/title>\n<meta name=\"robots\" content=\"index, follow, max-snippet:-1, max-image-preview:large, max-video-preview:-1\" \/>\n<link rel=\"canonical\" href=\"https:\/\/www.notibras.com\/site\/distritais-sugeren-hashtag-para-contrapor-buriti-na-difamacao-da-camara\/\" \/>\n<meta property=\"og:locale\" content=\"pt_BR\" \/>\n<meta property=\"og:type\" content=\"article\" \/>\n<meta property=\"og:title\" content=\"Distritais sugerem hashtag para contrapor difama\u00e7\u00e3o da C\u00e2mara - Notibras\" \/>\n<meta property=\"og:description\" content=\"Em resposta a hashtag lan\u00e7ada pelo Correio Braziliense #vaitrabalhardeputado, com o entusiasmado apoio do Buriti, alguns parlamentares corajosamente sugeriram lan\u00e7ar a hashtag #largaodinheirodapublicidade, para atacar o gasto de mais de 200 milh\u00f5es, s\u00f3 este ano, com publicidade e propaganda nas barbas do Tribunal de Contas, do TRE e do MPDF. Na avalia\u00e7\u00e3o dos distritais estes [&hellip;]\" \/>\n<meta property=\"og:url\" content=\"https:\/\/www.notibras.com\/site\/distritais-sugeren-hashtag-para-contrapor-buriti-na-difamacao-da-camara\/\" \/>\n<meta property=\"og:site_name\" content=\"Notibras\" \/>\n<meta property=\"article:publisher\" content=\"https:\/\/www.facebook.com\/notibras\/\" \/>\n<meta property=\"article:published_time\" content=\"2014-04-15T14:56:50+00:00\" \/>\n<meta property=\"article:modified_time\" content=\"2014-04-15T16:43:32+00:00\" \/>\n<meta property=\"og:image\" content=\"https:\/\/www.notibras.com\/site\/wp-content\/uploads\/2014\/04\/lavagem-de-dinheiro.jpg\" \/>\n\t<meta property=\"og:image:width\" content=\"400\" \/>\n\t<meta property=\"og:image:height\" content=\"300\" \/>\n\t<meta property=\"og:image:type\" content=\"image\/jpeg\" \/>\n<meta name=\"author\" content=\"Reda\u00e7\u00e3o\" \/>\n<meta name=\"twitter:card\" content=\"summary_large_image\" \/>\n<meta name=\"twitter:creator\" content=\"@Notibras\" \/>\n<meta name=\"twitter:site\" content=\"@Notibras\" \/>\n<meta name=\"twitter:label1\" content=\"Escrito por\" \/>\n\t<meta name=\"twitter:data1\" content=\"Reda\u00e7\u00e3o\" \/>\n\t<meta name=\"twitter:label2\" content=\"Est. tempo de leitura\" \/>\n\t<meta name=\"twitter:data2\" content=\"5 minutos\" \/>\n<script type=\"application\/ld+json\" class=\"yoast-schema-graph\">{\"@context\":\"https:\/\/schema.org\",\"@graph\":[{\"@type\":\"Article\",\"@id\":\"https:\/\/www.notibras.com\/site\/distritais-sugeren-hashtag-para-contrapor-buriti-na-difamacao-da-camara\/#article\",\"isPartOf\":{\"@id\":\"https:\/\/www.notibras.com\/site\/distritais-sugeren-hashtag-para-contrapor-buriti-na-difamacao-da-camara\/\"},\"author\":{\"name\":\"Reda\u00e7\u00e3o\",\"@id\":\"https:\/\/www.notibras.com\/site\/#\/schema\/person\/36ab0979449956132d3e5b517ea76ac8\"},\"headline\":\"Distritais sugerem hashtag para contrapor difama\u00e7\u00e3o da C\u00e2mara\",\"datePublished\":\"2014-04-15T14:56:50+00:00\",\"dateModified\":\"2014-04-15T16:43:32+00:00\",\"mainEntityOfPage\":{\"@id\":\"https:\/\/www.notibras.com\/site\/distritais-sugeren-hashtag-para-contrapor-buriti-na-difamacao-da-camara\/\"},\"wordCount\":983,\"commentCount\":0,\"publisher\":{\"@id\":\"https:\/\/www.notibras.com\/site\/#organization\"},\"image\":{\"@id\":\"https:\/\/www.notibras.com\/site\/distritais-sugeren-hashtag-para-contrapor-buriti-na-difamacao-da-camara\/#primaryimage\"},\"thumbnailUrl\":\"https:\/\/www.notibras.com\/site\/wp-content\/uploads\/2014\/04\/lavagem-de-dinheiro.jpg\",\"articleSection\":[\"Bras\u00edlia\"],\"inLanguage\":\"pt-BR\",\"potentialAction\":[{\"@type\":\"CommentAction\",\"name\":\"Comment\",\"target\":[\"https:\/\/www.notibras.com\/site\/distritais-sugeren-hashtag-para-contrapor-buriti-na-difamacao-da-camara\/#respond\"]}]},{\"@type\":\"WebPage\",\"@id\":\"https:\/\/www.notibras.com\/site\/distritais-sugeren-hashtag-para-contrapor-buriti-na-difamacao-da-camara\/\",\"url\":\"https:\/\/www.notibras.com\/site\/distritais-sugeren-hashtag-para-contrapor-buriti-na-difamacao-da-camara\/\",\"name\":\"Distritais sugerem hashtag para contrapor difama\u00e7\u00e3o da C\u00e2mara - Notibras\",\"isPartOf\":{\"@id\":\"https:\/\/www.notibras.com\/site\/#website\"},\"primaryImageOfPage\":{\"@id\":\"https:\/\/www.notibras.com\/site\/distritais-sugeren-hashtag-para-contrapor-buriti-na-difamacao-da-camara\/#primaryimage\"},\"image\":{\"@id\":\"https:\/\/www.notibras.com\/site\/distritais-sugeren-hashtag-para-contrapor-buriti-na-difamacao-da-camara\/#primaryimage\"},\"thumbnailUrl\":\"https:\/\/www.notibras.com\/site\/wp-content\/uploads\/2014\/04\/lavagem-de-dinheiro.jpg\",\"datePublished\":\"2014-04-15T14:56:50+00:00\",\"dateModified\":\"2014-04-15T16:43:32+00:00\",\"breadcrumb\":{\"@id\":\"https:\/\/www.notibras.com\/site\/distritais-sugeren-hashtag-para-contrapor-buriti-na-difamacao-da-camara\/#breadcrumb\"},\"inLanguage\":\"pt-BR\",\"potentialAction\":[{\"@type\":\"ReadAction\",\"target\":[\"https:\/\/www.notibras.com\/site\/distritais-sugeren-hashtag-para-contrapor-buriti-na-difamacao-da-camara\/\"]}]},{\"@type\":\"ImageObject\",\"inLanguage\":\"pt-BR\",\"@id\":\"https:\/\/www.notibras.com\/site\/distritais-sugeren-hashtag-para-contrapor-buriti-na-difamacao-da-camara\/#primaryimage\",\"url\":\"https:\/\/www.notibras.com\/site\/wp-content\/uploads\/2014\/04\/lavagem-de-dinheiro.jpg\",\"contentUrl\":\"https:\/\/www.notibras.com\/site\/wp-content\/uploads\/2014\/04\/lavagem-de-dinheiro.jpg\",\"width\":400,\"height\":300},{\"@type\":\"BreadcrumbList\",\"@id\":\"https:\/\/www.notibras.com\/site\/distritais-sugeren-hashtag-para-contrapor-buriti-na-difamacao-da-camara\/#breadcrumb\",\"itemListElement\":[{\"@type\":\"ListItem\",\"position\":1,\"name\":\"In\u00edcio\",\"item\":\"https:\/\/www.notibras.com\/site\/\"},{\"@type\":\"ListItem\",\"position\":2,\"name\":\"Distritais sugerem hashtag para contrapor difama\u00e7\u00e3o da C\u00e2mara\"}]},{\"@type\":\"WebSite\",\"@id\":\"https:\/\/www.notibras.com\/site\/#website\",\"url\":\"https:\/\/www.notibras.com\/site\/\",\"name\":\"Notibras\",\"description\":\"Not\u00edcias de Bras\u00edlia, do Brasil e do Mundo\",\"publisher\":{\"@id\":\"https:\/\/www.notibras.com\/site\/#organization\"},\"potentialAction\":[{\"@type\":\"SearchAction\",\"target\":{\"@type\":\"EntryPoint\",\"urlTemplate\":\"https:\/\/www.notibras.com\/site\/?s={search_term_string}\"},\"query-input\":{\"@type\":\"PropertyValueSpecification\",\"valueRequired\":true,\"valueName\":\"search_term_string\"}}],\"inLanguage\":\"pt-BR\"},{\"@type\":\"Organization\",\"@id\":\"https:\/\/www.notibras.com\/site\/#organization\",\"name\":\"Grupo Notibras de Comunica\u00e7\u00e3o\",\"url\":\"https:\/\/www.notibras.com\/site\/\",\"logo\":{\"@type\":\"ImageObject\",\"inLanguage\":\"pt-BR\",\"@id\":\"https:\/\/www.notibras.com\/site\/#\/schema\/logo\/image\/\",\"url\":\"https:\/\/www.notibras.com\/site\/wp-content\/uploads\/2023\/01\/notibras23.png\",\"contentUrl\":\"https:\/\/www.notibras.com\/site\/wp-content\/uploads\/2023\/01\/notibras23.png\",\"width\":350,\"height\":87,\"caption\":\"Grupo Notibras de Comunica\u00e7\u00e3o\"},\"image\":{\"@id\":\"https:\/\/www.notibras.com\/site\/#\/schema\/logo\/image\/\"},\"sameAs\":[\"https:\/\/www.facebook.com\/notibras\/\",\"https:\/\/x.com\/Notibras\",\"https:\/\/www.instagram.com\/notibras\/\"]},{\"@type\":\"Person\",\"@id\":\"https:\/\/www.notibras.com\/site\/#\/schema\/person\/36ab0979449956132d3e5b517ea76ac8\",\"name\":\"Reda\u00e7\u00e3o\",\"image\":{\"@type\":\"ImageObject\",\"inLanguage\":\"pt-BR\",\"@id\":\"https:\/\/secure.gravatar.com\/avatar\/e0a867bdedb85fd243eadf09663511f96fc81e0720a4a42581f334ad4303aa6b?s=96&d=mm&r=g\",\"url\":\"https:\/\/secure.gravatar.com\/avatar\/e0a867bdedb85fd243eadf09663511f96fc81e0720a4a42581f334ad4303aa6b?s=96&d=mm&r=g\",\"contentUrl\":\"https:\/\/secure.gravatar.com\/avatar\/e0a867bdedb85fd243eadf09663511f96fc81e0720a4a42581f334ad4303aa6b?s=96&d=mm&r=g\",\"caption\":\"Reda\u00e7\u00e3o\"}}]}<\/script>\n<!-- \/ Yoast SEO plugin. -->","yoast_head_json":{"title":"Distritais sugerem hashtag para contrapor difama\u00e7\u00e3o da C\u00e2mara - Notibras","robots":{"index":"index","follow":"follow","max-snippet":"max-snippet:-1","max-image-preview":"max-image-preview:large","max-video-preview":"max-video-preview:-1"},"canonical":"https:\/\/www.notibras.com\/site\/distritais-sugeren-hashtag-para-contrapor-buriti-na-difamacao-da-camara\/","og_locale":"pt_BR","og_type":"article","og_title":"Distritais sugerem hashtag para contrapor difama\u00e7\u00e3o da C\u00e2mara - Notibras","og_description":"Em resposta a hashtag lan\u00e7ada pelo Correio Braziliense #vaitrabalhardeputado, com o entusiasmado apoio do Buriti, alguns parlamentares corajosamente sugeriram lan\u00e7ar a hashtag #largaodinheirodapublicidade, para atacar o gasto de mais de 200 milh\u00f5es, s\u00f3 este ano, com publicidade e propaganda nas barbas do Tribunal de Contas, do TRE e do MPDF. Na avalia\u00e7\u00e3o dos distritais estes [&hellip;]","og_url":"https:\/\/www.notibras.com\/site\/distritais-sugeren-hashtag-para-contrapor-buriti-na-difamacao-da-camara\/","og_site_name":"Notibras","article_publisher":"https:\/\/www.facebook.com\/notibras\/","article_published_time":"2014-04-15T14:56:50+00:00","article_modified_time":"2014-04-15T16:43:32+00:00","og_image":[{"width":400,"height":300,"url":"https:\/\/www.notibras.com\/site\/wp-content\/uploads\/2014\/04\/lavagem-de-dinheiro.jpg","type":"image\/jpeg"}],"author":"Reda\u00e7\u00e3o","twitter_card":"summary_large_image","twitter_creator":"@Notibras","twitter_site":"@Notibras","twitter_misc":{"Escrito por":"Reda\u00e7\u00e3o","Est. tempo de leitura":"5 minutos"},"schema":{"@context":"https:\/\/schema.org","@graph":[{"@type":"Article","@id":"https:\/\/www.notibras.com\/site\/distritais-sugeren-hashtag-para-contrapor-buriti-na-difamacao-da-camara\/#article","isPartOf":{"@id":"https:\/\/www.notibras.com\/site\/distritais-sugeren-hashtag-para-contrapor-buriti-na-difamacao-da-camara\/"},"author":{"name":"Reda\u00e7\u00e3o","@id":"https:\/\/www.notibras.com\/site\/#\/schema\/person\/36ab0979449956132d3e5b517ea76ac8"},"headline":"Distritais sugerem hashtag para contrapor difama\u00e7\u00e3o da C\u00e2mara","datePublished":"2014-04-15T14:56:50+00:00","dateModified":"2014-04-15T16:43:32+00:00","mainEntityOfPage":{"@id":"https:\/\/www.notibras.com\/site\/distritais-sugeren-hashtag-para-contrapor-buriti-na-difamacao-da-camara\/"},"wordCount":983,"commentCount":0,"publisher":{"@id":"https:\/\/www.notibras.com\/site\/#organization"},"image":{"@id":"https:\/\/www.notibras.com\/site\/distritais-sugeren-hashtag-para-contrapor-buriti-na-difamacao-da-camara\/#primaryimage"},"thumbnailUrl":"https:\/\/www.notibras.com\/site\/wp-content\/uploads\/2014\/04\/lavagem-de-dinheiro.jpg","articleSection":["Bras\u00edlia"],"inLanguage":"pt-BR","potentialAction":[{"@type":"CommentAction","name":"Comment","target":["https:\/\/www.notibras.com\/site\/distritais-sugeren-hashtag-para-contrapor-buriti-na-difamacao-da-camara\/#respond"]}]},{"@type":"WebPage","@id":"https:\/\/www.notibras.com\/site\/distritais-sugeren-hashtag-para-contrapor-buriti-na-difamacao-da-camara\/","url":"https:\/\/www.notibras.com\/site\/distritais-sugeren-hashtag-para-contrapor-buriti-na-difamacao-da-camara\/","name":"Distritais sugerem hashtag para contrapor difama\u00e7\u00e3o da C\u00e2mara - Notibras","isPartOf":{"@id":"https:\/\/www.notibras.com\/site\/#website"},"primaryImageOfPage":{"@id":"https:\/\/www.notibras.com\/site\/distritais-sugeren-hashtag-para-contrapor-buriti-na-difamacao-da-camara\/#primaryimage"},"image":{"@id":"https:\/\/www.notibras.com\/site\/distritais-sugeren-hashtag-para-contrapor-buriti-na-difamacao-da-camara\/#primaryimage"},"thumbnailUrl":"https:\/\/www.notibras.com\/site\/wp-content\/uploads\/2014\/04\/lavagem-de-dinheiro.jpg","datePublished":"2014-04-15T14:56:50+00:00","dateModified":"2014-04-15T16:43:32+00:00","breadcrumb":{"@id":"https:\/\/www.notibras.com\/site\/distritais-sugeren-hashtag-para-contrapor-buriti-na-difamacao-da-camara\/#breadcrumb"},"inLanguage":"pt-BR","potentialAction":[{"@type":"ReadAction","target":["https:\/\/www.notibras.com\/site\/distritais-sugeren-hashtag-para-contrapor-buriti-na-difamacao-da-camara\/"]}]},{"@type":"ImageObject","inLanguage":"pt-BR","@id":"https:\/\/www.notibras.com\/site\/distritais-sugeren-hashtag-para-contrapor-buriti-na-difamacao-da-camara\/#primaryimage","url":"https:\/\/www.notibras.com\/site\/wp-content\/uploads\/2014\/04\/lavagem-de-dinheiro.jpg","contentUrl":"https:\/\/www.notibras.com\/site\/wp-content\/uploads\/2014\/04\/lavagem-de-dinheiro.jpg","width":400,"height":300},{"@type":"BreadcrumbList","@id":"https:\/\/www.notibras.com\/site\/distritais-sugeren-hashtag-para-contrapor-buriti-na-difamacao-da-camara\/#breadcrumb","itemListElement":[{"@type":"ListItem","position":1,"name":"In\u00edcio","item":"https:\/\/www.notibras.com\/site\/"},{"@type":"ListItem","position":2,"name":"Distritais sugerem hashtag para contrapor difama\u00e7\u00e3o da C\u00e2mara"}]},{"@type":"WebSite","@id":"https:\/\/www.notibras.com\/site\/#website","url":"https:\/\/www.notibras.com\/site\/","name":"Notibras","description":"Not\u00edcias de Bras\u00edlia, do Brasil e do Mundo","publisher":{"@id":"https:\/\/www.notibras.com\/site\/#organization"},"potentialAction":[{"@type":"SearchAction","target":{"@type":"EntryPoint","urlTemplate":"https:\/\/www.notibras.com\/site\/?s={search_term_string}"},"query-input":{"@type":"PropertyValueSpecification","valueRequired":true,"valueName":"search_term_string"}}],"inLanguage":"pt-BR"},{"@type":"Organization","@id":"https:\/\/www.notibras.com\/site\/#organization","name":"Grupo Notibras de Comunica\u00e7\u00e3o","url":"https:\/\/www.notibras.com\/site\/","logo":{"@type":"ImageObject","inLanguage":"pt-BR","@id":"https:\/\/www.notibras.com\/site\/#\/schema\/logo\/image\/","url":"https:\/\/www.notibras.com\/site\/wp-content\/uploads\/2023\/01\/notibras23.png","contentUrl":"https:\/\/www.notibras.com\/site\/wp-content\/uploads\/2023\/01\/notibras23.png","width":350,"height":87,"caption":"Grupo Notibras de Comunica\u00e7\u00e3o"},"image":{"@id":"https:\/\/www.notibras.com\/site\/#\/schema\/logo\/image\/"},"sameAs":["https:\/\/www.facebook.com\/notibras\/","https:\/\/x.com\/Notibras","https:\/\/www.instagram.com\/notibras\/"]},{"@type":"Person","@id":"https:\/\/www.notibras.com\/site\/#\/schema\/person\/36ab0979449956132d3e5b517ea76ac8","name":"Reda\u00e7\u00e3o","image":{"@type":"ImageObject","inLanguage":"pt-BR","@id":"https:\/\/secure.gravatar.com\/avatar\/e0a867bdedb85fd243eadf09663511f96fc81e0720a4a42581f334ad4303aa6b?s=96&d=mm&r=g","url":"https:\/\/secure.gravatar.com\/avatar\/e0a867bdedb85fd243eadf09663511f96fc81e0720a4a42581f334ad4303aa6b?s=96&d=mm&r=g","contentUrl":"https:\/\/secure.gravatar.com\/avatar\/e0a867bdedb85fd243eadf09663511f96fc81e0720a4a42581f334ad4303aa6b?s=96&d=mm&r=g","caption":"Reda\u00e7\u00e3o"}}]}},"amp_enabled":true,"_links":{"self":[{"href":"https:\/\/www.notibras.com\/site\/wp-json\/wp\/v2\/posts\/6747","targetHints":{"allow":["GET"]}}],"collection":[{"href":"https:\/\/www.notibras.com\/site\/wp-json\/wp\/v2\/posts"}],"about":[{"href":"https:\/\/www.notibras.com\/site\/wp-json\/wp\/v2\/types\/post"}],"author":[{"embeddable":true,"href":"https:\/\/www.notibras.com\/site\/wp-json\/wp\/v2\/users\/2"}],"replies":[{"embeddable":true,"href":"https:\/\/www.notibras.com\/site\/wp-json\/wp\/v2\/comments?post=6747"}],"version-history":[{"count":0,"href":"https:\/\/www.notibras.com\/site\/wp-json\/wp\/v2\/posts\/6747\/revisions"}],"wp:featuredmedia":[{"embeddable":true,"href":"https:\/\/www.notibras.com\/site\/wp-json\/wp\/v2\/media\/6748"}],"wp:attachment":[{"href":"https:\/\/www.notibras.com\/site\/wp-json\/wp\/v2\/media?parent=6747"}],"wp:term":[{"taxonomy":"category","embeddable":true,"href":"https:\/\/www.notibras.com\/site\/wp-json\/wp\/v2\/categories?post=6747"},{"taxonomy":"post_tag","embeddable":true,"href":"https:\/\/www.notibras.com\/site\/wp-json\/wp\/v2\/tags?post=6747"}],"curies":[{"name":"wp","href":"https:\/\/api.w.org\/{rel}","templated":true}]}}