{"id":6751,"date":"2014-04-15T07:07:26","date_gmt":"2014-04-15T10:07:26","guid":{"rendered":"http:\/\/www.notibras.com\/site\/?p=6751"},"modified":"2014-04-15T07:07:26","modified_gmt":"2014-04-15T10:07:26","slug":"brasil-nao-desanima-chegou-a-vez-de-eduardo-e-marina","status":"publish","type":"post","link":"https:\/\/www.notibras.com\/site\/brasil-nao-desanima-chegou-a-vez-de-eduardo-e-marina\/","title":{"rendered":"&#8216;Brasil n\u00e3o desanima; chegou a vez de Eduardo e Marina&#8217;"},"content":{"rendered":"<p>Um slogan p\u00edfio e um p\u00fablico diminuto marcaram a confirma\u00e7\u00e3o do nome de Marina Silva na composi\u00e7\u00e3o da chapa de Eduardo Campos (PSB) para disputar o Pal\u00e1cio do Planalto. O evento foi em um hotel de Bras\u00edlia com pouco mais de 500 convidados que receberam os dois sob o grito de\u00a0&#8220;Brasil, n\u00e3o desanima. A solu\u00e7\u00e3o \u00e9 Eduardo e Marina&#8221;.<\/p>\n<p>Dentro da proposta de \u201cnovidade\u201d oferecida pela chapa Campos-Marina, est\u00e3o presentes artistas, como o pianista Arthur Moreira Lima, que\u00a0tocou na abertura do\u00a0evento de lan\u00e7amento.\u00a0Haver\u00e1\u00a0tamb\u00e9m um debate com tom informal \u2013 a exemplo das primeiras propagandas televisionadas na nova dupla pol\u00edtica.<\/p>\n<p>Com a alian\u00e7a, Campos quer conseguir transfer\u00eancia de parte dos votos de Marina, que ficou em terceiro lugar na disputa ao Planalto de 2010.\u00a0N\u00e3o h\u00e1 sinal, no entanto, de que o apoio,\u00a0j\u00e1 declarado em outubro do ano passado, venha apresentando tend\u00eancia de transfer\u00eancia. Marina Silva conseguiu no pleito de quatro anos atr\u00e1s 19,6 milh\u00f5es de votos pelo PV. Pesquisas de inten\u00e7\u00e3o de voto realizadas pelo Ibobe apontam que Campos tinha 10% da prefer\u00eancia dos eleitores e esse percentual caiu para 7% em mar\u00e7o deste ano.<\/p>\n<p>Marina se projeta como alternativa \u00e0s for\u00e7as pol\u00edticas encabe\u00e7adas pelo PT (hoje no governo) e o PSDB, que governou o Pa\u00eds por dois mandatos. Ao mesmo tempo, Eduardo Campos, que renunciou ao governo de Pernambuco para a disputa nacional,\u00a0tenta nacionalizar sua imagem, ainda concentrada na Regi\u00e3o Nordeste, onde o ex-presidente Luiz In\u00e1cio Lula da Silva, principal cabo eleitoral de Dilma Roussefff \u00e0 reelei\u00e7\u00e3o, tamb\u00e9m consegue angariar o maior n\u00famero de votos.<\/p>\n","protected":false},"excerpt":{"rendered":"<p>Um slogan p\u00edfio e um p\u00fablico diminuto marcaram a confirma\u00e7\u00e3o do nome de Marina Silva na composi\u00e7\u00e3o da chapa de Eduardo Campos (PSB) para disputar o Pal\u00e1cio do Planalto. O evento foi em um hotel de Bras\u00edlia com pouco mais de 500 convidados que receberam os dois sob o grito de\u00a0&#8220;Brasil, n\u00e3o desanima. A solu\u00e7\u00e3o [&hellip;]<\/p>\n","protected":false},"author":2,"featured_media":6752,"comment_status":"open","ping_status":"closed","sticky":false,"template":"","format":"standard","meta":{"_acf_changed":false,"footnotes":""},"categories":[16],"tags":[],"class_list":["post-6751","post","type-post","status-publish","format-standard","has-post-thumbnail","hentry","category-brasil"],"acf":[],"yoast_head":"<!-- This site is optimized with the Yoast SEO plugin v27.2 - https:\/\/yoast.com\/product\/yoast-seo-wordpress\/ -->\n<title>&#039;Brasil n\u00e3o desanima; chegou a vez de Eduardo e Marina&#039; - Notibras<\/title>\n<meta name=\"robots\" content=\"index, follow, max-snippet:-1, max-image-preview:large, max-video-preview:-1\" \/>\n<link rel=\"canonical\" href=\"https:\/\/www.notibras.com\/site\/brasil-nao-desanima-chegou-a-vez-de-eduardo-e-marina\/\" \/>\n<meta property=\"og:locale\" content=\"pt_BR\" \/>\n<meta property=\"og:type\" content=\"article\" \/>\n<meta property=\"og:title\" content=\"&#039;Brasil n\u00e3o desanima; chegou a vez de Eduardo e Marina&#039; - Notibras\" \/>\n<meta property=\"og:description\" content=\"Um slogan p\u00edfio e um p\u00fablico diminuto marcaram a confirma\u00e7\u00e3o do nome de Marina Silva na composi\u00e7\u00e3o da chapa de Eduardo Campos (PSB) para disputar o Pal\u00e1cio do Planalto. O evento foi em um hotel de Bras\u00edlia com pouco mais de 500 convidados que receberam os dois sob o grito de\u00a0&#8220;Brasil, n\u00e3o desanima. A solu\u00e7\u00e3o [&hellip;]\" \/>\n<meta property=\"og:url\" content=\"https:\/\/www.notibras.com\/site\/brasil-nao-desanima-chegou-a-vez-de-eduardo-e-marina\/\" \/>\n<meta property=\"og:site_name\" content=\"Notibras\" \/>\n<meta property=\"article:publisher\" content=\"https:\/\/www.facebook.com\/notibras\/\" \/>\n<meta property=\"article:published_time\" content=\"2014-04-15T10:07:26+00:00\" \/>\n<meta property=\"og:image\" content=\"https:\/\/www.notibras.com\/site\/wp-content\/uploads\/2014\/04\/140414formalizacaomarinareproducaofacebook.jpg\" \/>\n\t<meta property=\"og:image:width\" content=\"460\" \/>\n\t<meta property=\"og:image:height\" content=\"340\" \/>\n\t<meta property=\"og:image:type\" content=\"image\/jpeg\" \/>\n<meta name=\"author\" content=\"Reda\u00e7\u00e3o\" \/>\n<meta name=\"twitter:card\" content=\"summary_large_image\" \/>\n<meta name=\"twitter:creator\" content=\"@Notibras\" \/>\n<meta name=\"twitter:site\" content=\"@Notibras\" \/>\n<meta name=\"twitter:label1\" content=\"Escrito por\" \/>\n\t<meta name=\"twitter:data1\" content=\"Reda\u00e7\u00e3o\" \/>\n\t<meta name=\"twitter:label2\" content=\"Est. tempo de leitura\" \/>\n\t<meta name=\"twitter:data2\" content=\"1 minuto\" \/>\n<script type=\"application\/ld+json\" class=\"yoast-schema-graph\">{\"@context\":\"https:\/\/schema.org\",\"@graph\":[{\"@type\":\"Article\",\"@id\":\"https:\/\/www.notibras.com\/site\/brasil-nao-desanima-chegou-a-vez-de-eduardo-e-marina\/#article\",\"isPartOf\":{\"@id\":\"https:\/\/www.notibras.com\/site\/brasil-nao-desanima-chegou-a-vez-de-eduardo-e-marina\/\"},\"author\":{\"name\":\"Reda\u00e7\u00e3o\",\"@id\":\"https:\/\/www.notibras.com\/site\/#\/schema\/person\/36ab0979449956132d3e5b517ea76ac8\"},\"headline\":\"&#8216;Brasil n\u00e3o desanima; chegou a vez de Eduardo e Marina&#8217;\",\"datePublished\":\"2014-04-15T10:07:26+00:00\",\"mainEntityOfPage\":{\"@id\":\"https:\/\/www.notibras.com\/site\/brasil-nao-desanima-chegou-a-vez-de-eduardo-e-marina\/\"},\"wordCount\":297,\"commentCount\":0,\"publisher\":{\"@id\":\"https:\/\/www.notibras.com\/site\/#organization\"},\"image\":{\"@id\":\"https:\/\/www.notibras.com\/site\/brasil-nao-desanima-chegou-a-vez-de-eduardo-e-marina\/#primaryimage\"},\"thumbnailUrl\":\"https:\/\/www.notibras.com\/site\/wp-content\/uploads\/2014\/04\/140414formalizacaomarinareproducaofacebook.jpg\",\"articleSection\":[\"Brasil\"],\"inLanguage\":\"pt-BR\",\"potentialAction\":[{\"@type\":\"CommentAction\",\"name\":\"Comment\",\"target\":[\"https:\/\/www.notibras.com\/site\/brasil-nao-desanima-chegou-a-vez-de-eduardo-e-marina\/#respond\"]}]},{\"@type\":\"WebPage\",\"@id\":\"https:\/\/www.notibras.com\/site\/brasil-nao-desanima-chegou-a-vez-de-eduardo-e-marina\/\",\"url\":\"https:\/\/www.notibras.com\/site\/brasil-nao-desanima-chegou-a-vez-de-eduardo-e-marina\/\",\"name\":\"'Brasil n\u00e3o desanima; chegou a vez de Eduardo e Marina' - Notibras\",\"isPartOf\":{\"@id\":\"https:\/\/www.notibras.com\/site\/#website\"},\"primaryImageOfPage\":{\"@id\":\"https:\/\/www.notibras.com\/site\/brasil-nao-desanima-chegou-a-vez-de-eduardo-e-marina\/#primaryimage\"},\"image\":{\"@id\":\"https:\/\/www.notibras.com\/site\/brasil-nao-desanima-chegou-a-vez-de-eduardo-e-marina\/#primaryimage\"},\"thumbnailUrl\":\"https:\/\/www.notibras.com\/site\/wp-content\/uploads\/2014\/04\/140414formalizacaomarinareproducaofacebook.jpg\",\"datePublished\":\"2014-04-15T10:07:26+00:00\",\"breadcrumb\":{\"@id\":\"https:\/\/www.notibras.com\/site\/brasil-nao-desanima-chegou-a-vez-de-eduardo-e-marina\/#breadcrumb\"},\"inLanguage\":\"pt-BR\",\"potentialAction\":[{\"@type\":\"ReadAction\",\"target\":[\"https:\/\/www.notibras.com\/site\/brasil-nao-desanima-chegou-a-vez-de-eduardo-e-marina\/\"]}]},{\"@type\":\"ImageObject\",\"inLanguage\":\"pt-BR\",\"@id\":\"https:\/\/www.notibras.com\/site\/brasil-nao-desanima-chegou-a-vez-de-eduardo-e-marina\/#primaryimage\",\"url\":\"https:\/\/www.notibras.com\/site\/wp-content\/uploads\/2014\/04\/140414formalizacaomarinareproducaofacebook.jpg\",\"contentUrl\":\"https:\/\/www.notibras.com\/site\/wp-content\/uploads\/2014\/04\/140414formalizacaomarinareproducaofacebook.jpg\",\"width\":460,\"height\":340},{\"@type\":\"BreadcrumbList\",\"@id\":\"https:\/\/www.notibras.com\/site\/brasil-nao-desanima-chegou-a-vez-de-eduardo-e-marina\/#breadcrumb\",\"itemListElement\":[{\"@type\":\"ListItem\",\"position\":1,\"name\":\"In\u00edcio\",\"item\":\"https:\/\/www.notibras.com\/site\/\"},{\"@type\":\"ListItem\",\"position\":2,\"name\":\"&#8216;Brasil n\u00e3o desanima; chegou a vez de Eduardo e Marina&#8217;\"}]},{\"@type\":\"WebSite\",\"@id\":\"https:\/\/www.notibras.com\/site\/#website\",\"url\":\"https:\/\/www.notibras.com\/site\/\",\"name\":\"Notibras\",\"description\":\"Not\u00edcias de Bras\u00edlia, do Brasil e do Mundo\",\"publisher\":{\"@id\":\"https:\/\/www.notibras.com\/site\/#organization\"},\"potentialAction\":[{\"@type\":\"SearchAction\",\"target\":{\"@type\":\"EntryPoint\",\"urlTemplate\":\"https:\/\/www.notibras.com\/site\/?s={search_term_string}\"},\"query-input\":{\"@type\":\"PropertyValueSpecification\",\"valueRequired\":true,\"valueName\":\"search_term_string\"}}],\"inLanguage\":\"pt-BR\"},{\"@type\":\"Organization\",\"@id\":\"https:\/\/www.notibras.com\/site\/#organization\",\"name\":\"Grupo Notibras de Comunica\u00e7\u00e3o\",\"url\":\"https:\/\/www.notibras.com\/site\/\",\"logo\":{\"@type\":\"ImageObject\",\"inLanguage\":\"pt-BR\",\"@id\":\"https:\/\/www.notibras.com\/site\/#\/schema\/logo\/image\/\",\"url\":\"https:\/\/www.notibras.com\/site\/wp-content\/uploads\/2023\/01\/notibras23.png\",\"contentUrl\":\"https:\/\/www.notibras.com\/site\/wp-content\/uploads\/2023\/01\/notibras23.png\",\"width\":350,\"height\":87,\"caption\":\"Grupo Notibras de Comunica\u00e7\u00e3o\"},\"image\":{\"@id\":\"https:\/\/www.notibras.com\/site\/#\/schema\/logo\/image\/\"},\"sameAs\":[\"https:\/\/www.facebook.com\/notibras\/\",\"https:\/\/x.com\/Notibras\",\"https:\/\/www.instagram.com\/notibras\/\"]},{\"@type\":\"Person\",\"@id\":\"https:\/\/www.notibras.com\/site\/#\/schema\/person\/36ab0979449956132d3e5b517ea76ac8\",\"name\":\"Reda\u00e7\u00e3o\",\"image\":{\"@type\":\"ImageObject\",\"inLanguage\":\"pt-BR\",\"@id\":\"https:\/\/secure.gravatar.com\/avatar\/e0a867bdedb85fd243eadf09663511f96fc81e0720a4a42581f334ad4303aa6b?s=96&d=mm&r=g\",\"url\":\"https:\/\/secure.gravatar.com\/avatar\/e0a867bdedb85fd243eadf09663511f96fc81e0720a4a42581f334ad4303aa6b?s=96&d=mm&r=g\",\"contentUrl\":\"https:\/\/secure.gravatar.com\/avatar\/e0a867bdedb85fd243eadf09663511f96fc81e0720a4a42581f334ad4303aa6b?s=96&d=mm&r=g\",\"caption\":\"Reda\u00e7\u00e3o\"}}]}<\/script>\n<!-- \/ Yoast SEO plugin. -->","yoast_head_json":{"title":"'Brasil n\u00e3o desanima; chegou a vez de Eduardo e Marina' - Notibras","robots":{"index":"index","follow":"follow","max-snippet":"max-snippet:-1","max-image-preview":"max-image-preview:large","max-video-preview":"max-video-preview:-1"},"canonical":"https:\/\/www.notibras.com\/site\/brasil-nao-desanima-chegou-a-vez-de-eduardo-e-marina\/","og_locale":"pt_BR","og_type":"article","og_title":"'Brasil n\u00e3o desanima; chegou a vez de Eduardo e Marina' - Notibras","og_description":"Um slogan p\u00edfio e um p\u00fablico diminuto marcaram a confirma\u00e7\u00e3o do nome de Marina Silva na composi\u00e7\u00e3o da chapa de Eduardo Campos (PSB) para disputar o Pal\u00e1cio do Planalto. O evento foi em um hotel de Bras\u00edlia com pouco mais de 500 convidados que receberam os dois sob o grito de\u00a0&#8220;Brasil, n\u00e3o desanima. A solu\u00e7\u00e3o [&hellip;]","og_url":"https:\/\/www.notibras.com\/site\/brasil-nao-desanima-chegou-a-vez-de-eduardo-e-marina\/","og_site_name":"Notibras","article_publisher":"https:\/\/www.facebook.com\/notibras\/","article_published_time":"2014-04-15T10:07:26+00:00","og_image":[{"width":460,"height":340,"url":"https:\/\/www.notibras.com\/site\/wp-content\/uploads\/2014\/04\/140414formalizacaomarinareproducaofacebook.jpg","type":"image\/jpeg"}],"author":"Reda\u00e7\u00e3o","twitter_card":"summary_large_image","twitter_creator":"@Notibras","twitter_site":"@Notibras","twitter_misc":{"Escrito por":"Reda\u00e7\u00e3o","Est. tempo de leitura":"1 minuto"},"schema":{"@context":"https:\/\/schema.org","@graph":[{"@type":"Article","@id":"https:\/\/www.notibras.com\/site\/brasil-nao-desanima-chegou-a-vez-de-eduardo-e-marina\/#article","isPartOf":{"@id":"https:\/\/www.notibras.com\/site\/brasil-nao-desanima-chegou-a-vez-de-eduardo-e-marina\/"},"author":{"name":"Reda\u00e7\u00e3o","@id":"https:\/\/www.notibras.com\/site\/#\/schema\/person\/36ab0979449956132d3e5b517ea76ac8"},"headline":"&#8216;Brasil n\u00e3o desanima; chegou a vez de Eduardo e Marina&#8217;","datePublished":"2014-04-15T10:07:26+00:00","mainEntityOfPage":{"@id":"https:\/\/www.notibras.com\/site\/brasil-nao-desanima-chegou-a-vez-de-eduardo-e-marina\/"},"wordCount":297,"commentCount":0,"publisher":{"@id":"https:\/\/www.notibras.com\/site\/#organization"},"image":{"@id":"https:\/\/www.notibras.com\/site\/brasil-nao-desanima-chegou-a-vez-de-eduardo-e-marina\/#primaryimage"},"thumbnailUrl":"https:\/\/www.notibras.com\/site\/wp-content\/uploads\/2014\/04\/140414formalizacaomarinareproducaofacebook.jpg","articleSection":["Brasil"],"inLanguage":"pt-BR","potentialAction":[{"@type":"CommentAction","name":"Comment","target":["https:\/\/www.notibras.com\/site\/brasil-nao-desanima-chegou-a-vez-de-eduardo-e-marina\/#respond"]}]},{"@type":"WebPage","@id":"https:\/\/www.notibras.com\/site\/brasil-nao-desanima-chegou-a-vez-de-eduardo-e-marina\/","url":"https:\/\/www.notibras.com\/site\/brasil-nao-desanima-chegou-a-vez-de-eduardo-e-marina\/","name":"'Brasil n\u00e3o desanima; chegou a vez de Eduardo e Marina' - Notibras","isPartOf":{"@id":"https:\/\/www.notibras.com\/site\/#website"},"primaryImageOfPage":{"@id":"https:\/\/www.notibras.com\/site\/brasil-nao-desanima-chegou-a-vez-de-eduardo-e-marina\/#primaryimage"},"image":{"@id":"https:\/\/www.notibras.com\/site\/brasil-nao-desanima-chegou-a-vez-de-eduardo-e-marina\/#primaryimage"},"thumbnailUrl":"https:\/\/www.notibras.com\/site\/wp-content\/uploads\/2014\/04\/140414formalizacaomarinareproducaofacebook.jpg","datePublished":"2014-04-15T10:07:26+00:00","breadcrumb":{"@id":"https:\/\/www.notibras.com\/site\/brasil-nao-desanima-chegou-a-vez-de-eduardo-e-marina\/#breadcrumb"},"inLanguage":"pt-BR","potentialAction":[{"@type":"ReadAction","target":["https:\/\/www.notibras.com\/site\/brasil-nao-desanima-chegou-a-vez-de-eduardo-e-marina\/"]}]},{"@type":"ImageObject","inLanguage":"pt-BR","@id":"https:\/\/www.notibras.com\/site\/brasil-nao-desanima-chegou-a-vez-de-eduardo-e-marina\/#primaryimage","url":"https:\/\/www.notibras.com\/site\/wp-content\/uploads\/2014\/04\/140414formalizacaomarinareproducaofacebook.jpg","contentUrl":"https:\/\/www.notibras.com\/site\/wp-content\/uploads\/2014\/04\/140414formalizacaomarinareproducaofacebook.jpg","width":460,"height":340},{"@type":"BreadcrumbList","@id":"https:\/\/www.notibras.com\/site\/brasil-nao-desanima-chegou-a-vez-de-eduardo-e-marina\/#breadcrumb","itemListElement":[{"@type":"ListItem","position":1,"name":"In\u00edcio","item":"https:\/\/www.notibras.com\/site\/"},{"@type":"ListItem","position":2,"name":"&#8216;Brasil n\u00e3o desanima; chegou a vez de Eduardo e Marina&#8217;"}]},{"@type":"WebSite","@id":"https:\/\/www.notibras.com\/site\/#website","url":"https:\/\/www.notibras.com\/site\/","name":"Notibras","description":"Not\u00edcias de Bras\u00edlia, do Brasil e do Mundo","publisher":{"@id":"https:\/\/www.notibras.com\/site\/#organization"},"potentialAction":[{"@type":"SearchAction","target":{"@type":"EntryPoint","urlTemplate":"https:\/\/www.notibras.com\/site\/?s={search_term_string}"},"query-input":{"@type":"PropertyValueSpecification","valueRequired":true,"valueName":"search_term_string"}}],"inLanguage":"pt-BR"},{"@type":"Organization","@id":"https:\/\/www.notibras.com\/site\/#organization","name":"Grupo Notibras de Comunica\u00e7\u00e3o","url":"https:\/\/www.notibras.com\/site\/","logo":{"@type":"ImageObject","inLanguage":"pt-BR","@id":"https:\/\/www.notibras.com\/site\/#\/schema\/logo\/image\/","url":"https:\/\/www.notibras.com\/site\/wp-content\/uploads\/2023\/01\/notibras23.png","contentUrl":"https:\/\/www.notibras.com\/site\/wp-content\/uploads\/2023\/01\/notibras23.png","width":350,"height":87,"caption":"Grupo Notibras de Comunica\u00e7\u00e3o"},"image":{"@id":"https:\/\/www.notibras.com\/site\/#\/schema\/logo\/image\/"},"sameAs":["https:\/\/www.facebook.com\/notibras\/","https:\/\/x.com\/Notibras","https:\/\/www.instagram.com\/notibras\/"]},{"@type":"Person","@id":"https:\/\/www.notibras.com\/site\/#\/schema\/person\/36ab0979449956132d3e5b517ea76ac8","name":"Reda\u00e7\u00e3o","image":{"@type":"ImageObject","inLanguage":"pt-BR","@id":"https:\/\/secure.gravatar.com\/avatar\/e0a867bdedb85fd243eadf09663511f96fc81e0720a4a42581f334ad4303aa6b?s=96&d=mm&r=g","url":"https:\/\/secure.gravatar.com\/avatar\/e0a867bdedb85fd243eadf09663511f96fc81e0720a4a42581f334ad4303aa6b?s=96&d=mm&r=g","contentUrl":"https:\/\/secure.gravatar.com\/avatar\/e0a867bdedb85fd243eadf09663511f96fc81e0720a4a42581f334ad4303aa6b?s=96&d=mm&r=g","caption":"Reda\u00e7\u00e3o"}}]}},"amp_enabled":true,"_links":{"self":[{"href":"https:\/\/www.notibras.com\/site\/wp-json\/wp\/v2\/posts\/6751","targetHints":{"allow":["GET"]}}],"collection":[{"href":"https:\/\/www.notibras.com\/site\/wp-json\/wp\/v2\/posts"}],"about":[{"href":"https:\/\/www.notibras.com\/site\/wp-json\/wp\/v2\/types\/post"}],"author":[{"embeddable":true,"href":"https:\/\/www.notibras.com\/site\/wp-json\/wp\/v2\/users\/2"}],"replies":[{"embeddable":true,"href":"https:\/\/www.notibras.com\/site\/wp-json\/wp\/v2\/comments?post=6751"}],"version-history":[{"count":0,"href":"https:\/\/www.notibras.com\/site\/wp-json\/wp\/v2\/posts\/6751\/revisions"}],"wp:featuredmedia":[{"embeddable":true,"href":"https:\/\/www.notibras.com\/site\/wp-json\/wp\/v2\/media\/6752"}],"wp:attachment":[{"href":"https:\/\/www.notibras.com\/site\/wp-json\/wp\/v2\/media?parent=6751"}],"wp:term":[{"taxonomy":"category","embeddable":true,"href":"https:\/\/www.notibras.com\/site\/wp-json\/wp\/v2\/categories?post=6751"},{"taxonomy":"post_tag","embeddable":true,"href":"https:\/\/www.notibras.com\/site\/wp-json\/wp\/v2\/tags?post=6751"}],"curies":[{"name":"wp","href":"https:\/\/api.w.org\/{rel}","templated":true}]}}