{"id":67517,"date":"2015-09-13T18:08:26","date_gmt":"2015-09-13T21:08:26","guid":{"rendered":"http:\/\/www.notibras.com\/site\/?p=67517"},"modified":"2015-09-13T18:20:17","modified_gmt":"2015-09-13T21:20:17","slug":"vitor-sai-de-vilao-a-heroi-e-evita-derrota-do-galo-para-a-raposa-em-jogo-de-1x1","status":"publish","type":"post","link":"https:\/\/www.notibras.com\/site\/vitor-sai-de-vilao-a-heroi-e-evita-derrota-do-galo-para-a-raposa-em-jogo-de-1x1\/","title":{"rendered":"Vitor vai de vil\u00e3o a her\u00f3i e evita derrota do Galo para a Raposa em jogo de 1&#215;1"},"content":{"rendered":"<p>O goleiro Victor esteve muito perto e ser o vil\u00e3o do Atl\u00e9tico-MG no empate em 1 a 1 com o Cruzeiro. O camisa 1 atleticano falhou no gol do Willian, mas se redimiu na etapa final. Primeiro ao evitar o segundo gol celeste, num lance cara a cara com Alisson. E depois com outro p\u00eanalti defendido nos acr\u00e9scimos. Victor defendeu cobran\u00e7a de Willian, tr\u00eas minutos depois do empata atleticano, com Carlos.<\/p>\n<p>Pouco futebol e muito erro. Assim pode ser o resumo dos primeiros 45 minutos do cl\u00e1ssico mineiro. As melhores chances e o gol celeste foram mais frutos de erros individuais do que da qualidade dos jogadores. Aos seis o zagueiro Bruno Rodrigo vacilou na frente de Pratto, mas o atacante atleticano chutou para f\u00e1cil defesa de F\u00e1bio. Dois minutos depois foi a vez de Jemerson perder a bola para Willian, que deixou Alisson em boa condi\u00e7\u00e3o de chute, mas finaliza\u00e7\u00e3o n\u00e3o foi das melhores e desviou na defesa.<\/p>\n<p>Jogo truncado e com muitos erros, assim seguia o Cruzeiro x Atl\u00e9tico. Mas o lado alvinegro errou mais na etapa inicial e isso fez diferen\u00e7a. Aos 29 minutos o Atl\u00e9tico teve \u00f3tima chance, mas Lucas Pratto desviou para fora a bola cruzada por Marcos Rocha. Erros que custaram caro. O Cruzeiro aproveitou bem, aos 38, com Willian. Depois de uma bola mal passada por Patric, o atacante chutou fraco e contou com a ajuda do goleiro Victor para abrir o placar.<\/p>\n<p>O segundo tempo come\u00e7ou com a expuls\u00e3o de Mena, aos seis minutos. Sinal de jogo complicado para o Cruzeiro, especialmente ap\u00f3s gol perdido por Alisson, dois minutos depois. O camisa 11 perdeu um gol cara a cara com Victor. A partir de ent\u00e3o foi uma press\u00e3o alvinegra, mas o gol saiu somente aos 43 minutos, com Carlos. O empate parecia consolidado, quando Jemerson fez p\u00eanalti em Willian. O atacante parou em Victor, aos 46 minutos.<\/p>\n","protected":false},"excerpt":{"rendered":"<p>O goleiro Victor esteve muito perto e ser o vil\u00e3o do Atl\u00e9tico-MG no empate em 1 a 1 com o Cruzeiro. O camisa 1 atleticano falhou no gol do Willian, mas se redimiu na etapa final. Primeiro ao evitar o segundo gol celeste, num lance cara a cara com Alisson. E depois com outro p\u00eanalti [&hellip;]<\/p>\n","protected":false},"author":2,"featured_media":67518,"comment_status":"open","ping_status":"closed","sticky":false,"template":"","format":"standard","meta":{"_acf_changed":false,"footnotes":""},"categories":[29],"tags":[],"class_list":["post-67517","post","type-post","status-publish","format-standard","has-post-thumbnail","hentry","category-futebol"],"acf":[],"yoast_head":"<!-- This site is optimized with the Yoast SEO plugin v27.2 - https:\/\/yoast.com\/product\/yoast-seo-wordpress\/ -->\n<title>Vitor vai de vil\u00e3o a her\u00f3i e evita derrota do Galo para a Raposa em jogo de 1x1 - Notibras<\/title>\n<meta name=\"robots\" content=\"index, follow, max-snippet:-1, max-image-preview:large, max-video-preview:-1\" \/>\n<link rel=\"canonical\" href=\"https:\/\/www.notibras.com\/site\/vitor-sai-de-vilao-a-heroi-e-evita-derrota-do-galo-para-a-raposa-em-jogo-de-1x1\/\" \/>\n<meta property=\"og:locale\" content=\"pt_BR\" \/>\n<meta property=\"og:type\" content=\"article\" \/>\n<meta property=\"og:title\" content=\"Vitor vai de vil\u00e3o a her\u00f3i e evita derrota do Galo para a Raposa em jogo de 1x1 - Notibras\" \/>\n<meta property=\"og:description\" content=\"O goleiro Victor esteve muito perto e ser o vil\u00e3o do Atl\u00e9tico-MG no empate em 1 a 1 com o Cruzeiro. O camisa 1 atleticano falhou no gol do Willian, mas se redimiu na etapa final. Primeiro ao evitar o segundo gol celeste, num lance cara a cara com Alisson. E depois com outro p\u00eanalti [&hellip;]\" \/>\n<meta property=\"og:url\" content=\"https:\/\/www.notibras.com\/site\/vitor-sai-de-vilao-a-heroi-e-evita-derrota-do-galo-para-a-raposa-em-jogo-de-1x1\/\" \/>\n<meta property=\"og:site_name\" content=\"Notibras\" \/>\n<meta property=\"article:publisher\" content=\"https:\/\/www.facebook.com\/notibras\/\" \/>\n<meta property=\"article:published_time\" content=\"2015-09-13T21:08:26+00:00\" \/>\n<meta property=\"article:modified_time\" content=\"2015-09-13T21:20:17+00:00\" \/>\n<meta property=\"og:image\" content=\"https:\/\/www.notibras.com\/site\/wp-content\/uploads\/2015\/09\/clamg.jpg\" \/>\n\t<meta property=\"og:image:width\" content=\"527\" \/>\n\t<meta property=\"og:image:height\" content=\"307\" \/>\n\t<meta property=\"og:image:type\" content=\"image\/jpeg\" \/>\n<meta name=\"author\" content=\"Reda\u00e7\u00e3o\" \/>\n<meta name=\"twitter:card\" content=\"summary_large_image\" \/>\n<meta name=\"twitter:creator\" content=\"@Notibras\" \/>\n<meta name=\"twitter:site\" content=\"@Notibras\" \/>\n<meta name=\"twitter:label1\" content=\"Escrito por\" \/>\n\t<meta name=\"twitter:data1\" content=\"Reda\u00e7\u00e3o\" \/>\n\t<meta name=\"twitter:label2\" content=\"Est. tempo de leitura\" \/>\n\t<meta name=\"twitter:data2\" content=\"2 minutos\" \/>\n<script type=\"application\/ld+json\" class=\"yoast-schema-graph\">{\"@context\":\"https:\/\/schema.org\",\"@graph\":[{\"@type\":\"Article\",\"@id\":\"https:\/\/www.notibras.com\/site\/vitor-sai-de-vilao-a-heroi-e-evita-derrota-do-galo-para-a-raposa-em-jogo-de-1x1\/#article\",\"isPartOf\":{\"@id\":\"https:\/\/www.notibras.com\/site\/vitor-sai-de-vilao-a-heroi-e-evita-derrota-do-galo-para-a-raposa-em-jogo-de-1x1\/\"},\"author\":{\"name\":\"Reda\u00e7\u00e3o\",\"@id\":\"https:\/\/www.notibras.com\/site\/#\/schema\/person\/36ab0979449956132d3e5b517ea76ac8\"},\"headline\":\"Vitor vai de vil\u00e3o a her\u00f3i e evita derrota do Galo para a Raposa em jogo de 1&#215;1\",\"datePublished\":\"2015-09-13T21:08:26+00:00\",\"dateModified\":\"2015-09-13T21:20:17+00:00\",\"mainEntityOfPage\":{\"@id\":\"https:\/\/www.notibras.com\/site\/vitor-sai-de-vilao-a-heroi-e-evita-derrota-do-galo-para-a-raposa-em-jogo-de-1x1\/\"},\"wordCount\":347,\"commentCount\":0,\"publisher\":{\"@id\":\"https:\/\/www.notibras.com\/site\/#organization\"},\"image\":{\"@id\":\"https:\/\/www.notibras.com\/site\/vitor-sai-de-vilao-a-heroi-e-evita-derrota-do-galo-para-a-raposa-em-jogo-de-1x1\/#primaryimage\"},\"thumbnailUrl\":\"https:\/\/www.notibras.com\/site\/wp-content\/uploads\/2015\/09\/clamg.jpg\",\"articleSection\":[\"Futebol\"],\"inLanguage\":\"pt-BR\",\"potentialAction\":[{\"@type\":\"CommentAction\",\"name\":\"Comment\",\"target\":[\"https:\/\/www.notibras.com\/site\/vitor-sai-de-vilao-a-heroi-e-evita-derrota-do-galo-para-a-raposa-em-jogo-de-1x1\/#respond\"]}]},{\"@type\":\"WebPage\",\"@id\":\"https:\/\/www.notibras.com\/site\/vitor-sai-de-vilao-a-heroi-e-evita-derrota-do-galo-para-a-raposa-em-jogo-de-1x1\/\",\"url\":\"https:\/\/www.notibras.com\/site\/vitor-sai-de-vilao-a-heroi-e-evita-derrota-do-galo-para-a-raposa-em-jogo-de-1x1\/\",\"name\":\"Vitor vai de vil\u00e3o a her\u00f3i e evita derrota do Galo para a Raposa em jogo de 1x1 - Notibras\",\"isPartOf\":{\"@id\":\"https:\/\/www.notibras.com\/site\/#website\"},\"primaryImageOfPage\":{\"@id\":\"https:\/\/www.notibras.com\/site\/vitor-sai-de-vilao-a-heroi-e-evita-derrota-do-galo-para-a-raposa-em-jogo-de-1x1\/#primaryimage\"},\"image\":{\"@id\":\"https:\/\/www.notibras.com\/site\/vitor-sai-de-vilao-a-heroi-e-evita-derrota-do-galo-para-a-raposa-em-jogo-de-1x1\/#primaryimage\"},\"thumbnailUrl\":\"https:\/\/www.notibras.com\/site\/wp-content\/uploads\/2015\/09\/clamg.jpg\",\"datePublished\":\"2015-09-13T21:08:26+00:00\",\"dateModified\":\"2015-09-13T21:20:17+00:00\",\"breadcrumb\":{\"@id\":\"https:\/\/www.notibras.com\/site\/vitor-sai-de-vilao-a-heroi-e-evita-derrota-do-galo-para-a-raposa-em-jogo-de-1x1\/#breadcrumb\"},\"inLanguage\":\"pt-BR\",\"potentialAction\":[{\"@type\":\"ReadAction\",\"target\":[\"https:\/\/www.notibras.com\/site\/vitor-sai-de-vilao-a-heroi-e-evita-derrota-do-galo-para-a-raposa-em-jogo-de-1x1\/\"]}]},{\"@type\":\"ImageObject\",\"inLanguage\":\"pt-BR\",\"@id\":\"https:\/\/www.notibras.com\/site\/vitor-sai-de-vilao-a-heroi-e-evita-derrota-do-galo-para-a-raposa-em-jogo-de-1x1\/#primaryimage\",\"url\":\"https:\/\/www.notibras.com\/site\/wp-content\/uploads\/2015\/09\/clamg.jpg\",\"contentUrl\":\"https:\/\/www.notibras.com\/site\/wp-content\/uploads\/2015\/09\/clamg.jpg\",\"width\":527,\"height\":307},{\"@type\":\"BreadcrumbList\",\"@id\":\"https:\/\/www.notibras.com\/site\/vitor-sai-de-vilao-a-heroi-e-evita-derrota-do-galo-para-a-raposa-em-jogo-de-1x1\/#breadcrumb\",\"itemListElement\":[{\"@type\":\"ListItem\",\"position\":1,\"name\":\"In\u00edcio\",\"item\":\"https:\/\/www.notibras.com\/site\/\"},{\"@type\":\"ListItem\",\"position\":2,\"name\":\"Vitor vai de vil\u00e3o a her\u00f3i e evita derrota do Galo para a Raposa em jogo de 1&#215;1\"}]},{\"@type\":\"WebSite\",\"@id\":\"https:\/\/www.notibras.com\/site\/#website\",\"url\":\"https:\/\/www.notibras.com\/site\/\",\"name\":\"Notibras\",\"description\":\"Not\u00edcias de Bras\u00edlia, do Brasil e do Mundo\",\"publisher\":{\"@id\":\"https:\/\/www.notibras.com\/site\/#organization\"},\"potentialAction\":[{\"@type\":\"SearchAction\",\"target\":{\"@type\":\"EntryPoint\",\"urlTemplate\":\"https:\/\/www.notibras.com\/site\/?s={search_term_string}\"},\"query-input\":{\"@type\":\"PropertyValueSpecification\",\"valueRequired\":true,\"valueName\":\"search_term_string\"}}],\"inLanguage\":\"pt-BR\"},{\"@type\":\"Organization\",\"@id\":\"https:\/\/www.notibras.com\/site\/#organization\",\"name\":\"Grupo Notibras de Comunica\u00e7\u00e3o\",\"url\":\"https:\/\/www.notibras.com\/site\/\",\"logo\":{\"@type\":\"ImageObject\",\"inLanguage\":\"pt-BR\",\"@id\":\"https:\/\/www.notibras.com\/site\/#\/schema\/logo\/image\/\",\"url\":\"https:\/\/www.notibras.com\/site\/wp-content\/uploads\/2023\/01\/notibras23.png\",\"contentUrl\":\"https:\/\/www.notibras.com\/site\/wp-content\/uploads\/2023\/01\/notibras23.png\",\"width\":350,\"height\":87,\"caption\":\"Grupo Notibras de Comunica\u00e7\u00e3o\"},\"image\":{\"@id\":\"https:\/\/www.notibras.com\/site\/#\/schema\/logo\/image\/\"},\"sameAs\":[\"https:\/\/www.facebook.com\/notibras\/\",\"https:\/\/x.com\/Notibras\",\"https:\/\/www.instagram.com\/notibras\/\"]},{\"@type\":\"Person\",\"@id\":\"https:\/\/www.notibras.com\/site\/#\/schema\/person\/36ab0979449956132d3e5b517ea76ac8\",\"name\":\"Reda\u00e7\u00e3o\",\"image\":{\"@type\":\"ImageObject\",\"inLanguage\":\"pt-BR\",\"@id\":\"https:\/\/secure.gravatar.com\/avatar\/e0a867bdedb85fd243eadf09663511f96fc81e0720a4a42581f334ad4303aa6b?s=96&d=mm&r=g\",\"url\":\"https:\/\/secure.gravatar.com\/avatar\/e0a867bdedb85fd243eadf09663511f96fc81e0720a4a42581f334ad4303aa6b?s=96&d=mm&r=g\",\"contentUrl\":\"https:\/\/secure.gravatar.com\/avatar\/e0a867bdedb85fd243eadf09663511f96fc81e0720a4a42581f334ad4303aa6b?s=96&d=mm&r=g\",\"caption\":\"Reda\u00e7\u00e3o\"}}]}<\/script>\n<!-- \/ Yoast SEO plugin. -->","yoast_head_json":{"title":"Vitor vai de vil\u00e3o a her\u00f3i e evita derrota do Galo para a Raposa em jogo de 1x1 - Notibras","robots":{"index":"index","follow":"follow","max-snippet":"max-snippet:-1","max-image-preview":"max-image-preview:large","max-video-preview":"max-video-preview:-1"},"canonical":"https:\/\/www.notibras.com\/site\/vitor-sai-de-vilao-a-heroi-e-evita-derrota-do-galo-para-a-raposa-em-jogo-de-1x1\/","og_locale":"pt_BR","og_type":"article","og_title":"Vitor vai de vil\u00e3o a her\u00f3i e evita derrota do Galo para a Raposa em jogo de 1x1 - Notibras","og_description":"O goleiro Victor esteve muito perto e ser o vil\u00e3o do Atl\u00e9tico-MG no empate em 1 a 1 com o Cruzeiro. O camisa 1 atleticano falhou no gol do Willian, mas se redimiu na etapa final. Primeiro ao evitar o segundo gol celeste, num lance cara a cara com Alisson. E depois com outro p\u00eanalti [&hellip;]","og_url":"https:\/\/www.notibras.com\/site\/vitor-sai-de-vilao-a-heroi-e-evita-derrota-do-galo-para-a-raposa-em-jogo-de-1x1\/","og_site_name":"Notibras","article_publisher":"https:\/\/www.facebook.com\/notibras\/","article_published_time":"2015-09-13T21:08:26+00:00","article_modified_time":"2015-09-13T21:20:17+00:00","og_image":[{"width":527,"height":307,"url":"https:\/\/www.notibras.com\/site\/wp-content\/uploads\/2015\/09\/clamg.jpg","type":"image\/jpeg"}],"author":"Reda\u00e7\u00e3o","twitter_card":"summary_large_image","twitter_creator":"@Notibras","twitter_site":"@Notibras","twitter_misc":{"Escrito por":"Reda\u00e7\u00e3o","Est. tempo de leitura":"2 minutos"},"schema":{"@context":"https:\/\/schema.org","@graph":[{"@type":"Article","@id":"https:\/\/www.notibras.com\/site\/vitor-sai-de-vilao-a-heroi-e-evita-derrota-do-galo-para-a-raposa-em-jogo-de-1x1\/#article","isPartOf":{"@id":"https:\/\/www.notibras.com\/site\/vitor-sai-de-vilao-a-heroi-e-evita-derrota-do-galo-para-a-raposa-em-jogo-de-1x1\/"},"author":{"name":"Reda\u00e7\u00e3o","@id":"https:\/\/www.notibras.com\/site\/#\/schema\/person\/36ab0979449956132d3e5b517ea76ac8"},"headline":"Vitor vai de vil\u00e3o a her\u00f3i e evita derrota do Galo para a Raposa em jogo de 1&#215;1","datePublished":"2015-09-13T21:08:26+00:00","dateModified":"2015-09-13T21:20:17+00:00","mainEntityOfPage":{"@id":"https:\/\/www.notibras.com\/site\/vitor-sai-de-vilao-a-heroi-e-evita-derrota-do-galo-para-a-raposa-em-jogo-de-1x1\/"},"wordCount":347,"commentCount":0,"publisher":{"@id":"https:\/\/www.notibras.com\/site\/#organization"},"image":{"@id":"https:\/\/www.notibras.com\/site\/vitor-sai-de-vilao-a-heroi-e-evita-derrota-do-galo-para-a-raposa-em-jogo-de-1x1\/#primaryimage"},"thumbnailUrl":"https:\/\/www.notibras.com\/site\/wp-content\/uploads\/2015\/09\/clamg.jpg","articleSection":["Futebol"],"inLanguage":"pt-BR","potentialAction":[{"@type":"CommentAction","name":"Comment","target":["https:\/\/www.notibras.com\/site\/vitor-sai-de-vilao-a-heroi-e-evita-derrota-do-galo-para-a-raposa-em-jogo-de-1x1\/#respond"]}]},{"@type":"WebPage","@id":"https:\/\/www.notibras.com\/site\/vitor-sai-de-vilao-a-heroi-e-evita-derrota-do-galo-para-a-raposa-em-jogo-de-1x1\/","url":"https:\/\/www.notibras.com\/site\/vitor-sai-de-vilao-a-heroi-e-evita-derrota-do-galo-para-a-raposa-em-jogo-de-1x1\/","name":"Vitor vai de vil\u00e3o a her\u00f3i e evita derrota do Galo para a Raposa em jogo de 1x1 - Notibras","isPartOf":{"@id":"https:\/\/www.notibras.com\/site\/#website"},"primaryImageOfPage":{"@id":"https:\/\/www.notibras.com\/site\/vitor-sai-de-vilao-a-heroi-e-evita-derrota-do-galo-para-a-raposa-em-jogo-de-1x1\/#primaryimage"},"image":{"@id":"https:\/\/www.notibras.com\/site\/vitor-sai-de-vilao-a-heroi-e-evita-derrota-do-galo-para-a-raposa-em-jogo-de-1x1\/#primaryimage"},"thumbnailUrl":"https:\/\/www.notibras.com\/site\/wp-content\/uploads\/2015\/09\/clamg.jpg","datePublished":"2015-09-13T21:08:26+00:00","dateModified":"2015-09-13T21:20:17+00:00","breadcrumb":{"@id":"https:\/\/www.notibras.com\/site\/vitor-sai-de-vilao-a-heroi-e-evita-derrota-do-galo-para-a-raposa-em-jogo-de-1x1\/#breadcrumb"},"inLanguage":"pt-BR","potentialAction":[{"@type":"ReadAction","target":["https:\/\/www.notibras.com\/site\/vitor-sai-de-vilao-a-heroi-e-evita-derrota-do-galo-para-a-raposa-em-jogo-de-1x1\/"]}]},{"@type":"ImageObject","inLanguage":"pt-BR","@id":"https:\/\/www.notibras.com\/site\/vitor-sai-de-vilao-a-heroi-e-evita-derrota-do-galo-para-a-raposa-em-jogo-de-1x1\/#primaryimage","url":"https:\/\/www.notibras.com\/site\/wp-content\/uploads\/2015\/09\/clamg.jpg","contentUrl":"https:\/\/www.notibras.com\/site\/wp-content\/uploads\/2015\/09\/clamg.jpg","width":527,"height":307},{"@type":"BreadcrumbList","@id":"https:\/\/www.notibras.com\/site\/vitor-sai-de-vilao-a-heroi-e-evita-derrota-do-galo-para-a-raposa-em-jogo-de-1x1\/#breadcrumb","itemListElement":[{"@type":"ListItem","position":1,"name":"In\u00edcio","item":"https:\/\/www.notibras.com\/site\/"},{"@type":"ListItem","position":2,"name":"Vitor vai de vil\u00e3o a her\u00f3i e evita derrota do Galo para a Raposa em jogo de 1&#215;1"}]},{"@type":"WebSite","@id":"https:\/\/www.notibras.com\/site\/#website","url":"https:\/\/www.notibras.com\/site\/","name":"Notibras","description":"Not\u00edcias de Bras\u00edlia, do Brasil e do Mundo","publisher":{"@id":"https:\/\/www.notibras.com\/site\/#organization"},"potentialAction":[{"@type":"SearchAction","target":{"@type":"EntryPoint","urlTemplate":"https:\/\/www.notibras.com\/site\/?s={search_term_string}"},"query-input":{"@type":"PropertyValueSpecification","valueRequired":true,"valueName":"search_term_string"}}],"inLanguage":"pt-BR"},{"@type":"Organization","@id":"https:\/\/www.notibras.com\/site\/#organization","name":"Grupo Notibras de Comunica\u00e7\u00e3o","url":"https:\/\/www.notibras.com\/site\/","logo":{"@type":"ImageObject","inLanguage":"pt-BR","@id":"https:\/\/www.notibras.com\/site\/#\/schema\/logo\/image\/","url":"https:\/\/www.notibras.com\/site\/wp-content\/uploads\/2023\/01\/notibras23.png","contentUrl":"https:\/\/www.notibras.com\/site\/wp-content\/uploads\/2023\/01\/notibras23.png","width":350,"height":87,"caption":"Grupo Notibras de Comunica\u00e7\u00e3o"},"image":{"@id":"https:\/\/www.notibras.com\/site\/#\/schema\/logo\/image\/"},"sameAs":["https:\/\/www.facebook.com\/notibras\/","https:\/\/x.com\/Notibras","https:\/\/www.instagram.com\/notibras\/"]},{"@type":"Person","@id":"https:\/\/www.notibras.com\/site\/#\/schema\/person\/36ab0979449956132d3e5b517ea76ac8","name":"Reda\u00e7\u00e3o","image":{"@type":"ImageObject","inLanguage":"pt-BR","@id":"https:\/\/secure.gravatar.com\/avatar\/e0a867bdedb85fd243eadf09663511f96fc81e0720a4a42581f334ad4303aa6b?s=96&d=mm&r=g","url":"https:\/\/secure.gravatar.com\/avatar\/e0a867bdedb85fd243eadf09663511f96fc81e0720a4a42581f334ad4303aa6b?s=96&d=mm&r=g","contentUrl":"https:\/\/secure.gravatar.com\/avatar\/e0a867bdedb85fd243eadf09663511f96fc81e0720a4a42581f334ad4303aa6b?s=96&d=mm&r=g","caption":"Reda\u00e7\u00e3o"}}]}},"amp_enabled":true,"_links":{"self":[{"href":"https:\/\/www.notibras.com\/site\/wp-json\/wp\/v2\/posts\/67517","targetHints":{"allow":["GET"]}}],"collection":[{"href":"https:\/\/www.notibras.com\/site\/wp-json\/wp\/v2\/posts"}],"about":[{"href":"https:\/\/www.notibras.com\/site\/wp-json\/wp\/v2\/types\/post"}],"author":[{"embeddable":true,"href":"https:\/\/www.notibras.com\/site\/wp-json\/wp\/v2\/users\/2"}],"replies":[{"embeddable":true,"href":"https:\/\/www.notibras.com\/site\/wp-json\/wp\/v2\/comments?post=67517"}],"version-history":[{"count":2,"href":"https:\/\/www.notibras.com\/site\/wp-json\/wp\/v2\/posts\/67517\/revisions"}],"predecessor-version":[{"id":67532,"href":"https:\/\/www.notibras.com\/site\/wp-json\/wp\/v2\/posts\/67517\/revisions\/67532"}],"wp:featuredmedia":[{"embeddable":true,"href":"https:\/\/www.notibras.com\/site\/wp-json\/wp\/v2\/media\/67518"}],"wp:attachment":[{"href":"https:\/\/www.notibras.com\/site\/wp-json\/wp\/v2\/media?parent=67517"}],"wp:term":[{"taxonomy":"category","embeddable":true,"href":"https:\/\/www.notibras.com\/site\/wp-json\/wp\/v2\/categories?post=67517"},{"taxonomy":"post_tag","embeddable":true,"href":"https:\/\/www.notibras.com\/site\/wp-json\/wp\/v2\/tags?post=67517"}],"curies":[{"name":"wp","href":"https:\/\/api.w.org\/{rel}","templated":true}]}}