{"id":6754,"date":"2014-04-15T07:11:09","date_gmt":"2014-04-15T10:11:09","guid":{"rendered":"http:\/\/www.notibras.com\/site\/?p=6754"},"modified":"2014-04-15T07:11:41","modified_gmt":"2014-04-15T10:11:41","slug":"para-aecio-dilma-deve-desculpas-ao-povo-pelo-excesso-de-corrupcao-no-pais","status":"publish","type":"post","link":"https:\/\/www.notibras.com\/site\/para-aecio-dilma-deve-desculpas-ao-povo-pelo-excesso-de-corrupcao-no-pais\/","title":{"rendered":"Para A\u00e9cio, Dilma deve desculpas ao povo pelo excesso de corrup\u00e7\u00e3o"},"content":{"rendered":"<p>Os recentes casos de corrup\u00e7\u00e3o envolvendo a Petrobras, como por exemplo a compra de uma refinaria em Pasadena (EUA) por R$ 1,2 bilh\u00e3o e o envolvimento do ex-diretor Paulo Roberto Costa em suposta den\u00fancia de cobran\u00e7a de propina em contratos com a estatal, s\u00e3o motivos mais do que suficientes para que a presidente Dilma Rousseff pedisse perd\u00e3o aos brasileiros. Esta \u00e9 a opini\u00e3o do senador A\u00e9cio Neves (PSDB-MG), pr\u00e9-candidato \u00e0 Presid\u00eancia da Rep\u00fablica.<\/p>\n<p>\u201cO caminho correto nesse instante seria a senhora presidente da Rep\u00fablica pedir desculpas aos brasileiros, aos servidores da Petrobras, que constru\u00edram durante 60 anos esta extraordin\u00e1ria empresa, e desculpas em especial aos trabalhadores que colocaram recursos de seus fundos de garantia. Quem em 2009 colocou R$ 10 na Petrobras, hoje tem R$ 35\u201d, afirmou o senador tucano aos jornalistas antes de uma palestra para empres\u00e1rios na Federa\u00e7\u00e3o das Ind\u00fastrias do Estado do Rio de Janeiro (Firjan), no centro da capital fluminense.<\/p>\n<p>\u201cPortanto, eu acho que est\u00e1 na hora da presidente devolver limpo o macac\u00e3o da Petrobras\u201d, comentou ainda A\u00e9cio Neves, que ao desembarcar no Rio de Janeiro vindo de Salvador, ainda se disse surpreso com uma fala da presidente Dilma Rousseff sobre o trabalho da oposi\u00e7\u00e3o acerca das den\u00fancias de corrup\u00e7\u00e3o na estatal.<\/p>\n<p>\u201cEu vi uma declara\u00e7\u00e3o dada pela senhora presidente da Rep\u00fablica, em Pernambuco, acusando a oposi\u00e7\u00e3o que de alguma forma est\u00e1 sujando a imagem da Petrobras. Meu Deus do c\u00e9u!\u00a0Quem est\u00e1 ferindo a imagem da Petrobras \u00e9 o aparelhamento que o PT estabeleceu h\u00e1 v\u00e1rios anos na empresa e a partir disso estamos vendo todos os tipos de irresponsabilidades acontecendo\u201d, destacou.<\/p>\n<p>A\u00e9cio Neves esteve em Salvador onde no in\u00edcio da tarde, onde, junto com mais de 500 lideran\u00e7as do DEM, PSDB e PMDB, selou uma alian\u00e7a hist\u00f3rica de oposi\u00e7\u00e3o dentro do Estado da Bahia. Al\u00e9m de A\u00e9cio para a Presid\u00eancia, a composi\u00e7\u00e3o da chapa ter\u00e1 Paulo Souto (DEM) para o governo, e Geddel Vieira Lima (PMDB), ex-ministro da Integra\u00e7\u00e3o Social, como senador. Para esta noite, est\u00e1 previsto um jantar na zona sul do Rio com o presidente estadual peemedebista, Jorge Picciani, com o intuito de montar um palanque no Rio de Janeiro.<\/p>\n<p>\u201cEu tenho recebido acenos importantes de lideran\u00e7as, n\u00e3o apenas do PMDB, mas de setores da base do governo federal que querem estar pr\u00f3ximos de n\u00f3s. E s\u00e3o bem-vindos esses apoios\u201d, afirmou o tucano. \u201cN\u00f3s temos conversado com o presidente <em>(Jorge)<\/em> Picciani, do PMDB, com o presidente do PP,<em> (senador)<\/em> Francisco Dorneles, com o Paulinho da For\u00e7a, com o Indio <em>(da Costa)<\/em> do PSD, ent\u00e3o, eu vejo um conjunto de for\u00e7as que est\u00e3o na base do atual governo estadual, mas que mostram disposi\u00e7\u00e3o de caminhar conosco. Vamos deixar que o tempo se encarregue de consolidar esse entendimento\u201d, completou.<\/p>\n<p>No Rio de Janeiro, a situa\u00e7\u00e3o envolvendo Picciani destoa da atual postura do pr\u00e9-candidato ao governo fluminense, Luiz Fernando Pez\u00e3o, que junto do agora ex-governador S\u00e9rgio Cabral, continuam firme, ao menos por enquanto, no apoio \u00e0\u00a0presidente Dilma Rousseff.<\/p>\n<p>Picciani, no entanto, j\u00e1 reiterou por diversas vezes que \u00e9 contra, por exemplo, a candidatura petista ao governo do Estado do tamb\u00e9m senador Lindbergh Faria (PT), e a partir da\u00ed teria nascido o interesse de di\u00e1logo com A\u00e9cio Neves por parte do l\u00edder estadual peemedebista.<\/p>\n<p>\u201cEu acredito nas coisas naturais na pol\u00edtica. O que eu tenho percebido \u00e9 que, n\u00e3o apenas na oposi\u00e7\u00e3o, mas na sociedade brasileira h\u00e1 um cansa\u00e7o em rela\u00e7\u00e3o a isso tudo que est\u00e1 acontecendo no Pa\u00eds. N\u00e3o h\u00e1 mais est\u00f4mago para tanta propaganda e t\u00e3o pouco resultado\u201d, despistou o senador tucano antes de partir para a palestra e lembrar que, tamb\u00e9m no Rio de Janeiro, ele conta com apoio do Democratas e do PP. \u201cEstou imensamente feliz com o in\u00edcio do processo\u201d, finalizou.<\/p>\n<p>&nbsp;<\/p>\n","protected":false},"excerpt":{"rendered":"<p>Os recentes casos de corrup\u00e7\u00e3o envolvendo a Petrobras, como por exemplo a compra de uma refinaria em Pasadena (EUA) por R$ 1,2 bilh\u00e3o e o envolvimento do ex-diretor Paulo Roberto Costa em suposta den\u00fancia de cobran\u00e7a de propina em contratos com a estatal, s\u00e3o motivos mais do que suficientes para que a presidente Dilma Rousseff [&hellip;]<\/p>\n","protected":false},"author":2,"featured_media":6755,"comment_status":"open","ping_status":"closed","sticky":false,"template":"","format":"standard","meta":{"_acf_changed":false,"footnotes":""},"categories":[16],"tags":[],"class_list":["post-6754","post","type-post","status-publish","format-standard","has-post-thumbnail","hentry","category-brasil"],"acf":[],"yoast_head":"<!-- This site is optimized with the Yoast SEO plugin v27.2 - https:\/\/yoast.com\/product\/yoast-seo-wordpress\/ -->\n<title>Para A\u00e9cio, Dilma deve desculpas ao povo pelo excesso de corrup\u00e7\u00e3o - Notibras<\/title>\n<meta name=\"robots\" content=\"index, follow, max-snippet:-1, max-image-preview:large, max-video-preview:-1\" \/>\n<link rel=\"canonical\" href=\"https:\/\/www.notibras.com\/site\/para-aecio-dilma-deve-desculpas-ao-povo-pelo-excesso-de-corrupcao-no-pais\/\" \/>\n<meta property=\"og:locale\" content=\"pt_BR\" \/>\n<meta property=\"og:type\" content=\"article\" \/>\n<meta property=\"og:title\" content=\"Para A\u00e9cio, Dilma deve desculpas ao povo pelo excesso de corrup\u00e7\u00e3o - Notibras\" \/>\n<meta property=\"og:description\" content=\"Os recentes casos de corrup\u00e7\u00e3o envolvendo a Petrobras, como por exemplo a compra de uma refinaria em Pasadena (EUA) por R$ 1,2 bilh\u00e3o e o envolvimento do ex-diretor Paulo Roberto Costa em suposta den\u00fancia de cobran\u00e7a de propina em contratos com a estatal, s\u00e3o motivos mais do que suficientes para que a presidente Dilma Rousseff [&hellip;]\" \/>\n<meta property=\"og:url\" content=\"https:\/\/www.notibras.com\/site\/para-aecio-dilma-deve-desculpas-ao-povo-pelo-excesso-de-corrupcao-no-pais\/\" \/>\n<meta property=\"og:site_name\" content=\"Notibras\" \/>\n<meta property=\"article:publisher\" content=\"https:\/\/www.facebook.com\/notibras\/\" \/>\n<meta property=\"article:published_time\" content=\"2014-04-15T10:11:09+00:00\" \/>\n<meta property=\"article:modified_time\" content=\"2014-04-15T10:11:41+00:00\" \/>\n<meta property=\"og:image\" content=\"https:\/\/www.notibras.com\/site\/wp-content\/uploads\/2014\/04\/aecio.jpg\" \/>\n\t<meta property=\"og:image:width\" content=\"460\" \/>\n\t<meta property=\"og:image:height\" content=\"340\" \/>\n\t<meta property=\"og:image:type\" content=\"image\/jpeg\" \/>\n<meta name=\"author\" content=\"Reda\u00e7\u00e3o\" \/>\n<meta name=\"twitter:card\" content=\"summary_large_image\" \/>\n<meta name=\"twitter:creator\" content=\"@Notibras\" \/>\n<meta name=\"twitter:site\" content=\"@Notibras\" \/>\n<meta name=\"twitter:label1\" content=\"Escrito por\" \/>\n\t<meta name=\"twitter:data1\" content=\"Reda\u00e7\u00e3o\" \/>\n\t<meta name=\"twitter:label2\" content=\"Est. tempo de leitura\" \/>\n\t<meta name=\"twitter:data2\" content=\"3 minutos\" \/>\n<script type=\"application\/ld+json\" class=\"yoast-schema-graph\">{\"@context\":\"https:\/\/schema.org\",\"@graph\":[{\"@type\":\"Article\",\"@id\":\"https:\/\/www.notibras.com\/site\/para-aecio-dilma-deve-desculpas-ao-povo-pelo-excesso-de-corrupcao-no-pais\/#article\",\"isPartOf\":{\"@id\":\"https:\/\/www.notibras.com\/site\/para-aecio-dilma-deve-desculpas-ao-povo-pelo-excesso-de-corrupcao-no-pais\/\"},\"author\":{\"name\":\"Reda\u00e7\u00e3o\",\"@id\":\"https:\/\/www.notibras.com\/site\/#\/schema\/person\/36ab0979449956132d3e5b517ea76ac8\"},\"headline\":\"Para A\u00e9cio, Dilma deve desculpas ao povo pelo excesso de corrup\u00e7\u00e3o\",\"datePublished\":\"2014-04-15T10:11:09+00:00\",\"dateModified\":\"2014-04-15T10:11:41+00:00\",\"mainEntityOfPage\":{\"@id\":\"https:\/\/www.notibras.com\/site\/para-aecio-dilma-deve-desculpas-ao-povo-pelo-excesso-de-corrupcao-no-pais\/\"},\"wordCount\":691,\"commentCount\":0,\"publisher\":{\"@id\":\"https:\/\/www.notibras.com\/site\/#organization\"},\"image\":{\"@id\":\"https:\/\/www.notibras.com\/site\/para-aecio-dilma-deve-desculpas-ao-povo-pelo-excesso-de-corrupcao-no-pais\/#primaryimage\"},\"thumbnailUrl\":\"https:\/\/www.notibras.com\/site\/wp-content\/uploads\/2014\/04\/aecio.jpg\",\"articleSection\":[\"Brasil\"],\"inLanguage\":\"pt-BR\",\"potentialAction\":[{\"@type\":\"CommentAction\",\"name\":\"Comment\",\"target\":[\"https:\/\/www.notibras.com\/site\/para-aecio-dilma-deve-desculpas-ao-povo-pelo-excesso-de-corrupcao-no-pais\/#respond\"]}]},{\"@type\":\"WebPage\",\"@id\":\"https:\/\/www.notibras.com\/site\/para-aecio-dilma-deve-desculpas-ao-povo-pelo-excesso-de-corrupcao-no-pais\/\",\"url\":\"https:\/\/www.notibras.com\/site\/para-aecio-dilma-deve-desculpas-ao-povo-pelo-excesso-de-corrupcao-no-pais\/\",\"name\":\"Para A\u00e9cio, Dilma deve desculpas ao povo pelo excesso de corrup\u00e7\u00e3o - Notibras\",\"isPartOf\":{\"@id\":\"https:\/\/www.notibras.com\/site\/#website\"},\"primaryImageOfPage\":{\"@id\":\"https:\/\/www.notibras.com\/site\/para-aecio-dilma-deve-desculpas-ao-povo-pelo-excesso-de-corrupcao-no-pais\/#primaryimage\"},\"image\":{\"@id\":\"https:\/\/www.notibras.com\/site\/para-aecio-dilma-deve-desculpas-ao-povo-pelo-excesso-de-corrupcao-no-pais\/#primaryimage\"},\"thumbnailUrl\":\"https:\/\/www.notibras.com\/site\/wp-content\/uploads\/2014\/04\/aecio.jpg\",\"datePublished\":\"2014-04-15T10:11:09+00:00\",\"dateModified\":\"2014-04-15T10:11:41+00:00\",\"breadcrumb\":{\"@id\":\"https:\/\/www.notibras.com\/site\/para-aecio-dilma-deve-desculpas-ao-povo-pelo-excesso-de-corrupcao-no-pais\/#breadcrumb\"},\"inLanguage\":\"pt-BR\",\"potentialAction\":[{\"@type\":\"ReadAction\",\"target\":[\"https:\/\/www.notibras.com\/site\/para-aecio-dilma-deve-desculpas-ao-povo-pelo-excesso-de-corrupcao-no-pais\/\"]}]},{\"@type\":\"ImageObject\",\"inLanguage\":\"pt-BR\",\"@id\":\"https:\/\/www.notibras.com\/site\/para-aecio-dilma-deve-desculpas-ao-povo-pelo-excesso-de-corrupcao-no-pais\/#primaryimage\",\"url\":\"https:\/\/www.notibras.com\/site\/wp-content\/uploads\/2014\/04\/aecio.jpg\",\"contentUrl\":\"https:\/\/www.notibras.com\/site\/wp-content\/uploads\/2014\/04\/aecio.jpg\",\"width\":460,\"height\":340},{\"@type\":\"BreadcrumbList\",\"@id\":\"https:\/\/www.notibras.com\/site\/para-aecio-dilma-deve-desculpas-ao-povo-pelo-excesso-de-corrupcao-no-pais\/#breadcrumb\",\"itemListElement\":[{\"@type\":\"ListItem\",\"position\":1,\"name\":\"In\u00edcio\",\"item\":\"https:\/\/www.notibras.com\/site\/\"},{\"@type\":\"ListItem\",\"position\":2,\"name\":\"Para A\u00e9cio, Dilma deve desculpas ao povo pelo excesso de corrup\u00e7\u00e3o\"}]},{\"@type\":\"WebSite\",\"@id\":\"https:\/\/www.notibras.com\/site\/#website\",\"url\":\"https:\/\/www.notibras.com\/site\/\",\"name\":\"Notibras\",\"description\":\"Not\u00edcias de Bras\u00edlia, do Brasil e do Mundo\",\"publisher\":{\"@id\":\"https:\/\/www.notibras.com\/site\/#organization\"},\"potentialAction\":[{\"@type\":\"SearchAction\",\"target\":{\"@type\":\"EntryPoint\",\"urlTemplate\":\"https:\/\/www.notibras.com\/site\/?s={search_term_string}\"},\"query-input\":{\"@type\":\"PropertyValueSpecification\",\"valueRequired\":true,\"valueName\":\"search_term_string\"}}],\"inLanguage\":\"pt-BR\"},{\"@type\":\"Organization\",\"@id\":\"https:\/\/www.notibras.com\/site\/#organization\",\"name\":\"Grupo Notibras de Comunica\u00e7\u00e3o\",\"url\":\"https:\/\/www.notibras.com\/site\/\",\"logo\":{\"@type\":\"ImageObject\",\"inLanguage\":\"pt-BR\",\"@id\":\"https:\/\/www.notibras.com\/site\/#\/schema\/logo\/image\/\",\"url\":\"https:\/\/www.notibras.com\/site\/wp-content\/uploads\/2023\/01\/notibras23.png\",\"contentUrl\":\"https:\/\/www.notibras.com\/site\/wp-content\/uploads\/2023\/01\/notibras23.png\",\"width\":350,\"height\":87,\"caption\":\"Grupo Notibras de Comunica\u00e7\u00e3o\"},\"image\":{\"@id\":\"https:\/\/www.notibras.com\/site\/#\/schema\/logo\/image\/\"},\"sameAs\":[\"https:\/\/www.facebook.com\/notibras\/\",\"https:\/\/x.com\/Notibras\",\"https:\/\/www.instagram.com\/notibras\/\"]},{\"@type\":\"Person\",\"@id\":\"https:\/\/www.notibras.com\/site\/#\/schema\/person\/36ab0979449956132d3e5b517ea76ac8\",\"name\":\"Reda\u00e7\u00e3o\",\"image\":{\"@type\":\"ImageObject\",\"inLanguage\":\"pt-BR\",\"@id\":\"https:\/\/secure.gravatar.com\/avatar\/e0a867bdedb85fd243eadf09663511f96fc81e0720a4a42581f334ad4303aa6b?s=96&d=mm&r=g\",\"url\":\"https:\/\/secure.gravatar.com\/avatar\/e0a867bdedb85fd243eadf09663511f96fc81e0720a4a42581f334ad4303aa6b?s=96&d=mm&r=g\",\"contentUrl\":\"https:\/\/secure.gravatar.com\/avatar\/e0a867bdedb85fd243eadf09663511f96fc81e0720a4a42581f334ad4303aa6b?s=96&d=mm&r=g\",\"caption\":\"Reda\u00e7\u00e3o\"}}]}<\/script>\n<!-- \/ Yoast SEO plugin. -->","yoast_head_json":{"title":"Para A\u00e9cio, Dilma deve desculpas ao povo pelo excesso de corrup\u00e7\u00e3o - Notibras","robots":{"index":"index","follow":"follow","max-snippet":"max-snippet:-1","max-image-preview":"max-image-preview:large","max-video-preview":"max-video-preview:-1"},"canonical":"https:\/\/www.notibras.com\/site\/para-aecio-dilma-deve-desculpas-ao-povo-pelo-excesso-de-corrupcao-no-pais\/","og_locale":"pt_BR","og_type":"article","og_title":"Para A\u00e9cio, Dilma deve desculpas ao povo pelo excesso de corrup\u00e7\u00e3o - Notibras","og_description":"Os recentes casos de corrup\u00e7\u00e3o envolvendo a Petrobras, como por exemplo a compra de uma refinaria em Pasadena (EUA) por R$ 1,2 bilh\u00e3o e o envolvimento do ex-diretor Paulo Roberto Costa em suposta den\u00fancia de cobran\u00e7a de propina em contratos com a estatal, s\u00e3o motivos mais do que suficientes para que a presidente Dilma Rousseff [&hellip;]","og_url":"https:\/\/www.notibras.com\/site\/para-aecio-dilma-deve-desculpas-ao-povo-pelo-excesso-de-corrupcao-no-pais\/","og_site_name":"Notibras","article_publisher":"https:\/\/www.facebook.com\/notibras\/","article_published_time":"2014-04-15T10:11:09+00:00","article_modified_time":"2014-04-15T10:11:41+00:00","og_image":[{"width":460,"height":340,"url":"https:\/\/www.notibras.com\/site\/wp-content\/uploads\/2014\/04\/aecio.jpg","type":"image\/jpeg"}],"author":"Reda\u00e7\u00e3o","twitter_card":"summary_large_image","twitter_creator":"@Notibras","twitter_site":"@Notibras","twitter_misc":{"Escrito por":"Reda\u00e7\u00e3o","Est. tempo de leitura":"3 minutos"},"schema":{"@context":"https:\/\/schema.org","@graph":[{"@type":"Article","@id":"https:\/\/www.notibras.com\/site\/para-aecio-dilma-deve-desculpas-ao-povo-pelo-excesso-de-corrupcao-no-pais\/#article","isPartOf":{"@id":"https:\/\/www.notibras.com\/site\/para-aecio-dilma-deve-desculpas-ao-povo-pelo-excesso-de-corrupcao-no-pais\/"},"author":{"name":"Reda\u00e7\u00e3o","@id":"https:\/\/www.notibras.com\/site\/#\/schema\/person\/36ab0979449956132d3e5b517ea76ac8"},"headline":"Para A\u00e9cio, Dilma deve desculpas ao povo pelo excesso de corrup\u00e7\u00e3o","datePublished":"2014-04-15T10:11:09+00:00","dateModified":"2014-04-15T10:11:41+00:00","mainEntityOfPage":{"@id":"https:\/\/www.notibras.com\/site\/para-aecio-dilma-deve-desculpas-ao-povo-pelo-excesso-de-corrupcao-no-pais\/"},"wordCount":691,"commentCount":0,"publisher":{"@id":"https:\/\/www.notibras.com\/site\/#organization"},"image":{"@id":"https:\/\/www.notibras.com\/site\/para-aecio-dilma-deve-desculpas-ao-povo-pelo-excesso-de-corrupcao-no-pais\/#primaryimage"},"thumbnailUrl":"https:\/\/www.notibras.com\/site\/wp-content\/uploads\/2014\/04\/aecio.jpg","articleSection":["Brasil"],"inLanguage":"pt-BR","potentialAction":[{"@type":"CommentAction","name":"Comment","target":["https:\/\/www.notibras.com\/site\/para-aecio-dilma-deve-desculpas-ao-povo-pelo-excesso-de-corrupcao-no-pais\/#respond"]}]},{"@type":"WebPage","@id":"https:\/\/www.notibras.com\/site\/para-aecio-dilma-deve-desculpas-ao-povo-pelo-excesso-de-corrupcao-no-pais\/","url":"https:\/\/www.notibras.com\/site\/para-aecio-dilma-deve-desculpas-ao-povo-pelo-excesso-de-corrupcao-no-pais\/","name":"Para A\u00e9cio, Dilma deve desculpas ao povo pelo excesso de corrup\u00e7\u00e3o - Notibras","isPartOf":{"@id":"https:\/\/www.notibras.com\/site\/#website"},"primaryImageOfPage":{"@id":"https:\/\/www.notibras.com\/site\/para-aecio-dilma-deve-desculpas-ao-povo-pelo-excesso-de-corrupcao-no-pais\/#primaryimage"},"image":{"@id":"https:\/\/www.notibras.com\/site\/para-aecio-dilma-deve-desculpas-ao-povo-pelo-excesso-de-corrupcao-no-pais\/#primaryimage"},"thumbnailUrl":"https:\/\/www.notibras.com\/site\/wp-content\/uploads\/2014\/04\/aecio.jpg","datePublished":"2014-04-15T10:11:09+00:00","dateModified":"2014-04-15T10:11:41+00:00","breadcrumb":{"@id":"https:\/\/www.notibras.com\/site\/para-aecio-dilma-deve-desculpas-ao-povo-pelo-excesso-de-corrupcao-no-pais\/#breadcrumb"},"inLanguage":"pt-BR","potentialAction":[{"@type":"ReadAction","target":["https:\/\/www.notibras.com\/site\/para-aecio-dilma-deve-desculpas-ao-povo-pelo-excesso-de-corrupcao-no-pais\/"]}]},{"@type":"ImageObject","inLanguage":"pt-BR","@id":"https:\/\/www.notibras.com\/site\/para-aecio-dilma-deve-desculpas-ao-povo-pelo-excesso-de-corrupcao-no-pais\/#primaryimage","url":"https:\/\/www.notibras.com\/site\/wp-content\/uploads\/2014\/04\/aecio.jpg","contentUrl":"https:\/\/www.notibras.com\/site\/wp-content\/uploads\/2014\/04\/aecio.jpg","width":460,"height":340},{"@type":"BreadcrumbList","@id":"https:\/\/www.notibras.com\/site\/para-aecio-dilma-deve-desculpas-ao-povo-pelo-excesso-de-corrupcao-no-pais\/#breadcrumb","itemListElement":[{"@type":"ListItem","position":1,"name":"In\u00edcio","item":"https:\/\/www.notibras.com\/site\/"},{"@type":"ListItem","position":2,"name":"Para A\u00e9cio, Dilma deve desculpas ao povo pelo excesso de corrup\u00e7\u00e3o"}]},{"@type":"WebSite","@id":"https:\/\/www.notibras.com\/site\/#website","url":"https:\/\/www.notibras.com\/site\/","name":"Notibras","description":"Not\u00edcias de Bras\u00edlia, do Brasil e do Mundo","publisher":{"@id":"https:\/\/www.notibras.com\/site\/#organization"},"potentialAction":[{"@type":"SearchAction","target":{"@type":"EntryPoint","urlTemplate":"https:\/\/www.notibras.com\/site\/?s={search_term_string}"},"query-input":{"@type":"PropertyValueSpecification","valueRequired":true,"valueName":"search_term_string"}}],"inLanguage":"pt-BR"},{"@type":"Organization","@id":"https:\/\/www.notibras.com\/site\/#organization","name":"Grupo Notibras de Comunica\u00e7\u00e3o","url":"https:\/\/www.notibras.com\/site\/","logo":{"@type":"ImageObject","inLanguage":"pt-BR","@id":"https:\/\/www.notibras.com\/site\/#\/schema\/logo\/image\/","url":"https:\/\/www.notibras.com\/site\/wp-content\/uploads\/2023\/01\/notibras23.png","contentUrl":"https:\/\/www.notibras.com\/site\/wp-content\/uploads\/2023\/01\/notibras23.png","width":350,"height":87,"caption":"Grupo Notibras de Comunica\u00e7\u00e3o"},"image":{"@id":"https:\/\/www.notibras.com\/site\/#\/schema\/logo\/image\/"},"sameAs":["https:\/\/www.facebook.com\/notibras\/","https:\/\/x.com\/Notibras","https:\/\/www.instagram.com\/notibras\/"]},{"@type":"Person","@id":"https:\/\/www.notibras.com\/site\/#\/schema\/person\/36ab0979449956132d3e5b517ea76ac8","name":"Reda\u00e7\u00e3o","image":{"@type":"ImageObject","inLanguage":"pt-BR","@id":"https:\/\/secure.gravatar.com\/avatar\/e0a867bdedb85fd243eadf09663511f96fc81e0720a4a42581f334ad4303aa6b?s=96&d=mm&r=g","url":"https:\/\/secure.gravatar.com\/avatar\/e0a867bdedb85fd243eadf09663511f96fc81e0720a4a42581f334ad4303aa6b?s=96&d=mm&r=g","contentUrl":"https:\/\/secure.gravatar.com\/avatar\/e0a867bdedb85fd243eadf09663511f96fc81e0720a4a42581f334ad4303aa6b?s=96&d=mm&r=g","caption":"Reda\u00e7\u00e3o"}}]}},"amp_enabled":true,"_links":{"self":[{"href":"https:\/\/www.notibras.com\/site\/wp-json\/wp\/v2\/posts\/6754","targetHints":{"allow":["GET"]}}],"collection":[{"href":"https:\/\/www.notibras.com\/site\/wp-json\/wp\/v2\/posts"}],"about":[{"href":"https:\/\/www.notibras.com\/site\/wp-json\/wp\/v2\/types\/post"}],"author":[{"embeddable":true,"href":"https:\/\/www.notibras.com\/site\/wp-json\/wp\/v2\/users\/2"}],"replies":[{"embeddable":true,"href":"https:\/\/www.notibras.com\/site\/wp-json\/wp\/v2\/comments?post=6754"}],"version-history":[{"count":0,"href":"https:\/\/www.notibras.com\/site\/wp-json\/wp\/v2\/posts\/6754\/revisions"}],"wp:featuredmedia":[{"embeddable":true,"href":"https:\/\/www.notibras.com\/site\/wp-json\/wp\/v2\/media\/6755"}],"wp:attachment":[{"href":"https:\/\/www.notibras.com\/site\/wp-json\/wp\/v2\/media?parent=6754"}],"wp:term":[{"taxonomy":"category","embeddable":true,"href":"https:\/\/www.notibras.com\/site\/wp-json\/wp\/v2\/categories?post=6754"},{"taxonomy":"post_tag","embeddable":true,"href":"https:\/\/www.notibras.com\/site\/wp-json\/wp\/v2\/tags?post=6754"}],"curies":[{"name":"wp","href":"https:\/\/api.w.org\/{rel}","templated":true}]}}