{"id":67573,"date":"2015-09-13T19:46:59","date_gmt":"2015-09-13T22:46:59","guid":{"rendered":"http:\/\/www.notibras.com\/site\/?p=67573"},"modified":"2015-09-13T19:56:15","modified_gmt":"2015-09-13T22:56:15","slug":"dilma-convoca-equipe-economica-ao-planalto-e-deve-anunciar-corte-de-15-bilhoes","status":"publish","type":"post","link":"https:\/\/www.notibras.com\/site\/dilma-convoca-equipe-economica-ao-planalto-e-deve-anunciar-corte-de-15-bilhoes\/","title":{"rendered":"Dilma convoca equipe econ\u00f4mica ao Planalto e deve anunciar corte de 15 bilh\u00f5es"},"content":{"rendered":"<p>A presidente Dilma Rousseff se reuniu neste domingo (13) com a equipe\u00a0econ\u00f4mica no Pal\u00e1cio da Alvorada. Participaram da reuni\u00e3o os ministros da Fazenda, Joaquim Levy; do Planejamento, Nelson Barbosa; da Casa Civil, Alo\u00edzio Mercadante; al\u00e9m dos secret\u00e1rios da Receita Federal, Jorge Rachid; e do Tesouro, Marcelo Saintive.<\/p>\n<p>A pauta da reuni\u00e3o n\u00e3o foi divulgada, mas o encontro ocorre em meio a discuss\u00f5es sobre medidas para demonstrar compromisso do governo com o corte de gastos, desde o rebaixamento da nota de cr\u00e9dito do Brasil pela ag\u00eancia de classifica\u00e7\u00e3o de risco Standard&amp;Poor\u2019s (S&amp;P), na \u00faltima quarta-feira (9).<\/p>\n<p>Informa\u00e7\u00f5es preliminares indicam que o Planalto deve cortar entre 20 e 25 bilh\u00f5es do Or\u00e7amento do pr\u00f3ximo ano, al\u00e9m de despesas programadas para o corrente exerc\u00edcio. O an\u00fancio deve ficar a c argo do ministro da Fazenda Joaquim Levy. Esse corte vai afetar diretamente programas sociais (como o Minha Casa, Minha Vida e saneamento b\u00e1sico). Al\u00e9m disso, devem ser anunciados novos impostos &#8211; ou o aumento da al\u00edquota de alguns deles.<\/p>\n<p>No s\u00e1bado, Dilma\u00a0convocou reuni\u00e3o para discutir uma reforma administrativa, com redu\u00e7\u00e3o de despesas nos minist\u00e9rios e fus\u00e3o de pastas. Desse encontro\u00a0participaram os ministros da Casa Civil, Aloizio Mercadante; da Justi\u00e7a, Jos\u00e9 Eduardo Cardozo; da Agricultura, K\u00e1tia Abreu; da Ci\u00eancia e Tecnologia, Aldo Rabelo; das Cidades, Gilberto Kassab; da Integra\u00e7\u00e3o Nacional, Gilberto Occhi; da Previd\u00eancia Social, Carlos Gabas; do Esporte, George Hilton; das Comunica\u00e7\u00f5es, Ricardo Berzoini; e dos Transportes, Ant\u00f4nio Carlos Rodrigues.<\/p>\n","protected":false},"excerpt":{"rendered":"<p>A presidente Dilma Rousseff se reuniu neste domingo (13) com a equipe\u00a0econ\u00f4mica no Pal\u00e1cio da Alvorada. Participaram da reuni\u00e3o os ministros da Fazenda, Joaquim Levy; do Planejamento, Nelson Barbosa; da Casa Civil, Alo\u00edzio Mercadante; al\u00e9m dos secret\u00e1rios da Receita Federal, Jorge Rachid; e do Tesouro, Marcelo Saintive. A pauta da reuni\u00e3o n\u00e3o foi divulgada, mas [&hellip;]<\/p>\n","protected":false},"author":2,"featured_media":0,"comment_status":"open","ping_status":"closed","sticky":false,"template":"","format":"standard","meta":{"_acf_changed":false,"footnotes":""},"categories":[16],"tags":[],"class_list":["post-67573","post","type-post","status-publish","format-standard","hentry","category-brasil"],"acf":[],"yoast_head":"<!-- This site is optimized with the Yoast SEO plugin v27.2 - https:\/\/yoast.com\/product\/yoast-seo-wordpress\/ -->\n<title>Dilma convoca equipe econ\u00f4mica ao Planalto e deve anunciar corte de 15 bilh\u00f5es - Notibras<\/title>\n<meta name=\"robots\" content=\"index, follow, max-snippet:-1, max-image-preview:large, max-video-preview:-1\" \/>\n<link rel=\"canonical\" href=\"https:\/\/www.notibras.com\/site\/dilma-convoca-equipe-economica-ao-planalto-e-deve-anunciar-corte-de-15-bilhoes\/\" \/>\n<meta property=\"og:locale\" content=\"pt_BR\" \/>\n<meta property=\"og:type\" content=\"article\" \/>\n<meta property=\"og:title\" content=\"Dilma convoca equipe econ\u00f4mica ao Planalto e deve anunciar corte de 15 bilh\u00f5es - Notibras\" \/>\n<meta property=\"og:description\" content=\"A presidente Dilma Rousseff se reuniu neste domingo (13) com a equipe\u00a0econ\u00f4mica no Pal\u00e1cio da Alvorada. Participaram da reuni\u00e3o os ministros da Fazenda, Joaquim Levy; do Planejamento, Nelson Barbosa; da Casa Civil, Alo\u00edzio Mercadante; al\u00e9m dos secret\u00e1rios da Receita Federal, Jorge Rachid; e do Tesouro, Marcelo Saintive. A pauta da reuni\u00e3o n\u00e3o foi divulgada, mas [&hellip;]\" \/>\n<meta property=\"og:url\" content=\"https:\/\/www.notibras.com\/site\/dilma-convoca-equipe-economica-ao-planalto-e-deve-anunciar-corte-de-15-bilhoes\/\" \/>\n<meta property=\"og:site_name\" content=\"Notibras\" \/>\n<meta property=\"article:publisher\" content=\"https:\/\/www.facebook.com\/notibras\/\" \/>\n<meta property=\"article:published_time\" content=\"2015-09-13T22:46:59+00:00\" \/>\n<meta property=\"article:modified_time\" content=\"2015-09-13T22:56:15+00:00\" \/>\n<meta property=\"og:image\" content=\"https:\/\/www.notibras.com\/site\/wp-content\/uploads\/2015\/09\/975195-10092015-dsc_27011.jpg\" \/>\n\t<meta property=\"og:image:width\" content=\"800\" \/>\n\t<meta property=\"og:image:height\" content=\"533\" \/>\n\t<meta property=\"og:image:type\" content=\"image\/jpeg\" \/>\n<meta name=\"author\" content=\"Reda\u00e7\u00e3o\" \/>\n<meta name=\"twitter:card\" content=\"summary_large_image\" \/>\n<meta name=\"twitter:creator\" content=\"@Notibras\" \/>\n<meta name=\"twitter:site\" content=\"@Notibras\" \/>\n<meta name=\"twitter:label1\" content=\"Escrito por\" \/>\n\t<meta name=\"twitter:data1\" content=\"Reda\u00e7\u00e3o\" \/>\n\t<meta name=\"twitter:label2\" content=\"Est. tempo de leitura\" \/>\n\t<meta name=\"twitter:data2\" content=\"1 minuto\" \/>\n<script type=\"application\/ld+json\" class=\"yoast-schema-graph\">{\"@context\":\"https:\/\/schema.org\",\"@graph\":[{\"@type\":\"Article\",\"@id\":\"https:\/\/www.notibras.com\/site\/dilma-convoca-equipe-economica-ao-planalto-e-deve-anunciar-corte-de-15-bilhoes\/#article\",\"isPartOf\":{\"@id\":\"https:\/\/www.notibras.com\/site\/dilma-convoca-equipe-economica-ao-planalto-e-deve-anunciar-corte-de-15-bilhoes\/\"},\"author\":{\"name\":\"Reda\u00e7\u00e3o\",\"@id\":\"https:\/\/www.notibras.com\/site\/#\/schema\/person\/36ab0979449956132d3e5b517ea76ac8\"},\"headline\":\"Dilma convoca equipe econ\u00f4mica ao Planalto e deve anunciar corte de 15 bilh\u00f5es\",\"datePublished\":\"2015-09-13T22:46:59+00:00\",\"dateModified\":\"2015-09-13T22:56:15+00:00\",\"mainEntityOfPage\":{\"@id\":\"https:\/\/www.notibras.com\/site\/dilma-convoca-equipe-economica-ao-planalto-e-deve-anunciar-corte-de-15-bilhoes\/\"},\"wordCount\":289,\"commentCount\":0,\"publisher\":{\"@id\":\"https:\/\/www.notibras.com\/site\/#organization\"},\"articleSection\":[\"Brasil\"],\"inLanguage\":\"pt-BR\",\"potentialAction\":[{\"@type\":\"CommentAction\",\"name\":\"Comment\",\"target\":[\"https:\/\/www.notibras.com\/site\/dilma-convoca-equipe-economica-ao-planalto-e-deve-anunciar-corte-de-15-bilhoes\/#respond\"]}]},{\"@type\":\"WebPage\",\"@id\":\"https:\/\/www.notibras.com\/site\/dilma-convoca-equipe-economica-ao-planalto-e-deve-anunciar-corte-de-15-bilhoes\/\",\"url\":\"https:\/\/www.notibras.com\/site\/dilma-convoca-equipe-economica-ao-planalto-e-deve-anunciar-corte-de-15-bilhoes\/\",\"name\":\"Dilma convoca equipe econ\u00f4mica ao Planalto e deve anunciar corte de 15 bilh\u00f5es - Notibras\",\"isPartOf\":{\"@id\":\"https:\/\/www.notibras.com\/site\/#website\"},\"datePublished\":\"2015-09-13T22:46:59+00:00\",\"dateModified\":\"2015-09-13T22:56:15+00:00\",\"breadcrumb\":{\"@id\":\"https:\/\/www.notibras.com\/site\/dilma-convoca-equipe-economica-ao-planalto-e-deve-anunciar-corte-de-15-bilhoes\/#breadcrumb\"},\"inLanguage\":\"pt-BR\",\"potentialAction\":[{\"@type\":\"ReadAction\",\"target\":[\"https:\/\/www.notibras.com\/site\/dilma-convoca-equipe-economica-ao-planalto-e-deve-anunciar-corte-de-15-bilhoes\/\"]}]},{\"@type\":\"BreadcrumbList\",\"@id\":\"https:\/\/www.notibras.com\/site\/dilma-convoca-equipe-economica-ao-planalto-e-deve-anunciar-corte-de-15-bilhoes\/#breadcrumb\",\"itemListElement\":[{\"@type\":\"ListItem\",\"position\":1,\"name\":\"In\u00edcio\",\"item\":\"https:\/\/www.notibras.com\/site\/\"},{\"@type\":\"ListItem\",\"position\":2,\"name\":\"Dilma convoca equipe econ\u00f4mica ao Planalto e deve anunciar corte de 15 bilh\u00f5es\"}]},{\"@type\":\"WebSite\",\"@id\":\"https:\/\/www.notibras.com\/site\/#website\",\"url\":\"https:\/\/www.notibras.com\/site\/\",\"name\":\"Notibras\",\"description\":\"Not\u00edcias de Bras\u00edlia, do Brasil e do Mundo\",\"publisher\":{\"@id\":\"https:\/\/www.notibras.com\/site\/#organization\"},\"potentialAction\":[{\"@type\":\"SearchAction\",\"target\":{\"@type\":\"EntryPoint\",\"urlTemplate\":\"https:\/\/www.notibras.com\/site\/?s={search_term_string}\"},\"query-input\":{\"@type\":\"PropertyValueSpecification\",\"valueRequired\":true,\"valueName\":\"search_term_string\"}}],\"inLanguage\":\"pt-BR\"},{\"@type\":\"Organization\",\"@id\":\"https:\/\/www.notibras.com\/site\/#organization\",\"name\":\"Grupo Notibras de Comunica\u00e7\u00e3o\",\"url\":\"https:\/\/www.notibras.com\/site\/\",\"logo\":{\"@type\":\"ImageObject\",\"inLanguage\":\"pt-BR\",\"@id\":\"https:\/\/www.notibras.com\/site\/#\/schema\/logo\/image\/\",\"url\":\"https:\/\/www.notibras.com\/site\/wp-content\/uploads\/2023\/01\/notibras23.png\",\"contentUrl\":\"https:\/\/www.notibras.com\/site\/wp-content\/uploads\/2023\/01\/notibras23.png\",\"width\":350,\"height\":87,\"caption\":\"Grupo Notibras de Comunica\u00e7\u00e3o\"},\"image\":{\"@id\":\"https:\/\/www.notibras.com\/site\/#\/schema\/logo\/image\/\"},\"sameAs\":[\"https:\/\/www.facebook.com\/notibras\/\",\"https:\/\/x.com\/Notibras\",\"https:\/\/www.instagram.com\/notibras\/\"]},{\"@type\":\"Person\",\"@id\":\"https:\/\/www.notibras.com\/site\/#\/schema\/person\/36ab0979449956132d3e5b517ea76ac8\",\"name\":\"Reda\u00e7\u00e3o\",\"image\":{\"@type\":\"ImageObject\",\"inLanguage\":\"pt-BR\",\"@id\":\"https:\/\/secure.gravatar.com\/avatar\/e0a867bdedb85fd243eadf09663511f96fc81e0720a4a42581f334ad4303aa6b?s=96&d=mm&r=g\",\"url\":\"https:\/\/secure.gravatar.com\/avatar\/e0a867bdedb85fd243eadf09663511f96fc81e0720a4a42581f334ad4303aa6b?s=96&d=mm&r=g\",\"contentUrl\":\"https:\/\/secure.gravatar.com\/avatar\/e0a867bdedb85fd243eadf09663511f96fc81e0720a4a42581f334ad4303aa6b?s=96&d=mm&r=g\",\"caption\":\"Reda\u00e7\u00e3o\"}}]}<\/script>\n<!-- \/ Yoast SEO plugin. -->","yoast_head_json":{"title":"Dilma convoca equipe econ\u00f4mica ao Planalto e deve anunciar corte de 15 bilh\u00f5es - Notibras","robots":{"index":"index","follow":"follow","max-snippet":"max-snippet:-1","max-image-preview":"max-image-preview:large","max-video-preview":"max-video-preview:-1"},"canonical":"https:\/\/www.notibras.com\/site\/dilma-convoca-equipe-economica-ao-planalto-e-deve-anunciar-corte-de-15-bilhoes\/","og_locale":"pt_BR","og_type":"article","og_title":"Dilma convoca equipe econ\u00f4mica ao Planalto e deve anunciar corte de 15 bilh\u00f5es - Notibras","og_description":"A presidente Dilma Rousseff se reuniu neste domingo (13) com a equipe\u00a0econ\u00f4mica no Pal\u00e1cio da Alvorada. Participaram da reuni\u00e3o os ministros da Fazenda, Joaquim Levy; do Planejamento, Nelson Barbosa; da Casa Civil, Alo\u00edzio Mercadante; al\u00e9m dos secret\u00e1rios da Receita Federal, Jorge Rachid; e do Tesouro, Marcelo Saintive. A pauta da reuni\u00e3o n\u00e3o foi divulgada, mas [&hellip;]","og_url":"https:\/\/www.notibras.com\/site\/dilma-convoca-equipe-economica-ao-planalto-e-deve-anunciar-corte-de-15-bilhoes\/","og_site_name":"Notibras","article_publisher":"https:\/\/www.facebook.com\/notibras\/","article_published_time":"2015-09-13T22:46:59+00:00","article_modified_time":"2015-09-13T22:56:15+00:00","og_image":[{"width":800,"height":533,"url":"https:\/\/www.notibras.com\/site\/wp-content\/uploads\/2015\/09\/975195-10092015-dsc_27011.jpg","type":"image\/jpeg"}],"author":"Reda\u00e7\u00e3o","twitter_card":"summary_large_image","twitter_creator":"@Notibras","twitter_site":"@Notibras","twitter_misc":{"Escrito por":"Reda\u00e7\u00e3o","Est. tempo de leitura":"1 minuto"},"schema":{"@context":"https:\/\/schema.org","@graph":[{"@type":"Article","@id":"https:\/\/www.notibras.com\/site\/dilma-convoca-equipe-economica-ao-planalto-e-deve-anunciar-corte-de-15-bilhoes\/#article","isPartOf":{"@id":"https:\/\/www.notibras.com\/site\/dilma-convoca-equipe-economica-ao-planalto-e-deve-anunciar-corte-de-15-bilhoes\/"},"author":{"name":"Reda\u00e7\u00e3o","@id":"https:\/\/www.notibras.com\/site\/#\/schema\/person\/36ab0979449956132d3e5b517ea76ac8"},"headline":"Dilma convoca equipe econ\u00f4mica ao Planalto e deve anunciar corte de 15 bilh\u00f5es","datePublished":"2015-09-13T22:46:59+00:00","dateModified":"2015-09-13T22:56:15+00:00","mainEntityOfPage":{"@id":"https:\/\/www.notibras.com\/site\/dilma-convoca-equipe-economica-ao-planalto-e-deve-anunciar-corte-de-15-bilhoes\/"},"wordCount":289,"commentCount":0,"publisher":{"@id":"https:\/\/www.notibras.com\/site\/#organization"},"articleSection":["Brasil"],"inLanguage":"pt-BR","potentialAction":[{"@type":"CommentAction","name":"Comment","target":["https:\/\/www.notibras.com\/site\/dilma-convoca-equipe-economica-ao-planalto-e-deve-anunciar-corte-de-15-bilhoes\/#respond"]}]},{"@type":"WebPage","@id":"https:\/\/www.notibras.com\/site\/dilma-convoca-equipe-economica-ao-planalto-e-deve-anunciar-corte-de-15-bilhoes\/","url":"https:\/\/www.notibras.com\/site\/dilma-convoca-equipe-economica-ao-planalto-e-deve-anunciar-corte-de-15-bilhoes\/","name":"Dilma convoca equipe econ\u00f4mica ao Planalto e deve anunciar corte de 15 bilh\u00f5es - Notibras","isPartOf":{"@id":"https:\/\/www.notibras.com\/site\/#website"},"datePublished":"2015-09-13T22:46:59+00:00","dateModified":"2015-09-13T22:56:15+00:00","breadcrumb":{"@id":"https:\/\/www.notibras.com\/site\/dilma-convoca-equipe-economica-ao-planalto-e-deve-anunciar-corte-de-15-bilhoes\/#breadcrumb"},"inLanguage":"pt-BR","potentialAction":[{"@type":"ReadAction","target":["https:\/\/www.notibras.com\/site\/dilma-convoca-equipe-economica-ao-planalto-e-deve-anunciar-corte-de-15-bilhoes\/"]}]},{"@type":"BreadcrumbList","@id":"https:\/\/www.notibras.com\/site\/dilma-convoca-equipe-economica-ao-planalto-e-deve-anunciar-corte-de-15-bilhoes\/#breadcrumb","itemListElement":[{"@type":"ListItem","position":1,"name":"In\u00edcio","item":"https:\/\/www.notibras.com\/site\/"},{"@type":"ListItem","position":2,"name":"Dilma convoca equipe econ\u00f4mica ao Planalto e deve anunciar corte de 15 bilh\u00f5es"}]},{"@type":"WebSite","@id":"https:\/\/www.notibras.com\/site\/#website","url":"https:\/\/www.notibras.com\/site\/","name":"Notibras","description":"Not\u00edcias de Bras\u00edlia, do Brasil e do Mundo","publisher":{"@id":"https:\/\/www.notibras.com\/site\/#organization"},"potentialAction":[{"@type":"SearchAction","target":{"@type":"EntryPoint","urlTemplate":"https:\/\/www.notibras.com\/site\/?s={search_term_string}"},"query-input":{"@type":"PropertyValueSpecification","valueRequired":true,"valueName":"search_term_string"}}],"inLanguage":"pt-BR"},{"@type":"Organization","@id":"https:\/\/www.notibras.com\/site\/#organization","name":"Grupo Notibras de Comunica\u00e7\u00e3o","url":"https:\/\/www.notibras.com\/site\/","logo":{"@type":"ImageObject","inLanguage":"pt-BR","@id":"https:\/\/www.notibras.com\/site\/#\/schema\/logo\/image\/","url":"https:\/\/www.notibras.com\/site\/wp-content\/uploads\/2023\/01\/notibras23.png","contentUrl":"https:\/\/www.notibras.com\/site\/wp-content\/uploads\/2023\/01\/notibras23.png","width":350,"height":87,"caption":"Grupo Notibras de Comunica\u00e7\u00e3o"},"image":{"@id":"https:\/\/www.notibras.com\/site\/#\/schema\/logo\/image\/"},"sameAs":["https:\/\/www.facebook.com\/notibras\/","https:\/\/x.com\/Notibras","https:\/\/www.instagram.com\/notibras\/"]},{"@type":"Person","@id":"https:\/\/www.notibras.com\/site\/#\/schema\/person\/36ab0979449956132d3e5b517ea76ac8","name":"Reda\u00e7\u00e3o","image":{"@type":"ImageObject","inLanguage":"pt-BR","@id":"https:\/\/secure.gravatar.com\/avatar\/e0a867bdedb85fd243eadf09663511f96fc81e0720a4a42581f334ad4303aa6b?s=96&d=mm&r=g","url":"https:\/\/secure.gravatar.com\/avatar\/e0a867bdedb85fd243eadf09663511f96fc81e0720a4a42581f334ad4303aa6b?s=96&d=mm&r=g","contentUrl":"https:\/\/secure.gravatar.com\/avatar\/e0a867bdedb85fd243eadf09663511f96fc81e0720a4a42581f334ad4303aa6b?s=96&d=mm&r=g","caption":"Reda\u00e7\u00e3o"}}]}},"amp_enabled":true,"_links":{"self":[{"href":"https:\/\/www.notibras.com\/site\/wp-json\/wp\/v2\/posts\/67573","targetHints":{"allow":["GET"]}}],"collection":[{"href":"https:\/\/www.notibras.com\/site\/wp-json\/wp\/v2\/posts"}],"about":[{"href":"https:\/\/www.notibras.com\/site\/wp-json\/wp\/v2\/types\/post"}],"author":[{"embeddable":true,"href":"https:\/\/www.notibras.com\/site\/wp-json\/wp\/v2\/users\/2"}],"replies":[{"embeddable":true,"href":"https:\/\/www.notibras.com\/site\/wp-json\/wp\/v2\/comments?post=67573"}],"version-history":[{"count":1,"href":"https:\/\/www.notibras.com\/site\/wp-json\/wp\/v2\/posts\/67573\/revisions"}],"predecessor-version":[{"id":67576,"href":"https:\/\/www.notibras.com\/site\/wp-json\/wp\/v2\/posts\/67573\/revisions\/67576"}],"wp:attachment":[{"href":"https:\/\/www.notibras.com\/site\/wp-json\/wp\/v2\/media?parent=67573"}],"wp:term":[{"taxonomy":"category","embeddable":true,"href":"https:\/\/www.notibras.com\/site\/wp-json\/wp\/v2\/categories?post=67573"},{"taxonomy":"post_tag","embeddable":true,"href":"https:\/\/www.notibras.com\/site\/wp-json\/wp\/v2\/tags?post=67573"}],"curies":[{"name":"wp","href":"https:\/\/api.w.org\/{rel}","templated":true}]}}