{"id":67588,"date":"2015-09-14T07:28:52","date_gmt":"2015-09-14T10:28:52","guid":{"rendered":"http:\/\/www.notibras.com\/site\/?p=67588"},"modified":"2015-09-14T19:17:49","modified_gmt":"2015-09-14T22:17:49","slug":"madancas-na-esplanada-ficam-em-banho-maria-ate-a-volta-de-temer-da-russia","status":"publish","type":"post","link":"https:\/\/www.notibras.com\/site\/madancas-na-esplanada-ficam-em-banho-maria-ate-a-volta-de-temer-da-russia\/","title":{"rendered":"Mudan\u00e7as na Esplanada ficam em banho-maria at\u00e9 a volta de Temer da R\u00fassia"},"content":{"rendered":"<p>A presidente Dilma Rousseff quer esperar o retorno ao Brasil do vice Michel Temer e de seis ministros que est\u00e3o com ele no exterior para definir a redu\u00e7\u00e3o do n\u00fameros de minist\u00e9rios, informa o jornal O Estado de S.Paulo. Atualmente, a Esplanada conta com 39 pastas, e Dilma pretende cortar at\u00e9 dez delas. Temer \u00e9 um dos principais l\u00edderes do PMDB, partido mais forte da coaliza\u00e7\u00e3o que sustenta a petista e tem hoje sete ministros.<\/p>\n<p>Temer chegou no in\u00edcio da tarde de domingo, 13, a Moscou, na R\u00fassia, primeira etapa de uma viagem de cinco dias pela Europa. Na agenda, acordos de coopera\u00e7\u00e3o econ\u00f4mica e comercial, de energia, agricultura e defesa. A viagem j\u00e1 estava programada, mas cai em um momento cr\u00edtico para os dois governos, membros do grupo Brics, que re\u00fane grandes emergentes &#8211; Brasil, R\u00fassia, \u00cdndia, China, e \u00c1frica do Sul.<\/p>\n<p>Envolvido pela crise pol\u00edtica e pela desacelera\u00e7\u00e3o econ\u00f4mica que resultaram no rebaixamento da nota de risco e na perda do grau de investimento pela ag\u00eancia de ratings Standard &amp; Poor\u0092s, o Brasil busca ampliar o com\u00e9rcio exterior.<\/p>\n<p>Em Moscou, a delega\u00e7\u00e3o brasileira tem, al\u00e9m de Temer &#8211; que no domingo n\u00e3o falou com jornalistas -, o ministro da Defesa, Jaques Wagner, a ministra da Agricultura, Katia Abreu, o de Minas e Energia, Eduardo Braga, o de Desenvolvimento, Armando Monteiro, o de Turismo, Henrique Eduardo Alves, e o da Pesca, Helder Barbalho. De todos os ministros da comitiva, quatro integram o PMDB e um o PTB &#8211; apenas Wagner \u00e9 do PT.<\/p>\n<p>Questionado pela reportagem sobre se a viagem n\u00e3o representa para Temer uma oportunidade para se apresentar \u00e0 comunidade internacional, um diplomata disse n\u00e3o ver oportunismo.<\/p>\n<p>Entre os compromissos da delega\u00e7\u00e3o em Moscou est\u00e3o o encontro com Sergei Naryshkin, presidente da C\u00e2mara de Deputados da R\u00fassia, nesta segunda-feira, 14, e a 7\u00aa Reuni\u00e3o da Comiss\u00e3o de Alto N\u00edvel de Brasil e R\u00fassia, quando Temer ter\u00e1 encontro com o primeiro-ministro e ex-presidente russo Dmitri Medvedev, na quarta-feira, 16. Na ter\u00e7a-feira, 15, o destaque \u00e9 o F\u00f3rum Empresaria Brasil-R\u00fassia. Depois de Moscou, a delega\u00e7\u00e3o brasileira segue para Vars\u00f3via, na quarta.<\/p>\n","protected":false},"excerpt":{"rendered":"<p>A presidente Dilma Rousseff quer esperar o retorno ao Brasil do vice Michel Temer e de seis ministros que est\u00e3o com ele no exterior para definir a redu\u00e7\u00e3o do n\u00fameros de minist\u00e9rios, informa o jornal O Estado de S.Paulo. Atualmente, a Esplanada conta com 39 pastas, e Dilma pretende cortar at\u00e9 dez delas. Temer \u00e9 [&hellip;]<\/p>\n","protected":false},"author":2,"featured_media":67589,"comment_status":"open","ping_status":"closed","sticky":false,"template":"","format":"standard","meta":{"_acf_changed":false,"footnotes":""},"categories":[16],"tags":[],"class_list":["post-67588","post","type-post","status-publish","format-standard","has-post-thumbnail","hentry","category-brasil"],"acf":[],"yoast_head":"<!-- This site is optimized with the Yoast SEO plugin v27.2 - https:\/\/yoast.com\/product\/yoast-seo-wordpress\/ -->\n<title>Mudan\u00e7as na Esplanada ficam em banho-maria at\u00e9 a volta de Temer da R\u00fassia - Notibras<\/title>\n<meta name=\"robots\" content=\"index, follow, max-snippet:-1, max-image-preview:large, max-video-preview:-1\" \/>\n<link rel=\"canonical\" href=\"https:\/\/www.notibras.com\/site\/madancas-na-esplanada-ficam-em-banho-maria-ate-a-volta-de-temer-da-russia\/\" \/>\n<meta property=\"og:locale\" content=\"pt_BR\" \/>\n<meta property=\"og:type\" content=\"article\" \/>\n<meta property=\"og:title\" content=\"Mudan\u00e7as na Esplanada ficam em banho-maria at\u00e9 a volta de Temer da R\u00fassia - Notibras\" \/>\n<meta property=\"og:description\" content=\"A presidente Dilma Rousseff quer esperar o retorno ao Brasil do vice Michel Temer e de seis ministros que est\u00e3o com ele no exterior para definir a redu\u00e7\u00e3o do n\u00fameros de minist\u00e9rios, informa o jornal O Estado de S.Paulo. Atualmente, a Esplanada conta com 39 pastas, e Dilma pretende cortar at\u00e9 dez delas. Temer \u00e9 [&hellip;]\" \/>\n<meta property=\"og:url\" content=\"https:\/\/www.notibras.com\/site\/madancas-na-esplanada-ficam-em-banho-maria-ate-a-volta-de-temer-da-russia\/\" \/>\n<meta property=\"og:site_name\" content=\"Notibras\" \/>\n<meta property=\"article:publisher\" content=\"https:\/\/www.facebook.com\/notibras\/\" \/>\n<meta property=\"article:published_time\" content=\"2015-09-14T10:28:52+00:00\" \/>\n<meta property=\"article:modified_time\" content=\"2015-09-14T22:17:49+00:00\" \/>\n<meta property=\"og:image\" content=\"https:\/\/www.notibras.com\/site\/wp-content\/uploads\/2015\/09\/temru.jpg\" \/>\n\t<meta property=\"og:image:width\" content=\"615\" \/>\n\t<meta property=\"og:image:height\" content=\"300\" \/>\n\t<meta property=\"og:image:type\" content=\"image\/jpeg\" \/>\n<meta name=\"author\" content=\"Reda\u00e7\u00e3o\" \/>\n<meta name=\"twitter:card\" content=\"summary_large_image\" \/>\n<meta name=\"twitter:creator\" content=\"@Notibras\" \/>\n<meta name=\"twitter:site\" content=\"@Notibras\" \/>\n<meta name=\"twitter:label1\" content=\"Escrito por\" \/>\n\t<meta name=\"twitter:data1\" content=\"Reda\u00e7\u00e3o\" \/>\n\t<meta name=\"twitter:label2\" content=\"Est. tempo de leitura\" \/>\n\t<meta name=\"twitter:data2\" content=\"2 minutos\" \/>\n<script type=\"application\/ld+json\" class=\"yoast-schema-graph\">{\"@context\":\"https:\/\/schema.org\",\"@graph\":[{\"@type\":\"Article\",\"@id\":\"https:\/\/www.notibras.com\/site\/madancas-na-esplanada-ficam-em-banho-maria-ate-a-volta-de-temer-da-russia\/#article\",\"isPartOf\":{\"@id\":\"https:\/\/www.notibras.com\/site\/madancas-na-esplanada-ficam-em-banho-maria-ate-a-volta-de-temer-da-russia\/\"},\"author\":{\"name\":\"Reda\u00e7\u00e3o\",\"@id\":\"https:\/\/www.notibras.com\/site\/#\/schema\/person\/36ab0979449956132d3e5b517ea76ac8\"},\"headline\":\"Mudan\u00e7as na Esplanada ficam em banho-maria at\u00e9 a volta de Temer da R\u00fassia\",\"datePublished\":\"2015-09-14T10:28:52+00:00\",\"dateModified\":\"2015-09-14T22:17:49+00:00\",\"mainEntityOfPage\":{\"@id\":\"https:\/\/www.notibras.com\/site\/madancas-na-esplanada-ficam-em-banho-maria-ate-a-volta-de-temer-da-russia\/\"},\"wordCount\":394,\"commentCount\":0,\"publisher\":{\"@id\":\"https:\/\/www.notibras.com\/site\/#organization\"},\"image\":{\"@id\":\"https:\/\/www.notibras.com\/site\/madancas-na-esplanada-ficam-em-banho-maria-ate-a-volta-de-temer-da-russia\/#primaryimage\"},\"thumbnailUrl\":\"https:\/\/www.notibras.com\/site\/wp-content\/uploads\/2015\/09\/temru.jpg\",\"articleSection\":[\"Brasil\"],\"inLanguage\":\"pt-BR\",\"potentialAction\":[{\"@type\":\"CommentAction\",\"name\":\"Comment\",\"target\":[\"https:\/\/www.notibras.com\/site\/madancas-na-esplanada-ficam-em-banho-maria-ate-a-volta-de-temer-da-russia\/#respond\"]}]},{\"@type\":\"WebPage\",\"@id\":\"https:\/\/www.notibras.com\/site\/madancas-na-esplanada-ficam-em-banho-maria-ate-a-volta-de-temer-da-russia\/\",\"url\":\"https:\/\/www.notibras.com\/site\/madancas-na-esplanada-ficam-em-banho-maria-ate-a-volta-de-temer-da-russia\/\",\"name\":\"Mudan\u00e7as na Esplanada ficam em banho-maria at\u00e9 a volta de Temer da R\u00fassia - Notibras\",\"isPartOf\":{\"@id\":\"https:\/\/www.notibras.com\/site\/#website\"},\"primaryImageOfPage\":{\"@id\":\"https:\/\/www.notibras.com\/site\/madancas-na-esplanada-ficam-em-banho-maria-ate-a-volta-de-temer-da-russia\/#primaryimage\"},\"image\":{\"@id\":\"https:\/\/www.notibras.com\/site\/madancas-na-esplanada-ficam-em-banho-maria-ate-a-volta-de-temer-da-russia\/#primaryimage\"},\"thumbnailUrl\":\"https:\/\/www.notibras.com\/site\/wp-content\/uploads\/2015\/09\/temru.jpg\",\"datePublished\":\"2015-09-14T10:28:52+00:00\",\"dateModified\":\"2015-09-14T22:17:49+00:00\",\"breadcrumb\":{\"@id\":\"https:\/\/www.notibras.com\/site\/madancas-na-esplanada-ficam-em-banho-maria-ate-a-volta-de-temer-da-russia\/#breadcrumb\"},\"inLanguage\":\"pt-BR\",\"potentialAction\":[{\"@type\":\"ReadAction\",\"target\":[\"https:\/\/www.notibras.com\/site\/madancas-na-esplanada-ficam-em-banho-maria-ate-a-volta-de-temer-da-russia\/\"]}]},{\"@type\":\"ImageObject\",\"inLanguage\":\"pt-BR\",\"@id\":\"https:\/\/www.notibras.com\/site\/madancas-na-esplanada-ficam-em-banho-maria-ate-a-volta-de-temer-da-russia\/#primaryimage\",\"url\":\"https:\/\/www.notibras.com\/site\/wp-content\/uploads\/2015\/09\/temru.jpg\",\"contentUrl\":\"https:\/\/www.notibras.com\/site\/wp-content\/uploads\/2015\/09\/temru.jpg\",\"width\":615,\"height\":300},{\"@type\":\"BreadcrumbList\",\"@id\":\"https:\/\/www.notibras.com\/site\/madancas-na-esplanada-ficam-em-banho-maria-ate-a-volta-de-temer-da-russia\/#breadcrumb\",\"itemListElement\":[{\"@type\":\"ListItem\",\"position\":1,\"name\":\"In\u00edcio\",\"item\":\"https:\/\/www.notibras.com\/site\/\"},{\"@type\":\"ListItem\",\"position\":2,\"name\":\"Mudan\u00e7as na Esplanada ficam em banho-maria at\u00e9 a volta de Temer da R\u00fassia\"}]},{\"@type\":\"WebSite\",\"@id\":\"https:\/\/www.notibras.com\/site\/#website\",\"url\":\"https:\/\/www.notibras.com\/site\/\",\"name\":\"Notibras\",\"description\":\"Not\u00edcias de Bras\u00edlia, do Brasil e do Mundo\",\"publisher\":{\"@id\":\"https:\/\/www.notibras.com\/site\/#organization\"},\"potentialAction\":[{\"@type\":\"SearchAction\",\"target\":{\"@type\":\"EntryPoint\",\"urlTemplate\":\"https:\/\/www.notibras.com\/site\/?s={search_term_string}\"},\"query-input\":{\"@type\":\"PropertyValueSpecification\",\"valueRequired\":true,\"valueName\":\"search_term_string\"}}],\"inLanguage\":\"pt-BR\"},{\"@type\":\"Organization\",\"@id\":\"https:\/\/www.notibras.com\/site\/#organization\",\"name\":\"Grupo Notibras de Comunica\u00e7\u00e3o\",\"url\":\"https:\/\/www.notibras.com\/site\/\",\"logo\":{\"@type\":\"ImageObject\",\"inLanguage\":\"pt-BR\",\"@id\":\"https:\/\/www.notibras.com\/site\/#\/schema\/logo\/image\/\",\"url\":\"https:\/\/www.notibras.com\/site\/wp-content\/uploads\/2023\/01\/notibras23.png\",\"contentUrl\":\"https:\/\/www.notibras.com\/site\/wp-content\/uploads\/2023\/01\/notibras23.png\",\"width\":350,\"height\":87,\"caption\":\"Grupo Notibras de Comunica\u00e7\u00e3o\"},\"image\":{\"@id\":\"https:\/\/www.notibras.com\/site\/#\/schema\/logo\/image\/\"},\"sameAs\":[\"https:\/\/www.facebook.com\/notibras\/\",\"https:\/\/x.com\/Notibras\",\"https:\/\/www.instagram.com\/notibras\/\"]},{\"@type\":\"Person\",\"@id\":\"https:\/\/www.notibras.com\/site\/#\/schema\/person\/36ab0979449956132d3e5b517ea76ac8\",\"name\":\"Reda\u00e7\u00e3o\",\"image\":{\"@type\":\"ImageObject\",\"inLanguage\":\"pt-BR\",\"@id\":\"https:\/\/secure.gravatar.com\/avatar\/e0a867bdedb85fd243eadf09663511f96fc81e0720a4a42581f334ad4303aa6b?s=96&d=mm&r=g\",\"url\":\"https:\/\/secure.gravatar.com\/avatar\/e0a867bdedb85fd243eadf09663511f96fc81e0720a4a42581f334ad4303aa6b?s=96&d=mm&r=g\",\"contentUrl\":\"https:\/\/secure.gravatar.com\/avatar\/e0a867bdedb85fd243eadf09663511f96fc81e0720a4a42581f334ad4303aa6b?s=96&d=mm&r=g\",\"caption\":\"Reda\u00e7\u00e3o\"}}]}<\/script>\n<!-- \/ Yoast SEO plugin. -->","yoast_head_json":{"title":"Mudan\u00e7as na Esplanada ficam em banho-maria at\u00e9 a volta de Temer da R\u00fassia - Notibras","robots":{"index":"index","follow":"follow","max-snippet":"max-snippet:-1","max-image-preview":"max-image-preview:large","max-video-preview":"max-video-preview:-1"},"canonical":"https:\/\/www.notibras.com\/site\/madancas-na-esplanada-ficam-em-banho-maria-ate-a-volta-de-temer-da-russia\/","og_locale":"pt_BR","og_type":"article","og_title":"Mudan\u00e7as na Esplanada ficam em banho-maria at\u00e9 a volta de Temer da R\u00fassia - Notibras","og_description":"A presidente Dilma Rousseff quer esperar o retorno ao Brasil do vice Michel Temer e de seis ministros que est\u00e3o com ele no exterior para definir a redu\u00e7\u00e3o do n\u00fameros de minist\u00e9rios, informa o jornal O Estado de S.Paulo. Atualmente, a Esplanada conta com 39 pastas, e Dilma pretende cortar at\u00e9 dez delas. Temer \u00e9 [&hellip;]","og_url":"https:\/\/www.notibras.com\/site\/madancas-na-esplanada-ficam-em-banho-maria-ate-a-volta-de-temer-da-russia\/","og_site_name":"Notibras","article_publisher":"https:\/\/www.facebook.com\/notibras\/","article_published_time":"2015-09-14T10:28:52+00:00","article_modified_time":"2015-09-14T22:17:49+00:00","og_image":[{"width":615,"height":300,"url":"https:\/\/www.notibras.com\/site\/wp-content\/uploads\/2015\/09\/temru.jpg","type":"image\/jpeg"}],"author":"Reda\u00e7\u00e3o","twitter_card":"summary_large_image","twitter_creator":"@Notibras","twitter_site":"@Notibras","twitter_misc":{"Escrito por":"Reda\u00e7\u00e3o","Est. tempo de leitura":"2 minutos"},"schema":{"@context":"https:\/\/schema.org","@graph":[{"@type":"Article","@id":"https:\/\/www.notibras.com\/site\/madancas-na-esplanada-ficam-em-banho-maria-ate-a-volta-de-temer-da-russia\/#article","isPartOf":{"@id":"https:\/\/www.notibras.com\/site\/madancas-na-esplanada-ficam-em-banho-maria-ate-a-volta-de-temer-da-russia\/"},"author":{"name":"Reda\u00e7\u00e3o","@id":"https:\/\/www.notibras.com\/site\/#\/schema\/person\/36ab0979449956132d3e5b517ea76ac8"},"headline":"Mudan\u00e7as na Esplanada ficam em banho-maria at\u00e9 a volta de Temer da R\u00fassia","datePublished":"2015-09-14T10:28:52+00:00","dateModified":"2015-09-14T22:17:49+00:00","mainEntityOfPage":{"@id":"https:\/\/www.notibras.com\/site\/madancas-na-esplanada-ficam-em-banho-maria-ate-a-volta-de-temer-da-russia\/"},"wordCount":394,"commentCount":0,"publisher":{"@id":"https:\/\/www.notibras.com\/site\/#organization"},"image":{"@id":"https:\/\/www.notibras.com\/site\/madancas-na-esplanada-ficam-em-banho-maria-ate-a-volta-de-temer-da-russia\/#primaryimage"},"thumbnailUrl":"https:\/\/www.notibras.com\/site\/wp-content\/uploads\/2015\/09\/temru.jpg","articleSection":["Brasil"],"inLanguage":"pt-BR","potentialAction":[{"@type":"CommentAction","name":"Comment","target":["https:\/\/www.notibras.com\/site\/madancas-na-esplanada-ficam-em-banho-maria-ate-a-volta-de-temer-da-russia\/#respond"]}]},{"@type":"WebPage","@id":"https:\/\/www.notibras.com\/site\/madancas-na-esplanada-ficam-em-banho-maria-ate-a-volta-de-temer-da-russia\/","url":"https:\/\/www.notibras.com\/site\/madancas-na-esplanada-ficam-em-banho-maria-ate-a-volta-de-temer-da-russia\/","name":"Mudan\u00e7as na Esplanada ficam em banho-maria at\u00e9 a volta de Temer da R\u00fassia - Notibras","isPartOf":{"@id":"https:\/\/www.notibras.com\/site\/#website"},"primaryImageOfPage":{"@id":"https:\/\/www.notibras.com\/site\/madancas-na-esplanada-ficam-em-banho-maria-ate-a-volta-de-temer-da-russia\/#primaryimage"},"image":{"@id":"https:\/\/www.notibras.com\/site\/madancas-na-esplanada-ficam-em-banho-maria-ate-a-volta-de-temer-da-russia\/#primaryimage"},"thumbnailUrl":"https:\/\/www.notibras.com\/site\/wp-content\/uploads\/2015\/09\/temru.jpg","datePublished":"2015-09-14T10:28:52+00:00","dateModified":"2015-09-14T22:17:49+00:00","breadcrumb":{"@id":"https:\/\/www.notibras.com\/site\/madancas-na-esplanada-ficam-em-banho-maria-ate-a-volta-de-temer-da-russia\/#breadcrumb"},"inLanguage":"pt-BR","potentialAction":[{"@type":"ReadAction","target":["https:\/\/www.notibras.com\/site\/madancas-na-esplanada-ficam-em-banho-maria-ate-a-volta-de-temer-da-russia\/"]}]},{"@type":"ImageObject","inLanguage":"pt-BR","@id":"https:\/\/www.notibras.com\/site\/madancas-na-esplanada-ficam-em-banho-maria-ate-a-volta-de-temer-da-russia\/#primaryimage","url":"https:\/\/www.notibras.com\/site\/wp-content\/uploads\/2015\/09\/temru.jpg","contentUrl":"https:\/\/www.notibras.com\/site\/wp-content\/uploads\/2015\/09\/temru.jpg","width":615,"height":300},{"@type":"BreadcrumbList","@id":"https:\/\/www.notibras.com\/site\/madancas-na-esplanada-ficam-em-banho-maria-ate-a-volta-de-temer-da-russia\/#breadcrumb","itemListElement":[{"@type":"ListItem","position":1,"name":"In\u00edcio","item":"https:\/\/www.notibras.com\/site\/"},{"@type":"ListItem","position":2,"name":"Mudan\u00e7as na Esplanada ficam em banho-maria at\u00e9 a volta de Temer da R\u00fassia"}]},{"@type":"WebSite","@id":"https:\/\/www.notibras.com\/site\/#website","url":"https:\/\/www.notibras.com\/site\/","name":"Notibras","description":"Not\u00edcias de Bras\u00edlia, do Brasil e do Mundo","publisher":{"@id":"https:\/\/www.notibras.com\/site\/#organization"},"potentialAction":[{"@type":"SearchAction","target":{"@type":"EntryPoint","urlTemplate":"https:\/\/www.notibras.com\/site\/?s={search_term_string}"},"query-input":{"@type":"PropertyValueSpecification","valueRequired":true,"valueName":"search_term_string"}}],"inLanguage":"pt-BR"},{"@type":"Organization","@id":"https:\/\/www.notibras.com\/site\/#organization","name":"Grupo Notibras de Comunica\u00e7\u00e3o","url":"https:\/\/www.notibras.com\/site\/","logo":{"@type":"ImageObject","inLanguage":"pt-BR","@id":"https:\/\/www.notibras.com\/site\/#\/schema\/logo\/image\/","url":"https:\/\/www.notibras.com\/site\/wp-content\/uploads\/2023\/01\/notibras23.png","contentUrl":"https:\/\/www.notibras.com\/site\/wp-content\/uploads\/2023\/01\/notibras23.png","width":350,"height":87,"caption":"Grupo Notibras de Comunica\u00e7\u00e3o"},"image":{"@id":"https:\/\/www.notibras.com\/site\/#\/schema\/logo\/image\/"},"sameAs":["https:\/\/www.facebook.com\/notibras\/","https:\/\/x.com\/Notibras","https:\/\/www.instagram.com\/notibras\/"]},{"@type":"Person","@id":"https:\/\/www.notibras.com\/site\/#\/schema\/person\/36ab0979449956132d3e5b517ea76ac8","name":"Reda\u00e7\u00e3o","image":{"@type":"ImageObject","inLanguage":"pt-BR","@id":"https:\/\/secure.gravatar.com\/avatar\/e0a867bdedb85fd243eadf09663511f96fc81e0720a4a42581f334ad4303aa6b?s=96&d=mm&r=g","url":"https:\/\/secure.gravatar.com\/avatar\/e0a867bdedb85fd243eadf09663511f96fc81e0720a4a42581f334ad4303aa6b?s=96&d=mm&r=g","contentUrl":"https:\/\/secure.gravatar.com\/avatar\/e0a867bdedb85fd243eadf09663511f96fc81e0720a4a42581f334ad4303aa6b?s=96&d=mm&r=g","caption":"Reda\u00e7\u00e3o"}}]}},"amp_enabled":true,"_links":{"self":[{"href":"https:\/\/www.notibras.com\/site\/wp-json\/wp\/v2\/posts\/67588","targetHints":{"allow":["GET"]}}],"collection":[{"href":"https:\/\/www.notibras.com\/site\/wp-json\/wp\/v2\/posts"}],"about":[{"href":"https:\/\/www.notibras.com\/site\/wp-json\/wp\/v2\/types\/post"}],"author":[{"embeddable":true,"href":"https:\/\/www.notibras.com\/site\/wp-json\/wp\/v2\/users\/2"}],"replies":[{"embeddable":true,"href":"https:\/\/www.notibras.com\/site\/wp-json\/wp\/v2\/comments?post=67588"}],"version-history":[{"count":2,"href":"https:\/\/www.notibras.com\/site\/wp-json\/wp\/v2\/posts\/67588\/revisions"}],"predecessor-version":[{"id":67711,"href":"https:\/\/www.notibras.com\/site\/wp-json\/wp\/v2\/posts\/67588\/revisions\/67711"}],"wp:featuredmedia":[{"embeddable":true,"href":"https:\/\/www.notibras.com\/site\/wp-json\/wp\/v2\/media\/67589"}],"wp:attachment":[{"href":"https:\/\/www.notibras.com\/site\/wp-json\/wp\/v2\/media?parent=67588"}],"wp:term":[{"taxonomy":"category","embeddable":true,"href":"https:\/\/www.notibras.com\/site\/wp-json\/wp\/v2\/categories?post=67588"},{"taxonomy":"post_tag","embeddable":true,"href":"https:\/\/www.notibras.com\/site\/wp-json\/wp\/v2\/tags?post=67588"}],"curies":[{"name":"wp","href":"https:\/\/api.w.org\/{rel}","templated":true}]}}