{"id":67591,"date":"2015-09-14T11:34:16","date_gmt":"2015-09-14T14:34:16","guid":{"rendered":"http:\/\/www.notibras.com\/site\/?p=67591"},"modified":"2015-09-14T23:11:23","modified_gmt":"2015-09-15T02:11:23","slug":"sofia-1-ano-e-9-meses-vai-para-miami-faz-transplantes-nao-resiste-e-vira-uma-estrela","status":"publish","type":"post","link":"https:\/\/www.notibras.com\/site\/sofia-1-ano-e-9-meses-vai-para-miami-faz-transplantes-nao-resiste-e-vira-uma-estrela\/","title":{"rendered":"Sofia, 1 ano e 9 meses, vai a Miami, faz transplantes, n\u00e3o resiste e vira uma estrelinha"},"content":{"rendered":"<p>Depois de um ano e nove meses de luta, morreu na madrugada desta segunda-feira (14), a beb\u00ea Sofia de Gon\u00e7alves Lacerda, segundo informa\u00e7\u00e3o do Uol. Ela estava internada na UTI do Jackson Memorial Hospital, em Miami, nos Estados Unidos, depois de ter realizado um transplante multivisceral envolvendo cinco \u00f3rg\u00e3os. Sofia agora \u00e9 mais uma estrelinha no c\u00e9u.<\/p>\n<p>A causa da morte foi o agravamento de uma fibrose nos pulm\u00f5es. Sofia, que havia piorado na sexta-feira, chegou a ter uma melhora consider\u00e1vel no s\u00e1bado, mas a situa\u00e7\u00e3o agravou-se e ela morreu por volta das 7h da manha desta segunda-feira. A fam\u00edlia ainda n\u00e3o divulgou se o corpo ser\u00e1 trazido ao Brasil para o enterro mas, de acordo com o Jackson Memorial, os preparativos para o translado j\u00e1 foram iniciados.<\/p>\n<p>De acordo com o m\u00e9dico brasileiro Rodrigo Vianna, diretor de transplantes do Jackson Memorial e autor dos procedimentos, a morte de Sofia \u00e9 &#8220;muito triste e frustrante&#8221;. &#8220;Mais uma vez temos a prova deste mist\u00e9rio que \u00e9 a vida e a hora de nossa morte. Lutamos contra algo muito maior que n\u00f3s. Os \u00f3rg\u00e3os que ela recebeu funcionavam perfeitamente, a opera\u00e7\u00e3o foi um sucesso, mas ela teve uma infec\u00e7\u00e3o que a debilitou muito. Quando vencemos a infec\u00e7\u00e3o, os pulm\u00f5es estavam severamente comprometidos&#8221;, relatou.<\/p>\n<p>Ainda segundo o profissional, foi uma &#8220;honra&#8221; ter participado da luta de Sofia. &#8220;Tive a oportunidade de participar da vida dela. Aprendemos muito com Sofia e ela deixa uma linda hist\u00f3ria, ainda que curta, em nossos cora\u00e7\u00f5es. Que Deus a receba de bra\u00e7os abertos&#8221;, disse.<\/p>\n<p>O UOL j\u00e1 havia noticiado na sexta-feira, com exclusividade, que o brasileiro considerava a situa\u00e7\u00e3o de Sofia muito cr\u00edtica e que apenas um milagre salvaria a crian\u00e7a. &#8220;Ela viveu uma s\u00e9rie de milagres desde que nasceu. Fizemos tudo o que foi poss\u00edvel&#8221;, disse.<\/p>\n<p>A reportagem tentou falar com os pais de Sofia, mas eles n\u00e3o responderam.<\/p>\n<p>Pela p\u00e1gina oficial que utilizam para se corresponder com apoiadores, um comunicado oficial foi postado por Priscilla Coutinho. &#8220;Amigos, infelizmente nossa bonequinha nos deixou nessa manh\u00e3. Os pais, Patr\u00edcia e Gilson, entraram em contato via telefone informando sobre o falecimento da nossa Sophia. N\u00e3o esperem que eles tenham cabe\u00e7a para postar algo nas redes sociais, entendam o momento delicado&#8221;, declarou.<\/p>\n<p>Sofia nasceu em 24 de dezembro de 2013 e permaneceu internada no Hospital das Cl\u00ednicas da Unicamp, em Campinas (SP). L\u00e1, a menina recebeu atendimento e a fam\u00edlia teve a confirma\u00e7\u00e3o de que ela era portadora da S\u00edndrome de Berdon, condi\u00e7\u00e3o rara que compromete o funcionamento do sistema digest\u00f3rio.<\/p>\n<p>Para sobreviver, Sofia necessitava de um transplante multivisceral, que inclui est\u00f4mago, f\u00edgado, p\u00e2ncreas e intestinos. A fam\u00edlia entrou na Justi\u00e7a alegando que o Brasil n\u00e3o tinha capacidade para realizar os procedimentos e pedindo que a Uni\u00e3o bancasse todos os custos do tratamento, que deveria ser feito no Jackson Memorial. Depois de uma batalha judicial onde at\u00e9 o pedido de pris\u00e3o do ministro da Sa\u00fade, Artur Chioro, foi feito, a fam\u00edlia venceu a causa. S\u00f3 com o transplante, o montante gasto pelo governo foi de US$ 1,2 milh\u00e3o (R$ 4,5 milh\u00f5es).<\/p>\n<p>Logo que chegou aos Estados Unidos, Sofia ficou internada. Enquanto esperou o transplante, chegou a viver com os pais por um curto per\u00edodo, mas voltou ao hospital para a realiza\u00e7\u00e3o dos transplantes, que ocorreram em 10 de abril deste ano, quando conseguiu um doador compat\u00edvel, um norte-americano do Estado da Fl\u00f3rida.<\/p>\n<p>Ela chegou a receber alta, mas teve que voltar ao hospital, em 2 de julho, por conta de uma infec\u00e7\u00e3o no sangue ocorrida depois de ela contrair um v\u00edrus chamado CMV (citomegalov\u00edrus), da mesma fam\u00edlia do herpesv\u00edrus, que causa catapora e v\u00e1rios tipos de herpes.<\/p>\n<p>Debilitada, ela enfrentou dificuldades respirat\u00f3rias e acabou internada na UTI em 8 de agosto. Ela foi entubada e venceu a infec\u00e7\u00e3o, mas teve danos nos pulm\u00f5es e n\u00e3o resistiu.<\/p>\n","protected":false},"excerpt":{"rendered":"<p>Depois de um ano e nove meses de luta, morreu na madrugada desta segunda-feira (14), a beb\u00ea Sofia de Gon\u00e7alves Lacerda, segundo informa\u00e7\u00e3o do Uol. Ela estava internada na UTI do Jackson Memorial Hospital, em Miami, nos Estados Unidos, depois de ter realizado um transplante multivisceral envolvendo cinco \u00f3rg\u00e3os. Sofia agora \u00e9 mais uma estrelinha [&hellip;]<\/p>\n","protected":false},"author":2,"featured_media":67592,"comment_status":"open","ping_status":"closed","sticky":false,"template":"","format":"standard","meta":{"_acf_changed":false,"footnotes":""},"categories":[16],"tags":[],"class_list":["post-67591","post","type-post","status-publish","format-standard","has-post-thumbnail","hentry","category-brasil"],"acf":[],"yoast_head":"<!-- This site is optimized with the Yoast SEO plugin v27.2 - https:\/\/yoast.com\/product\/yoast-seo-wordpress\/ -->\n<title>Sofia, 1 ano e 9 meses, vai a Miami, faz transplantes, n\u00e3o resiste e vira uma estrelinha - Notibras<\/title>\n<meta name=\"robots\" content=\"index, follow, max-snippet:-1, max-image-preview:large, max-video-preview:-1\" \/>\n<link rel=\"canonical\" href=\"https:\/\/www.notibras.com\/site\/sofia-1-ano-e-9-meses-vai-para-miami-faz-transplantes-nao-resiste-e-vira-uma-estrela\/\" \/>\n<meta property=\"og:locale\" content=\"pt_BR\" \/>\n<meta property=\"og:type\" content=\"article\" \/>\n<meta property=\"og:title\" content=\"Sofia, 1 ano e 9 meses, vai a Miami, faz transplantes, n\u00e3o resiste e vira uma estrelinha - Notibras\" \/>\n<meta property=\"og:description\" content=\"Depois de um ano e nove meses de luta, morreu na madrugada desta segunda-feira (14), a beb\u00ea Sofia de Gon\u00e7alves Lacerda, segundo informa\u00e7\u00e3o do Uol. Ela estava internada na UTI do Jackson Memorial Hospital, em Miami, nos Estados Unidos, depois de ter realizado um transplante multivisceral envolvendo cinco \u00f3rg\u00e3os. Sofia agora \u00e9 mais uma estrelinha [&hellip;]\" \/>\n<meta property=\"og:url\" content=\"https:\/\/www.notibras.com\/site\/sofia-1-ano-e-9-meses-vai-para-miami-faz-transplantes-nao-resiste-e-vira-uma-estrela\/\" \/>\n<meta property=\"og:site_name\" content=\"Notibras\" \/>\n<meta property=\"article:publisher\" content=\"https:\/\/www.facebook.com\/notibras\/\" \/>\n<meta property=\"article:published_time\" content=\"2015-09-14T14:34:16+00:00\" \/>\n<meta property=\"article:modified_time\" content=\"2015-09-15T02:11:23+00:00\" \/>\n<meta property=\"og:image\" content=\"https:\/\/www.notibras.com\/site\/wp-content\/uploads\/2015\/09\/sofia..jpg\" \/>\n\t<meta property=\"og:image:width\" content=\"615\" \/>\n\t<meta property=\"og:image:height\" content=\"300\" \/>\n\t<meta property=\"og:image:type\" content=\"image\/jpeg\" \/>\n<meta name=\"author\" content=\"Reda\u00e7\u00e3o\" \/>\n<meta name=\"twitter:card\" content=\"summary_large_image\" \/>\n<meta name=\"twitter:creator\" content=\"@Notibras\" \/>\n<meta name=\"twitter:site\" content=\"@Notibras\" \/>\n<meta name=\"twitter:label1\" content=\"Escrito por\" \/>\n\t<meta name=\"twitter:data1\" content=\"Reda\u00e7\u00e3o\" \/>\n\t<meta name=\"twitter:label2\" content=\"Est. tempo de leitura\" \/>\n\t<meta name=\"twitter:data2\" content=\"3 minutos\" \/>\n<script type=\"application\/ld+json\" class=\"yoast-schema-graph\">{\"@context\":\"https:\/\/schema.org\",\"@graph\":[{\"@type\":\"Article\",\"@id\":\"https:\/\/www.notibras.com\/site\/sofia-1-ano-e-9-meses-vai-para-miami-faz-transplantes-nao-resiste-e-vira-uma-estrela\/#article\",\"isPartOf\":{\"@id\":\"https:\/\/www.notibras.com\/site\/sofia-1-ano-e-9-meses-vai-para-miami-faz-transplantes-nao-resiste-e-vira-uma-estrela\/\"},\"author\":{\"name\":\"Reda\u00e7\u00e3o\",\"@id\":\"https:\/\/www.notibras.com\/site\/#\/schema\/person\/36ab0979449956132d3e5b517ea76ac8\"},\"headline\":\"Sofia, 1 ano e 9 meses, vai a Miami, faz transplantes, n\u00e3o resiste e vira uma estrelinha\",\"datePublished\":\"2015-09-14T14:34:16+00:00\",\"dateModified\":\"2015-09-15T02:11:23+00:00\",\"mainEntityOfPage\":{\"@id\":\"https:\/\/www.notibras.com\/site\/sofia-1-ano-e-9-meses-vai-para-miami-faz-transplantes-nao-resiste-e-vira-uma-estrela\/\"},\"wordCount\":704,\"commentCount\":0,\"publisher\":{\"@id\":\"https:\/\/www.notibras.com\/site\/#organization\"},\"image\":{\"@id\":\"https:\/\/www.notibras.com\/site\/sofia-1-ano-e-9-meses-vai-para-miami-faz-transplantes-nao-resiste-e-vira-uma-estrela\/#primaryimage\"},\"thumbnailUrl\":\"https:\/\/www.notibras.com\/site\/wp-content\/uploads\/2015\/09\/sofia..jpg\",\"articleSection\":[\"Brasil\"],\"inLanguage\":\"pt-BR\",\"potentialAction\":[{\"@type\":\"CommentAction\",\"name\":\"Comment\",\"target\":[\"https:\/\/www.notibras.com\/site\/sofia-1-ano-e-9-meses-vai-para-miami-faz-transplantes-nao-resiste-e-vira-uma-estrela\/#respond\"]}]},{\"@type\":\"WebPage\",\"@id\":\"https:\/\/www.notibras.com\/site\/sofia-1-ano-e-9-meses-vai-para-miami-faz-transplantes-nao-resiste-e-vira-uma-estrela\/\",\"url\":\"https:\/\/www.notibras.com\/site\/sofia-1-ano-e-9-meses-vai-para-miami-faz-transplantes-nao-resiste-e-vira-uma-estrela\/\",\"name\":\"Sofia, 1 ano e 9 meses, vai a Miami, faz transplantes, n\u00e3o resiste e vira uma estrelinha - Notibras\",\"isPartOf\":{\"@id\":\"https:\/\/www.notibras.com\/site\/#website\"},\"primaryImageOfPage\":{\"@id\":\"https:\/\/www.notibras.com\/site\/sofia-1-ano-e-9-meses-vai-para-miami-faz-transplantes-nao-resiste-e-vira-uma-estrela\/#primaryimage\"},\"image\":{\"@id\":\"https:\/\/www.notibras.com\/site\/sofia-1-ano-e-9-meses-vai-para-miami-faz-transplantes-nao-resiste-e-vira-uma-estrela\/#primaryimage\"},\"thumbnailUrl\":\"https:\/\/www.notibras.com\/site\/wp-content\/uploads\/2015\/09\/sofia..jpg\",\"datePublished\":\"2015-09-14T14:34:16+00:00\",\"dateModified\":\"2015-09-15T02:11:23+00:00\",\"breadcrumb\":{\"@id\":\"https:\/\/www.notibras.com\/site\/sofia-1-ano-e-9-meses-vai-para-miami-faz-transplantes-nao-resiste-e-vira-uma-estrela\/#breadcrumb\"},\"inLanguage\":\"pt-BR\",\"potentialAction\":[{\"@type\":\"ReadAction\",\"target\":[\"https:\/\/www.notibras.com\/site\/sofia-1-ano-e-9-meses-vai-para-miami-faz-transplantes-nao-resiste-e-vira-uma-estrela\/\"]}]},{\"@type\":\"ImageObject\",\"inLanguage\":\"pt-BR\",\"@id\":\"https:\/\/www.notibras.com\/site\/sofia-1-ano-e-9-meses-vai-para-miami-faz-transplantes-nao-resiste-e-vira-uma-estrela\/#primaryimage\",\"url\":\"https:\/\/www.notibras.com\/site\/wp-content\/uploads\/2015\/09\/sofia..jpg\",\"contentUrl\":\"https:\/\/www.notibras.com\/site\/wp-content\/uploads\/2015\/09\/sofia..jpg\",\"width\":615,\"height\":300},{\"@type\":\"BreadcrumbList\",\"@id\":\"https:\/\/www.notibras.com\/site\/sofia-1-ano-e-9-meses-vai-para-miami-faz-transplantes-nao-resiste-e-vira-uma-estrela\/#breadcrumb\",\"itemListElement\":[{\"@type\":\"ListItem\",\"position\":1,\"name\":\"In\u00edcio\",\"item\":\"https:\/\/www.notibras.com\/site\/\"},{\"@type\":\"ListItem\",\"position\":2,\"name\":\"Sofia, 1 ano e 9 meses, vai a Miami, faz transplantes, n\u00e3o resiste e vira uma estrelinha\"}]},{\"@type\":\"WebSite\",\"@id\":\"https:\/\/www.notibras.com\/site\/#website\",\"url\":\"https:\/\/www.notibras.com\/site\/\",\"name\":\"Notibras\",\"description\":\"Not\u00edcias de Bras\u00edlia, do Brasil e do Mundo\",\"publisher\":{\"@id\":\"https:\/\/www.notibras.com\/site\/#organization\"},\"potentialAction\":[{\"@type\":\"SearchAction\",\"target\":{\"@type\":\"EntryPoint\",\"urlTemplate\":\"https:\/\/www.notibras.com\/site\/?s={search_term_string}\"},\"query-input\":{\"@type\":\"PropertyValueSpecification\",\"valueRequired\":true,\"valueName\":\"search_term_string\"}}],\"inLanguage\":\"pt-BR\"},{\"@type\":\"Organization\",\"@id\":\"https:\/\/www.notibras.com\/site\/#organization\",\"name\":\"Grupo Notibras de Comunica\u00e7\u00e3o\",\"url\":\"https:\/\/www.notibras.com\/site\/\",\"logo\":{\"@type\":\"ImageObject\",\"inLanguage\":\"pt-BR\",\"@id\":\"https:\/\/www.notibras.com\/site\/#\/schema\/logo\/image\/\",\"url\":\"https:\/\/www.notibras.com\/site\/wp-content\/uploads\/2023\/01\/notibras23.png\",\"contentUrl\":\"https:\/\/www.notibras.com\/site\/wp-content\/uploads\/2023\/01\/notibras23.png\",\"width\":350,\"height\":87,\"caption\":\"Grupo Notibras de Comunica\u00e7\u00e3o\"},\"image\":{\"@id\":\"https:\/\/www.notibras.com\/site\/#\/schema\/logo\/image\/\"},\"sameAs\":[\"https:\/\/www.facebook.com\/notibras\/\",\"https:\/\/x.com\/Notibras\",\"https:\/\/www.instagram.com\/notibras\/\"]},{\"@type\":\"Person\",\"@id\":\"https:\/\/www.notibras.com\/site\/#\/schema\/person\/36ab0979449956132d3e5b517ea76ac8\",\"name\":\"Reda\u00e7\u00e3o\",\"image\":{\"@type\":\"ImageObject\",\"inLanguage\":\"pt-BR\",\"@id\":\"https:\/\/secure.gravatar.com\/avatar\/e0a867bdedb85fd243eadf09663511f96fc81e0720a4a42581f334ad4303aa6b?s=96&d=mm&r=g\",\"url\":\"https:\/\/secure.gravatar.com\/avatar\/e0a867bdedb85fd243eadf09663511f96fc81e0720a4a42581f334ad4303aa6b?s=96&d=mm&r=g\",\"contentUrl\":\"https:\/\/secure.gravatar.com\/avatar\/e0a867bdedb85fd243eadf09663511f96fc81e0720a4a42581f334ad4303aa6b?s=96&d=mm&r=g\",\"caption\":\"Reda\u00e7\u00e3o\"}}]}<\/script>\n<!-- \/ Yoast SEO plugin. -->","yoast_head_json":{"title":"Sofia, 1 ano e 9 meses, vai a Miami, faz transplantes, n\u00e3o resiste e vira uma estrelinha - Notibras","robots":{"index":"index","follow":"follow","max-snippet":"max-snippet:-1","max-image-preview":"max-image-preview:large","max-video-preview":"max-video-preview:-1"},"canonical":"https:\/\/www.notibras.com\/site\/sofia-1-ano-e-9-meses-vai-para-miami-faz-transplantes-nao-resiste-e-vira-uma-estrela\/","og_locale":"pt_BR","og_type":"article","og_title":"Sofia, 1 ano e 9 meses, vai a Miami, faz transplantes, n\u00e3o resiste e vira uma estrelinha - Notibras","og_description":"Depois de um ano e nove meses de luta, morreu na madrugada desta segunda-feira (14), a beb\u00ea Sofia de Gon\u00e7alves Lacerda, segundo informa\u00e7\u00e3o do Uol. Ela estava internada na UTI do Jackson Memorial Hospital, em Miami, nos Estados Unidos, depois de ter realizado um transplante multivisceral envolvendo cinco \u00f3rg\u00e3os. Sofia agora \u00e9 mais uma estrelinha [&hellip;]","og_url":"https:\/\/www.notibras.com\/site\/sofia-1-ano-e-9-meses-vai-para-miami-faz-transplantes-nao-resiste-e-vira-uma-estrela\/","og_site_name":"Notibras","article_publisher":"https:\/\/www.facebook.com\/notibras\/","article_published_time":"2015-09-14T14:34:16+00:00","article_modified_time":"2015-09-15T02:11:23+00:00","og_image":[{"width":615,"height":300,"url":"https:\/\/www.notibras.com\/site\/wp-content\/uploads\/2015\/09\/sofia..jpg","type":"image\/jpeg"}],"author":"Reda\u00e7\u00e3o","twitter_card":"summary_large_image","twitter_creator":"@Notibras","twitter_site":"@Notibras","twitter_misc":{"Escrito por":"Reda\u00e7\u00e3o","Est. tempo de leitura":"3 minutos"},"schema":{"@context":"https:\/\/schema.org","@graph":[{"@type":"Article","@id":"https:\/\/www.notibras.com\/site\/sofia-1-ano-e-9-meses-vai-para-miami-faz-transplantes-nao-resiste-e-vira-uma-estrela\/#article","isPartOf":{"@id":"https:\/\/www.notibras.com\/site\/sofia-1-ano-e-9-meses-vai-para-miami-faz-transplantes-nao-resiste-e-vira-uma-estrela\/"},"author":{"name":"Reda\u00e7\u00e3o","@id":"https:\/\/www.notibras.com\/site\/#\/schema\/person\/36ab0979449956132d3e5b517ea76ac8"},"headline":"Sofia, 1 ano e 9 meses, vai a Miami, faz transplantes, n\u00e3o resiste e vira uma estrelinha","datePublished":"2015-09-14T14:34:16+00:00","dateModified":"2015-09-15T02:11:23+00:00","mainEntityOfPage":{"@id":"https:\/\/www.notibras.com\/site\/sofia-1-ano-e-9-meses-vai-para-miami-faz-transplantes-nao-resiste-e-vira-uma-estrela\/"},"wordCount":704,"commentCount":0,"publisher":{"@id":"https:\/\/www.notibras.com\/site\/#organization"},"image":{"@id":"https:\/\/www.notibras.com\/site\/sofia-1-ano-e-9-meses-vai-para-miami-faz-transplantes-nao-resiste-e-vira-uma-estrela\/#primaryimage"},"thumbnailUrl":"https:\/\/www.notibras.com\/site\/wp-content\/uploads\/2015\/09\/sofia..jpg","articleSection":["Brasil"],"inLanguage":"pt-BR","potentialAction":[{"@type":"CommentAction","name":"Comment","target":["https:\/\/www.notibras.com\/site\/sofia-1-ano-e-9-meses-vai-para-miami-faz-transplantes-nao-resiste-e-vira-uma-estrela\/#respond"]}]},{"@type":"WebPage","@id":"https:\/\/www.notibras.com\/site\/sofia-1-ano-e-9-meses-vai-para-miami-faz-transplantes-nao-resiste-e-vira-uma-estrela\/","url":"https:\/\/www.notibras.com\/site\/sofia-1-ano-e-9-meses-vai-para-miami-faz-transplantes-nao-resiste-e-vira-uma-estrela\/","name":"Sofia, 1 ano e 9 meses, vai a Miami, faz transplantes, n\u00e3o resiste e vira uma estrelinha - Notibras","isPartOf":{"@id":"https:\/\/www.notibras.com\/site\/#website"},"primaryImageOfPage":{"@id":"https:\/\/www.notibras.com\/site\/sofia-1-ano-e-9-meses-vai-para-miami-faz-transplantes-nao-resiste-e-vira-uma-estrela\/#primaryimage"},"image":{"@id":"https:\/\/www.notibras.com\/site\/sofia-1-ano-e-9-meses-vai-para-miami-faz-transplantes-nao-resiste-e-vira-uma-estrela\/#primaryimage"},"thumbnailUrl":"https:\/\/www.notibras.com\/site\/wp-content\/uploads\/2015\/09\/sofia..jpg","datePublished":"2015-09-14T14:34:16+00:00","dateModified":"2015-09-15T02:11:23+00:00","breadcrumb":{"@id":"https:\/\/www.notibras.com\/site\/sofia-1-ano-e-9-meses-vai-para-miami-faz-transplantes-nao-resiste-e-vira-uma-estrela\/#breadcrumb"},"inLanguage":"pt-BR","potentialAction":[{"@type":"ReadAction","target":["https:\/\/www.notibras.com\/site\/sofia-1-ano-e-9-meses-vai-para-miami-faz-transplantes-nao-resiste-e-vira-uma-estrela\/"]}]},{"@type":"ImageObject","inLanguage":"pt-BR","@id":"https:\/\/www.notibras.com\/site\/sofia-1-ano-e-9-meses-vai-para-miami-faz-transplantes-nao-resiste-e-vira-uma-estrela\/#primaryimage","url":"https:\/\/www.notibras.com\/site\/wp-content\/uploads\/2015\/09\/sofia..jpg","contentUrl":"https:\/\/www.notibras.com\/site\/wp-content\/uploads\/2015\/09\/sofia..jpg","width":615,"height":300},{"@type":"BreadcrumbList","@id":"https:\/\/www.notibras.com\/site\/sofia-1-ano-e-9-meses-vai-para-miami-faz-transplantes-nao-resiste-e-vira-uma-estrela\/#breadcrumb","itemListElement":[{"@type":"ListItem","position":1,"name":"In\u00edcio","item":"https:\/\/www.notibras.com\/site\/"},{"@type":"ListItem","position":2,"name":"Sofia, 1 ano e 9 meses, vai a Miami, faz transplantes, n\u00e3o resiste e vira uma estrelinha"}]},{"@type":"WebSite","@id":"https:\/\/www.notibras.com\/site\/#website","url":"https:\/\/www.notibras.com\/site\/","name":"Notibras","description":"Not\u00edcias de Bras\u00edlia, do Brasil e do Mundo","publisher":{"@id":"https:\/\/www.notibras.com\/site\/#organization"},"potentialAction":[{"@type":"SearchAction","target":{"@type":"EntryPoint","urlTemplate":"https:\/\/www.notibras.com\/site\/?s={search_term_string}"},"query-input":{"@type":"PropertyValueSpecification","valueRequired":true,"valueName":"search_term_string"}}],"inLanguage":"pt-BR"},{"@type":"Organization","@id":"https:\/\/www.notibras.com\/site\/#organization","name":"Grupo Notibras de Comunica\u00e7\u00e3o","url":"https:\/\/www.notibras.com\/site\/","logo":{"@type":"ImageObject","inLanguage":"pt-BR","@id":"https:\/\/www.notibras.com\/site\/#\/schema\/logo\/image\/","url":"https:\/\/www.notibras.com\/site\/wp-content\/uploads\/2023\/01\/notibras23.png","contentUrl":"https:\/\/www.notibras.com\/site\/wp-content\/uploads\/2023\/01\/notibras23.png","width":350,"height":87,"caption":"Grupo Notibras de Comunica\u00e7\u00e3o"},"image":{"@id":"https:\/\/www.notibras.com\/site\/#\/schema\/logo\/image\/"},"sameAs":["https:\/\/www.facebook.com\/notibras\/","https:\/\/x.com\/Notibras","https:\/\/www.instagram.com\/notibras\/"]},{"@type":"Person","@id":"https:\/\/www.notibras.com\/site\/#\/schema\/person\/36ab0979449956132d3e5b517ea76ac8","name":"Reda\u00e7\u00e3o","image":{"@type":"ImageObject","inLanguage":"pt-BR","@id":"https:\/\/secure.gravatar.com\/avatar\/e0a867bdedb85fd243eadf09663511f96fc81e0720a4a42581f334ad4303aa6b?s=96&d=mm&r=g","url":"https:\/\/secure.gravatar.com\/avatar\/e0a867bdedb85fd243eadf09663511f96fc81e0720a4a42581f334ad4303aa6b?s=96&d=mm&r=g","contentUrl":"https:\/\/secure.gravatar.com\/avatar\/e0a867bdedb85fd243eadf09663511f96fc81e0720a4a42581f334ad4303aa6b?s=96&d=mm&r=g","caption":"Reda\u00e7\u00e3o"}}]}},"amp_enabled":true,"_links":{"self":[{"href":"https:\/\/www.notibras.com\/site\/wp-json\/wp\/v2\/posts\/67591","targetHints":{"allow":["GET"]}}],"collection":[{"href":"https:\/\/www.notibras.com\/site\/wp-json\/wp\/v2\/posts"}],"about":[{"href":"https:\/\/www.notibras.com\/site\/wp-json\/wp\/v2\/types\/post"}],"author":[{"embeddable":true,"href":"https:\/\/www.notibras.com\/site\/wp-json\/wp\/v2\/users\/2"}],"replies":[{"embeddable":true,"href":"https:\/\/www.notibras.com\/site\/wp-json\/wp\/v2\/comments?post=67591"}],"version-history":[{"count":3,"href":"https:\/\/www.notibras.com\/site\/wp-json\/wp\/v2\/posts\/67591\/revisions"}],"predecessor-version":[{"id":67595,"href":"https:\/\/www.notibras.com\/site\/wp-json\/wp\/v2\/posts\/67591\/revisions\/67595"}],"wp:featuredmedia":[{"embeddable":true,"href":"https:\/\/www.notibras.com\/site\/wp-json\/wp\/v2\/media\/67592"}],"wp:attachment":[{"href":"https:\/\/www.notibras.com\/site\/wp-json\/wp\/v2\/media?parent=67591"}],"wp:term":[{"taxonomy":"category","embeddable":true,"href":"https:\/\/www.notibras.com\/site\/wp-json\/wp\/v2\/categories?post=67591"},{"taxonomy":"post_tag","embeddable":true,"href":"https:\/\/www.notibras.com\/site\/wp-json\/wp\/v2\/tags?post=67591"}],"curies":[{"name":"wp","href":"https:\/\/api.w.org\/{rel}","templated":true}]}}