{"id":67612,"date":"2015-09-14T09:08:08","date_gmt":"2015-09-14T12:08:08","guid":{"rendered":"http:\/\/www.notibras.com\/site\/?p=67612"},"modified":"2015-09-14T09:51:30","modified_gmt":"2015-09-14T12:51:30","slug":"nova-projecao-do-boletim-focus-eleva-taxa-da-inflacao-e-derruba-ainda-mais-o-pib","status":"publish","type":"post","link":"https:\/\/www.notibras.com\/site\/nova-projecao-do-boletim-focus-eleva-taxa-da-inflacao-e-derruba-ainda-mais-o-pib\/","title":{"rendered":"Nova proje\u00e7\u00e3o do Boletim Focus eleva taxa da infla\u00e7\u00e3o, e derruba ainda mais o PIB"},"content":{"rendered":"<p>A proje\u00e7\u00e3o de institui\u00e7\u00f5es financeiras para o encolhimento da economia este ano passou pelo novo ajuste seguido. Desta vez, a estimativa para a queda do Produto Interno Bruto (PIB), soma de todos os bens e servi\u00e7os produzidos no pa\u00eds, passou de 2,44% para 2,55%. A expectativa de retra\u00e7\u00e3o em 2016 tamb\u00e9m foi alterada: de 0,5% para 0,6%, na sexta piora consecutiva.<\/p>\n<p>Essas estimativas s\u00e3o do boletim Focus, uma publica\u00e7\u00e3o semanal elaborada pelo Banco Central (BC), com base em proje\u00e7\u00f5es de institui\u00e7\u00f5es financeiras para os principais indicadores da economia.<\/p>\n<p>Na avalia\u00e7\u00e3o do mercado financeiro, a produ\u00e7\u00e3o industrial deve apresentar retra\u00e7\u00e3o de 6,2%, este ano. Na semana passada, a proje\u00e7\u00e3o de queda era 6%. Em 2016, o setor deve se recuperar, mas a proje\u00e7\u00e3o de crescimento est\u00e1 cada vez menor: passou de 0,72% para 0,5%, no terceiro ajuste seguido.<\/p>\n<p>Na previs\u00e3o das institui\u00e7\u00f5es financeiras, a recess\u00e3o da economia vem acompanhada de infla\u00e7\u00e3o acima da meta, este ano. A meta \u00e9 4,5%, com limite superior de 6,5%. A estimativa das institui\u00e7\u00f5es financeiras para o \u00cdndice Nacional de Pre\u00e7os ao Consumidor Amplo (IPCA), este ano, foi ajustada de 9,29% para 9,28%. Para o pr\u00f3ximo ano, a expectativa \u00e9 que a infla\u00e7\u00e3o fique abaixo do limite superior, mas ainda distante do centro da meta, em 5,64%. Na semana passada, essa proje\u00e7\u00e3o estava em 5,58%. Esse foi o sexto aumento seguido na proje\u00e7\u00e3o para infla\u00e7\u00e3o em 2016.<\/p>\n<p>Para tentar trazer a infla\u00e7\u00e3o para a meta, o BC elevou a taxa b\u00e1sica de juros, a Selic, por sete vezes seguidas. Depois desse ciclo de alta, na reuni\u00e3o do Comit\u00ea de Pol\u00edtica Monet\u00e1ria (Copom), no \u00ednicio do m\u00eas, a Selic foi mantida em 14,25% ao ano.<\/p>\n<p>Para as institui\u00e7\u00f5es financeiras, a Selic deve permanecer em 14,25% ao ano at\u00e9 o fim de 2015 e ser reduzida em 2016. A proje\u00e7\u00e3o mediana (desconsidera os extremos da estimativa) para o fim de 2016 segue em 12% ao ano.<\/p>\n<p>A taxa \u00e9 usada nas negocia\u00e7\u00f5es de t\u00edtulos p\u00fablicos no Sistema Especial de Liquida\u00e7\u00e3o e Cust\u00f3dia (Selic) e serve como refer\u00eancia para as demais taxas de juros da economia. Ao reajust\u00e1-la para cima, o BC cont\u00e9m o excesso de demanda que pressiona os pre\u00e7os, porque os juros mais altos encarecem o cr\u00e9dito e estimulam a poupan\u00e7a. Quando reduz os juros b\u00e1sicos, o Copom barateia o cr\u00e9dito e incentiva a produ\u00e7\u00e3o e o consumo, mas alivia o controle sobre a infla\u00e7\u00e3o.<\/p>\n<p>Ao manter a Selic, o BC indica que ajustes anteriores foram suficientes para produzir os efeitos esperados na economia. O BC costuma dizer que os efeitos de eleva\u00e7\u00e3o da Selic se acumulam e levam tempo para aparecer.<\/p>\n<p>A pesquisa do BC tamb\u00e9m traz a proje\u00e7\u00e3o para a infla\u00e7\u00e3o medida pelo \u00cdndice Geral de Pre\u00e7os \u2013 Disponibilidade Interna (IGP-DI), que subiu de 7,75% para 7,77%, este ano. Para o \u00cdndice Geral de Pre\u00e7os &#8211; Mercado (IGP-M), a estimativa passou de 7,63% para 7,77%, em 2015. A estimativa para o \u00cdndice de Pre\u00e7os ao Consumidor da Funda\u00e7\u00e3o Instituto de Pesquisas Econ\u00f4micas (IPC-Fipe) foi alterada de 9,33% para 9,30%, este ano.<\/p>\n<p>A proje\u00e7\u00e3o para a cota\u00e7\u00e3o do d\u00f3lar, ao final este ano foi ajustada de R$ 3,60 para R$ 3,70. Para o fim de 2016, a proje\u00e7\u00e3o passou de R$ 3,70 para R$ 3,80.<\/p>\n<p><strong>Kelly Oliveira \u2013 ABr<\/strong><\/p>\n","protected":false},"excerpt":{"rendered":"<p>A proje\u00e7\u00e3o de institui\u00e7\u00f5es financeiras para o encolhimento da economia este ano passou pelo novo ajuste seguido. Desta vez, a estimativa para a queda do Produto Interno Bruto (PIB), soma de todos os bens e servi\u00e7os produzidos no pa\u00eds, passou de 2,44% para 2,55%. A expectativa de retra\u00e7\u00e3o em 2016 tamb\u00e9m foi alterada: de 0,5% [&hellip;]<\/p>\n","protected":false},"author":2,"featured_media":0,"comment_status":"open","ping_status":"closed","sticky":false,"template":"","format":"standard","meta":{"_acf_changed":false,"footnotes":""},"categories":[16],"tags":[],"class_list":["post-67612","post","type-post","status-publish","format-standard","hentry","category-brasil"],"acf":[],"yoast_head":"<!-- This site is optimized with the Yoast SEO plugin v27.2 - https:\/\/yoast.com\/product\/yoast-seo-wordpress\/ -->\n<title>Nova proje\u00e7\u00e3o do Boletim Focus eleva taxa da infla\u00e7\u00e3o, e derruba ainda mais o PIB - Notibras<\/title>\n<meta name=\"robots\" content=\"index, follow, max-snippet:-1, max-image-preview:large, max-video-preview:-1\" \/>\n<link rel=\"canonical\" href=\"https:\/\/www.notibras.com\/site\/nova-projecao-do-boletim-focus-eleva-taxa-da-inflacao-e-derruba-ainda-mais-o-pib\/\" \/>\n<meta property=\"og:locale\" content=\"pt_BR\" \/>\n<meta property=\"og:type\" content=\"article\" \/>\n<meta property=\"og:title\" content=\"Nova proje\u00e7\u00e3o do Boletim Focus eleva taxa da infla\u00e7\u00e3o, e derruba ainda mais o PIB - Notibras\" \/>\n<meta property=\"og:description\" content=\"A proje\u00e7\u00e3o de institui\u00e7\u00f5es financeiras para o encolhimento da economia este ano passou pelo novo ajuste seguido. Desta vez, a estimativa para a queda do Produto Interno Bruto (PIB), soma de todos os bens e servi\u00e7os produzidos no pa\u00eds, passou de 2,44% para 2,55%. A expectativa de retra\u00e7\u00e3o em 2016 tamb\u00e9m foi alterada: de 0,5% [&hellip;]\" \/>\n<meta property=\"og:url\" content=\"https:\/\/www.notibras.com\/site\/nova-projecao-do-boletim-focus-eleva-taxa-da-inflacao-e-derruba-ainda-mais-o-pib\/\" \/>\n<meta property=\"og:site_name\" content=\"Notibras\" \/>\n<meta property=\"article:publisher\" content=\"https:\/\/www.facebook.com\/notibras\/\" \/>\n<meta property=\"article:published_time\" content=\"2015-09-14T12:08:08+00:00\" \/>\n<meta property=\"article:modified_time\" content=\"2015-09-14T12:51:30+00:00\" \/>\n<meta property=\"og:image\" content=\"https:\/\/www.notibras.com\/site\/wp-content\/uploads\/2015\/09\/inflacao.jpg\" \/>\n\t<meta property=\"og:image:width\" content=\"600\" \/>\n\t<meta property=\"og:image:height\" content=\"393\" \/>\n\t<meta property=\"og:image:type\" content=\"image\/jpeg\" \/>\n<meta name=\"author\" content=\"Reda\u00e7\u00e3o\" \/>\n<meta name=\"twitter:card\" content=\"summary_large_image\" \/>\n<meta name=\"twitter:creator\" content=\"@Notibras\" \/>\n<meta name=\"twitter:site\" content=\"@Notibras\" \/>\n<meta name=\"twitter:label1\" content=\"Escrito por\" \/>\n\t<meta name=\"twitter:data1\" content=\"Reda\u00e7\u00e3o\" \/>\n\t<meta name=\"twitter:label2\" content=\"Est. tempo de leitura\" \/>\n\t<meta name=\"twitter:data2\" content=\"3 minutos\" \/>\n<script type=\"application\/ld+json\" class=\"yoast-schema-graph\">{\"@context\":\"https:\/\/schema.org\",\"@graph\":[{\"@type\":\"Article\",\"@id\":\"https:\/\/www.notibras.com\/site\/nova-projecao-do-boletim-focus-eleva-taxa-da-inflacao-e-derruba-ainda-mais-o-pib\/#article\",\"isPartOf\":{\"@id\":\"https:\/\/www.notibras.com\/site\/nova-projecao-do-boletim-focus-eleva-taxa-da-inflacao-e-derruba-ainda-mais-o-pib\/\"},\"author\":{\"name\":\"Reda\u00e7\u00e3o\",\"@id\":\"https:\/\/www.notibras.com\/site\/#\/schema\/person\/36ab0979449956132d3e5b517ea76ac8\"},\"headline\":\"Nova proje\u00e7\u00e3o do Boletim Focus eleva taxa da infla\u00e7\u00e3o, e derruba ainda mais o PIB\",\"datePublished\":\"2015-09-14T12:08:08+00:00\",\"dateModified\":\"2015-09-14T12:51:30+00:00\",\"mainEntityOfPage\":{\"@id\":\"https:\/\/www.notibras.com\/site\/nova-projecao-do-boletim-focus-eleva-taxa-da-inflacao-e-derruba-ainda-mais-o-pib\/\"},\"wordCount\":582,\"commentCount\":0,\"publisher\":{\"@id\":\"https:\/\/www.notibras.com\/site\/#organization\"},\"articleSection\":[\"Brasil\"],\"inLanguage\":\"pt-BR\",\"potentialAction\":[{\"@type\":\"CommentAction\",\"name\":\"Comment\",\"target\":[\"https:\/\/www.notibras.com\/site\/nova-projecao-do-boletim-focus-eleva-taxa-da-inflacao-e-derruba-ainda-mais-o-pib\/#respond\"]}]},{\"@type\":\"WebPage\",\"@id\":\"https:\/\/www.notibras.com\/site\/nova-projecao-do-boletim-focus-eleva-taxa-da-inflacao-e-derruba-ainda-mais-o-pib\/\",\"url\":\"https:\/\/www.notibras.com\/site\/nova-projecao-do-boletim-focus-eleva-taxa-da-inflacao-e-derruba-ainda-mais-o-pib\/\",\"name\":\"Nova proje\u00e7\u00e3o do Boletim Focus eleva taxa da infla\u00e7\u00e3o, e derruba ainda mais o PIB - Notibras\",\"isPartOf\":{\"@id\":\"https:\/\/www.notibras.com\/site\/#website\"},\"datePublished\":\"2015-09-14T12:08:08+00:00\",\"dateModified\":\"2015-09-14T12:51:30+00:00\",\"breadcrumb\":{\"@id\":\"https:\/\/www.notibras.com\/site\/nova-projecao-do-boletim-focus-eleva-taxa-da-inflacao-e-derruba-ainda-mais-o-pib\/#breadcrumb\"},\"inLanguage\":\"pt-BR\",\"potentialAction\":[{\"@type\":\"ReadAction\",\"target\":[\"https:\/\/www.notibras.com\/site\/nova-projecao-do-boletim-focus-eleva-taxa-da-inflacao-e-derruba-ainda-mais-o-pib\/\"]}]},{\"@type\":\"BreadcrumbList\",\"@id\":\"https:\/\/www.notibras.com\/site\/nova-projecao-do-boletim-focus-eleva-taxa-da-inflacao-e-derruba-ainda-mais-o-pib\/#breadcrumb\",\"itemListElement\":[{\"@type\":\"ListItem\",\"position\":1,\"name\":\"In\u00edcio\",\"item\":\"https:\/\/www.notibras.com\/site\/\"},{\"@type\":\"ListItem\",\"position\":2,\"name\":\"Nova proje\u00e7\u00e3o do Boletim Focus eleva taxa da infla\u00e7\u00e3o, e derruba ainda mais o PIB\"}]},{\"@type\":\"WebSite\",\"@id\":\"https:\/\/www.notibras.com\/site\/#website\",\"url\":\"https:\/\/www.notibras.com\/site\/\",\"name\":\"Notibras\",\"description\":\"Not\u00edcias de Bras\u00edlia, do Brasil e do Mundo\",\"publisher\":{\"@id\":\"https:\/\/www.notibras.com\/site\/#organization\"},\"potentialAction\":[{\"@type\":\"SearchAction\",\"target\":{\"@type\":\"EntryPoint\",\"urlTemplate\":\"https:\/\/www.notibras.com\/site\/?s={search_term_string}\"},\"query-input\":{\"@type\":\"PropertyValueSpecification\",\"valueRequired\":true,\"valueName\":\"search_term_string\"}}],\"inLanguage\":\"pt-BR\"},{\"@type\":\"Organization\",\"@id\":\"https:\/\/www.notibras.com\/site\/#organization\",\"name\":\"Grupo Notibras de Comunica\u00e7\u00e3o\",\"url\":\"https:\/\/www.notibras.com\/site\/\",\"logo\":{\"@type\":\"ImageObject\",\"inLanguage\":\"pt-BR\",\"@id\":\"https:\/\/www.notibras.com\/site\/#\/schema\/logo\/image\/\",\"url\":\"https:\/\/www.notibras.com\/site\/wp-content\/uploads\/2023\/01\/notibras23.png\",\"contentUrl\":\"https:\/\/www.notibras.com\/site\/wp-content\/uploads\/2023\/01\/notibras23.png\",\"width\":350,\"height\":87,\"caption\":\"Grupo Notibras de Comunica\u00e7\u00e3o\"},\"image\":{\"@id\":\"https:\/\/www.notibras.com\/site\/#\/schema\/logo\/image\/\"},\"sameAs\":[\"https:\/\/www.facebook.com\/notibras\/\",\"https:\/\/x.com\/Notibras\",\"https:\/\/www.instagram.com\/notibras\/\"]},{\"@type\":\"Person\",\"@id\":\"https:\/\/www.notibras.com\/site\/#\/schema\/person\/36ab0979449956132d3e5b517ea76ac8\",\"name\":\"Reda\u00e7\u00e3o\",\"image\":{\"@type\":\"ImageObject\",\"inLanguage\":\"pt-BR\",\"@id\":\"https:\/\/secure.gravatar.com\/avatar\/e0a867bdedb85fd243eadf09663511f96fc81e0720a4a42581f334ad4303aa6b?s=96&d=mm&r=g\",\"url\":\"https:\/\/secure.gravatar.com\/avatar\/e0a867bdedb85fd243eadf09663511f96fc81e0720a4a42581f334ad4303aa6b?s=96&d=mm&r=g\",\"contentUrl\":\"https:\/\/secure.gravatar.com\/avatar\/e0a867bdedb85fd243eadf09663511f96fc81e0720a4a42581f334ad4303aa6b?s=96&d=mm&r=g\",\"caption\":\"Reda\u00e7\u00e3o\"}}]}<\/script>\n<!-- \/ Yoast SEO plugin. -->","yoast_head_json":{"title":"Nova proje\u00e7\u00e3o do Boletim Focus eleva taxa da infla\u00e7\u00e3o, e derruba ainda mais o PIB - Notibras","robots":{"index":"index","follow":"follow","max-snippet":"max-snippet:-1","max-image-preview":"max-image-preview:large","max-video-preview":"max-video-preview:-1"},"canonical":"https:\/\/www.notibras.com\/site\/nova-projecao-do-boletim-focus-eleva-taxa-da-inflacao-e-derruba-ainda-mais-o-pib\/","og_locale":"pt_BR","og_type":"article","og_title":"Nova proje\u00e7\u00e3o do Boletim Focus eleva taxa da infla\u00e7\u00e3o, e derruba ainda mais o PIB - Notibras","og_description":"A proje\u00e7\u00e3o de institui\u00e7\u00f5es financeiras para o encolhimento da economia este ano passou pelo novo ajuste seguido. Desta vez, a estimativa para a queda do Produto Interno Bruto (PIB), soma de todos os bens e servi\u00e7os produzidos no pa\u00eds, passou de 2,44% para 2,55%. A expectativa de retra\u00e7\u00e3o em 2016 tamb\u00e9m foi alterada: de 0,5% [&hellip;]","og_url":"https:\/\/www.notibras.com\/site\/nova-projecao-do-boletim-focus-eleva-taxa-da-inflacao-e-derruba-ainda-mais-o-pib\/","og_site_name":"Notibras","article_publisher":"https:\/\/www.facebook.com\/notibras\/","article_published_time":"2015-09-14T12:08:08+00:00","article_modified_time":"2015-09-14T12:51:30+00:00","og_image":[{"width":600,"height":393,"url":"https:\/\/www.notibras.com\/site\/wp-content\/uploads\/2015\/09\/inflacao.jpg","type":"image\/jpeg"}],"author":"Reda\u00e7\u00e3o","twitter_card":"summary_large_image","twitter_creator":"@Notibras","twitter_site":"@Notibras","twitter_misc":{"Escrito por":"Reda\u00e7\u00e3o","Est. tempo de leitura":"3 minutos"},"schema":{"@context":"https:\/\/schema.org","@graph":[{"@type":"Article","@id":"https:\/\/www.notibras.com\/site\/nova-projecao-do-boletim-focus-eleva-taxa-da-inflacao-e-derruba-ainda-mais-o-pib\/#article","isPartOf":{"@id":"https:\/\/www.notibras.com\/site\/nova-projecao-do-boletim-focus-eleva-taxa-da-inflacao-e-derruba-ainda-mais-o-pib\/"},"author":{"name":"Reda\u00e7\u00e3o","@id":"https:\/\/www.notibras.com\/site\/#\/schema\/person\/36ab0979449956132d3e5b517ea76ac8"},"headline":"Nova proje\u00e7\u00e3o do Boletim Focus eleva taxa da infla\u00e7\u00e3o, e derruba ainda mais o PIB","datePublished":"2015-09-14T12:08:08+00:00","dateModified":"2015-09-14T12:51:30+00:00","mainEntityOfPage":{"@id":"https:\/\/www.notibras.com\/site\/nova-projecao-do-boletim-focus-eleva-taxa-da-inflacao-e-derruba-ainda-mais-o-pib\/"},"wordCount":582,"commentCount":0,"publisher":{"@id":"https:\/\/www.notibras.com\/site\/#organization"},"articleSection":["Brasil"],"inLanguage":"pt-BR","potentialAction":[{"@type":"CommentAction","name":"Comment","target":["https:\/\/www.notibras.com\/site\/nova-projecao-do-boletim-focus-eleva-taxa-da-inflacao-e-derruba-ainda-mais-o-pib\/#respond"]}]},{"@type":"WebPage","@id":"https:\/\/www.notibras.com\/site\/nova-projecao-do-boletim-focus-eleva-taxa-da-inflacao-e-derruba-ainda-mais-o-pib\/","url":"https:\/\/www.notibras.com\/site\/nova-projecao-do-boletim-focus-eleva-taxa-da-inflacao-e-derruba-ainda-mais-o-pib\/","name":"Nova proje\u00e7\u00e3o do Boletim Focus eleva taxa da infla\u00e7\u00e3o, e derruba ainda mais o PIB - Notibras","isPartOf":{"@id":"https:\/\/www.notibras.com\/site\/#website"},"datePublished":"2015-09-14T12:08:08+00:00","dateModified":"2015-09-14T12:51:30+00:00","breadcrumb":{"@id":"https:\/\/www.notibras.com\/site\/nova-projecao-do-boletim-focus-eleva-taxa-da-inflacao-e-derruba-ainda-mais-o-pib\/#breadcrumb"},"inLanguage":"pt-BR","potentialAction":[{"@type":"ReadAction","target":["https:\/\/www.notibras.com\/site\/nova-projecao-do-boletim-focus-eleva-taxa-da-inflacao-e-derruba-ainda-mais-o-pib\/"]}]},{"@type":"BreadcrumbList","@id":"https:\/\/www.notibras.com\/site\/nova-projecao-do-boletim-focus-eleva-taxa-da-inflacao-e-derruba-ainda-mais-o-pib\/#breadcrumb","itemListElement":[{"@type":"ListItem","position":1,"name":"In\u00edcio","item":"https:\/\/www.notibras.com\/site\/"},{"@type":"ListItem","position":2,"name":"Nova proje\u00e7\u00e3o do Boletim Focus eleva taxa da infla\u00e7\u00e3o, e derruba ainda mais o PIB"}]},{"@type":"WebSite","@id":"https:\/\/www.notibras.com\/site\/#website","url":"https:\/\/www.notibras.com\/site\/","name":"Notibras","description":"Not\u00edcias de Bras\u00edlia, do Brasil e do Mundo","publisher":{"@id":"https:\/\/www.notibras.com\/site\/#organization"},"potentialAction":[{"@type":"SearchAction","target":{"@type":"EntryPoint","urlTemplate":"https:\/\/www.notibras.com\/site\/?s={search_term_string}"},"query-input":{"@type":"PropertyValueSpecification","valueRequired":true,"valueName":"search_term_string"}}],"inLanguage":"pt-BR"},{"@type":"Organization","@id":"https:\/\/www.notibras.com\/site\/#organization","name":"Grupo Notibras de Comunica\u00e7\u00e3o","url":"https:\/\/www.notibras.com\/site\/","logo":{"@type":"ImageObject","inLanguage":"pt-BR","@id":"https:\/\/www.notibras.com\/site\/#\/schema\/logo\/image\/","url":"https:\/\/www.notibras.com\/site\/wp-content\/uploads\/2023\/01\/notibras23.png","contentUrl":"https:\/\/www.notibras.com\/site\/wp-content\/uploads\/2023\/01\/notibras23.png","width":350,"height":87,"caption":"Grupo Notibras de Comunica\u00e7\u00e3o"},"image":{"@id":"https:\/\/www.notibras.com\/site\/#\/schema\/logo\/image\/"},"sameAs":["https:\/\/www.facebook.com\/notibras\/","https:\/\/x.com\/Notibras","https:\/\/www.instagram.com\/notibras\/"]},{"@type":"Person","@id":"https:\/\/www.notibras.com\/site\/#\/schema\/person\/36ab0979449956132d3e5b517ea76ac8","name":"Reda\u00e7\u00e3o","image":{"@type":"ImageObject","inLanguage":"pt-BR","@id":"https:\/\/secure.gravatar.com\/avatar\/e0a867bdedb85fd243eadf09663511f96fc81e0720a4a42581f334ad4303aa6b?s=96&d=mm&r=g","url":"https:\/\/secure.gravatar.com\/avatar\/e0a867bdedb85fd243eadf09663511f96fc81e0720a4a42581f334ad4303aa6b?s=96&d=mm&r=g","contentUrl":"https:\/\/secure.gravatar.com\/avatar\/e0a867bdedb85fd243eadf09663511f96fc81e0720a4a42581f334ad4303aa6b?s=96&d=mm&r=g","caption":"Reda\u00e7\u00e3o"}}]}},"amp_enabled":true,"_links":{"self":[{"href":"https:\/\/www.notibras.com\/site\/wp-json\/wp\/v2\/posts\/67612","targetHints":{"allow":["GET"]}}],"collection":[{"href":"https:\/\/www.notibras.com\/site\/wp-json\/wp\/v2\/posts"}],"about":[{"href":"https:\/\/www.notibras.com\/site\/wp-json\/wp\/v2\/types\/post"}],"author":[{"embeddable":true,"href":"https:\/\/www.notibras.com\/site\/wp-json\/wp\/v2\/users\/2"}],"replies":[{"embeddable":true,"href":"https:\/\/www.notibras.com\/site\/wp-json\/wp\/v2\/comments?post=67612"}],"version-history":[{"count":2,"href":"https:\/\/www.notibras.com\/site\/wp-json\/wp\/v2\/posts\/67612\/revisions"}],"predecessor-version":[{"id":67616,"href":"https:\/\/www.notibras.com\/site\/wp-json\/wp\/v2\/posts\/67612\/revisions\/67616"}],"wp:attachment":[{"href":"https:\/\/www.notibras.com\/site\/wp-json\/wp\/v2\/media?parent=67612"}],"wp:term":[{"taxonomy":"category","embeddable":true,"href":"https:\/\/www.notibras.com\/site\/wp-json\/wp\/v2\/categories?post=67612"},{"taxonomy":"post_tag","embeddable":true,"href":"https:\/\/www.notibras.com\/site\/wp-json\/wp\/v2\/tags?post=67612"}],"curies":[{"name":"wp","href":"https:\/\/api.w.org\/{rel}","templated":true}]}}