{"id":67635,"date":"2015-09-14T12:16:05","date_gmt":"2015-09-14T15:16:05","guid":{"rendered":"http:\/\/www.notibras.com\/site\/?p=67635"},"modified":"2015-09-14T18:22:40","modified_gmt":"2015-09-14T21:22:40","slug":"juro-do-cartao-de-credito-rompe-todas-as-barreiras-e-vai-a-350","status":"publish","type":"post","link":"https:\/\/www.notibras.com\/site\/juro-do-cartao-de-credito-rompe-todas-as-barreiras-e-vai-a-350\/","title":{"rendered":"Juro do cart\u00e3o de cr\u00e9dito rompe todas as barreiras e chega a incr\u00edvel marca de 350%"},"content":{"rendered":"<p>A taxa m\u00e9dia de juros do cart\u00e3o de cr\u00e9dito chegou a 350,79% ao ano, segundo levantamento da Associa\u00e7\u00e3o Nacional dos Executivos de Finan\u00e7as, Administra\u00e7\u00e3o e Contabilidade (Anefac) divulgado hoje (14). Ao m\u00eas, a taxa do cart\u00e3o est\u00e1 em 13,37%, aumento de 0,34 ponto percentual em rela\u00e7\u00e3o a julho.<\/p>\n<p>No cheque especial, a taxa m\u00e9dia ficou em 218,17% ao ano (10,14% ao m\u00eas), com eleva\u00e7\u00e3o de 0,04 ponto percentual na compara\u00e7\u00e3o com julho. A taxa m\u00e9dia geral de juros para pessoa f\u00edsica teve um aumento de 0,08 ponto percentual entre julho e agosto, chegando a 128,78% ao ano \u2013 7,14% ao m\u00eas. Al\u00e9m do cart\u00e3o de cr\u00e9dito e cheque especial, a pesquisa leva em considera\u00e7\u00e3o o cr\u00e9dito para autom\u00f3veis, o financiamento pessoal em bancos, o cr\u00e9dito em financeiras e os juros do com\u00e9rcio.<\/p>\n<p>Para pessoa jur\u00eddica, a taxa m\u00e9dia geral de juros subiu 0,03 ponto percentual e ficou em 61,77% em agosto \u2013 (4,09% ao m\u00eas). S\u00e3o consideradas as taxas para cheque especial, desconto de duplicatas e cr\u00e9dito para capital de giro. A maior deles \u00e9 do cheque especial, 6,99% ao m\u00eas.<\/p>\n<p>A Anefac atribuiu o aumento dos juros ao cen\u00e1rio econ\u00f4mico inst\u00e1vel, que aumenta o risco de inadimpl\u00eancia. \u201cEste cen\u00e1rio se baseia no fato dos \u00edndices de infla\u00e7\u00e3o mais elevados, aumento de impostos e juros maiores reduzirem a renda das fam\u00edlias. Agregado a isto o baixo crescimento econ\u00f4mico, o que deve promover no crescimento dos \u00edndices de desemprego\u201d, ressalta a nota da entidade.<\/p>\n<p>A associa\u00e7\u00e3o lembra ainda que a eleva\u00e7\u00e3o da Contribui\u00e7\u00e3o Social sobre o lucro l\u00edquido (CSLL) para os bancos deve compor novos aumentos nos juros. A medida que aumenta o tributo de 15% para 20% entrou em vigor no in\u00edcio de setembro.<\/p>\n<p><strong>Daniel Mello, ABr<\/strong><\/p>\n","protected":false},"excerpt":{"rendered":"<p>A taxa m\u00e9dia de juros do cart\u00e3o de cr\u00e9dito chegou a 350,79% ao ano, segundo levantamento da Associa\u00e7\u00e3o Nacional dos Executivos de Finan\u00e7as, Administra\u00e7\u00e3o e Contabilidade (Anefac) divulgado hoje (14). Ao m\u00eas, a taxa do cart\u00e3o est\u00e1 em 13,37%, aumento de 0,34 ponto percentual em rela\u00e7\u00e3o a julho. No cheque especial, a taxa m\u00e9dia ficou [&hellip;]<\/p>\n","protected":false},"author":2,"featured_media":67636,"comment_status":"open","ping_status":"closed","sticky":false,"template":"","format":"standard","meta":{"_acf_changed":false,"footnotes":""},"categories":[16],"tags":[],"class_list":["post-67635","post","type-post","status-publish","format-standard","has-post-thumbnail","hentry","category-brasil"],"acf":[],"yoast_head":"<!-- This site is optimized with the Yoast SEO plugin v27.2 - https:\/\/yoast.com\/product\/yoast-seo-wordpress\/ -->\n<title>Juro do cart\u00e3o de cr\u00e9dito rompe todas as barreiras e chega a incr\u00edvel marca de 350% - Notibras<\/title>\n<meta name=\"robots\" content=\"index, follow, max-snippet:-1, max-image-preview:large, max-video-preview:-1\" \/>\n<link rel=\"canonical\" href=\"https:\/\/www.notibras.com\/site\/juro-do-cartao-de-credito-rompe-todas-as-barreiras-e-vai-a-350\/\" \/>\n<meta property=\"og:locale\" content=\"pt_BR\" \/>\n<meta property=\"og:type\" content=\"article\" \/>\n<meta property=\"og:title\" content=\"Juro do cart\u00e3o de cr\u00e9dito rompe todas as barreiras e chega a incr\u00edvel marca de 350% - Notibras\" \/>\n<meta property=\"og:description\" content=\"A taxa m\u00e9dia de juros do cart\u00e3o de cr\u00e9dito chegou a 350,79% ao ano, segundo levantamento da Associa\u00e7\u00e3o Nacional dos Executivos de Finan\u00e7as, Administra\u00e7\u00e3o e Contabilidade (Anefac) divulgado hoje (14). Ao m\u00eas, a taxa do cart\u00e3o est\u00e1 em 13,37%, aumento de 0,34 ponto percentual em rela\u00e7\u00e3o a julho. No cheque especial, a taxa m\u00e9dia ficou [&hellip;]\" \/>\n<meta property=\"og:url\" content=\"https:\/\/www.notibras.com\/site\/juro-do-cartao-de-credito-rompe-todas-as-barreiras-e-vai-a-350\/\" \/>\n<meta property=\"og:site_name\" content=\"Notibras\" \/>\n<meta property=\"article:publisher\" content=\"https:\/\/www.facebook.com\/notibras\/\" \/>\n<meta property=\"article:published_time\" content=\"2015-09-14T15:16:05+00:00\" \/>\n<meta property=\"article:modified_time\" content=\"2015-09-14T21:22:40+00:00\" \/>\n<meta property=\"og:image\" content=\"https:\/\/www.notibras.com\/site\/wp-content\/uploads\/2015\/09\/13-01-2015_08_23_15.jpg\" \/>\n\t<meta property=\"og:image:width\" content=\"625\" \/>\n\t<meta property=\"og:image:height\" content=\"469\" \/>\n\t<meta property=\"og:image:type\" content=\"image\/jpeg\" \/>\n<meta name=\"author\" content=\"Reda\u00e7\u00e3o\" \/>\n<meta name=\"twitter:card\" content=\"summary_large_image\" \/>\n<meta name=\"twitter:creator\" content=\"@Notibras\" \/>\n<meta name=\"twitter:site\" content=\"@Notibras\" \/>\n<meta name=\"twitter:label1\" content=\"Escrito por\" \/>\n\t<meta name=\"twitter:data1\" content=\"Reda\u00e7\u00e3o\" \/>\n\t<meta name=\"twitter:label2\" content=\"Est. tempo de leitura\" \/>\n\t<meta name=\"twitter:data2\" content=\"2 minutos\" \/>\n<script type=\"application\/ld+json\" class=\"yoast-schema-graph\">{\"@context\":\"https:\/\/schema.org\",\"@graph\":[{\"@type\":\"Article\",\"@id\":\"https:\/\/www.notibras.com\/site\/juro-do-cartao-de-credito-rompe-todas-as-barreiras-e-vai-a-350\/#article\",\"isPartOf\":{\"@id\":\"https:\/\/www.notibras.com\/site\/juro-do-cartao-de-credito-rompe-todas-as-barreiras-e-vai-a-350\/\"},\"author\":{\"name\":\"Reda\u00e7\u00e3o\",\"@id\":\"https:\/\/www.notibras.com\/site\/#\/schema\/person\/36ab0979449956132d3e5b517ea76ac8\"},\"headline\":\"Juro do cart\u00e3o de cr\u00e9dito rompe todas as barreiras e chega a incr\u00edvel marca de 350%\",\"datePublished\":\"2015-09-14T15:16:05+00:00\",\"dateModified\":\"2015-09-14T21:22:40+00:00\",\"mainEntityOfPage\":{\"@id\":\"https:\/\/www.notibras.com\/site\/juro-do-cartao-de-credito-rompe-todas-as-barreiras-e-vai-a-350\/\"},\"wordCount\":329,\"commentCount\":0,\"publisher\":{\"@id\":\"https:\/\/www.notibras.com\/site\/#organization\"},\"image\":{\"@id\":\"https:\/\/www.notibras.com\/site\/juro-do-cartao-de-credito-rompe-todas-as-barreiras-e-vai-a-350\/#primaryimage\"},\"thumbnailUrl\":\"https:\/\/www.notibras.com\/site\/wp-content\/uploads\/2015\/09\/13-01-2015_08_23_15.jpg\",\"articleSection\":[\"Brasil\"],\"inLanguage\":\"pt-BR\",\"potentialAction\":[{\"@type\":\"CommentAction\",\"name\":\"Comment\",\"target\":[\"https:\/\/www.notibras.com\/site\/juro-do-cartao-de-credito-rompe-todas-as-barreiras-e-vai-a-350\/#respond\"]}]},{\"@type\":\"WebPage\",\"@id\":\"https:\/\/www.notibras.com\/site\/juro-do-cartao-de-credito-rompe-todas-as-barreiras-e-vai-a-350\/\",\"url\":\"https:\/\/www.notibras.com\/site\/juro-do-cartao-de-credito-rompe-todas-as-barreiras-e-vai-a-350\/\",\"name\":\"Juro do cart\u00e3o de cr\u00e9dito rompe todas as barreiras e chega a incr\u00edvel marca de 350% - Notibras\",\"isPartOf\":{\"@id\":\"https:\/\/www.notibras.com\/site\/#website\"},\"primaryImageOfPage\":{\"@id\":\"https:\/\/www.notibras.com\/site\/juro-do-cartao-de-credito-rompe-todas-as-barreiras-e-vai-a-350\/#primaryimage\"},\"image\":{\"@id\":\"https:\/\/www.notibras.com\/site\/juro-do-cartao-de-credito-rompe-todas-as-barreiras-e-vai-a-350\/#primaryimage\"},\"thumbnailUrl\":\"https:\/\/www.notibras.com\/site\/wp-content\/uploads\/2015\/09\/13-01-2015_08_23_15.jpg\",\"datePublished\":\"2015-09-14T15:16:05+00:00\",\"dateModified\":\"2015-09-14T21:22:40+00:00\",\"breadcrumb\":{\"@id\":\"https:\/\/www.notibras.com\/site\/juro-do-cartao-de-credito-rompe-todas-as-barreiras-e-vai-a-350\/#breadcrumb\"},\"inLanguage\":\"pt-BR\",\"potentialAction\":[{\"@type\":\"ReadAction\",\"target\":[\"https:\/\/www.notibras.com\/site\/juro-do-cartao-de-credito-rompe-todas-as-barreiras-e-vai-a-350\/\"]}]},{\"@type\":\"ImageObject\",\"inLanguage\":\"pt-BR\",\"@id\":\"https:\/\/www.notibras.com\/site\/juro-do-cartao-de-credito-rompe-todas-as-barreiras-e-vai-a-350\/#primaryimage\",\"url\":\"https:\/\/www.notibras.com\/site\/wp-content\/uploads\/2015\/09\/13-01-2015_08_23_15.jpg\",\"contentUrl\":\"https:\/\/www.notibras.com\/site\/wp-content\/uploads\/2015\/09\/13-01-2015_08_23_15.jpg\",\"width\":625,\"height\":469},{\"@type\":\"BreadcrumbList\",\"@id\":\"https:\/\/www.notibras.com\/site\/juro-do-cartao-de-credito-rompe-todas-as-barreiras-e-vai-a-350\/#breadcrumb\",\"itemListElement\":[{\"@type\":\"ListItem\",\"position\":1,\"name\":\"In\u00edcio\",\"item\":\"https:\/\/www.notibras.com\/site\/\"},{\"@type\":\"ListItem\",\"position\":2,\"name\":\"Juro do cart\u00e3o de cr\u00e9dito rompe todas as barreiras e chega a incr\u00edvel marca de 350%\"}]},{\"@type\":\"WebSite\",\"@id\":\"https:\/\/www.notibras.com\/site\/#website\",\"url\":\"https:\/\/www.notibras.com\/site\/\",\"name\":\"Notibras\",\"description\":\"Not\u00edcias de Bras\u00edlia, do Brasil e do Mundo\",\"publisher\":{\"@id\":\"https:\/\/www.notibras.com\/site\/#organization\"},\"potentialAction\":[{\"@type\":\"SearchAction\",\"target\":{\"@type\":\"EntryPoint\",\"urlTemplate\":\"https:\/\/www.notibras.com\/site\/?s={search_term_string}\"},\"query-input\":{\"@type\":\"PropertyValueSpecification\",\"valueRequired\":true,\"valueName\":\"search_term_string\"}}],\"inLanguage\":\"pt-BR\"},{\"@type\":\"Organization\",\"@id\":\"https:\/\/www.notibras.com\/site\/#organization\",\"name\":\"Grupo Notibras de Comunica\u00e7\u00e3o\",\"url\":\"https:\/\/www.notibras.com\/site\/\",\"logo\":{\"@type\":\"ImageObject\",\"inLanguage\":\"pt-BR\",\"@id\":\"https:\/\/www.notibras.com\/site\/#\/schema\/logo\/image\/\",\"url\":\"https:\/\/www.notibras.com\/site\/wp-content\/uploads\/2023\/01\/notibras23.png\",\"contentUrl\":\"https:\/\/www.notibras.com\/site\/wp-content\/uploads\/2023\/01\/notibras23.png\",\"width\":350,\"height\":87,\"caption\":\"Grupo Notibras de Comunica\u00e7\u00e3o\"},\"image\":{\"@id\":\"https:\/\/www.notibras.com\/site\/#\/schema\/logo\/image\/\"},\"sameAs\":[\"https:\/\/www.facebook.com\/notibras\/\",\"https:\/\/x.com\/Notibras\",\"https:\/\/www.instagram.com\/notibras\/\"]},{\"@type\":\"Person\",\"@id\":\"https:\/\/www.notibras.com\/site\/#\/schema\/person\/36ab0979449956132d3e5b517ea76ac8\",\"name\":\"Reda\u00e7\u00e3o\",\"image\":{\"@type\":\"ImageObject\",\"inLanguage\":\"pt-BR\",\"@id\":\"https:\/\/secure.gravatar.com\/avatar\/e0a867bdedb85fd243eadf09663511f96fc81e0720a4a42581f334ad4303aa6b?s=96&d=mm&r=g\",\"url\":\"https:\/\/secure.gravatar.com\/avatar\/e0a867bdedb85fd243eadf09663511f96fc81e0720a4a42581f334ad4303aa6b?s=96&d=mm&r=g\",\"contentUrl\":\"https:\/\/secure.gravatar.com\/avatar\/e0a867bdedb85fd243eadf09663511f96fc81e0720a4a42581f334ad4303aa6b?s=96&d=mm&r=g\",\"caption\":\"Reda\u00e7\u00e3o\"}}]}<\/script>\n<!-- \/ Yoast SEO plugin. -->","yoast_head_json":{"title":"Juro do cart\u00e3o de cr\u00e9dito rompe todas as barreiras e chega a incr\u00edvel marca de 350% - Notibras","robots":{"index":"index","follow":"follow","max-snippet":"max-snippet:-1","max-image-preview":"max-image-preview:large","max-video-preview":"max-video-preview:-1"},"canonical":"https:\/\/www.notibras.com\/site\/juro-do-cartao-de-credito-rompe-todas-as-barreiras-e-vai-a-350\/","og_locale":"pt_BR","og_type":"article","og_title":"Juro do cart\u00e3o de cr\u00e9dito rompe todas as barreiras e chega a incr\u00edvel marca de 350% - Notibras","og_description":"A taxa m\u00e9dia de juros do cart\u00e3o de cr\u00e9dito chegou a 350,79% ao ano, segundo levantamento da Associa\u00e7\u00e3o Nacional dos Executivos de Finan\u00e7as, Administra\u00e7\u00e3o e Contabilidade (Anefac) divulgado hoje (14). Ao m\u00eas, a taxa do cart\u00e3o est\u00e1 em 13,37%, aumento de 0,34 ponto percentual em rela\u00e7\u00e3o a julho. No cheque especial, a taxa m\u00e9dia ficou [&hellip;]","og_url":"https:\/\/www.notibras.com\/site\/juro-do-cartao-de-credito-rompe-todas-as-barreiras-e-vai-a-350\/","og_site_name":"Notibras","article_publisher":"https:\/\/www.facebook.com\/notibras\/","article_published_time":"2015-09-14T15:16:05+00:00","article_modified_time":"2015-09-14T21:22:40+00:00","og_image":[{"width":625,"height":469,"url":"https:\/\/www.notibras.com\/site\/wp-content\/uploads\/2015\/09\/13-01-2015_08_23_15.jpg","type":"image\/jpeg"}],"author":"Reda\u00e7\u00e3o","twitter_card":"summary_large_image","twitter_creator":"@Notibras","twitter_site":"@Notibras","twitter_misc":{"Escrito por":"Reda\u00e7\u00e3o","Est. tempo de leitura":"2 minutos"},"schema":{"@context":"https:\/\/schema.org","@graph":[{"@type":"Article","@id":"https:\/\/www.notibras.com\/site\/juro-do-cartao-de-credito-rompe-todas-as-barreiras-e-vai-a-350\/#article","isPartOf":{"@id":"https:\/\/www.notibras.com\/site\/juro-do-cartao-de-credito-rompe-todas-as-barreiras-e-vai-a-350\/"},"author":{"name":"Reda\u00e7\u00e3o","@id":"https:\/\/www.notibras.com\/site\/#\/schema\/person\/36ab0979449956132d3e5b517ea76ac8"},"headline":"Juro do cart\u00e3o de cr\u00e9dito rompe todas as barreiras e chega a incr\u00edvel marca de 350%","datePublished":"2015-09-14T15:16:05+00:00","dateModified":"2015-09-14T21:22:40+00:00","mainEntityOfPage":{"@id":"https:\/\/www.notibras.com\/site\/juro-do-cartao-de-credito-rompe-todas-as-barreiras-e-vai-a-350\/"},"wordCount":329,"commentCount":0,"publisher":{"@id":"https:\/\/www.notibras.com\/site\/#organization"},"image":{"@id":"https:\/\/www.notibras.com\/site\/juro-do-cartao-de-credito-rompe-todas-as-barreiras-e-vai-a-350\/#primaryimage"},"thumbnailUrl":"https:\/\/www.notibras.com\/site\/wp-content\/uploads\/2015\/09\/13-01-2015_08_23_15.jpg","articleSection":["Brasil"],"inLanguage":"pt-BR","potentialAction":[{"@type":"CommentAction","name":"Comment","target":["https:\/\/www.notibras.com\/site\/juro-do-cartao-de-credito-rompe-todas-as-barreiras-e-vai-a-350\/#respond"]}]},{"@type":"WebPage","@id":"https:\/\/www.notibras.com\/site\/juro-do-cartao-de-credito-rompe-todas-as-barreiras-e-vai-a-350\/","url":"https:\/\/www.notibras.com\/site\/juro-do-cartao-de-credito-rompe-todas-as-barreiras-e-vai-a-350\/","name":"Juro do cart\u00e3o de cr\u00e9dito rompe todas as barreiras e chega a incr\u00edvel marca de 350% - Notibras","isPartOf":{"@id":"https:\/\/www.notibras.com\/site\/#website"},"primaryImageOfPage":{"@id":"https:\/\/www.notibras.com\/site\/juro-do-cartao-de-credito-rompe-todas-as-barreiras-e-vai-a-350\/#primaryimage"},"image":{"@id":"https:\/\/www.notibras.com\/site\/juro-do-cartao-de-credito-rompe-todas-as-barreiras-e-vai-a-350\/#primaryimage"},"thumbnailUrl":"https:\/\/www.notibras.com\/site\/wp-content\/uploads\/2015\/09\/13-01-2015_08_23_15.jpg","datePublished":"2015-09-14T15:16:05+00:00","dateModified":"2015-09-14T21:22:40+00:00","breadcrumb":{"@id":"https:\/\/www.notibras.com\/site\/juro-do-cartao-de-credito-rompe-todas-as-barreiras-e-vai-a-350\/#breadcrumb"},"inLanguage":"pt-BR","potentialAction":[{"@type":"ReadAction","target":["https:\/\/www.notibras.com\/site\/juro-do-cartao-de-credito-rompe-todas-as-barreiras-e-vai-a-350\/"]}]},{"@type":"ImageObject","inLanguage":"pt-BR","@id":"https:\/\/www.notibras.com\/site\/juro-do-cartao-de-credito-rompe-todas-as-barreiras-e-vai-a-350\/#primaryimage","url":"https:\/\/www.notibras.com\/site\/wp-content\/uploads\/2015\/09\/13-01-2015_08_23_15.jpg","contentUrl":"https:\/\/www.notibras.com\/site\/wp-content\/uploads\/2015\/09\/13-01-2015_08_23_15.jpg","width":625,"height":469},{"@type":"BreadcrumbList","@id":"https:\/\/www.notibras.com\/site\/juro-do-cartao-de-credito-rompe-todas-as-barreiras-e-vai-a-350\/#breadcrumb","itemListElement":[{"@type":"ListItem","position":1,"name":"In\u00edcio","item":"https:\/\/www.notibras.com\/site\/"},{"@type":"ListItem","position":2,"name":"Juro do cart\u00e3o de cr\u00e9dito rompe todas as barreiras e chega a incr\u00edvel marca de 350%"}]},{"@type":"WebSite","@id":"https:\/\/www.notibras.com\/site\/#website","url":"https:\/\/www.notibras.com\/site\/","name":"Notibras","description":"Not\u00edcias de Bras\u00edlia, do Brasil e do Mundo","publisher":{"@id":"https:\/\/www.notibras.com\/site\/#organization"},"potentialAction":[{"@type":"SearchAction","target":{"@type":"EntryPoint","urlTemplate":"https:\/\/www.notibras.com\/site\/?s={search_term_string}"},"query-input":{"@type":"PropertyValueSpecification","valueRequired":true,"valueName":"search_term_string"}}],"inLanguage":"pt-BR"},{"@type":"Organization","@id":"https:\/\/www.notibras.com\/site\/#organization","name":"Grupo Notibras de Comunica\u00e7\u00e3o","url":"https:\/\/www.notibras.com\/site\/","logo":{"@type":"ImageObject","inLanguage":"pt-BR","@id":"https:\/\/www.notibras.com\/site\/#\/schema\/logo\/image\/","url":"https:\/\/www.notibras.com\/site\/wp-content\/uploads\/2023\/01\/notibras23.png","contentUrl":"https:\/\/www.notibras.com\/site\/wp-content\/uploads\/2023\/01\/notibras23.png","width":350,"height":87,"caption":"Grupo Notibras de Comunica\u00e7\u00e3o"},"image":{"@id":"https:\/\/www.notibras.com\/site\/#\/schema\/logo\/image\/"},"sameAs":["https:\/\/www.facebook.com\/notibras\/","https:\/\/x.com\/Notibras","https:\/\/www.instagram.com\/notibras\/"]},{"@type":"Person","@id":"https:\/\/www.notibras.com\/site\/#\/schema\/person\/36ab0979449956132d3e5b517ea76ac8","name":"Reda\u00e7\u00e3o","image":{"@type":"ImageObject","inLanguage":"pt-BR","@id":"https:\/\/secure.gravatar.com\/avatar\/e0a867bdedb85fd243eadf09663511f96fc81e0720a4a42581f334ad4303aa6b?s=96&d=mm&r=g","url":"https:\/\/secure.gravatar.com\/avatar\/e0a867bdedb85fd243eadf09663511f96fc81e0720a4a42581f334ad4303aa6b?s=96&d=mm&r=g","contentUrl":"https:\/\/secure.gravatar.com\/avatar\/e0a867bdedb85fd243eadf09663511f96fc81e0720a4a42581f334ad4303aa6b?s=96&d=mm&r=g","caption":"Reda\u00e7\u00e3o"}}]}},"amp_enabled":true,"_links":{"self":[{"href":"https:\/\/www.notibras.com\/site\/wp-json\/wp\/v2\/posts\/67635","targetHints":{"allow":["GET"]}}],"collection":[{"href":"https:\/\/www.notibras.com\/site\/wp-json\/wp\/v2\/posts"}],"about":[{"href":"https:\/\/www.notibras.com\/site\/wp-json\/wp\/v2\/types\/post"}],"author":[{"embeddable":true,"href":"https:\/\/www.notibras.com\/site\/wp-json\/wp\/v2\/users\/2"}],"replies":[{"embeddable":true,"href":"https:\/\/www.notibras.com\/site\/wp-json\/wp\/v2\/comments?post=67635"}],"version-history":[{"count":1,"href":"https:\/\/www.notibras.com\/site\/wp-json\/wp\/v2\/posts\/67635\/revisions"}],"predecessor-version":[{"id":67637,"href":"https:\/\/www.notibras.com\/site\/wp-json\/wp\/v2\/posts\/67635\/revisions\/67637"}],"wp:featuredmedia":[{"embeddable":true,"href":"https:\/\/www.notibras.com\/site\/wp-json\/wp\/v2\/media\/67636"}],"wp:attachment":[{"href":"https:\/\/www.notibras.com\/site\/wp-json\/wp\/v2\/media?parent=67635"}],"wp:term":[{"taxonomy":"category","embeddable":true,"href":"https:\/\/www.notibras.com\/site\/wp-json\/wp\/v2\/categories?post=67635"},{"taxonomy":"post_tag","embeddable":true,"href":"https:\/\/www.notibras.com\/site\/wp-json\/wp\/v2\/tags?post=67635"}],"curies":[{"name":"wp","href":"https:\/\/api.w.org\/{rel}","templated":true}]}}