{"id":67695,"date":"2015-09-14T16:57:37","date_gmt":"2015-09-14T19:57:37","guid":{"rendered":"http:\/\/www.notibras.com\/site\/?p=67695"},"modified":"2015-09-14T19:01:32","modified_gmt":"2015-09-14T22:01:32","slug":"gilmar-mendes-aponta-crise-de-legitimidade-e-credibilidade-como-mal-maior-do-governo","status":"publish","type":"post","link":"https:\/\/www.notibras.com\/site\/gilmar-mendes-aponta-crise-de-legitimidade-e-credibilidade-como-mal-maior-do-governo\/","title":{"rendered":"Gilmar Mendes v\u00ea crise de legitimidade e credibilidade como mal maior do governo"},"content":{"rendered":"<p>O ministro do Supremo Tribunal Federal (STF) Gilmar Mendes afirmou nesta segunda-feira (14) que o Brasil passa por \u201ccrise de legitimidade\u201d e de \u201ccredibilidade\u201d e que n\u00e3o se pode pedir \u201csacrif\u00edcios\u201d. Para o ministro, \u00e9 preciso que haja habilidade dos pol\u00edticos para que o pa\u00eds saia da crise por meio de \u201cengenharia institucional\u201d.<\/p>\n<p>Nas \u00faltimas semanas, o governo tem discutido medidas para aumentar a arrecada\u00e7\u00e3o, como a cria\u00e7\u00e3o de um imposto nos moldes da CPMF [Contribui\u00e7\u00e3o Provis\u00f3ria sobre Movimenta\u00e7\u00e3o Financeira] ou a amplia\u00e7\u00e3o das taxas da Cide [Contribui\u00e7\u00e3o de Interven\u00e7\u00e3o no Dom\u00ednio Econ\u00f4mico] para a gasolina. As propostas receberam forte repercuss\u00e3o negativa devido ao eventual crescimento de contribui\u00e7\u00f5es.<\/p>\n<p>\u201cEu estou falando que h\u00e1 uma crise de legitimidade. Quando voc\u00ea tem uma crise de legitimidade, quem prop\u00f5e, quando voc\u00ea tem uma crise de credibilidade, ele n\u00e3o pode pedir sacrif\u00edcio. Ele n\u00e3o tem condi\u00e7\u00f5es de pedir sacrif\u00edcios. Como voc\u00ea pode pedir sacrif\u00edcios quando as pessoas acham que houve gastos excessivos demasiados e sem controle?\u201d, afirmou.<\/p>\n<p>Para Gilmar, a perda de legitimidade tem rela\u00e7\u00e3o com as pr\u00e1ticas de corrup\u00e7\u00e3o. \u201cQuando as pessoas acham que h\u00e1 uma pr\u00e1tica sist\u00eamica de corrup\u00e7\u00e3o, ent\u00e3o h\u00e1 uma crise de legitimidade \u2013 esse \u00e9 o debate que n\u00f3s estamos tendo\u201d, explicou.<\/p>\n<p>O ministro do Supremo falou em semin\u00e1rio que ocorreu no pr\u00e9dio da Ordem dos Advogados do Brasil, em S\u00e3o Paulo, organizado por parceria entre a OAB, a Funda\u00e7\u00e3o Padre Anchieta, a Assembleia Legislativa de S\u00e3o Paulo e o Instituto de Estudos Avan\u00e7ados da Universidade de S\u00e3o Paulo (USP).<\/p>\n<p>Gilmar Mendes comentou, ainda, que espera que a sa\u00edda do pa\u00eds para crise se d\u00ea via &#8220;institucional&#8221;. Nos \u00faltimos meses, manifesta\u00e7\u00f5es em v\u00e1rias cidades do Brasil t\u00eam reivindicado a sa\u00edda da presidente Dilma Rousseff do poder. Em alguns casos, foi pedido, inclusive, o retorno dos militares ao poder.<\/p>\n<p>&#8220;O Brasil passou por v\u00e1rios momentos dif\u00edceis, e sempre atravessou via uma engenharia institucional: a habilidade dos seus pol\u00edticos. Eu espero que n\u00f3s tenhamos esta habilidade&#8221;, completou Gilmar.<\/p>\n","protected":false},"excerpt":{"rendered":"<p>O ministro do Supremo Tribunal Federal (STF) Gilmar Mendes afirmou nesta segunda-feira (14) que o Brasil passa por \u201ccrise de legitimidade\u201d e de \u201ccredibilidade\u201d e que n\u00e3o se pode pedir \u201csacrif\u00edcios\u201d. Para o ministro, \u00e9 preciso que haja habilidade dos pol\u00edticos para que o pa\u00eds saia da crise por meio de \u201cengenharia institucional\u201d. Nas \u00faltimas [&hellip;]<\/p>\n","protected":false},"author":2,"featured_media":67696,"comment_status":"open","ping_status":"closed","sticky":false,"template":"","format":"standard","meta":{"_acf_changed":false,"footnotes":""},"categories":[16],"tags":[],"class_list":["post-67695","post","type-post","status-publish","format-standard","has-post-thumbnail","hentry","category-brasil"],"acf":[],"yoast_head":"<!-- This site is optimized with the Yoast SEO plugin v27.2 - https:\/\/yoast.com\/product\/yoast-seo-wordpress\/ -->\n<title>Gilmar Mendes v\u00ea crise de legitimidade e credibilidade como mal maior do governo - Notibras<\/title>\n<meta name=\"robots\" content=\"index, follow, max-snippet:-1, max-image-preview:large, max-video-preview:-1\" \/>\n<link rel=\"canonical\" href=\"https:\/\/www.notibras.com\/site\/gilmar-mendes-aponta-crise-de-legitimidade-e-credibilidade-como-mal-maior-do-governo\/\" \/>\n<meta property=\"og:locale\" content=\"pt_BR\" \/>\n<meta property=\"og:type\" content=\"article\" \/>\n<meta property=\"og:title\" content=\"Gilmar Mendes v\u00ea crise de legitimidade e credibilidade como mal maior do governo - Notibras\" \/>\n<meta property=\"og:description\" content=\"O ministro do Supremo Tribunal Federal (STF) Gilmar Mendes afirmou nesta segunda-feira (14) que o Brasil passa por \u201ccrise de legitimidade\u201d e de \u201ccredibilidade\u201d e que n\u00e3o se pode pedir \u201csacrif\u00edcios\u201d. Para o ministro, \u00e9 preciso que haja habilidade dos pol\u00edticos para que o pa\u00eds saia da crise por meio de \u201cengenharia institucional\u201d. Nas \u00faltimas [&hellip;]\" \/>\n<meta property=\"og:url\" content=\"https:\/\/www.notibras.com\/site\/gilmar-mendes-aponta-crise-de-legitimidade-e-credibilidade-como-mal-maior-do-governo\/\" \/>\n<meta property=\"og:site_name\" content=\"Notibras\" \/>\n<meta property=\"article:publisher\" content=\"https:\/\/www.facebook.com\/notibras\/\" \/>\n<meta property=\"article:published_time\" content=\"2015-09-14T19:57:37+00:00\" \/>\n<meta property=\"article:modified_time\" content=\"2015-09-14T22:01:32+00:00\" \/>\n<meta property=\"og:image\" content=\"https:\/\/www.notibras.com\/site\/wp-content\/uploads\/2015\/09\/gm14.jpg\" \/>\n\t<meta property=\"og:image:width\" content=\"1000\" \/>\n\t<meta property=\"og:image:height\" content=\"699\" \/>\n\t<meta property=\"og:image:type\" content=\"image\/jpeg\" \/>\n<meta name=\"author\" content=\"Reda\u00e7\u00e3o\" \/>\n<meta name=\"twitter:card\" content=\"summary_large_image\" \/>\n<meta name=\"twitter:creator\" content=\"@Notibras\" \/>\n<meta name=\"twitter:site\" content=\"@Notibras\" \/>\n<meta name=\"twitter:label1\" content=\"Escrito por\" \/>\n\t<meta name=\"twitter:data1\" content=\"Reda\u00e7\u00e3o\" \/>\n\t<meta name=\"twitter:label2\" content=\"Est. tempo de leitura\" \/>\n\t<meta name=\"twitter:data2\" content=\"2 minutos\" \/>\n<script type=\"application\/ld+json\" class=\"yoast-schema-graph\">{\"@context\":\"https:\/\/schema.org\",\"@graph\":[{\"@type\":\"Article\",\"@id\":\"https:\/\/www.notibras.com\/site\/gilmar-mendes-aponta-crise-de-legitimidade-e-credibilidade-como-mal-maior-do-governo\/#article\",\"isPartOf\":{\"@id\":\"https:\/\/www.notibras.com\/site\/gilmar-mendes-aponta-crise-de-legitimidade-e-credibilidade-como-mal-maior-do-governo\/\"},\"author\":{\"name\":\"Reda\u00e7\u00e3o\",\"@id\":\"https:\/\/www.notibras.com\/site\/#\/schema\/person\/36ab0979449956132d3e5b517ea76ac8\"},\"headline\":\"Gilmar Mendes v\u00ea crise de legitimidade e credibilidade como mal maior do governo\",\"datePublished\":\"2015-09-14T19:57:37+00:00\",\"dateModified\":\"2015-09-14T22:01:32+00:00\",\"mainEntityOfPage\":{\"@id\":\"https:\/\/www.notibras.com\/site\/gilmar-mendes-aponta-crise-de-legitimidade-e-credibilidade-como-mal-maior-do-governo\/\"},\"wordCount\":384,\"commentCount\":0,\"publisher\":{\"@id\":\"https:\/\/www.notibras.com\/site\/#organization\"},\"image\":{\"@id\":\"https:\/\/www.notibras.com\/site\/gilmar-mendes-aponta-crise-de-legitimidade-e-credibilidade-como-mal-maior-do-governo\/#primaryimage\"},\"thumbnailUrl\":\"https:\/\/www.notibras.com\/site\/wp-content\/uploads\/2015\/09\/gm14.jpg\",\"articleSection\":[\"Brasil\"],\"inLanguage\":\"pt-BR\",\"potentialAction\":[{\"@type\":\"CommentAction\",\"name\":\"Comment\",\"target\":[\"https:\/\/www.notibras.com\/site\/gilmar-mendes-aponta-crise-de-legitimidade-e-credibilidade-como-mal-maior-do-governo\/#respond\"]}]},{\"@type\":\"WebPage\",\"@id\":\"https:\/\/www.notibras.com\/site\/gilmar-mendes-aponta-crise-de-legitimidade-e-credibilidade-como-mal-maior-do-governo\/\",\"url\":\"https:\/\/www.notibras.com\/site\/gilmar-mendes-aponta-crise-de-legitimidade-e-credibilidade-como-mal-maior-do-governo\/\",\"name\":\"Gilmar Mendes v\u00ea crise de legitimidade e credibilidade como mal maior do governo - Notibras\",\"isPartOf\":{\"@id\":\"https:\/\/www.notibras.com\/site\/#website\"},\"primaryImageOfPage\":{\"@id\":\"https:\/\/www.notibras.com\/site\/gilmar-mendes-aponta-crise-de-legitimidade-e-credibilidade-como-mal-maior-do-governo\/#primaryimage\"},\"image\":{\"@id\":\"https:\/\/www.notibras.com\/site\/gilmar-mendes-aponta-crise-de-legitimidade-e-credibilidade-como-mal-maior-do-governo\/#primaryimage\"},\"thumbnailUrl\":\"https:\/\/www.notibras.com\/site\/wp-content\/uploads\/2015\/09\/gm14.jpg\",\"datePublished\":\"2015-09-14T19:57:37+00:00\",\"dateModified\":\"2015-09-14T22:01:32+00:00\",\"breadcrumb\":{\"@id\":\"https:\/\/www.notibras.com\/site\/gilmar-mendes-aponta-crise-de-legitimidade-e-credibilidade-como-mal-maior-do-governo\/#breadcrumb\"},\"inLanguage\":\"pt-BR\",\"potentialAction\":[{\"@type\":\"ReadAction\",\"target\":[\"https:\/\/www.notibras.com\/site\/gilmar-mendes-aponta-crise-de-legitimidade-e-credibilidade-como-mal-maior-do-governo\/\"]}]},{\"@type\":\"ImageObject\",\"inLanguage\":\"pt-BR\",\"@id\":\"https:\/\/www.notibras.com\/site\/gilmar-mendes-aponta-crise-de-legitimidade-e-credibilidade-como-mal-maior-do-governo\/#primaryimage\",\"url\":\"https:\/\/www.notibras.com\/site\/wp-content\/uploads\/2015\/09\/gm14.jpg\",\"contentUrl\":\"https:\/\/www.notibras.com\/site\/wp-content\/uploads\/2015\/09\/gm14.jpg\",\"width\":1000,\"height\":699},{\"@type\":\"BreadcrumbList\",\"@id\":\"https:\/\/www.notibras.com\/site\/gilmar-mendes-aponta-crise-de-legitimidade-e-credibilidade-como-mal-maior-do-governo\/#breadcrumb\",\"itemListElement\":[{\"@type\":\"ListItem\",\"position\":1,\"name\":\"In\u00edcio\",\"item\":\"https:\/\/www.notibras.com\/site\/\"},{\"@type\":\"ListItem\",\"position\":2,\"name\":\"Gilmar Mendes v\u00ea crise de legitimidade e credibilidade como mal maior do governo\"}]},{\"@type\":\"WebSite\",\"@id\":\"https:\/\/www.notibras.com\/site\/#website\",\"url\":\"https:\/\/www.notibras.com\/site\/\",\"name\":\"Notibras\",\"description\":\"Not\u00edcias de Bras\u00edlia, do Brasil e do Mundo\",\"publisher\":{\"@id\":\"https:\/\/www.notibras.com\/site\/#organization\"},\"potentialAction\":[{\"@type\":\"SearchAction\",\"target\":{\"@type\":\"EntryPoint\",\"urlTemplate\":\"https:\/\/www.notibras.com\/site\/?s={search_term_string}\"},\"query-input\":{\"@type\":\"PropertyValueSpecification\",\"valueRequired\":true,\"valueName\":\"search_term_string\"}}],\"inLanguage\":\"pt-BR\"},{\"@type\":\"Organization\",\"@id\":\"https:\/\/www.notibras.com\/site\/#organization\",\"name\":\"Grupo Notibras de Comunica\u00e7\u00e3o\",\"url\":\"https:\/\/www.notibras.com\/site\/\",\"logo\":{\"@type\":\"ImageObject\",\"inLanguage\":\"pt-BR\",\"@id\":\"https:\/\/www.notibras.com\/site\/#\/schema\/logo\/image\/\",\"url\":\"https:\/\/www.notibras.com\/site\/wp-content\/uploads\/2023\/01\/notibras23.png\",\"contentUrl\":\"https:\/\/www.notibras.com\/site\/wp-content\/uploads\/2023\/01\/notibras23.png\",\"width\":350,\"height\":87,\"caption\":\"Grupo Notibras de Comunica\u00e7\u00e3o\"},\"image\":{\"@id\":\"https:\/\/www.notibras.com\/site\/#\/schema\/logo\/image\/\"},\"sameAs\":[\"https:\/\/www.facebook.com\/notibras\/\",\"https:\/\/x.com\/Notibras\",\"https:\/\/www.instagram.com\/notibras\/\"]},{\"@type\":\"Person\",\"@id\":\"https:\/\/www.notibras.com\/site\/#\/schema\/person\/36ab0979449956132d3e5b517ea76ac8\",\"name\":\"Reda\u00e7\u00e3o\",\"image\":{\"@type\":\"ImageObject\",\"inLanguage\":\"pt-BR\",\"@id\":\"https:\/\/secure.gravatar.com\/avatar\/e0a867bdedb85fd243eadf09663511f96fc81e0720a4a42581f334ad4303aa6b?s=96&d=mm&r=g\",\"url\":\"https:\/\/secure.gravatar.com\/avatar\/e0a867bdedb85fd243eadf09663511f96fc81e0720a4a42581f334ad4303aa6b?s=96&d=mm&r=g\",\"contentUrl\":\"https:\/\/secure.gravatar.com\/avatar\/e0a867bdedb85fd243eadf09663511f96fc81e0720a4a42581f334ad4303aa6b?s=96&d=mm&r=g\",\"caption\":\"Reda\u00e7\u00e3o\"}}]}<\/script>\n<!-- \/ Yoast SEO plugin. -->","yoast_head_json":{"title":"Gilmar Mendes v\u00ea crise de legitimidade e credibilidade como mal maior do governo - Notibras","robots":{"index":"index","follow":"follow","max-snippet":"max-snippet:-1","max-image-preview":"max-image-preview:large","max-video-preview":"max-video-preview:-1"},"canonical":"https:\/\/www.notibras.com\/site\/gilmar-mendes-aponta-crise-de-legitimidade-e-credibilidade-como-mal-maior-do-governo\/","og_locale":"pt_BR","og_type":"article","og_title":"Gilmar Mendes v\u00ea crise de legitimidade e credibilidade como mal maior do governo - Notibras","og_description":"O ministro do Supremo Tribunal Federal (STF) Gilmar Mendes afirmou nesta segunda-feira (14) que o Brasil passa por \u201ccrise de legitimidade\u201d e de \u201ccredibilidade\u201d e que n\u00e3o se pode pedir \u201csacrif\u00edcios\u201d. Para o ministro, \u00e9 preciso que haja habilidade dos pol\u00edticos para que o pa\u00eds saia da crise por meio de \u201cengenharia institucional\u201d. Nas \u00faltimas [&hellip;]","og_url":"https:\/\/www.notibras.com\/site\/gilmar-mendes-aponta-crise-de-legitimidade-e-credibilidade-como-mal-maior-do-governo\/","og_site_name":"Notibras","article_publisher":"https:\/\/www.facebook.com\/notibras\/","article_published_time":"2015-09-14T19:57:37+00:00","article_modified_time":"2015-09-14T22:01:32+00:00","og_image":[{"width":1000,"height":699,"url":"https:\/\/www.notibras.com\/site\/wp-content\/uploads\/2015\/09\/gm14.jpg","type":"image\/jpeg"}],"author":"Reda\u00e7\u00e3o","twitter_card":"summary_large_image","twitter_creator":"@Notibras","twitter_site":"@Notibras","twitter_misc":{"Escrito por":"Reda\u00e7\u00e3o","Est. tempo de leitura":"2 minutos"},"schema":{"@context":"https:\/\/schema.org","@graph":[{"@type":"Article","@id":"https:\/\/www.notibras.com\/site\/gilmar-mendes-aponta-crise-de-legitimidade-e-credibilidade-como-mal-maior-do-governo\/#article","isPartOf":{"@id":"https:\/\/www.notibras.com\/site\/gilmar-mendes-aponta-crise-de-legitimidade-e-credibilidade-como-mal-maior-do-governo\/"},"author":{"name":"Reda\u00e7\u00e3o","@id":"https:\/\/www.notibras.com\/site\/#\/schema\/person\/36ab0979449956132d3e5b517ea76ac8"},"headline":"Gilmar Mendes v\u00ea crise de legitimidade e credibilidade como mal maior do governo","datePublished":"2015-09-14T19:57:37+00:00","dateModified":"2015-09-14T22:01:32+00:00","mainEntityOfPage":{"@id":"https:\/\/www.notibras.com\/site\/gilmar-mendes-aponta-crise-de-legitimidade-e-credibilidade-como-mal-maior-do-governo\/"},"wordCount":384,"commentCount":0,"publisher":{"@id":"https:\/\/www.notibras.com\/site\/#organization"},"image":{"@id":"https:\/\/www.notibras.com\/site\/gilmar-mendes-aponta-crise-de-legitimidade-e-credibilidade-como-mal-maior-do-governo\/#primaryimage"},"thumbnailUrl":"https:\/\/www.notibras.com\/site\/wp-content\/uploads\/2015\/09\/gm14.jpg","articleSection":["Brasil"],"inLanguage":"pt-BR","potentialAction":[{"@type":"CommentAction","name":"Comment","target":["https:\/\/www.notibras.com\/site\/gilmar-mendes-aponta-crise-de-legitimidade-e-credibilidade-como-mal-maior-do-governo\/#respond"]}]},{"@type":"WebPage","@id":"https:\/\/www.notibras.com\/site\/gilmar-mendes-aponta-crise-de-legitimidade-e-credibilidade-como-mal-maior-do-governo\/","url":"https:\/\/www.notibras.com\/site\/gilmar-mendes-aponta-crise-de-legitimidade-e-credibilidade-como-mal-maior-do-governo\/","name":"Gilmar Mendes v\u00ea crise de legitimidade e credibilidade como mal maior do governo - Notibras","isPartOf":{"@id":"https:\/\/www.notibras.com\/site\/#website"},"primaryImageOfPage":{"@id":"https:\/\/www.notibras.com\/site\/gilmar-mendes-aponta-crise-de-legitimidade-e-credibilidade-como-mal-maior-do-governo\/#primaryimage"},"image":{"@id":"https:\/\/www.notibras.com\/site\/gilmar-mendes-aponta-crise-de-legitimidade-e-credibilidade-como-mal-maior-do-governo\/#primaryimage"},"thumbnailUrl":"https:\/\/www.notibras.com\/site\/wp-content\/uploads\/2015\/09\/gm14.jpg","datePublished":"2015-09-14T19:57:37+00:00","dateModified":"2015-09-14T22:01:32+00:00","breadcrumb":{"@id":"https:\/\/www.notibras.com\/site\/gilmar-mendes-aponta-crise-de-legitimidade-e-credibilidade-como-mal-maior-do-governo\/#breadcrumb"},"inLanguage":"pt-BR","potentialAction":[{"@type":"ReadAction","target":["https:\/\/www.notibras.com\/site\/gilmar-mendes-aponta-crise-de-legitimidade-e-credibilidade-como-mal-maior-do-governo\/"]}]},{"@type":"ImageObject","inLanguage":"pt-BR","@id":"https:\/\/www.notibras.com\/site\/gilmar-mendes-aponta-crise-de-legitimidade-e-credibilidade-como-mal-maior-do-governo\/#primaryimage","url":"https:\/\/www.notibras.com\/site\/wp-content\/uploads\/2015\/09\/gm14.jpg","contentUrl":"https:\/\/www.notibras.com\/site\/wp-content\/uploads\/2015\/09\/gm14.jpg","width":1000,"height":699},{"@type":"BreadcrumbList","@id":"https:\/\/www.notibras.com\/site\/gilmar-mendes-aponta-crise-de-legitimidade-e-credibilidade-como-mal-maior-do-governo\/#breadcrumb","itemListElement":[{"@type":"ListItem","position":1,"name":"In\u00edcio","item":"https:\/\/www.notibras.com\/site\/"},{"@type":"ListItem","position":2,"name":"Gilmar Mendes v\u00ea crise de legitimidade e credibilidade como mal maior do governo"}]},{"@type":"WebSite","@id":"https:\/\/www.notibras.com\/site\/#website","url":"https:\/\/www.notibras.com\/site\/","name":"Notibras","description":"Not\u00edcias de Bras\u00edlia, do Brasil e do Mundo","publisher":{"@id":"https:\/\/www.notibras.com\/site\/#organization"},"potentialAction":[{"@type":"SearchAction","target":{"@type":"EntryPoint","urlTemplate":"https:\/\/www.notibras.com\/site\/?s={search_term_string}"},"query-input":{"@type":"PropertyValueSpecification","valueRequired":true,"valueName":"search_term_string"}}],"inLanguage":"pt-BR"},{"@type":"Organization","@id":"https:\/\/www.notibras.com\/site\/#organization","name":"Grupo Notibras de Comunica\u00e7\u00e3o","url":"https:\/\/www.notibras.com\/site\/","logo":{"@type":"ImageObject","inLanguage":"pt-BR","@id":"https:\/\/www.notibras.com\/site\/#\/schema\/logo\/image\/","url":"https:\/\/www.notibras.com\/site\/wp-content\/uploads\/2023\/01\/notibras23.png","contentUrl":"https:\/\/www.notibras.com\/site\/wp-content\/uploads\/2023\/01\/notibras23.png","width":350,"height":87,"caption":"Grupo Notibras de Comunica\u00e7\u00e3o"},"image":{"@id":"https:\/\/www.notibras.com\/site\/#\/schema\/logo\/image\/"},"sameAs":["https:\/\/www.facebook.com\/notibras\/","https:\/\/x.com\/Notibras","https:\/\/www.instagram.com\/notibras\/"]},{"@type":"Person","@id":"https:\/\/www.notibras.com\/site\/#\/schema\/person\/36ab0979449956132d3e5b517ea76ac8","name":"Reda\u00e7\u00e3o","image":{"@type":"ImageObject","inLanguage":"pt-BR","@id":"https:\/\/secure.gravatar.com\/avatar\/e0a867bdedb85fd243eadf09663511f96fc81e0720a4a42581f334ad4303aa6b?s=96&d=mm&r=g","url":"https:\/\/secure.gravatar.com\/avatar\/e0a867bdedb85fd243eadf09663511f96fc81e0720a4a42581f334ad4303aa6b?s=96&d=mm&r=g","contentUrl":"https:\/\/secure.gravatar.com\/avatar\/e0a867bdedb85fd243eadf09663511f96fc81e0720a4a42581f334ad4303aa6b?s=96&d=mm&r=g","caption":"Reda\u00e7\u00e3o"}}]}},"amp_enabled":true,"_links":{"self":[{"href":"https:\/\/www.notibras.com\/site\/wp-json\/wp\/v2\/posts\/67695","targetHints":{"allow":["GET"]}}],"collection":[{"href":"https:\/\/www.notibras.com\/site\/wp-json\/wp\/v2\/posts"}],"about":[{"href":"https:\/\/www.notibras.com\/site\/wp-json\/wp\/v2\/types\/post"}],"author":[{"embeddable":true,"href":"https:\/\/www.notibras.com\/site\/wp-json\/wp\/v2\/users\/2"}],"replies":[{"embeddable":true,"href":"https:\/\/www.notibras.com\/site\/wp-json\/wp\/v2\/comments?post=67695"}],"version-history":[{"count":2,"href":"https:\/\/www.notibras.com\/site\/wp-json\/wp\/v2\/posts\/67695\/revisions"}],"predecessor-version":[{"id":67698,"href":"https:\/\/www.notibras.com\/site\/wp-json\/wp\/v2\/posts\/67695\/revisions\/67698"}],"wp:featuredmedia":[{"embeddable":true,"href":"https:\/\/www.notibras.com\/site\/wp-json\/wp\/v2\/media\/67696"}],"wp:attachment":[{"href":"https:\/\/www.notibras.com\/site\/wp-json\/wp\/v2\/media?parent=67695"}],"wp:term":[{"taxonomy":"category","embeddable":true,"href":"https:\/\/www.notibras.com\/site\/wp-json\/wp\/v2\/categories?post=67695"},{"taxonomy":"post_tag","embeddable":true,"href":"https:\/\/www.notibras.com\/site\/wp-json\/wp\/v2\/tags?post=67695"}],"curies":[{"name":"wp","href":"https:\/\/api.w.org\/{rel}","templated":true}]}}