{"id":67752,"date":"2015-09-14T16:57:55","date_gmt":"2015-09-14T19:57:55","guid":{"rendered":"http:\/\/www.notibras.com\/site\/?p=67752"},"modified":"2015-09-15T15:11:58","modified_gmt":"2015-09-15T18:11:58","slug":"mangabeira-unger-de-assuntos-estrategicos-entrega-carta-de-demissao-e-fica-em-casa","status":"publish","type":"post","link":"https:\/\/www.notibras.com\/site\/mangabeira-unger-de-assuntos-estrategicos-entrega-carta-de-demissao-e-fica-em-casa\/","title":{"rendered":"Mangabeira Unger, de Assuntos Estrat\u00e9gicos, fica isolado no Planalto e pede as contas"},"content":{"rendered":"<p>O ministro da Secretaria de Assuntos Estrat\u00e9gicos, Mangabeira Unger, deixou o cargo nesta segunda-feira (14). Unger, filiado ao PMDB, entregou a carta de demiss\u00e3o \u00e0 presidente no dia em que mais cortes or\u00e7ament\u00e1rios foram anunciados e em meio a uma reforma ministerial.<\/p>\n<p>Um dos ministros mais pr\u00f3ximos do vice-presidente Michel Temer, Unger j\u00e1 estava isolado do governo e sua secretaria \u00e9 uma das cotadas para a extin\u00e7\u00e3o. O an\u00fancio da reforma ministerial dever\u00e1 ser anunciado na pr\u00f3xima semana, mas o ministro n\u00e3o esperou a decis\u00e3o da presidente Dilma Rousseff, que aceitou sua demiss\u00e3o e disse que &#8220;espera que ele possa continuar contribuindo com seus valorosos servi\u00e7os como consultor do Governo Federal&#8221;.<\/p>\n<p>No primeiro semestre deste ano, Dilma decidiu dar ao ministro a fun\u00e7\u00e3o de coordenar o projeto P\u00e1tria Educadora, que estabeleceria metas e programas para Educa\u00e7\u00e3o. Logo depois, no entanto, quando Renato Janine Ribeiro assumiu o Minist\u00e9rio da Educa\u00e7\u00e3o no lugar de Ciro Gomes, uma disputa entre os dois inviabilizou o avan\u00e7o do programa tocado por Manganbeira, e as ideias terminaram congeladas.<\/p>\n<p>Recentemente, influenciada por Janine, Dilma decidiu assumir o Plano Nacional de Educa\u00e7\u00e3o como a pol\u00edtica central de seu governo na \u00e1rea, e o ministro perdeu ainda mais espa\u00e7o.<\/p>\n","protected":false},"excerpt":{"rendered":"<p>O ministro da Secretaria de Assuntos Estrat\u00e9gicos, Mangabeira Unger, deixou o cargo nesta segunda-feira (14). Unger, filiado ao PMDB, entregou a carta de demiss\u00e3o \u00e0 presidente no dia em que mais cortes or\u00e7ament\u00e1rios foram anunciados e em meio a uma reforma ministerial. Um dos ministros mais pr\u00f3ximos do vice-presidente Michel Temer, Unger j\u00e1 estava isolado [&hellip;]<\/p>\n","protected":false},"author":2,"featured_media":67753,"comment_status":"open","ping_status":"closed","sticky":false,"template":"","format":"standard","meta":{"_acf_changed":false,"footnotes":""},"categories":[16],"tags":[],"class_list":["post-67752","post","type-post","status-publish","format-standard","has-post-thumbnail","hentry","category-brasil"],"acf":[],"yoast_head":"<!-- This site is optimized with the Yoast SEO plugin v27.2 - https:\/\/yoast.com\/product\/yoast-seo-wordpress\/ -->\n<title>Mangabeira Unger, de Assuntos Estrat\u00e9gicos, fica isolado no Planalto e pede as contas - Notibras<\/title>\n<meta name=\"robots\" content=\"index, follow, max-snippet:-1, max-image-preview:large, max-video-preview:-1\" \/>\n<link rel=\"canonical\" href=\"https:\/\/www.notibras.com\/site\/mangabeira-unger-de-assuntos-estrategicos-entrega-carta-de-demissao-e-fica-em-casa\/\" \/>\n<meta property=\"og:locale\" content=\"pt_BR\" \/>\n<meta property=\"og:type\" content=\"article\" \/>\n<meta property=\"og:title\" content=\"Mangabeira Unger, de Assuntos Estrat\u00e9gicos, fica isolado no Planalto e pede as contas - Notibras\" \/>\n<meta property=\"og:description\" content=\"O ministro da Secretaria de Assuntos Estrat\u00e9gicos, Mangabeira Unger, deixou o cargo nesta segunda-feira (14). Unger, filiado ao PMDB, entregou a carta de demiss\u00e3o \u00e0 presidente no dia em que mais cortes or\u00e7ament\u00e1rios foram anunciados e em meio a uma reforma ministerial. Um dos ministros mais pr\u00f3ximos do vice-presidente Michel Temer, Unger j\u00e1 estava isolado [&hellip;]\" \/>\n<meta property=\"og:url\" content=\"https:\/\/www.notibras.com\/site\/mangabeira-unger-de-assuntos-estrategicos-entrega-carta-de-demissao-e-fica-em-casa\/\" \/>\n<meta property=\"og:site_name\" content=\"Notibras\" \/>\n<meta property=\"article:publisher\" content=\"https:\/\/www.facebook.com\/notibras\/\" \/>\n<meta property=\"article:published_time\" content=\"2015-09-14T19:57:55+00:00\" \/>\n<meta property=\"article:modified_time\" content=\"2015-09-15T18:11:58+00:00\" \/>\n<meta property=\"og:image\" content=\"https:\/\/www.notibras.com\/site\/wp-content\/uploads\/2015\/09\/manga.jpg\" \/>\n\t<meta property=\"og:image:width\" content=\"275\" \/>\n\t<meta property=\"og:image:height\" content=\"183\" \/>\n\t<meta property=\"og:image:type\" content=\"image\/jpeg\" \/>\n<meta name=\"author\" content=\"Reda\u00e7\u00e3o\" \/>\n<meta name=\"twitter:card\" content=\"summary_large_image\" \/>\n<meta name=\"twitter:creator\" content=\"@Notibras\" \/>\n<meta name=\"twitter:site\" content=\"@Notibras\" \/>\n<meta name=\"twitter:label1\" content=\"Escrito por\" \/>\n\t<meta name=\"twitter:data1\" content=\"Reda\u00e7\u00e3o\" \/>\n\t<meta name=\"twitter:label2\" content=\"Est. tempo de leitura\" \/>\n\t<meta name=\"twitter:data2\" content=\"1 minuto\" \/>\n<script type=\"application\/ld+json\" class=\"yoast-schema-graph\">{\"@context\":\"https:\/\/schema.org\",\"@graph\":[{\"@type\":\"Article\",\"@id\":\"https:\/\/www.notibras.com\/site\/mangabeira-unger-de-assuntos-estrategicos-entrega-carta-de-demissao-e-fica-em-casa\/#article\",\"isPartOf\":{\"@id\":\"https:\/\/www.notibras.com\/site\/mangabeira-unger-de-assuntos-estrategicos-entrega-carta-de-demissao-e-fica-em-casa\/\"},\"author\":{\"name\":\"Reda\u00e7\u00e3o\",\"@id\":\"https:\/\/www.notibras.com\/site\/#\/schema\/person\/36ab0979449956132d3e5b517ea76ac8\"},\"headline\":\"Mangabeira Unger, de Assuntos Estrat\u00e9gicos, fica isolado no Planalto e pede as contas\",\"datePublished\":\"2015-09-14T19:57:55+00:00\",\"dateModified\":\"2015-09-15T18:11:58+00:00\",\"mainEntityOfPage\":{\"@id\":\"https:\/\/www.notibras.com\/site\/mangabeira-unger-de-assuntos-estrategicos-entrega-carta-de-demissao-e-fica-em-casa\/\"},\"wordCount\":232,\"commentCount\":0,\"publisher\":{\"@id\":\"https:\/\/www.notibras.com\/site\/#organization\"},\"image\":{\"@id\":\"https:\/\/www.notibras.com\/site\/mangabeira-unger-de-assuntos-estrategicos-entrega-carta-de-demissao-e-fica-em-casa\/#primaryimage\"},\"thumbnailUrl\":\"https:\/\/www.notibras.com\/site\/wp-content\/uploads\/2015\/09\/manga.jpg\",\"articleSection\":[\"Brasil\"],\"inLanguage\":\"pt-BR\",\"potentialAction\":[{\"@type\":\"CommentAction\",\"name\":\"Comment\",\"target\":[\"https:\/\/www.notibras.com\/site\/mangabeira-unger-de-assuntos-estrategicos-entrega-carta-de-demissao-e-fica-em-casa\/#respond\"]}]},{\"@type\":\"WebPage\",\"@id\":\"https:\/\/www.notibras.com\/site\/mangabeira-unger-de-assuntos-estrategicos-entrega-carta-de-demissao-e-fica-em-casa\/\",\"url\":\"https:\/\/www.notibras.com\/site\/mangabeira-unger-de-assuntos-estrategicos-entrega-carta-de-demissao-e-fica-em-casa\/\",\"name\":\"Mangabeira Unger, de Assuntos Estrat\u00e9gicos, fica isolado no Planalto e pede as contas - Notibras\",\"isPartOf\":{\"@id\":\"https:\/\/www.notibras.com\/site\/#website\"},\"primaryImageOfPage\":{\"@id\":\"https:\/\/www.notibras.com\/site\/mangabeira-unger-de-assuntos-estrategicos-entrega-carta-de-demissao-e-fica-em-casa\/#primaryimage\"},\"image\":{\"@id\":\"https:\/\/www.notibras.com\/site\/mangabeira-unger-de-assuntos-estrategicos-entrega-carta-de-demissao-e-fica-em-casa\/#primaryimage\"},\"thumbnailUrl\":\"https:\/\/www.notibras.com\/site\/wp-content\/uploads\/2015\/09\/manga.jpg\",\"datePublished\":\"2015-09-14T19:57:55+00:00\",\"dateModified\":\"2015-09-15T18:11:58+00:00\",\"breadcrumb\":{\"@id\":\"https:\/\/www.notibras.com\/site\/mangabeira-unger-de-assuntos-estrategicos-entrega-carta-de-demissao-e-fica-em-casa\/#breadcrumb\"},\"inLanguage\":\"pt-BR\",\"potentialAction\":[{\"@type\":\"ReadAction\",\"target\":[\"https:\/\/www.notibras.com\/site\/mangabeira-unger-de-assuntos-estrategicos-entrega-carta-de-demissao-e-fica-em-casa\/\"]}]},{\"@type\":\"ImageObject\",\"inLanguage\":\"pt-BR\",\"@id\":\"https:\/\/www.notibras.com\/site\/mangabeira-unger-de-assuntos-estrategicos-entrega-carta-de-demissao-e-fica-em-casa\/#primaryimage\",\"url\":\"https:\/\/www.notibras.com\/site\/wp-content\/uploads\/2015\/09\/manga.jpg\",\"contentUrl\":\"https:\/\/www.notibras.com\/site\/wp-content\/uploads\/2015\/09\/manga.jpg\",\"width\":275,\"height\":183},{\"@type\":\"BreadcrumbList\",\"@id\":\"https:\/\/www.notibras.com\/site\/mangabeira-unger-de-assuntos-estrategicos-entrega-carta-de-demissao-e-fica-em-casa\/#breadcrumb\",\"itemListElement\":[{\"@type\":\"ListItem\",\"position\":1,\"name\":\"In\u00edcio\",\"item\":\"https:\/\/www.notibras.com\/site\/\"},{\"@type\":\"ListItem\",\"position\":2,\"name\":\"Mangabeira Unger, de Assuntos Estrat\u00e9gicos, fica isolado no Planalto e pede as contas\"}]},{\"@type\":\"WebSite\",\"@id\":\"https:\/\/www.notibras.com\/site\/#website\",\"url\":\"https:\/\/www.notibras.com\/site\/\",\"name\":\"Notibras\",\"description\":\"Not\u00edcias de Bras\u00edlia, do Brasil e do Mundo\",\"publisher\":{\"@id\":\"https:\/\/www.notibras.com\/site\/#organization\"},\"potentialAction\":[{\"@type\":\"SearchAction\",\"target\":{\"@type\":\"EntryPoint\",\"urlTemplate\":\"https:\/\/www.notibras.com\/site\/?s={search_term_string}\"},\"query-input\":{\"@type\":\"PropertyValueSpecification\",\"valueRequired\":true,\"valueName\":\"search_term_string\"}}],\"inLanguage\":\"pt-BR\"},{\"@type\":\"Organization\",\"@id\":\"https:\/\/www.notibras.com\/site\/#organization\",\"name\":\"Grupo Notibras de Comunica\u00e7\u00e3o\",\"url\":\"https:\/\/www.notibras.com\/site\/\",\"logo\":{\"@type\":\"ImageObject\",\"inLanguage\":\"pt-BR\",\"@id\":\"https:\/\/www.notibras.com\/site\/#\/schema\/logo\/image\/\",\"url\":\"https:\/\/www.notibras.com\/site\/wp-content\/uploads\/2023\/01\/notibras23.png\",\"contentUrl\":\"https:\/\/www.notibras.com\/site\/wp-content\/uploads\/2023\/01\/notibras23.png\",\"width\":350,\"height\":87,\"caption\":\"Grupo Notibras de Comunica\u00e7\u00e3o\"},\"image\":{\"@id\":\"https:\/\/www.notibras.com\/site\/#\/schema\/logo\/image\/\"},\"sameAs\":[\"https:\/\/www.facebook.com\/notibras\/\",\"https:\/\/x.com\/Notibras\",\"https:\/\/www.instagram.com\/notibras\/\"]},{\"@type\":\"Person\",\"@id\":\"https:\/\/www.notibras.com\/site\/#\/schema\/person\/36ab0979449956132d3e5b517ea76ac8\",\"name\":\"Reda\u00e7\u00e3o\",\"image\":{\"@type\":\"ImageObject\",\"inLanguage\":\"pt-BR\",\"@id\":\"https:\/\/secure.gravatar.com\/avatar\/e0a867bdedb85fd243eadf09663511f96fc81e0720a4a42581f334ad4303aa6b?s=96&d=mm&r=g\",\"url\":\"https:\/\/secure.gravatar.com\/avatar\/e0a867bdedb85fd243eadf09663511f96fc81e0720a4a42581f334ad4303aa6b?s=96&d=mm&r=g\",\"contentUrl\":\"https:\/\/secure.gravatar.com\/avatar\/e0a867bdedb85fd243eadf09663511f96fc81e0720a4a42581f334ad4303aa6b?s=96&d=mm&r=g\",\"caption\":\"Reda\u00e7\u00e3o\"}}]}<\/script>\n<!-- \/ Yoast SEO plugin. -->","yoast_head_json":{"title":"Mangabeira Unger, de Assuntos Estrat\u00e9gicos, fica isolado no Planalto e pede as contas - Notibras","robots":{"index":"index","follow":"follow","max-snippet":"max-snippet:-1","max-image-preview":"max-image-preview:large","max-video-preview":"max-video-preview:-1"},"canonical":"https:\/\/www.notibras.com\/site\/mangabeira-unger-de-assuntos-estrategicos-entrega-carta-de-demissao-e-fica-em-casa\/","og_locale":"pt_BR","og_type":"article","og_title":"Mangabeira Unger, de Assuntos Estrat\u00e9gicos, fica isolado no Planalto e pede as contas - Notibras","og_description":"O ministro da Secretaria de Assuntos Estrat\u00e9gicos, Mangabeira Unger, deixou o cargo nesta segunda-feira (14). Unger, filiado ao PMDB, entregou a carta de demiss\u00e3o \u00e0 presidente no dia em que mais cortes or\u00e7ament\u00e1rios foram anunciados e em meio a uma reforma ministerial. Um dos ministros mais pr\u00f3ximos do vice-presidente Michel Temer, Unger j\u00e1 estava isolado [&hellip;]","og_url":"https:\/\/www.notibras.com\/site\/mangabeira-unger-de-assuntos-estrategicos-entrega-carta-de-demissao-e-fica-em-casa\/","og_site_name":"Notibras","article_publisher":"https:\/\/www.facebook.com\/notibras\/","article_published_time":"2015-09-14T19:57:55+00:00","article_modified_time":"2015-09-15T18:11:58+00:00","og_image":[{"width":275,"height":183,"url":"https:\/\/www.notibras.com\/site\/wp-content\/uploads\/2015\/09\/manga.jpg","type":"image\/jpeg"}],"author":"Reda\u00e7\u00e3o","twitter_card":"summary_large_image","twitter_creator":"@Notibras","twitter_site":"@Notibras","twitter_misc":{"Escrito por":"Reda\u00e7\u00e3o","Est. tempo de leitura":"1 minuto"},"schema":{"@context":"https:\/\/schema.org","@graph":[{"@type":"Article","@id":"https:\/\/www.notibras.com\/site\/mangabeira-unger-de-assuntos-estrategicos-entrega-carta-de-demissao-e-fica-em-casa\/#article","isPartOf":{"@id":"https:\/\/www.notibras.com\/site\/mangabeira-unger-de-assuntos-estrategicos-entrega-carta-de-demissao-e-fica-em-casa\/"},"author":{"name":"Reda\u00e7\u00e3o","@id":"https:\/\/www.notibras.com\/site\/#\/schema\/person\/36ab0979449956132d3e5b517ea76ac8"},"headline":"Mangabeira Unger, de Assuntos Estrat\u00e9gicos, fica isolado no Planalto e pede as contas","datePublished":"2015-09-14T19:57:55+00:00","dateModified":"2015-09-15T18:11:58+00:00","mainEntityOfPage":{"@id":"https:\/\/www.notibras.com\/site\/mangabeira-unger-de-assuntos-estrategicos-entrega-carta-de-demissao-e-fica-em-casa\/"},"wordCount":232,"commentCount":0,"publisher":{"@id":"https:\/\/www.notibras.com\/site\/#organization"},"image":{"@id":"https:\/\/www.notibras.com\/site\/mangabeira-unger-de-assuntos-estrategicos-entrega-carta-de-demissao-e-fica-em-casa\/#primaryimage"},"thumbnailUrl":"https:\/\/www.notibras.com\/site\/wp-content\/uploads\/2015\/09\/manga.jpg","articleSection":["Brasil"],"inLanguage":"pt-BR","potentialAction":[{"@type":"CommentAction","name":"Comment","target":["https:\/\/www.notibras.com\/site\/mangabeira-unger-de-assuntos-estrategicos-entrega-carta-de-demissao-e-fica-em-casa\/#respond"]}]},{"@type":"WebPage","@id":"https:\/\/www.notibras.com\/site\/mangabeira-unger-de-assuntos-estrategicos-entrega-carta-de-demissao-e-fica-em-casa\/","url":"https:\/\/www.notibras.com\/site\/mangabeira-unger-de-assuntos-estrategicos-entrega-carta-de-demissao-e-fica-em-casa\/","name":"Mangabeira Unger, de Assuntos Estrat\u00e9gicos, fica isolado no Planalto e pede as contas - Notibras","isPartOf":{"@id":"https:\/\/www.notibras.com\/site\/#website"},"primaryImageOfPage":{"@id":"https:\/\/www.notibras.com\/site\/mangabeira-unger-de-assuntos-estrategicos-entrega-carta-de-demissao-e-fica-em-casa\/#primaryimage"},"image":{"@id":"https:\/\/www.notibras.com\/site\/mangabeira-unger-de-assuntos-estrategicos-entrega-carta-de-demissao-e-fica-em-casa\/#primaryimage"},"thumbnailUrl":"https:\/\/www.notibras.com\/site\/wp-content\/uploads\/2015\/09\/manga.jpg","datePublished":"2015-09-14T19:57:55+00:00","dateModified":"2015-09-15T18:11:58+00:00","breadcrumb":{"@id":"https:\/\/www.notibras.com\/site\/mangabeira-unger-de-assuntos-estrategicos-entrega-carta-de-demissao-e-fica-em-casa\/#breadcrumb"},"inLanguage":"pt-BR","potentialAction":[{"@type":"ReadAction","target":["https:\/\/www.notibras.com\/site\/mangabeira-unger-de-assuntos-estrategicos-entrega-carta-de-demissao-e-fica-em-casa\/"]}]},{"@type":"ImageObject","inLanguage":"pt-BR","@id":"https:\/\/www.notibras.com\/site\/mangabeira-unger-de-assuntos-estrategicos-entrega-carta-de-demissao-e-fica-em-casa\/#primaryimage","url":"https:\/\/www.notibras.com\/site\/wp-content\/uploads\/2015\/09\/manga.jpg","contentUrl":"https:\/\/www.notibras.com\/site\/wp-content\/uploads\/2015\/09\/manga.jpg","width":275,"height":183},{"@type":"BreadcrumbList","@id":"https:\/\/www.notibras.com\/site\/mangabeira-unger-de-assuntos-estrategicos-entrega-carta-de-demissao-e-fica-em-casa\/#breadcrumb","itemListElement":[{"@type":"ListItem","position":1,"name":"In\u00edcio","item":"https:\/\/www.notibras.com\/site\/"},{"@type":"ListItem","position":2,"name":"Mangabeira Unger, de Assuntos Estrat\u00e9gicos, fica isolado no Planalto e pede as contas"}]},{"@type":"WebSite","@id":"https:\/\/www.notibras.com\/site\/#website","url":"https:\/\/www.notibras.com\/site\/","name":"Notibras","description":"Not\u00edcias de Bras\u00edlia, do Brasil e do Mundo","publisher":{"@id":"https:\/\/www.notibras.com\/site\/#organization"},"potentialAction":[{"@type":"SearchAction","target":{"@type":"EntryPoint","urlTemplate":"https:\/\/www.notibras.com\/site\/?s={search_term_string}"},"query-input":{"@type":"PropertyValueSpecification","valueRequired":true,"valueName":"search_term_string"}}],"inLanguage":"pt-BR"},{"@type":"Organization","@id":"https:\/\/www.notibras.com\/site\/#organization","name":"Grupo Notibras de Comunica\u00e7\u00e3o","url":"https:\/\/www.notibras.com\/site\/","logo":{"@type":"ImageObject","inLanguage":"pt-BR","@id":"https:\/\/www.notibras.com\/site\/#\/schema\/logo\/image\/","url":"https:\/\/www.notibras.com\/site\/wp-content\/uploads\/2023\/01\/notibras23.png","contentUrl":"https:\/\/www.notibras.com\/site\/wp-content\/uploads\/2023\/01\/notibras23.png","width":350,"height":87,"caption":"Grupo Notibras de Comunica\u00e7\u00e3o"},"image":{"@id":"https:\/\/www.notibras.com\/site\/#\/schema\/logo\/image\/"},"sameAs":["https:\/\/www.facebook.com\/notibras\/","https:\/\/x.com\/Notibras","https:\/\/www.instagram.com\/notibras\/"]},{"@type":"Person","@id":"https:\/\/www.notibras.com\/site\/#\/schema\/person\/36ab0979449956132d3e5b517ea76ac8","name":"Reda\u00e7\u00e3o","image":{"@type":"ImageObject","inLanguage":"pt-BR","@id":"https:\/\/secure.gravatar.com\/avatar\/e0a867bdedb85fd243eadf09663511f96fc81e0720a4a42581f334ad4303aa6b?s=96&d=mm&r=g","url":"https:\/\/secure.gravatar.com\/avatar\/e0a867bdedb85fd243eadf09663511f96fc81e0720a4a42581f334ad4303aa6b?s=96&d=mm&r=g","contentUrl":"https:\/\/secure.gravatar.com\/avatar\/e0a867bdedb85fd243eadf09663511f96fc81e0720a4a42581f334ad4303aa6b?s=96&d=mm&r=g","caption":"Reda\u00e7\u00e3o"}}]}},"amp_enabled":true,"_links":{"self":[{"href":"https:\/\/www.notibras.com\/site\/wp-json\/wp\/v2\/posts\/67752","targetHints":{"allow":["GET"]}}],"collection":[{"href":"https:\/\/www.notibras.com\/site\/wp-json\/wp\/v2\/posts"}],"about":[{"href":"https:\/\/www.notibras.com\/site\/wp-json\/wp\/v2\/types\/post"}],"author":[{"embeddable":true,"href":"https:\/\/www.notibras.com\/site\/wp-json\/wp\/v2\/users\/2"}],"replies":[{"embeddable":true,"href":"https:\/\/www.notibras.com\/site\/wp-json\/wp\/v2\/comments?post=67752"}],"version-history":[{"count":4,"href":"https:\/\/www.notibras.com\/site\/wp-json\/wp\/v2\/posts\/67752\/revisions"}],"predecessor-version":[{"id":67870,"href":"https:\/\/www.notibras.com\/site\/wp-json\/wp\/v2\/posts\/67752\/revisions\/67870"}],"wp:featuredmedia":[{"embeddable":true,"href":"https:\/\/www.notibras.com\/site\/wp-json\/wp\/v2\/media\/67753"}],"wp:attachment":[{"href":"https:\/\/www.notibras.com\/site\/wp-json\/wp\/v2\/media?parent=67752"}],"wp:term":[{"taxonomy":"category","embeddable":true,"href":"https:\/\/www.notibras.com\/site\/wp-json\/wp\/v2\/categories?post=67752"},{"taxonomy":"post_tag","embeddable":true,"href":"https:\/\/www.notibras.com\/site\/wp-json\/wp\/v2\/tags?post=67752"}],"curies":[{"name":"wp","href":"https:\/\/api.w.org\/{rel}","templated":true}]}}