{"id":67776,"date":"2015-09-14T19:24:41","date_gmt":"2015-09-14T22:24:41","guid":{"rendered":"http:\/\/www.notibras.com\/site\/?p=67776"},"modified":"2015-10-29T14:35:31","modified_gmt":"2015-10-29T16:35:31","slug":"vereador-vai-apartar-briga-e-acaba-levando-tapa-de-colega-na-cara","status":"publish","type":"post","link":"https:\/\/www.notibras.com\/site\/vereador-vai-apartar-briga-e-acaba-levando-tapa-de-colega-na-cara\/","title":{"rendered":"Vereador vai apartar briga e acaba levando tapa de colega na cara"},"content":{"rendered":"<p>O vereador Cabo Anjos (PDT) alegou ter sido agredido com um soco pelo colega Everaldo Foga\u00e7a (PTB) ao tentar apartar uma briga entre o parlamentar e o secret\u00e1rio municipal de Administra\u00e7\u00e3o de Porto Velho, M\u00e1rio Jorge de Medeiros, na manh\u00e3 desta segunda-feira (14). A confus\u00e3o aconteceu durante uma reuni\u00e3o na C\u00e2mara Municipal para discutir supostas irregularidades na contrata\u00e7\u00e3o emergencial da nova empresa de transporte coletivo da capital.<\/p>\n<p>&#8220;O vereador levantou para atacar o secret\u00e1rio M\u00e1rio Medeiros, fui apartar e j\u00e1 senti o murro no nariz. Vou atr\u00e1s dos meios legais, porque fui separar uma briga e eu que fui agredido&#8221;, contou Cabo Anjos. Para o parlamentar, o epis\u00f3dio \u00e9 inadmiss\u00edvel. &#8220;Isso aqui \u00e9 uma Casa de leis, n\u00f3s temos que ter postura \u00e9tica. N\u00f3s somos pagos para criar leis e fiscalizar, n\u00e3o para estar brigando e batendo na cara dos outros&#8221;, completou.<\/p>\n<p>Foga\u00e7a se defende. &#8220;O M\u00e1rio Medeiros me xingou, fui pra cima dele e Cabo Anjos entrou no meio. Quando o M\u00e1rio levantou, bateu o cotovelo na cara do Cabo Anjos&#8221;, argumenta o vereador.\u00a0J\u00e1 o secret\u00e1rio municipal n\u00e3o comentou o caso.<\/p>\n<p>A reuni\u00e3o desta segunda foi convocada pelo vereador Jair Montes (PTC), que pediu explica\u00e7\u00f5es ao presidente da comiss\u00e3o de licita\u00e7\u00f5es da prefeitura, S\u00e1vio Gomes de Brito, sobre as mudan\u00e7as em alguns itens do edital de contrata\u00e7\u00e3o emergencial do transporte p\u00fablico.<\/p>\n<p>Conforme den\u00fancia do motorista Marcelo Magalh\u00e3es Santos, as altera\u00e7\u00f5es teriam sido feitas para beneficiar a empresa vencedora do chamamento p\u00fablico. Ele foi convocado a prestar esclarecimentos na reuni\u00e3o desta segunda, mas n\u00e3o compareceu.<\/p>\n<p>Uma das mudan\u00e7as apontadas e questionadas pelos vereadores se refere \u00e0 exig\u00eancia de comprova\u00e7\u00e3o de qualifica\u00e7\u00e3o t\u00e9cnica. No primeiro edital, lan\u00e7ado em maio deste ano, era necess\u00e1rio que a empresa venecedora apresentasse atestado para comprovar a qualifica\u00e7\u00e3o. J\u00e1 no segundo edital, o requisito passou a ser de que apenas um dos profissionais da companhia fosse qualificado.<\/p>\n<p>A C\u00e2mara avalia a cria\u00e7\u00e3o de uma Comiss\u00e3o Parlamentar de Inqu\u00e9rito (CPI) para investigar supostas ilegalidades no processo de contrata\u00e7\u00e3o na nova empresa. A administra\u00e7\u00e3o municipal nega qualquer irregularidade.<\/p>\n","protected":false},"excerpt":{"rendered":"<p>O vereador Cabo Anjos (PDT) alegou ter sido agredido com um soco pelo colega Everaldo Foga\u00e7a (PTB) ao tentar apartar uma briga entre o parlamentar e o secret\u00e1rio municipal de Administra\u00e7\u00e3o de Porto Velho, M\u00e1rio Jorge de Medeiros, na manh\u00e3 desta segunda-feira (14). A confus\u00e3o aconteceu durante uma reuni\u00e3o na C\u00e2mara Municipal para discutir supostas [&hellip;]<\/p>\n","protected":false},"author":2,"featured_media":67777,"comment_status":"open","ping_status":"closed","sticky":false,"template":"","format":"standard","meta":{"_acf_changed":false,"footnotes":""},"categories":[16],"tags":[],"class_list":["post-67776","post","type-post","status-publish","format-standard","has-post-thumbnail","hentry","category-brasil"],"acf":[],"yoast_head":"<!-- This site is optimized with the Yoast SEO plugin v27.2 - https:\/\/yoast.com\/product\/yoast-seo-wordpress\/ -->\n<title>Vereador vai apartar briga e acaba levando tapa de colega na cara - Notibras<\/title>\n<meta name=\"robots\" content=\"index, follow, max-snippet:-1, max-image-preview:large, max-video-preview:-1\" \/>\n<link rel=\"canonical\" href=\"https:\/\/www.notibras.com\/site\/vereador-vai-apartar-briga-e-acaba-levando-tapa-de-colega-na-cara\/\" \/>\n<meta property=\"og:locale\" content=\"pt_BR\" \/>\n<meta property=\"og:type\" content=\"article\" \/>\n<meta property=\"og:title\" content=\"Vereador vai apartar briga e acaba levando tapa de colega na cara - Notibras\" \/>\n<meta property=\"og:description\" content=\"O vereador Cabo Anjos (PDT) alegou ter sido agredido com um soco pelo colega Everaldo Foga\u00e7a (PTB) ao tentar apartar uma briga entre o parlamentar e o secret\u00e1rio municipal de Administra\u00e7\u00e3o de Porto Velho, M\u00e1rio Jorge de Medeiros, na manh\u00e3 desta segunda-feira (14). A confus\u00e3o aconteceu durante uma reuni\u00e3o na C\u00e2mara Municipal para discutir supostas [&hellip;]\" \/>\n<meta property=\"og:url\" content=\"https:\/\/www.notibras.com\/site\/vereador-vai-apartar-briga-e-acaba-levando-tapa-de-colega-na-cara\/\" \/>\n<meta property=\"og:site_name\" content=\"Notibras\" \/>\n<meta property=\"article:publisher\" content=\"https:\/\/www.facebook.com\/notibras\/\" \/>\n<meta property=\"article:published_time\" content=\"2015-09-14T22:24:41+00:00\" \/>\n<meta property=\"article:modified_time\" content=\"2015-10-29T16:35:31+00:00\" \/>\n<meta property=\"og:image\" content=\"https:\/\/www.notibras.com\/site\/wp-content\/uploads\/2015\/09\/tapas.jpg\" \/>\n\t<meta property=\"og:image:width\" content=\"620\" \/>\n\t<meta property=\"og:image:height\" content=\"465\" \/>\n\t<meta property=\"og:image:type\" content=\"image\/jpeg\" \/>\n<meta name=\"author\" content=\"Reda\u00e7\u00e3o\" \/>\n<meta name=\"twitter:card\" content=\"summary_large_image\" \/>\n<meta name=\"twitter:creator\" content=\"@Notibras\" \/>\n<meta name=\"twitter:site\" content=\"@Notibras\" \/>\n<meta name=\"twitter:label1\" content=\"Escrito por\" \/>\n\t<meta name=\"twitter:data1\" content=\"Reda\u00e7\u00e3o\" \/>\n\t<meta name=\"twitter:label2\" content=\"Est. tempo de leitura\" \/>\n\t<meta name=\"twitter:data2\" content=\"2 minutos\" \/>\n<script type=\"application\/ld+json\" class=\"yoast-schema-graph\">{\"@context\":\"https:\/\/schema.org\",\"@graph\":[{\"@type\":\"Article\",\"@id\":\"https:\/\/www.notibras.com\/site\/vereador-vai-apartar-briga-e-acaba-levando-tapa-de-colega-na-cara\/#article\",\"isPartOf\":{\"@id\":\"https:\/\/www.notibras.com\/site\/vereador-vai-apartar-briga-e-acaba-levando-tapa-de-colega-na-cara\/\"},\"author\":{\"name\":\"Reda\u00e7\u00e3o\",\"@id\":\"https:\/\/www.notibras.com\/site\/#\/schema\/person\/36ab0979449956132d3e5b517ea76ac8\"},\"headline\":\"Vereador vai apartar briga e acaba levando tapa de colega na cara\",\"datePublished\":\"2015-09-14T22:24:41+00:00\",\"dateModified\":\"2015-10-29T16:35:31+00:00\",\"mainEntityOfPage\":{\"@id\":\"https:\/\/www.notibras.com\/site\/vereador-vai-apartar-briga-e-acaba-levando-tapa-de-colega-na-cara\/\"},\"wordCount\":398,\"commentCount\":0,\"publisher\":{\"@id\":\"https:\/\/www.notibras.com\/site\/#organization\"},\"image\":{\"@id\":\"https:\/\/www.notibras.com\/site\/vereador-vai-apartar-briga-e-acaba-levando-tapa-de-colega-na-cara\/#primaryimage\"},\"thumbnailUrl\":\"https:\/\/www.notibras.com\/site\/wp-content\/uploads\/2015\/09\/tapas.jpg\",\"articleSection\":[\"Brasil\"],\"inLanguage\":\"pt-BR\",\"potentialAction\":[{\"@type\":\"CommentAction\",\"name\":\"Comment\",\"target\":[\"https:\/\/www.notibras.com\/site\/vereador-vai-apartar-briga-e-acaba-levando-tapa-de-colega-na-cara\/#respond\"]}]},{\"@type\":\"WebPage\",\"@id\":\"https:\/\/www.notibras.com\/site\/vereador-vai-apartar-briga-e-acaba-levando-tapa-de-colega-na-cara\/\",\"url\":\"https:\/\/www.notibras.com\/site\/vereador-vai-apartar-briga-e-acaba-levando-tapa-de-colega-na-cara\/\",\"name\":\"Vereador vai apartar briga e acaba levando tapa de colega na cara - Notibras\",\"isPartOf\":{\"@id\":\"https:\/\/www.notibras.com\/site\/#website\"},\"primaryImageOfPage\":{\"@id\":\"https:\/\/www.notibras.com\/site\/vereador-vai-apartar-briga-e-acaba-levando-tapa-de-colega-na-cara\/#primaryimage\"},\"image\":{\"@id\":\"https:\/\/www.notibras.com\/site\/vereador-vai-apartar-briga-e-acaba-levando-tapa-de-colega-na-cara\/#primaryimage\"},\"thumbnailUrl\":\"https:\/\/www.notibras.com\/site\/wp-content\/uploads\/2015\/09\/tapas.jpg\",\"datePublished\":\"2015-09-14T22:24:41+00:00\",\"dateModified\":\"2015-10-29T16:35:31+00:00\",\"breadcrumb\":{\"@id\":\"https:\/\/www.notibras.com\/site\/vereador-vai-apartar-briga-e-acaba-levando-tapa-de-colega-na-cara\/#breadcrumb\"},\"inLanguage\":\"pt-BR\",\"potentialAction\":[{\"@type\":\"ReadAction\",\"target\":[\"https:\/\/www.notibras.com\/site\/vereador-vai-apartar-briga-e-acaba-levando-tapa-de-colega-na-cara\/\"]}]},{\"@type\":\"ImageObject\",\"inLanguage\":\"pt-BR\",\"@id\":\"https:\/\/www.notibras.com\/site\/vereador-vai-apartar-briga-e-acaba-levando-tapa-de-colega-na-cara\/#primaryimage\",\"url\":\"https:\/\/www.notibras.com\/site\/wp-content\/uploads\/2015\/09\/tapas.jpg\",\"contentUrl\":\"https:\/\/www.notibras.com\/site\/wp-content\/uploads\/2015\/09\/tapas.jpg\",\"width\":620,\"height\":465},{\"@type\":\"BreadcrumbList\",\"@id\":\"https:\/\/www.notibras.com\/site\/vereador-vai-apartar-briga-e-acaba-levando-tapa-de-colega-na-cara\/#breadcrumb\",\"itemListElement\":[{\"@type\":\"ListItem\",\"position\":1,\"name\":\"In\u00edcio\",\"item\":\"https:\/\/www.notibras.com\/site\/\"},{\"@type\":\"ListItem\",\"position\":2,\"name\":\"Vereador vai apartar briga e acaba levando tapa de colega na cara\"}]},{\"@type\":\"WebSite\",\"@id\":\"https:\/\/www.notibras.com\/site\/#website\",\"url\":\"https:\/\/www.notibras.com\/site\/\",\"name\":\"Notibras\",\"description\":\"Not\u00edcias de Bras\u00edlia, do Brasil e do Mundo\",\"publisher\":{\"@id\":\"https:\/\/www.notibras.com\/site\/#organization\"},\"potentialAction\":[{\"@type\":\"SearchAction\",\"target\":{\"@type\":\"EntryPoint\",\"urlTemplate\":\"https:\/\/www.notibras.com\/site\/?s={search_term_string}\"},\"query-input\":{\"@type\":\"PropertyValueSpecification\",\"valueRequired\":true,\"valueName\":\"search_term_string\"}}],\"inLanguage\":\"pt-BR\"},{\"@type\":\"Organization\",\"@id\":\"https:\/\/www.notibras.com\/site\/#organization\",\"name\":\"Grupo Notibras de Comunica\u00e7\u00e3o\",\"url\":\"https:\/\/www.notibras.com\/site\/\",\"logo\":{\"@type\":\"ImageObject\",\"inLanguage\":\"pt-BR\",\"@id\":\"https:\/\/www.notibras.com\/site\/#\/schema\/logo\/image\/\",\"url\":\"https:\/\/www.notibras.com\/site\/wp-content\/uploads\/2023\/01\/notibras23.png\",\"contentUrl\":\"https:\/\/www.notibras.com\/site\/wp-content\/uploads\/2023\/01\/notibras23.png\",\"width\":350,\"height\":87,\"caption\":\"Grupo Notibras de Comunica\u00e7\u00e3o\"},\"image\":{\"@id\":\"https:\/\/www.notibras.com\/site\/#\/schema\/logo\/image\/\"},\"sameAs\":[\"https:\/\/www.facebook.com\/notibras\/\",\"https:\/\/x.com\/Notibras\",\"https:\/\/www.instagram.com\/notibras\/\"]},{\"@type\":\"Person\",\"@id\":\"https:\/\/www.notibras.com\/site\/#\/schema\/person\/36ab0979449956132d3e5b517ea76ac8\",\"name\":\"Reda\u00e7\u00e3o\",\"image\":{\"@type\":\"ImageObject\",\"inLanguage\":\"pt-BR\",\"@id\":\"https:\/\/secure.gravatar.com\/avatar\/e0a867bdedb85fd243eadf09663511f96fc81e0720a4a42581f334ad4303aa6b?s=96&d=mm&r=g\",\"url\":\"https:\/\/secure.gravatar.com\/avatar\/e0a867bdedb85fd243eadf09663511f96fc81e0720a4a42581f334ad4303aa6b?s=96&d=mm&r=g\",\"contentUrl\":\"https:\/\/secure.gravatar.com\/avatar\/e0a867bdedb85fd243eadf09663511f96fc81e0720a4a42581f334ad4303aa6b?s=96&d=mm&r=g\",\"caption\":\"Reda\u00e7\u00e3o\"}}]}<\/script>\n<!-- \/ Yoast SEO plugin. -->","yoast_head_json":{"title":"Vereador vai apartar briga e acaba levando tapa de colega na cara - Notibras","robots":{"index":"index","follow":"follow","max-snippet":"max-snippet:-1","max-image-preview":"max-image-preview:large","max-video-preview":"max-video-preview:-1"},"canonical":"https:\/\/www.notibras.com\/site\/vereador-vai-apartar-briga-e-acaba-levando-tapa-de-colega-na-cara\/","og_locale":"pt_BR","og_type":"article","og_title":"Vereador vai apartar briga e acaba levando tapa de colega na cara - Notibras","og_description":"O vereador Cabo Anjos (PDT) alegou ter sido agredido com um soco pelo colega Everaldo Foga\u00e7a (PTB) ao tentar apartar uma briga entre o parlamentar e o secret\u00e1rio municipal de Administra\u00e7\u00e3o de Porto Velho, M\u00e1rio Jorge de Medeiros, na manh\u00e3 desta segunda-feira (14). A confus\u00e3o aconteceu durante uma reuni\u00e3o na C\u00e2mara Municipal para discutir supostas [&hellip;]","og_url":"https:\/\/www.notibras.com\/site\/vereador-vai-apartar-briga-e-acaba-levando-tapa-de-colega-na-cara\/","og_site_name":"Notibras","article_publisher":"https:\/\/www.facebook.com\/notibras\/","article_published_time":"2015-09-14T22:24:41+00:00","article_modified_time":"2015-10-29T16:35:31+00:00","og_image":[{"width":620,"height":465,"url":"https:\/\/www.notibras.com\/site\/wp-content\/uploads\/2015\/09\/tapas.jpg","type":"image\/jpeg"}],"author":"Reda\u00e7\u00e3o","twitter_card":"summary_large_image","twitter_creator":"@Notibras","twitter_site":"@Notibras","twitter_misc":{"Escrito por":"Reda\u00e7\u00e3o","Est. tempo de leitura":"2 minutos"},"schema":{"@context":"https:\/\/schema.org","@graph":[{"@type":"Article","@id":"https:\/\/www.notibras.com\/site\/vereador-vai-apartar-briga-e-acaba-levando-tapa-de-colega-na-cara\/#article","isPartOf":{"@id":"https:\/\/www.notibras.com\/site\/vereador-vai-apartar-briga-e-acaba-levando-tapa-de-colega-na-cara\/"},"author":{"name":"Reda\u00e7\u00e3o","@id":"https:\/\/www.notibras.com\/site\/#\/schema\/person\/36ab0979449956132d3e5b517ea76ac8"},"headline":"Vereador vai apartar briga e acaba levando tapa de colega na cara","datePublished":"2015-09-14T22:24:41+00:00","dateModified":"2015-10-29T16:35:31+00:00","mainEntityOfPage":{"@id":"https:\/\/www.notibras.com\/site\/vereador-vai-apartar-briga-e-acaba-levando-tapa-de-colega-na-cara\/"},"wordCount":398,"commentCount":0,"publisher":{"@id":"https:\/\/www.notibras.com\/site\/#organization"},"image":{"@id":"https:\/\/www.notibras.com\/site\/vereador-vai-apartar-briga-e-acaba-levando-tapa-de-colega-na-cara\/#primaryimage"},"thumbnailUrl":"https:\/\/www.notibras.com\/site\/wp-content\/uploads\/2015\/09\/tapas.jpg","articleSection":["Brasil"],"inLanguage":"pt-BR","potentialAction":[{"@type":"CommentAction","name":"Comment","target":["https:\/\/www.notibras.com\/site\/vereador-vai-apartar-briga-e-acaba-levando-tapa-de-colega-na-cara\/#respond"]}]},{"@type":"WebPage","@id":"https:\/\/www.notibras.com\/site\/vereador-vai-apartar-briga-e-acaba-levando-tapa-de-colega-na-cara\/","url":"https:\/\/www.notibras.com\/site\/vereador-vai-apartar-briga-e-acaba-levando-tapa-de-colega-na-cara\/","name":"Vereador vai apartar briga e acaba levando tapa de colega na cara - Notibras","isPartOf":{"@id":"https:\/\/www.notibras.com\/site\/#website"},"primaryImageOfPage":{"@id":"https:\/\/www.notibras.com\/site\/vereador-vai-apartar-briga-e-acaba-levando-tapa-de-colega-na-cara\/#primaryimage"},"image":{"@id":"https:\/\/www.notibras.com\/site\/vereador-vai-apartar-briga-e-acaba-levando-tapa-de-colega-na-cara\/#primaryimage"},"thumbnailUrl":"https:\/\/www.notibras.com\/site\/wp-content\/uploads\/2015\/09\/tapas.jpg","datePublished":"2015-09-14T22:24:41+00:00","dateModified":"2015-10-29T16:35:31+00:00","breadcrumb":{"@id":"https:\/\/www.notibras.com\/site\/vereador-vai-apartar-briga-e-acaba-levando-tapa-de-colega-na-cara\/#breadcrumb"},"inLanguage":"pt-BR","potentialAction":[{"@type":"ReadAction","target":["https:\/\/www.notibras.com\/site\/vereador-vai-apartar-briga-e-acaba-levando-tapa-de-colega-na-cara\/"]}]},{"@type":"ImageObject","inLanguage":"pt-BR","@id":"https:\/\/www.notibras.com\/site\/vereador-vai-apartar-briga-e-acaba-levando-tapa-de-colega-na-cara\/#primaryimage","url":"https:\/\/www.notibras.com\/site\/wp-content\/uploads\/2015\/09\/tapas.jpg","contentUrl":"https:\/\/www.notibras.com\/site\/wp-content\/uploads\/2015\/09\/tapas.jpg","width":620,"height":465},{"@type":"BreadcrumbList","@id":"https:\/\/www.notibras.com\/site\/vereador-vai-apartar-briga-e-acaba-levando-tapa-de-colega-na-cara\/#breadcrumb","itemListElement":[{"@type":"ListItem","position":1,"name":"In\u00edcio","item":"https:\/\/www.notibras.com\/site\/"},{"@type":"ListItem","position":2,"name":"Vereador vai apartar briga e acaba levando tapa de colega na cara"}]},{"@type":"WebSite","@id":"https:\/\/www.notibras.com\/site\/#website","url":"https:\/\/www.notibras.com\/site\/","name":"Notibras","description":"Not\u00edcias de Bras\u00edlia, do Brasil e do Mundo","publisher":{"@id":"https:\/\/www.notibras.com\/site\/#organization"},"potentialAction":[{"@type":"SearchAction","target":{"@type":"EntryPoint","urlTemplate":"https:\/\/www.notibras.com\/site\/?s={search_term_string}"},"query-input":{"@type":"PropertyValueSpecification","valueRequired":true,"valueName":"search_term_string"}}],"inLanguage":"pt-BR"},{"@type":"Organization","@id":"https:\/\/www.notibras.com\/site\/#organization","name":"Grupo Notibras de Comunica\u00e7\u00e3o","url":"https:\/\/www.notibras.com\/site\/","logo":{"@type":"ImageObject","inLanguage":"pt-BR","@id":"https:\/\/www.notibras.com\/site\/#\/schema\/logo\/image\/","url":"https:\/\/www.notibras.com\/site\/wp-content\/uploads\/2023\/01\/notibras23.png","contentUrl":"https:\/\/www.notibras.com\/site\/wp-content\/uploads\/2023\/01\/notibras23.png","width":350,"height":87,"caption":"Grupo Notibras de Comunica\u00e7\u00e3o"},"image":{"@id":"https:\/\/www.notibras.com\/site\/#\/schema\/logo\/image\/"},"sameAs":["https:\/\/www.facebook.com\/notibras\/","https:\/\/x.com\/Notibras","https:\/\/www.instagram.com\/notibras\/"]},{"@type":"Person","@id":"https:\/\/www.notibras.com\/site\/#\/schema\/person\/36ab0979449956132d3e5b517ea76ac8","name":"Reda\u00e7\u00e3o","image":{"@type":"ImageObject","inLanguage":"pt-BR","@id":"https:\/\/secure.gravatar.com\/avatar\/e0a867bdedb85fd243eadf09663511f96fc81e0720a4a42581f334ad4303aa6b?s=96&d=mm&r=g","url":"https:\/\/secure.gravatar.com\/avatar\/e0a867bdedb85fd243eadf09663511f96fc81e0720a4a42581f334ad4303aa6b?s=96&d=mm&r=g","contentUrl":"https:\/\/secure.gravatar.com\/avatar\/e0a867bdedb85fd243eadf09663511f96fc81e0720a4a42581f334ad4303aa6b?s=96&d=mm&r=g","caption":"Reda\u00e7\u00e3o"}}]}},"amp_enabled":true,"_links":{"self":[{"href":"https:\/\/www.notibras.com\/site\/wp-json\/wp\/v2\/posts\/67776","targetHints":{"allow":["GET"]}}],"collection":[{"href":"https:\/\/www.notibras.com\/site\/wp-json\/wp\/v2\/posts"}],"about":[{"href":"https:\/\/www.notibras.com\/site\/wp-json\/wp\/v2\/types\/post"}],"author":[{"embeddable":true,"href":"https:\/\/www.notibras.com\/site\/wp-json\/wp\/v2\/users\/2"}],"replies":[{"embeddable":true,"href":"https:\/\/www.notibras.com\/site\/wp-json\/wp\/v2\/comments?post=67776"}],"version-history":[{"count":1,"href":"https:\/\/www.notibras.com\/site\/wp-json\/wp\/v2\/posts\/67776\/revisions"}],"predecessor-version":[{"id":67778,"href":"https:\/\/www.notibras.com\/site\/wp-json\/wp\/v2\/posts\/67776\/revisions\/67778"}],"wp:featuredmedia":[{"embeddable":true,"href":"https:\/\/www.notibras.com\/site\/wp-json\/wp\/v2\/media\/67777"}],"wp:attachment":[{"href":"https:\/\/www.notibras.com\/site\/wp-json\/wp\/v2\/media?parent=67776"}],"wp:term":[{"taxonomy":"category","embeddable":true,"href":"https:\/\/www.notibras.com\/site\/wp-json\/wp\/v2\/categories?post=67776"},{"taxonomy":"post_tag","embeddable":true,"href":"https:\/\/www.notibras.com\/site\/wp-json\/wp\/v2\/tags?post=67776"}],"curies":[{"name":"wp","href":"https:\/\/api.w.org\/{rel}","templated":true}]}}