{"id":67872,"date":"2015-09-15T12:47:27","date_gmt":"2015-09-15T15:47:27","guid":{"rendered":"http:\/\/www.notibras.com\/site\/?p=67872"},"modified":"2015-09-15T21:51:28","modified_gmt":"2015-09-16T00:51:28","slug":"marido-sueco-mata-empresaria-brasileira-milionaria-em-portugal-e-se-suicida","status":"publish","type":"post","link":"https:\/\/www.notibras.com\/site\/marido-sueco-mata-empresaria-brasileira-milionaria-em-portugal-e-se-suicida\/","title":{"rendered":"Marido sueco enforca empres\u00e1ria brasileira em Portugal e depois se mata"},"content":{"rendered":"<p>Uma brasileira foi encontrada morta, dentro de casa, no \u00faltimo domingo, em um dos condom\u00ednios mais luxuosos de Lisboa, em Portugal. De acordo com a Pol\u00edcia Judici\u00e1ria Portuguesa, a empres\u00e1ria Maria Estela Lacombe Larsson, de 60 anos, foi asfixiada pelo marido, o sueco Andreas Christer Larsson, de 58, que se matou em seguida.<\/p>\n<p>O corpo da brasileira foi encontrado por um seguran\u00e7a do condom\u00ednio, mais de 12 horas depois do crime. As informa\u00e7\u00f5es s\u00e3o do jornal portugu\u00eas &#8220;Correio da Manh\u00e3&#8221;.<\/p>\n<p>Segundo a pol\u00edcia, Andreas Larsson matou a esposa por asfixia ainda na manh\u00e3 de domingo. A brasileira tinha marcas de viol\u00eancia f\u00edsica no pesco\u00e7o e agress\u00f5es espalhadas pelo corpo. Poucas horas depois, por volta de 12h30, o empres\u00e1rio sueco deixou o im\u00f3vel de carro e seguiu para o Cabo da Roca, ponto tur\u00edstico de Lisboa, de onde se atirou de um penhasco. O corpo dele foi encontrado pouco tempo depois, a partir de den\u00fancias de testemunhas que o viram cometer suic\u00eddio.<\/p>\n<p>Ap\u00f3s o resgate, o corpo de Andreas foi encaminhado \u00e0 aut\u00f3psia. Horas depois, \u00e0s 23h50, agentes da Pol\u00edcia Judici\u00e1ria foram chamados at\u00e9 o local onde o empres\u00e1rio morava, o condom\u00ednio Quinta Pati\u00f1o, um dos mais luxuosos da capital portuguesa. Maria Estela foi encontrada morta dentro de casa.<\/p>\n<p>O corpo da brasileira tamb\u00e9m foi encaminhado para aut\u00f3psia, para que exames ajudem na investiga\u00e7\u00e3o sobre o crime. O Itamaraty informou que est\u00e1 acompanhando as investiga\u00e7\u00f5es sobre o caso e dando o apoio necess\u00e1rio \u00e0 fam\u00edlia. Parentes de Maria Estela est\u00e3o em Portugal para a libera\u00e7\u00e3o do corpo.<\/p>\n","protected":false},"excerpt":{"rendered":"<p>Uma brasileira foi encontrada morta, dentro de casa, no \u00faltimo domingo, em um dos condom\u00ednios mais luxuosos de Lisboa, em Portugal. De acordo com a Pol\u00edcia Judici\u00e1ria Portuguesa, a empres\u00e1ria Maria Estela Lacombe Larsson, de 60 anos, foi asfixiada pelo marido, o sueco Andreas Christer Larsson, de 58, que se matou em seguida. O corpo [&hellip;]<\/p>\n","protected":false},"author":2,"featured_media":67873,"comment_status":"open","ping_status":"closed","sticky":false,"template":"","format":"standard","meta":{"_acf_changed":false,"footnotes":""},"categories":[16],"tags":[],"class_list":["post-67872","post","type-post","status-publish","format-standard","has-post-thumbnail","hentry","category-brasil"],"acf":[],"yoast_head":"<!-- This site is optimized with the Yoast SEO plugin v27.2 - https:\/\/yoast.com\/product\/yoast-seo-wordpress\/ -->\n<title>Marido sueco enforca empres\u00e1ria brasileira em Portugal e depois se mata - Notibras<\/title>\n<meta name=\"robots\" content=\"index, follow, max-snippet:-1, max-image-preview:large, max-video-preview:-1\" \/>\n<link rel=\"canonical\" href=\"https:\/\/www.notibras.com\/site\/marido-sueco-mata-empresaria-brasileira-milionaria-em-portugal-e-se-suicida\/\" \/>\n<meta property=\"og:locale\" content=\"pt_BR\" \/>\n<meta property=\"og:type\" content=\"article\" \/>\n<meta property=\"og:title\" content=\"Marido sueco enforca empres\u00e1ria brasileira em Portugal e depois se mata - Notibras\" \/>\n<meta property=\"og:description\" content=\"Uma brasileira foi encontrada morta, dentro de casa, no \u00faltimo domingo, em um dos condom\u00ednios mais luxuosos de Lisboa, em Portugal. De acordo com a Pol\u00edcia Judici\u00e1ria Portuguesa, a empres\u00e1ria Maria Estela Lacombe Larsson, de 60 anos, foi asfixiada pelo marido, o sueco Andreas Christer Larsson, de 58, que se matou em seguida. O corpo [&hellip;]\" \/>\n<meta property=\"og:url\" content=\"https:\/\/www.notibras.com\/site\/marido-sueco-mata-empresaria-brasileira-milionaria-em-portugal-e-se-suicida\/\" \/>\n<meta property=\"og:site_name\" content=\"Notibras\" \/>\n<meta property=\"article:publisher\" content=\"https:\/\/www.facebook.com\/notibras\/\" \/>\n<meta property=\"article:published_time\" content=\"2015-09-15T15:47:27+00:00\" \/>\n<meta property=\"article:modified_time\" content=\"2015-09-16T00:51:28+00:00\" \/>\n<meta property=\"og:image\" content=\"https:\/\/www.notibras.com\/site\/wp-content\/uploads\/2015\/09\/quinta.jpg\" \/>\n\t<meta property=\"og:image:width\" content=\"640\" \/>\n\t<meta property=\"og:image:height\" content=\"360\" \/>\n\t<meta property=\"og:image:type\" content=\"image\/jpeg\" \/>\n<meta name=\"author\" content=\"Reda\u00e7\u00e3o\" \/>\n<meta name=\"twitter:card\" content=\"summary_large_image\" \/>\n<meta name=\"twitter:creator\" content=\"@Notibras\" \/>\n<meta name=\"twitter:site\" content=\"@Notibras\" \/>\n<meta name=\"twitter:label1\" content=\"Escrito por\" \/>\n\t<meta name=\"twitter:data1\" content=\"Reda\u00e7\u00e3o\" \/>\n\t<meta name=\"twitter:label2\" content=\"Est. tempo de leitura\" \/>\n\t<meta name=\"twitter:data2\" content=\"1 minuto\" \/>\n<script type=\"application\/ld+json\" class=\"yoast-schema-graph\">{\"@context\":\"https:\/\/schema.org\",\"@graph\":[{\"@type\":\"Article\",\"@id\":\"https:\/\/www.notibras.com\/site\/marido-sueco-mata-empresaria-brasileira-milionaria-em-portugal-e-se-suicida\/#article\",\"isPartOf\":{\"@id\":\"https:\/\/www.notibras.com\/site\/marido-sueco-mata-empresaria-brasileira-milionaria-em-portugal-e-se-suicida\/\"},\"author\":{\"name\":\"Reda\u00e7\u00e3o\",\"@id\":\"https:\/\/www.notibras.com\/site\/#\/schema\/person\/36ab0979449956132d3e5b517ea76ac8\"},\"headline\":\"Marido sueco enforca empres\u00e1ria brasileira em Portugal e depois se mata\",\"datePublished\":\"2015-09-15T15:47:27+00:00\",\"dateModified\":\"2015-09-16T00:51:28+00:00\",\"mainEntityOfPage\":{\"@id\":\"https:\/\/www.notibras.com\/site\/marido-sueco-mata-empresaria-brasileira-milionaria-em-portugal-e-se-suicida\/\"},\"wordCount\":297,\"commentCount\":0,\"publisher\":{\"@id\":\"https:\/\/www.notibras.com\/site\/#organization\"},\"image\":{\"@id\":\"https:\/\/www.notibras.com\/site\/marido-sueco-mata-empresaria-brasileira-milionaria-em-portugal-e-se-suicida\/#primaryimage\"},\"thumbnailUrl\":\"https:\/\/www.notibras.com\/site\/wp-content\/uploads\/2015\/09\/quinta.jpg\",\"articleSection\":[\"Brasil\"],\"inLanguage\":\"pt-BR\",\"potentialAction\":[{\"@type\":\"CommentAction\",\"name\":\"Comment\",\"target\":[\"https:\/\/www.notibras.com\/site\/marido-sueco-mata-empresaria-brasileira-milionaria-em-portugal-e-se-suicida\/#respond\"]}]},{\"@type\":\"WebPage\",\"@id\":\"https:\/\/www.notibras.com\/site\/marido-sueco-mata-empresaria-brasileira-milionaria-em-portugal-e-se-suicida\/\",\"url\":\"https:\/\/www.notibras.com\/site\/marido-sueco-mata-empresaria-brasileira-milionaria-em-portugal-e-se-suicida\/\",\"name\":\"Marido sueco enforca empres\u00e1ria brasileira em Portugal e depois se mata - Notibras\",\"isPartOf\":{\"@id\":\"https:\/\/www.notibras.com\/site\/#website\"},\"primaryImageOfPage\":{\"@id\":\"https:\/\/www.notibras.com\/site\/marido-sueco-mata-empresaria-brasileira-milionaria-em-portugal-e-se-suicida\/#primaryimage\"},\"image\":{\"@id\":\"https:\/\/www.notibras.com\/site\/marido-sueco-mata-empresaria-brasileira-milionaria-em-portugal-e-se-suicida\/#primaryimage\"},\"thumbnailUrl\":\"https:\/\/www.notibras.com\/site\/wp-content\/uploads\/2015\/09\/quinta.jpg\",\"datePublished\":\"2015-09-15T15:47:27+00:00\",\"dateModified\":\"2015-09-16T00:51:28+00:00\",\"breadcrumb\":{\"@id\":\"https:\/\/www.notibras.com\/site\/marido-sueco-mata-empresaria-brasileira-milionaria-em-portugal-e-se-suicida\/#breadcrumb\"},\"inLanguage\":\"pt-BR\",\"potentialAction\":[{\"@type\":\"ReadAction\",\"target\":[\"https:\/\/www.notibras.com\/site\/marido-sueco-mata-empresaria-brasileira-milionaria-em-portugal-e-se-suicida\/\"]}]},{\"@type\":\"ImageObject\",\"inLanguage\":\"pt-BR\",\"@id\":\"https:\/\/www.notibras.com\/site\/marido-sueco-mata-empresaria-brasileira-milionaria-em-portugal-e-se-suicida\/#primaryimage\",\"url\":\"https:\/\/www.notibras.com\/site\/wp-content\/uploads\/2015\/09\/quinta.jpg\",\"contentUrl\":\"https:\/\/www.notibras.com\/site\/wp-content\/uploads\/2015\/09\/quinta.jpg\",\"width\":640,\"height\":360},{\"@type\":\"BreadcrumbList\",\"@id\":\"https:\/\/www.notibras.com\/site\/marido-sueco-mata-empresaria-brasileira-milionaria-em-portugal-e-se-suicida\/#breadcrumb\",\"itemListElement\":[{\"@type\":\"ListItem\",\"position\":1,\"name\":\"In\u00edcio\",\"item\":\"https:\/\/www.notibras.com\/site\/\"},{\"@type\":\"ListItem\",\"position\":2,\"name\":\"Marido sueco enforca empres\u00e1ria brasileira em Portugal e depois se mata\"}]},{\"@type\":\"WebSite\",\"@id\":\"https:\/\/www.notibras.com\/site\/#website\",\"url\":\"https:\/\/www.notibras.com\/site\/\",\"name\":\"Notibras\",\"description\":\"Not\u00edcias de Bras\u00edlia, do Brasil e do Mundo\",\"publisher\":{\"@id\":\"https:\/\/www.notibras.com\/site\/#organization\"},\"potentialAction\":[{\"@type\":\"SearchAction\",\"target\":{\"@type\":\"EntryPoint\",\"urlTemplate\":\"https:\/\/www.notibras.com\/site\/?s={search_term_string}\"},\"query-input\":{\"@type\":\"PropertyValueSpecification\",\"valueRequired\":true,\"valueName\":\"search_term_string\"}}],\"inLanguage\":\"pt-BR\"},{\"@type\":\"Organization\",\"@id\":\"https:\/\/www.notibras.com\/site\/#organization\",\"name\":\"Grupo Notibras de Comunica\u00e7\u00e3o\",\"url\":\"https:\/\/www.notibras.com\/site\/\",\"logo\":{\"@type\":\"ImageObject\",\"inLanguage\":\"pt-BR\",\"@id\":\"https:\/\/www.notibras.com\/site\/#\/schema\/logo\/image\/\",\"url\":\"https:\/\/www.notibras.com\/site\/wp-content\/uploads\/2023\/01\/notibras23.png\",\"contentUrl\":\"https:\/\/www.notibras.com\/site\/wp-content\/uploads\/2023\/01\/notibras23.png\",\"width\":350,\"height\":87,\"caption\":\"Grupo Notibras de Comunica\u00e7\u00e3o\"},\"image\":{\"@id\":\"https:\/\/www.notibras.com\/site\/#\/schema\/logo\/image\/\"},\"sameAs\":[\"https:\/\/www.facebook.com\/notibras\/\",\"https:\/\/x.com\/Notibras\",\"https:\/\/www.instagram.com\/notibras\/\"]},{\"@type\":\"Person\",\"@id\":\"https:\/\/www.notibras.com\/site\/#\/schema\/person\/36ab0979449956132d3e5b517ea76ac8\",\"name\":\"Reda\u00e7\u00e3o\",\"image\":{\"@type\":\"ImageObject\",\"inLanguage\":\"pt-BR\",\"@id\":\"https:\/\/secure.gravatar.com\/avatar\/e0a867bdedb85fd243eadf09663511f96fc81e0720a4a42581f334ad4303aa6b?s=96&d=mm&r=g\",\"url\":\"https:\/\/secure.gravatar.com\/avatar\/e0a867bdedb85fd243eadf09663511f96fc81e0720a4a42581f334ad4303aa6b?s=96&d=mm&r=g\",\"contentUrl\":\"https:\/\/secure.gravatar.com\/avatar\/e0a867bdedb85fd243eadf09663511f96fc81e0720a4a42581f334ad4303aa6b?s=96&d=mm&r=g\",\"caption\":\"Reda\u00e7\u00e3o\"}}]}<\/script>\n<!-- \/ Yoast SEO plugin. -->","yoast_head_json":{"title":"Marido sueco enforca empres\u00e1ria brasileira em Portugal e depois se mata - Notibras","robots":{"index":"index","follow":"follow","max-snippet":"max-snippet:-1","max-image-preview":"max-image-preview:large","max-video-preview":"max-video-preview:-1"},"canonical":"https:\/\/www.notibras.com\/site\/marido-sueco-mata-empresaria-brasileira-milionaria-em-portugal-e-se-suicida\/","og_locale":"pt_BR","og_type":"article","og_title":"Marido sueco enforca empres\u00e1ria brasileira em Portugal e depois se mata - Notibras","og_description":"Uma brasileira foi encontrada morta, dentro de casa, no \u00faltimo domingo, em um dos condom\u00ednios mais luxuosos de Lisboa, em Portugal. De acordo com a Pol\u00edcia Judici\u00e1ria Portuguesa, a empres\u00e1ria Maria Estela Lacombe Larsson, de 60 anos, foi asfixiada pelo marido, o sueco Andreas Christer Larsson, de 58, que se matou em seguida. O corpo [&hellip;]","og_url":"https:\/\/www.notibras.com\/site\/marido-sueco-mata-empresaria-brasileira-milionaria-em-portugal-e-se-suicida\/","og_site_name":"Notibras","article_publisher":"https:\/\/www.facebook.com\/notibras\/","article_published_time":"2015-09-15T15:47:27+00:00","article_modified_time":"2015-09-16T00:51:28+00:00","og_image":[{"width":640,"height":360,"url":"https:\/\/www.notibras.com\/site\/wp-content\/uploads\/2015\/09\/quinta.jpg","type":"image\/jpeg"}],"author":"Reda\u00e7\u00e3o","twitter_card":"summary_large_image","twitter_creator":"@Notibras","twitter_site":"@Notibras","twitter_misc":{"Escrito por":"Reda\u00e7\u00e3o","Est. tempo de leitura":"1 minuto"},"schema":{"@context":"https:\/\/schema.org","@graph":[{"@type":"Article","@id":"https:\/\/www.notibras.com\/site\/marido-sueco-mata-empresaria-brasileira-milionaria-em-portugal-e-se-suicida\/#article","isPartOf":{"@id":"https:\/\/www.notibras.com\/site\/marido-sueco-mata-empresaria-brasileira-milionaria-em-portugal-e-se-suicida\/"},"author":{"name":"Reda\u00e7\u00e3o","@id":"https:\/\/www.notibras.com\/site\/#\/schema\/person\/36ab0979449956132d3e5b517ea76ac8"},"headline":"Marido sueco enforca empres\u00e1ria brasileira em Portugal e depois se mata","datePublished":"2015-09-15T15:47:27+00:00","dateModified":"2015-09-16T00:51:28+00:00","mainEntityOfPage":{"@id":"https:\/\/www.notibras.com\/site\/marido-sueco-mata-empresaria-brasileira-milionaria-em-portugal-e-se-suicida\/"},"wordCount":297,"commentCount":0,"publisher":{"@id":"https:\/\/www.notibras.com\/site\/#organization"},"image":{"@id":"https:\/\/www.notibras.com\/site\/marido-sueco-mata-empresaria-brasileira-milionaria-em-portugal-e-se-suicida\/#primaryimage"},"thumbnailUrl":"https:\/\/www.notibras.com\/site\/wp-content\/uploads\/2015\/09\/quinta.jpg","articleSection":["Brasil"],"inLanguage":"pt-BR","potentialAction":[{"@type":"CommentAction","name":"Comment","target":["https:\/\/www.notibras.com\/site\/marido-sueco-mata-empresaria-brasileira-milionaria-em-portugal-e-se-suicida\/#respond"]}]},{"@type":"WebPage","@id":"https:\/\/www.notibras.com\/site\/marido-sueco-mata-empresaria-brasileira-milionaria-em-portugal-e-se-suicida\/","url":"https:\/\/www.notibras.com\/site\/marido-sueco-mata-empresaria-brasileira-milionaria-em-portugal-e-se-suicida\/","name":"Marido sueco enforca empres\u00e1ria brasileira em Portugal e depois se mata - Notibras","isPartOf":{"@id":"https:\/\/www.notibras.com\/site\/#website"},"primaryImageOfPage":{"@id":"https:\/\/www.notibras.com\/site\/marido-sueco-mata-empresaria-brasileira-milionaria-em-portugal-e-se-suicida\/#primaryimage"},"image":{"@id":"https:\/\/www.notibras.com\/site\/marido-sueco-mata-empresaria-brasileira-milionaria-em-portugal-e-se-suicida\/#primaryimage"},"thumbnailUrl":"https:\/\/www.notibras.com\/site\/wp-content\/uploads\/2015\/09\/quinta.jpg","datePublished":"2015-09-15T15:47:27+00:00","dateModified":"2015-09-16T00:51:28+00:00","breadcrumb":{"@id":"https:\/\/www.notibras.com\/site\/marido-sueco-mata-empresaria-brasileira-milionaria-em-portugal-e-se-suicida\/#breadcrumb"},"inLanguage":"pt-BR","potentialAction":[{"@type":"ReadAction","target":["https:\/\/www.notibras.com\/site\/marido-sueco-mata-empresaria-brasileira-milionaria-em-portugal-e-se-suicida\/"]}]},{"@type":"ImageObject","inLanguage":"pt-BR","@id":"https:\/\/www.notibras.com\/site\/marido-sueco-mata-empresaria-brasileira-milionaria-em-portugal-e-se-suicida\/#primaryimage","url":"https:\/\/www.notibras.com\/site\/wp-content\/uploads\/2015\/09\/quinta.jpg","contentUrl":"https:\/\/www.notibras.com\/site\/wp-content\/uploads\/2015\/09\/quinta.jpg","width":640,"height":360},{"@type":"BreadcrumbList","@id":"https:\/\/www.notibras.com\/site\/marido-sueco-mata-empresaria-brasileira-milionaria-em-portugal-e-se-suicida\/#breadcrumb","itemListElement":[{"@type":"ListItem","position":1,"name":"In\u00edcio","item":"https:\/\/www.notibras.com\/site\/"},{"@type":"ListItem","position":2,"name":"Marido sueco enforca empres\u00e1ria brasileira em Portugal e depois se mata"}]},{"@type":"WebSite","@id":"https:\/\/www.notibras.com\/site\/#website","url":"https:\/\/www.notibras.com\/site\/","name":"Notibras","description":"Not\u00edcias de Bras\u00edlia, do Brasil e do Mundo","publisher":{"@id":"https:\/\/www.notibras.com\/site\/#organization"},"potentialAction":[{"@type":"SearchAction","target":{"@type":"EntryPoint","urlTemplate":"https:\/\/www.notibras.com\/site\/?s={search_term_string}"},"query-input":{"@type":"PropertyValueSpecification","valueRequired":true,"valueName":"search_term_string"}}],"inLanguage":"pt-BR"},{"@type":"Organization","@id":"https:\/\/www.notibras.com\/site\/#organization","name":"Grupo Notibras de Comunica\u00e7\u00e3o","url":"https:\/\/www.notibras.com\/site\/","logo":{"@type":"ImageObject","inLanguage":"pt-BR","@id":"https:\/\/www.notibras.com\/site\/#\/schema\/logo\/image\/","url":"https:\/\/www.notibras.com\/site\/wp-content\/uploads\/2023\/01\/notibras23.png","contentUrl":"https:\/\/www.notibras.com\/site\/wp-content\/uploads\/2023\/01\/notibras23.png","width":350,"height":87,"caption":"Grupo Notibras de Comunica\u00e7\u00e3o"},"image":{"@id":"https:\/\/www.notibras.com\/site\/#\/schema\/logo\/image\/"},"sameAs":["https:\/\/www.facebook.com\/notibras\/","https:\/\/x.com\/Notibras","https:\/\/www.instagram.com\/notibras\/"]},{"@type":"Person","@id":"https:\/\/www.notibras.com\/site\/#\/schema\/person\/36ab0979449956132d3e5b517ea76ac8","name":"Reda\u00e7\u00e3o","image":{"@type":"ImageObject","inLanguage":"pt-BR","@id":"https:\/\/secure.gravatar.com\/avatar\/e0a867bdedb85fd243eadf09663511f96fc81e0720a4a42581f334ad4303aa6b?s=96&d=mm&r=g","url":"https:\/\/secure.gravatar.com\/avatar\/e0a867bdedb85fd243eadf09663511f96fc81e0720a4a42581f334ad4303aa6b?s=96&d=mm&r=g","contentUrl":"https:\/\/secure.gravatar.com\/avatar\/e0a867bdedb85fd243eadf09663511f96fc81e0720a4a42581f334ad4303aa6b?s=96&d=mm&r=g","caption":"Reda\u00e7\u00e3o"}}]}},"amp_enabled":true,"_links":{"self":[{"href":"https:\/\/www.notibras.com\/site\/wp-json\/wp\/v2\/posts\/67872","targetHints":{"allow":["GET"]}}],"collection":[{"href":"https:\/\/www.notibras.com\/site\/wp-json\/wp\/v2\/posts"}],"about":[{"href":"https:\/\/www.notibras.com\/site\/wp-json\/wp\/v2\/types\/post"}],"author":[{"embeddable":true,"href":"https:\/\/www.notibras.com\/site\/wp-json\/wp\/v2\/users\/2"}],"replies":[{"embeddable":true,"href":"https:\/\/www.notibras.com\/site\/wp-json\/wp\/v2\/comments?post=67872"}],"version-history":[{"count":3,"href":"https:\/\/www.notibras.com\/site\/wp-json\/wp\/v2\/posts\/67872\/revisions"}],"predecessor-version":[{"id":67876,"href":"https:\/\/www.notibras.com\/site\/wp-json\/wp\/v2\/posts\/67872\/revisions\/67876"}],"wp:featuredmedia":[{"embeddable":true,"href":"https:\/\/www.notibras.com\/site\/wp-json\/wp\/v2\/media\/67873"}],"wp:attachment":[{"href":"https:\/\/www.notibras.com\/site\/wp-json\/wp\/v2\/media?parent=67872"}],"wp:term":[{"taxonomy":"category","embeddable":true,"href":"https:\/\/www.notibras.com\/site\/wp-json\/wp\/v2\/categories?post=67872"},{"taxonomy":"post_tag","embeddable":true,"href":"https:\/\/www.notibras.com\/site\/wp-json\/wp\/v2\/tags?post=67872"}],"curies":[{"name":"wp","href":"https:\/\/api.w.org\/{rel}","templated":true}]}}