{"id":67951,"date":"2015-09-15T20:11:12","date_gmt":"2015-09-15T23:11:12","guid":{"rendered":"http:\/\/www.notibras.com\/site\/?p=67951"},"modified":"2015-09-15T22:15:50","modified_gmt":"2015-09-16T01:15:50","slug":"empate-em-2-a-2-frustra-sonhos-de-bragantino-e-macae-de-melhorar-na-tabela","status":"publish","type":"post","link":"https:\/\/www.notibras.com\/site\/empate-em-2-a-2-frustra-sonhos-de-bragantino-e-macae-de-melhorar-na-tabela\/","title":{"rendered":"Empate em 2 a 2 frustra sonhos de Bragantino e Maca\u00e9 de melhorar na tabela"},"content":{"rendered":"<p>Bragantino e Maca\u00e9 empataram por 2 a 2 em partida disputada na noite desta ter\u00e7a-feira, no est\u00e1dio Nabi Abi Chedid, em Bragan\u00e7a Paulista. O resultado n\u00e3o foi bom para nenhuma das equipes.<\/p>\n<p>O time paulista chegou aos 38 pontos ganhos e ocupa a s\u00e9tima posi\u00e7\u00e3o. O Maca\u00e9 \u00e9 o 15\u00ba colocado com 30 pontos e manteve o seu jejum de vit\u00f3rias. O time do Rio de Janeiro n\u00e3o vence desde o dia 10 de julho.<\/p>\n<p>Depois do jogo, o zagueiro Brinner, que estava no banco de reservas, se queixou de ter recebido ofensas racistas que teriam partido de alguns torcedores do Bragantino, quando estava fazendo aquecimento. O protesto foi registrado pelo quarto \u00e1rbitro.<\/p>\n<p>Na pr\u00f3xima rodada, o Bragantino vai enfrentar o Oeste, em Osasco. O Maca\u00e9 vai receber o CRB, no Moacyrz\u00e3o.<\/p>\n","protected":false},"excerpt":{"rendered":"<p>Bragantino e Maca\u00e9 empataram por 2 a 2 em partida disputada na noite desta ter\u00e7a-feira, no est\u00e1dio Nabi Abi Chedid, em Bragan\u00e7a Paulista. O resultado n\u00e3o foi bom para nenhuma das equipes. O time paulista chegou aos 38 pontos ganhos e ocupa a s\u00e9tima posi\u00e7\u00e3o. O Maca\u00e9 \u00e9 o 15\u00ba colocado com 30 pontos e [&hellip;]<\/p>\n","protected":false},"author":2,"featured_media":67952,"comment_status":"open","ping_status":"closed","sticky":false,"template":"","format":"standard","meta":{"_acf_changed":false,"footnotes":""},"categories":[29],"tags":[],"class_list":["post-67951","post","type-post","status-publish","format-standard","has-post-thumbnail","hentry","category-futebol"],"acf":[],"yoast_head":"<!-- This site is optimized with the Yoast SEO plugin v27.2 - https:\/\/yoast.com\/product\/yoast-seo-wordpress\/ -->\n<title>Empate em 2 a 2 frustra sonhos de Bragantino e Maca\u00e9 de melhorar na tabela - Notibras<\/title>\n<meta name=\"robots\" content=\"index, follow, max-snippet:-1, max-image-preview:large, max-video-preview:-1\" \/>\n<link rel=\"canonical\" href=\"https:\/\/www.notibras.com\/site\/empate-em-2-a-2-frustra-sonhos-de-bragantino-e-macae-de-melhorar-na-tabela\/\" \/>\n<meta property=\"og:locale\" content=\"pt_BR\" \/>\n<meta property=\"og:type\" content=\"article\" \/>\n<meta property=\"og:title\" content=\"Empate em 2 a 2 frustra sonhos de Bragantino e Maca\u00e9 de melhorar na tabela - Notibras\" \/>\n<meta property=\"og:description\" content=\"Bragantino e Maca\u00e9 empataram por 2 a 2 em partida disputada na noite desta ter\u00e7a-feira, no est\u00e1dio Nabi Abi Chedid, em Bragan\u00e7a Paulista. O resultado n\u00e3o foi bom para nenhuma das equipes. O time paulista chegou aos 38 pontos ganhos e ocupa a s\u00e9tima posi\u00e7\u00e3o. O Maca\u00e9 \u00e9 o 15\u00ba colocado com 30 pontos e [&hellip;]\" \/>\n<meta property=\"og:url\" content=\"https:\/\/www.notibras.com\/site\/empate-em-2-a-2-frustra-sonhos-de-bragantino-e-macae-de-melhorar-na-tabela\/\" \/>\n<meta property=\"og:site_name\" content=\"Notibras\" \/>\n<meta property=\"article:publisher\" content=\"https:\/\/www.facebook.com\/notibras\/\" \/>\n<meta property=\"article:published_time\" content=\"2015-09-15T23:11:12+00:00\" \/>\n<meta property=\"article:modified_time\" content=\"2015-09-16T01:15:50+00:00\" \/>\n<meta property=\"og:image\" content=\"https:\/\/www.notibras.com\/site\/wp-content\/uploads\/2015\/09\/macae_x_bragantino_02_-_foto_tiago_ferreira_1.jpg\" \/>\n\t<meta property=\"og:image:width\" content=\"690\" \/>\n\t<meta property=\"og:image:height\" content=\"460\" \/>\n\t<meta property=\"og:image:type\" content=\"image\/jpeg\" \/>\n<meta name=\"author\" content=\"Reda\u00e7\u00e3o\" \/>\n<meta name=\"twitter:card\" content=\"summary_large_image\" \/>\n<meta name=\"twitter:creator\" content=\"@Notibras\" \/>\n<meta name=\"twitter:site\" content=\"@Notibras\" \/>\n<meta name=\"twitter:label1\" content=\"Escrito por\" \/>\n\t<meta name=\"twitter:data1\" content=\"Reda\u00e7\u00e3o\" \/>\n\t<meta name=\"twitter:label2\" content=\"Est. tempo de leitura\" \/>\n\t<meta name=\"twitter:data2\" content=\"1 minuto\" \/>\n<script type=\"application\/ld+json\" class=\"yoast-schema-graph\">{\"@context\":\"https:\/\/schema.org\",\"@graph\":[{\"@type\":\"Article\",\"@id\":\"https:\/\/www.notibras.com\/site\/empate-em-2-a-2-frustra-sonhos-de-bragantino-e-macae-de-melhorar-na-tabela\/#article\",\"isPartOf\":{\"@id\":\"https:\/\/www.notibras.com\/site\/empate-em-2-a-2-frustra-sonhos-de-bragantino-e-macae-de-melhorar-na-tabela\/\"},\"author\":{\"name\":\"Reda\u00e7\u00e3o\",\"@id\":\"https:\/\/www.notibras.com\/site\/#\/schema\/person\/36ab0979449956132d3e5b517ea76ac8\"},\"headline\":\"Empate em 2 a 2 frustra sonhos de Bragantino e Maca\u00e9 de melhorar na tabela\",\"datePublished\":\"2015-09-15T23:11:12+00:00\",\"dateModified\":\"2015-09-16T01:15:50+00:00\",\"mainEntityOfPage\":{\"@id\":\"https:\/\/www.notibras.com\/site\/empate-em-2-a-2-frustra-sonhos-de-bragantino-e-macae-de-melhorar-na-tabela\/\"},\"wordCount\":148,\"commentCount\":0,\"publisher\":{\"@id\":\"https:\/\/www.notibras.com\/site\/#organization\"},\"image\":{\"@id\":\"https:\/\/www.notibras.com\/site\/empate-em-2-a-2-frustra-sonhos-de-bragantino-e-macae-de-melhorar-na-tabela\/#primaryimage\"},\"thumbnailUrl\":\"https:\/\/www.notibras.com\/site\/wp-content\/uploads\/2015\/09\/macae_x_bragantino_02_-_foto_tiago_ferreira_1.jpg\",\"articleSection\":[\"Futebol\"],\"inLanguage\":\"pt-BR\",\"potentialAction\":[{\"@type\":\"CommentAction\",\"name\":\"Comment\",\"target\":[\"https:\/\/www.notibras.com\/site\/empate-em-2-a-2-frustra-sonhos-de-bragantino-e-macae-de-melhorar-na-tabela\/#respond\"]}]},{\"@type\":\"WebPage\",\"@id\":\"https:\/\/www.notibras.com\/site\/empate-em-2-a-2-frustra-sonhos-de-bragantino-e-macae-de-melhorar-na-tabela\/\",\"url\":\"https:\/\/www.notibras.com\/site\/empate-em-2-a-2-frustra-sonhos-de-bragantino-e-macae-de-melhorar-na-tabela\/\",\"name\":\"Empate em 2 a 2 frustra sonhos de Bragantino e Maca\u00e9 de melhorar na tabela - Notibras\",\"isPartOf\":{\"@id\":\"https:\/\/www.notibras.com\/site\/#website\"},\"primaryImageOfPage\":{\"@id\":\"https:\/\/www.notibras.com\/site\/empate-em-2-a-2-frustra-sonhos-de-bragantino-e-macae-de-melhorar-na-tabela\/#primaryimage\"},\"image\":{\"@id\":\"https:\/\/www.notibras.com\/site\/empate-em-2-a-2-frustra-sonhos-de-bragantino-e-macae-de-melhorar-na-tabela\/#primaryimage\"},\"thumbnailUrl\":\"https:\/\/www.notibras.com\/site\/wp-content\/uploads\/2015\/09\/macae_x_bragantino_02_-_foto_tiago_ferreira_1.jpg\",\"datePublished\":\"2015-09-15T23:11:12+00:00\",\"dateModified\":\"2015-09-16T01:15:50+00:00\",\"breadcrumb\":{\"@id\":\"https:\/\/www.notibras.com\/site\/empate-em-2-a-2-frustra-sonhos-de-bragantino-e-macae-de-melhorar-na-tabela\/#breadcrumb\"},\"inLanguage\":\"pt-BR\",\"potentialAction\":[{\"@type\":\"ReadAction\",\"target\":[\"https:\/\/www.notibras.com\/site\/empate-em-2-a-2-frustra-sonhos-de-bragantino-e-macae-de-melhorar-na-tabela\/\"]}]},{\"@type\":\"ImageObject\",\"inLanguage\":\"pt-BR\",\"@id\":\"https:\/\/www.notibras.com\/site\/empate-em-2-a-2-frustra-sonhos-de-bragantino-e-macae-de-melhorar-na-tabela\/#primaryimage\",\"url\":\"https:\/\/www.notibras.com\/site\/wp-content\/uploads\/2015\/09\/macae_x_bragantino_02_-_foto_tiago_ferreira_1.jpg\",\"contentUrl\":\"https:\/\/www.notibras.com\/site\/wp-content\/uploads\/2015\/09\/macae_x_bragantino_02_-_foto_tiago_ferreira_1.jpg\",\"width\":690,\"height\":460},{\"@type\":\"BreadcrumbList\",\"@id\":\"https:\/\/www.notibras.com\/site\/empate-em-2-a-2-frustra-sonhos-de-bragantino-e-macae-de-melhorar-na-tabela\/#breadcrumb\",\"itemListElement\":[{\"@type\":\"ListItem\",\"position\":1,\"name\":\"In\u00edcio\",\"item\":\"https:\/\/www.notibras.com\/site\/\"},{\"@type\":\"ListItem\",\"position\":2,\"name\":\"Empate em 2 a 2 frustra sonhos de Bragantino e Maca\u00e9 de melhorar na tabela\"}]},{\"@type\":\"WebSite\",\"@id\":\"https:\/\/www.notibras.com\/site\/#website\",\"url\":\"https:\/\/www.notibras.com\/site\/\",\"name\":\"Notibras\",\"description\":\"Not\u00edcias de Bras\u00edlia, do Brasil e do Mundo\",\"publisher\":{\"@id\":\"https:\/\/www.notibras.com\/site\/#organization\"},\"potentialAction\":[{\"@type\":\"SearchAction\",\"target\":{\"@type\":\"EntryPoint\",\"urlTemplate\":\"https:\/\/www.notibras.com\/site\/?s={search_term_string}\"},\"query-input\":{\"@type\":\"PropertyValueSpecification\",\"valueRequired\":true,\"valueName\":\"search_term_string\"}}],\"inLanguage\":\"pt-BR\"},{\"@type\":\"Organization\",\"@id\":\"https:\/\/www.notibras.com\/site\/#organization\",\"name\":\"Grupo Notibras de Comunica\u00e7\u00e3o\",\"url\":\"https:\/\/www.notibras.com\/site\/\",\"logo\":{\"@type\":\"ImageObject\",\"inLanguage\":\"pt-BR\",\"@id\":\"https:\/\/www.notibras.com\/site\/#\/schema\/logo\/image\/\",\"url\":\"https:\/\/www.notibras.com\/site\/wp-content\/uploads\/2023\/01\/notibras23.png\",\"contentUrl\":\"https:\/\/www.notibras.com\/site\/wp-content\/uploads\/2023\/01\/notibras23.png\",\"width\":350,\"height\":87,\"caption\":\"Grupo Notibras de Comunica\u00e7\u00e3o\"},\"image\":{\"@id\":\"https:\/\/www.notibras.com\/site\/#\/schema\/logo\/image\/\"},\"sameAs\":[\"https:\/\/www.facebook.com\/notibras\/\",\"https:\/\/x.com\/Notibras\",\"https:\/\/www.instagram.com\/notibras\/\"]},{\"@type\":\"Person\",\"@id\":\"https:\/\/www.notibras.com\/site\/#\/schema\/person\/36ab0979449956132d3e5b517ea76ac8\",\"name\":\"Reda\u00e7\u00e3o\",\"image\":{\"@type\":\"ImageObject\",\"inLanguage\":\"pt-BR\",\"@id\":\"https:\/\/secure.gravatar.com\/avatar\/e0a867bdedb85fd243eadf09663511f96fc81e0720a4a42581f334ad4303aa6b?s=96&d=mm&r=g\",\"url\":\"https:\/\/secure.gravatar.com\/avatar\/e0a867bdedb85fd243eadf09663511f96fc81e0720a4a42581f334ad4303aa6b?s=96&d=mm&r=g\",\"contentUrl\":\"https:\/\/secure.gravatar.com\/avatar\/e0a867bdedb85fd243eadf09663511f96fc81e0720a4a42581f334ad4303aa6b?s=96&d=mm&r=g\",\"caption\":\"Reda\u00e7\u00e3o\"}}]}<\/script>\n<!-- \/ Yoast SEO plugin. -->","yoast_head_json":{"title":"Empate em 2 a 2 frustra sonhos de Bragantino e Maca\u00e9 de melhorar na tabela - Notibras","robots":{"index":"index","follow":"follow","max-snippet":"max-snippet:-1","max-image-preview":"max-image-preview:large","max-video-preview":"max-video-preview:-1"},"canonical":"https:\/\/www.notibras.com\/site\/empate-em-2-a-2-frustra-sonhos-de-bragantino-e-macae-de-melhorar-na-tabela\/","og_locale":"pt_BR","og_type":"article","og_title":"Empate em 2 a 2 frustra sonhos de Bragantino e Maca\u00e9 de melhorar na tabela - Notibras","og_description":"Bragantino e Maca\u00e9 empataram por 2 a 2 em partida disputada na noite desta ter\u00e7a-feira, no est\u00e1dio Nabi Abi Chedid, em Bragan\u00e7a Paulista. O resultado n\u00e3o foi bom para nenhuma das equipes. O time paulista chegou aos 38 pontos ganhos e ocupa a s\u00e9tima posi\u00e7\u00e3o. O Maca\u00e9 \u00e9 o 15\u00ba colocado com 30 pontos e [&hellip;]","og_url":"https:\/\/www.notibras.com\/site\/empate-em-2-a-2-frustra-sonhos-de-bragantino-e-macae-de-melhorar-na-tabela\/","og_site_name":"Notibras","article_publisher":"https:\/\/www.facebook.com\/notibras\/","article_published_time":"2015-09-15T23:11:12+00:00","article_modified_time":"2015-09-16T01:15:50+00:00","og_image":[{"width":690,"height":460,"url":"https:\/\/www.notibras.com\/site\/wp-content\/uploads\/2015\/09\/macae_x_bragantino_02_-_foto_tiago_ferreira_1.jpg","type":"image\/jpeg"}],"author":"Reda\u00e7\u00e3o","twitter_card":"summary_large_image","twitter_creator":"@Notibras","twitter_site":"@Notibras","twitter_misc":{"Escrito por":"Reda\u00e7\u00e3o","Est. tempo de leitura":"1 minuto"},"schema":{"@context":"https:\/\/schema.org","@graph":[{"@type":"Article","@id":"https:\/\/www.notibras.com\/site\/empate-em-2-a-2-frustra-sonhos-de-bragantino-e-macae-de-melhorar-na-tabela\/#article","isPartOf":{"@id":"https:\/\/www.notibras.com\/site\/empate-em-2-a-2-frustra-sonhos-de-bragantino-e-macae-de-melhorar-na-tabela\/"},"author":{"name":"Reda\u00e7\u00e3o","@id":"https:\/\/www.notibras.com\/site\/#\/schema\/person\/36ab0979449956132d3e5b517ea76ac8"},"headline":"Empate em 2 a 2 frustra sonhos de Bragantino e Maca\u00e9 de melhorar na tabela","datePublished":"2015-09-15T23:11:12+00:00","dateModified":"2015-09-16T01:15:50+00:00","mainEntityOfPage":{"@id":"https:\/\/www.notibras.com\/site\/empate-em-2-a-2-frustra-sonhos-de-bragantino-e-macae-de-melhorar-na-tabela\/"},"wordCount":148,"commentCount":0,"publisher":{"@id":"https:\/\/www.notibras.com\/site\/#organization"},"image":{"@id":"https:\/\/www.notibras.com\/site\/empate-em-2-a-2-frustra-sonhos-de-bragantino-e-macae-de-melhorar-na-tabela\/#primaryimage"},"thumbnailUrl":"https:\/\/www.notibras.com\/site\/wp-content\/uploads\/2015\/09\/macae_x_bragantino_02_-_foto_tiago_ferreira_1.jpg","articleSection":["Futebol"],"inLanguage":"pt-BR","potentialAction":[{"@type":"CommentAction","name":"Comment","target":["https:\/\/www.notibras.com\/site\/empate-em-2-a-2-frustra-sonhos-de-bragantino-e-macae-de-melhorar-na-tabela\/#respond"]}]},{"@type":"WebPage","@id":"https:\/\/www.notibras.com\/site\/empate-em-2-a-2-frustra-sonhos-de-bragantino-e-macae-de-melhorar-na-tabela\/","url":"https:\/\/www.notibras.com\/site\/empate-em-2-a-2-frustra-sonhos-de-bragantino-e-macae-de-melhorar-na-tabela\/","name":"Empate em 2 a 2 frustra sonhos de Bragantino e Maca\u00e9 de melhorar na tabela - Notibras","isPartOf":{"@id":"https:\/\/www.notibras.com\/site\/#website"},"primaryImageOfPage":{"@id":"https:\/\/www.notibras.com\/site\/empate-em-2-a-2-frustra-sonhos-de-bragantino-e-macae-de-melhorar-na-tabela\/#primaryimage"},"image":{"@id":"https:\/\/www.notibras.com\/site\/empate-em-2-a-2-frustra-sonhos-de-bragantino-e-macae-de-melhorar-na-tabela\/#primaryimage"},"thumbnailUrl":"https:\/\/www.notibras.com\/site\/wp-content\/uploads\/2015\/09\/macae_x_bragantino_02_-_foto_tiago_ferreira_1.jpg","datePublished":"2015-09-15T23:11:12+00:00","dateModified":"2015-09-16T01:15:50+00:00","breadcrumb":{"@id":"https:\/\/www.notibras.com\/site\/empate-em-2-a-2-frustra-sonhos-de-bragantino-e-macae-de-melhorar-na-tabela\/#breadcrumb"},"inLanguage":"pt-BR","potentialAction":[{"@type":"ReadAction","target":["https:\/\/www.notibras.com\/site\/empate-em-2-a-2-frustra-sonhos-de-bragantino-e-macae-de-melhorar-na-tabela\/"]}]},{"@type":"ImageObject","inLanguage":"pt-BR","@id":"https:\/\/www.notibras.com\/site\/empate-em-2-a-2-frustra-sonhos-de-bragantino-e-macae-de-melhorar-na-tabela\/#primaryimage","url":"https:\/\/www.notibras.com\/site\/wp-content\/uploads\/2015\/09\/macae_x_bragantino_02_-_foto_tiago_ferreira_1.jpg","contentUrl":"https:\/\/www.notibras.com\/site\/wp-content\/uploads\/2015\/09\/macae_x_bragantino_02_-_foto_tiago_ferreira_1.jpg","width":690,"height":460},{"@type":"BreadcrumbList","@id":"https:\/\/www.notibras.com\/site\/empate-em-2-a-2-frustra-sonhos-de-bragantino-e-macae-de-melhorar-na-tabela\/#breadcrumb","itemListElement":[{"@type":"ListItem","position":1,"name":"In\u00edcio","item":"https:\/\/www.notibras.com\/site\/"},{"@type":"ListItem","position":2,"name":"Empate em 2 a 2 frustra sonhos de Bragantino e Maca\u00e9 de melhorar na tabela"}]},{"@type":"WebSite","@id":"https:\/\/www.notibras.com\/site\/#website","url":"https:\/\/www.notibras.com\/site\/","name":"Notibras","description":"Not\u00edcias de Bras\u00edlia, do Brasil e do Mundo","publisher":{"@id":"https:\/\/www.notibras.com\/site\/#organization"},"potentialAction":[{"@type":"SearchAction","target":{"@type":"EntryPoint","urlTemplate":"https:\/\/www.notibras.com\/site\/?s={search_term_string}"},"query-input":{"@type":"PropertyValueSpecification","valueRequired":true,"valueName":"search_term_string"}}],"inLanguage":"pt-BR"},{"@type":"Organization","@id":"https:\/\/www.notibras.com\/site\/#organization","name":"Grupo Notibras de Comunica\u00e7\u00e3o","url":"https:\/\/www.notibras.com\/site\/","logo":{"@type":"ImageObject","inLanguage":"pt-BR","@id":"https:\/\/www.notibras.com\/site\/#\/schema\/logo\/image\/","url":"https:\/\/www.notibras.com\/site\/wp-content\/uploads\/2023\/01\/notibras23.png","contentUrl":"https:\/\/www.notibras.com\/site\/wp-content\/uploads\/2023\/01\/notibras23.png","width":350,"height":87,"caption":"Grupo Notibras de Comunica\u00e7\u00e3o"},"image":{"@id":"https:\/\/www.notibras.com\/site\/#\/schema\/logo\/image\/"},"sameAs":["https:\/\/www.facebook.com\/notibras\/","https:\/\/x.com\/Notibras","https:\/\/www.instagram.com\/notibras\/"]},{"@type":"Person","@id":"https:\/\/www.notibras.com\/site\/#\/schema\/person\/36ab0979449956132d3e5b517ea76ac8","name":"Reda\u00e7\u00e3o","image":{"@type":"ImageObject","inLanguage":"pt-BR","@id":"https:\/\/secure.gravatar.com\/avatar\/e0a867bdedb85fd243eadf09663511f96fc81e0720a4a42581f334ad4303aa6b?s=96&d=mm&r=g","url":"https:\/\/secure.gravatar.com\/avatar\/e0a867bdedb85fd243eadf09663511f96fc81e0720a4a42581f334ad4303aa6b?s=96&d=mm&r=g","contentUrl":"https:\/\/secure.gravatar.com\/avatar\/e0a867bdedb85fd243eadf09663511f96fc81e0720a4a42581f334ad4303aa6b?s=96&d=mm&r=g","caption":"Reda\u00e7\u00e3o"}}]}},"amp_enabled":true,"_links":{"self":[{"href":"https:\/\/www.notibras.com\/site\/wp-json\/wp\/v2\/posts\/67951","targetHints":{"allow":["GET"]}}],"collection":[{"href":"https:\/\/www.notibras.com\/site\/wp-json\/wp\/v2\/posts"}],"about":[{"href":"https:\/\/www.notibras.com\/site\/wp-json\/wp\/v2\/types\/post"}],"author":[{"embeddable":true,"href":"https:\/\/www.notibras.com\/site\/wp-json\/wp\/v2\/users\/2"}],"replies":[{"embeddable":true,"href":"https:\/\/www.notibras.com\/site\/wp-json\/wp\/v2\/comments?post=67951"}],"version-history":[{"count":1,"href":"https:\/\/www.notibras.com\/site\/wp-json\/wp\/v2\/posts\/67951\/revisions"}],"predecessor-version":[{"id":67953,"href":"https:\/\/www.notibras.com\/site\/wp-json\/wp\/v2\/posts\/67951\/revisions\/67953"}],"wp:featuredmedia":[{"embeddable":true,"href":"https:\/\/www.notibras.com\/site\/wp-json\/wp\/v2\/media\/67952"}],"wp:attachment":[{"href":"https:\/\/www.notibras.com\/site\/wp-json\/wp\/v2\/media?parent=67951"}],"wp:term":[{"taxonomy":"category","embeddable":true,"href":"https:\/\/www.notibras.com\/site\/wp-json\/wp\/v2\/categories?post=67951"},{"taxonomy":"post_tag","embeddable":true,"href":"https:\/\/www.notibras.com\/site\/wp-json\/wp\/v2\/tags?post=67951"}],"curies":[{"name":"wp","href":"https:\/\/api.w.org\/{rel}","templated":true}]}}