{"id":67974,"date":"2015-09-15T16:15:10","date_gmt":"2015-09-15T19:15:10","guid":{"rendered":"http:\/\/www.notibras.com\/site\/?p=67974"},"modified":"2015-10-29T14:34:43","modified_gmt":"2015-10-29T16:34:43","slug":"policia-prende-ex-secretarios-nadaf-e-cursi-ex-governador-silval-esta-sendo-procurado","status":"publish","type":"post","link":"https:\/\/www.notibras.com\/site\/policia-prende-ex-secretarios-nadaf-e-cursi-ex-governador-silval-esta-sendo-procurado\/","title":{"rendered":"Pol\u00edcia prende ex-secret\u00e1rios Nadaf e Cursi; ex-governador Silval est\u00e1 sendo procurado"},"content":{"rendered":"<p>Os ex-secret\u00e1rios Pedro Nadaf e Marcel de Cursi, que ocuparam a Casa Civil e a Secretaria da Fazenda durante o governo de Silval Barbosa (PMDB), foram presos na tarde desta ter\u00e7a-feira (15) em Cuiab\u00e1, durante a opera\u00e7\u00e3o Sodoma, do Comit\u00ea Interinstitucional de Recupera\u00e7\u00e3o de Ativos.<\/p>\n<p>Tamb\u00e9m foi determinada a pris\u00e3o de Silval Barbosa, por\u00e9m, ele ainda n\u00e3o foi encontrado. Os mandados s\u00e3o de pris\u00e3o preventiva e foram determinados pela Vara de Combate ao Crime Organizado de Cuiab\u00e1 (7\u00aa Vara Criminal).<\/p>\n<p>Ap\u00f3s cerca de tr\u00eas horas, policiais civis deixaram o pr\u00e9dio onde vive o ex-governador em Cuiab\u00e1 com documentos obtidos mediante mandado de busca e apreens\u00e3o. Os advogados de Silval Barbosa &#8211; Valber Mello e Ulisses Rabaneda &#8211; tamb\u00e9m estiveram no local, mas disseram \u00e0 imprensa que s\u00f3 se pronunciariam ap\u00f3s terem acesso aos autos do processo. J\u00e1 o advogado de Nadaf, Willian Khalil, disse que ainda n\u00e3o sabe o teor da investiga\u00e7\u00e3o. A defesa de Cursi n\u00e3o foi localizada.<\/p>\n<p>Barbosa, Nadaf e Cursi s\u00e3o suspeitos de corrup\u00e7\u00e3o e lavagem de dinheiro entre os anos de 2013 e 2014. A Justi\u00e7a tamb\u00e9m determinou busca e apreens\u00e3o e condu\u00e7\u00e3o coercitiva de suspeitos. Os presos foram levados para a sede da Defaz, na capital. Os ex-secret\u00e1rios presos seriam levados ao Centro de Cust\u00f3dia de Cuiab\u00e1 ainda na noite desta ter\u00e7a-feira. Eles dever\u00e3o ficar em celas separadas, segundo a Pol\u00edcia Civil.<\/p>\n","protected":false},"excerpt":{"rendered":"<p>Os ex-secret\u00e1rios Pedro Nadaf e Marcel de Cursi, que ocuparam a Casa Civil e a Secretaria da Fazenda durante o governo de Silval Barbosa (PMDB), foram presos na tarde desta ter\u00e7a-feira (15) em Cuiab\u00e1, durante a opera\u00e7\u00e3o Sodoma, do Comit\u00ea Interinstitucional de Recupera\u00e7\u00e3o de Ativos. Tamb\u00e9m foi determinada a pris\u00e3o de Silval Barbosa, por\u00e9m, ele [&hellip;]<\/p>\n","protected":false},"author":2,"featured_media":67975,"comment_status":"open","ping_status":"closed","sticky":false,"template":"","format":"standard","meta":{"_acf_changed":false,"footnotes":""},"categories":[16],"tags":[],"class_list":["post-67974","post","type-post","status-publish","format-standard","has-post-thumbnail","hentry","category-brasil"],"acf":[],"yoast_head":"<!-- This site is optimized with the Yoast SEO plugin v27.2 - https:\/\/yoast.com\/product\/yoast-seo-wordpress\/ -->\n<title>Pol\u00edcia prende ex-secret\u00e1rios Nadaf e Cursi; ex-governador Silval est\u00e1 sendo procurado - Notibras<\/title>\n<meta name=\"robots\" content=\"index, follow, max-snippet:-1, max-image-preview:large, max-video-preview:-1\" \/>\n<link rel=\"canonical\" href=\"https:\/\/www.notibras.com\/site\/policia-prende-ex-secretarios-nadaf-e-cursi-ex-governador-silval-esta-sendo-procurado\/\" \/>\n<meta property=\"og:locale\" content=\"pt_BR\" \/>\n<meta property=\"og:type\" content=\"article\" \/>\n<meta property=\"og:title\" content=\"Pol\u00edcia prende ex-secret\u00e1rios Nadaf e Cursi; ex-governador Silval est\u00e1 sendo procurado - Notibras\" \/>\n<meta property=\"og:description\" content=\"Os ex-secret\u00e1rios Pedro Nadaf e Marcel de Cursi, que ocuparam a Casa Civil e a Secretaria da Fazenda durante o governo de Silval Barbosa (PMDB), foram presos na tarde desta ter\u00e7a-feira (15) em Cuiab\u00e1, durante a opera\u00e7\u00e3o Sodoma, do Comit\u00ea Interinstitucional de Recupera\u00e7\u00e3o de Ativos. Tamb\u00e9m foi determinada a pris\u00e3o de Silval Barbosa, por\u00e9m, ele [&hellip;]\" \/>\n<meta property=\"og:url\" content=\"https:\/\/www.notibras.com\/site\/policia-prende-ex-secretarios-nadaf-e-cursi-ex-governador-silval-esta-sendo-procurado\/\" \/>\n<meta property=\"og:site_name\" content=\"Notibras\" \/>\n<meta property=\"article:publisher\" content=\"https:\/\/www.facebook.com\/notibras\/\" \/>\n<meta property=\"article:published_time\" content=\"2015-09-15T19:15:10+00:00\" \/>\n<meta property=\"article:modified_time\" content=\"2015-10-29T16:34:43+00:00\" \/>\n<meta property=\"og:image\" content=\"https:\/\/www.notibras.com\/site\/wp-content\/uploads\/2015\/09\/defaz.jpg\" \/>\n\t<meta property=\"og:image:width\" content=\"620\" \/>\n\t<meta property=\"og:image:height\" content=\"465\" \/>\n\t<meta property=\"og:image:type\" content=\"image\/jpeg\" \/>\n<meta name=\"author\" content=\"Reda\u00e7\u00e3o\" \/>\n<meta name=\"twitter:card\" content=\"summary_large_image\" \/>\n<meta name=\"twitter:creator\" content=\"@Notibras\" \/>\n<meta name=\"twitter:site\" content=\"@Notibras\" \/>\n<meta name=\"twitter:label1\" content=\"Escrito por\" \/>\n\t<meta name=\"twitter:data1\" content=\"Reda\u00e7\u00e3o\" \/>\n\t<meta name=\"twitter:label2\" content=\"Est. tempo de leitura\" \/>\n\t<meta name=\"twitter:data2\" content=\"1 minuto\" \/>\n<script type=\"application\/ld+json\" class=\"yoast-schema-graph\">{\"@context\":\"https:\/\/schema.org\",\"@graph\":[{\"@type\":\"Article\",\"@id\":\"https:\/\/www.notibras.com\/site\/policia-prende-ex-secretarios-nadaf-e-cursi-ex-governador-silval-esta-sendo-procurado\/#article\",\"isPartOf\":{\"@id\":\"https:\/\/www.notibras.com\/site\/policia-prende-ex-secretarios-nadaf-e-cursi-ex-governador-silval-esta-sendo-procurado\/\"},\"author\":{\"name\":\"Reda\u00e7\u00e3o\",\"@id\":\"https:\/\/www.notibras.com\/site\/#\/schema\/person\/36ab0979449956132d3e5b517ea76ac8\"},\"headline\":\"Pol\u00edcia prende ex-secret\u00e1rios Nadaf e Cursi; ex-governador Silval est\u00e1 sendo procurado\",\"datePublished\":\"2015-09-15T19:15:10+00:00\",\"dateModified\":\"2015-10-29T16:34:43+00:00\",\"mainEntityOfPage\":{\"@id\":\"https:\/\/www.notibras.com\/site\/policia-prende-ex-secretarios-nadaf-e-cursi-ex-governador-silval-esta-sendo-procurado\/\"},\"wordCount\":265,\"commentCount\":0,\"publisher\":{\"@id\":\"https:\/\/www.notibras.com\/site\/#organization\"},\"image\":{\"@id\":\"https:\/\/www.notibras.com\/site\/policia-prende-ex-secretarios-nadaf-e-cursi-ex-governador-silval-esta-sendo-procurado\/#primaryimage\"},\"thumbnailUrl\":\"https:\/\/www.notibras.com\/site\/wp-content\/uploads\/2015\/09\/defaz.jpg\",\"articleSection\":[\"Brasil\"],\"inLanguage\":\"pt-BR\",\"potentialAction\":[{\"@type\":\"CommentAction\",\"name\":\"Comment\",\"target\":[\"https:\/\/www.notibras.com\/site\/policia-prende-ex-secretarios-nadaf-e-cursi-ex-governador-silval-esta-sendo-procurado\/#respond\"]}]},{\"@type\":\"WebPage\",\"@id\":\"https:\/\/www.notibras.com\/site\/policia-prende-ex-secretarios-nadaf-e-cursi-ex-governador-silval-esta-sendo-procurado\/\",\"url\":\"https:\/\/www.notibras.com\/site\/policia-prende-ex-secretarios-nadaf-e-cursi-ex-governador-silval-esta-sendo-procurado\/\",\"name\":\"Pol\u00edcia prende ex-secret\u00e1rios Nadaf e Cursi; ex-governador Silval est\u00e1 sendo procurado - Notibras\",\"isPartOf\":{\"@id\":\"https:\/\/www.notibras.com\/site\/#website\"},\"primaryImageOfPage\":{\"@id\":\"https:\/\/www.notibras.com\/site\/policia-prende-ex-secretarios-nadaf-e-cursi-ex-governador-silval-esta-sendo-procurado\/#primaryimage\"},\"image\":{\"@id\":\"https:\/\/www.notibras.com\/site\/policia-prende-ex-secretarios-nadaf-e-cursi-ex-governador-silval-esta-sendo-procurado\/#primaryimage\"},\"thumbnailUrl\":\"https:\/\/www.notibras.com\/site\/wp-content\/uploads\/2015\/09\/defaz.jpg\",\"datePublished\":\"2015-09-15T19:15:10+00:00\",\"dateModified\":\"2015-10-29T16:34:43+00:00\",\"breadcrumb\":{\"@id\":\"https:\/\/www.notibras.com\/site\/policia-prende-ex-secretarios-nadaf-e-cursi-ex-governador-silval-esta-sendo-procurado\/#breadcrumb\"},\"inLanguage\":\"pt-BR\",\"potentialAction\":[{\"@type\":\"ReadAction\",\"target\":[\"https:\/\/www.notibras.com\/site\/policia-prende-ex-secretarios-nadaf-e-cursi-ex-governador-silval-esta-sendo-procurado\/\"]}]},{\"@type\":\"ImageObject\",\"inLanguage\":\"pt-BR\",\"@id\":\"https:\/\/www.notibras.com\/site\/policia-prende-ex-secretarios-nadaf-e-cursi-ex-governador-silval-esta-sendo-procurado\/#primaryimage\",\"url\":\"https:\/\/www.notibras.com\/site\/wp-content\/uploads\/2015\/09\/defaz.jpg\",\"contentUrl\":\"https:\/\/www.notibras.com\/site\/wp-content\/uploads\/2015\/09\/defaz.jpg\",\"width\":620,\"height\":465},{\"@type\":\"BreadcrumbList\",\"@id\":\"https:\/\/www.notibras.com\/site\/policia-prende-ex-secretarios-nadaf-e-cursi-ex-governador-silval-esta-sendo-procurado\/#breadcrumb\",\"itemListElement\":[{\"@type\":\"ListItem\",\"position\":1,\"name\":\"In\u00edcio\",\"item\":\"https:\/\/www.notibras.com\/site\/\"},{\"@type\":\"ListItem\",\"position\":2,\"name\":\"Pol\u00edcia prende ex-secret\u00e1rios Nadaf e Cursi; ex-governador Silval est\u00e1 sendo procurado\"}]},{\"@type\":\"WebSite\",\"@id\":\"https:\/\/www.notibras.com\/site\/#website\",\"url\":\"https:\/\/www.notibras.com\/site\/\",\"name\":\"Notibras\",\"description\":\"Not\u00edcias de Bras\u00edlia, do Brasil e do Mundo\",\"publisher\":{\"@id\":\"https:\/\/www.notibras.com\/site\/#organization\"},\"potentialAction\":[{\"@type\":\"SearchAction\",\"target\":{\"@type\":\"EntryPoint\",\"urlTemplate\":\"https:\/\/www.notibras.com\/site\/?s={search_term_string}\"},\"query-input\":{\"@type\":\"PropertyValueSpecification\",\"valueRequired\":true,\"valueName\":\"search_term_string\"}}],\"inLanguage\":\"pt-BR\"},{\"@type\":\"Organization\",\"@id\":\"https:\/\/www.notibras.com\/site\/#organization\",\"name\":\"Grupo Notibras de Comunica\u00e7\u00e3o\",\"url\":\"https:\/\/www.notibras.com\/site\/\",\"logo\":{\"@type\":\"ImageObject\",\"inLanguage\":\"pt-BR\",\"@id\":\"https:\/\/www.notibras.com\/site\/#\/schema\/logo\/image\/\",\"url\":\"https:\/\/www.notibras.com\/site\/wp-content\/uploads\/2023\/01\/notibras23.png\",\"contentUrl\":\"https:\/\/www.notibras.com\/site\/wp-content\/uploads\/2023\/01\/notibras23.png\",\"width\":350,\"height\":87,\"caption\":\"Grupo Notibras de Comunica\u00e7\u00e3o\"},\"image\":{\"@id\":\"https:\/\/www.notibras.com\/site\/#\/schema\/logo\/image\/\"},\"sameAs\":[\"https:\/\/www.facebook.com\/notibras\/\",\"https:\/\/x.com\/Notibras\",\"https:\/\/www.instagram.com\/notibras\/\"]},{\"@type\":\"Person\",\"@id\":\"https:\/\/www.notibras.com\/site\/#\/schema\/person\/36ab0979449956132d3e5b517ea76ac8\",\"name\":\"Reda\u00e7\u00e3o\",\"image\":{\"@type\":\"ImageObject\",\"inLanguage\":\"pt-BR\",\"@id\":\"https:\/\/secure.gravatar.com\/avatar\/e0a867bdedb85fd243eadf09663511f96fc81e0720a4a42581f334ad4303aa6b?s=96&d=mm&r=g\",\"url\":\"https:\/\/secure.gravatar.com\/avatar\/e0a867bdedb85fd243eadf09663511f96fc81e0720a4a42581f334ad4303aa6b?s=96&d=mm&r=g\",\"contentUrl\":\"https:\/\/secure.gravatar.com\/avatar\/e0a867bdedb85fd243eadf09663511f96fc81e0720a4a42581f334ad4303aa6b?s=96&d=mm&r=g\",\"caption\":\"Reda\u00e7\u00e3o\"}}]}<\/script>\n<!-- \/ Yoast SEO plugin. -->","yoast_head_json":{"title":"Pol\u00edcia prende ex-secret\u00e1rios Nadaf e Cursi; ex-governador Silval est\u00e1 sendo procurado - Notibras","robots":{"index":"index","follow":"follow","max-snippet":"max-snippet:-1","max-image-preview":"max-image-preview:large","max-video-preview":"max-video-preview:-1"},"canonical":"https:\/\/www.notibras.com\/site\/policia-prende-ex-secretarios-nadaf-e-cursi-ex-governador-silval-esta-sendo-procurado\/","og_locale":"pt_BR","og_type":"article","og_title":"Pol\u00edcia prende ex-secret\u00e1rios Nadaf e Cursi; ex-governador Silval est\u00e1 sendo procurado - Notibras","og_description":"Os ex-secret\u00e1rios Pedro Nadaf e Marcel de Cursi, que ocuparam a Casa Civil e a Secretaria da Fazenda durante o governo de Silval Barbosa (PMDB), foram presos na tarde desta ter\u00e7a-feira (15) em Cuiab\u00e1, durante a opera\u00e7\u00e3o Sodoma, do Comit\u00ea Interinstitucional de Recupera\u00e7\u00e3o de Ativos. Tamb\u00e9m foi determinada a pris\u00e3o de Silval Barbosa, por\u00e9m, ele [&hellip;]","og_url":"https:\/\/www.notibras.com\/site\/policia-prende-ex-secretarios-nadaf-e-cursi-ex-governador-silval-esta-sendo-procurado\/","og_site_name":"Notibras","article_publisher":"https:\/\/www.facebook.com\/notibras\/","article_published_time":"2015-09-15T19:15:10+00:00","article_modified_time":"2015-10-29T16:34:43+00:00","og_image":[{"width":620,"height":465,"url":"https:\/\/www.notibras.com\/site\/wp-content\/uploads\/2015\/09\/defaz.jpg","type":"image\/jpeg"}],"author":"Reda\u00e7\u00e3o","twitter_card":"summary_large_image","twitter_creator":"@Notibras","twitter_site":"@Notibras","twitter_misc":{"Escrito por":"Reda\u00e7\u00e3o","Est. tempo de leitura":"1 minuto"},"schema":{"@context":"https:\/\/schema.org","@graph":[{"@type":"Article","@id":"https:\/\/www.notibras.com\/site\/policia-prende-ex-secretarios-nadaf-e-cursi-ex-governador-silval-esta-sendo-procurado\/#article","isPartOf":{"@id":"https:\/\/www.notibras.com\/site\/policia-prende-ex-secretarios-nadaf-e-cursi-ex-governador-silval-esta-sendo-procurado\/"},"author":{"name":"Reda\u00e7\u00e3o","@id":"https:\/\/www.notibras.com\/site\/#\/schema\/person\/36ab0979449956132d3e5b517ea76ac8"},"headline":"Pol\u00edcia prende ex-secret\u00e1rios Nadaf e Cursi; ex-governador Silval est\u00e1 sendo procurado","datePublished":"2015-09-15T19:15:10+00:00","dateModified":"2015-10-29T16:34:43+00:00","mainEntityOfPage":{"@id":"https:\/\/www.notibras.com\/site\/policia-prende-ex-secretarios-nadaf-e-cursi-ex-governador-silval-esta-sendo-procurado\/"},"wordCount":265,"commentCount":0,"publisher":{"@id":"https:\/\/www.notibras.com\/site\/#organization"},"image":{"@id":"https:\/\/www.notibras.com\/site\/policia-prende-ex-secretarios-nadaf-e-cursi-ex-governador-silval-esta-sendo-procurado\/#primaryimage"},"thumbnailUrl":"https:\/\/www.notibras.com\/site\/wp-content\/uploads\/2015\/09\/defaz.jpg","articleSection":["Brasil"],"inLanguage":"pt-BR","potentialAction":[{"@type":"CommentAction","name":"Comment","target":["https:\/\/www.notibras.com\/site\/policia-prende-ex-secretarios-nadaf-e-cursi-ex-governador-silval-esta-sendo-procurado\/#respond"]}]},{"@type":"WebPage","@id":"https:\/\/www.notibras.com\/site\/policia-prende-ex-secretarios-nadaf-e-cursi-ex-governador-silval-esta-sendo-procurado\/","url":"https:\/\/www.notibras.com\/site\/policia-prende-ex-secretarios-nadaf-e-cursi-ex-governador-silval-esta-sendo-procurado\/","name":"Pol\u00edcia prende ex-secret\u00e1rios Nadaf e Cursi; ex-governador Silval est\u00e1 sendo procurado - Notibras","isPartOf":{"@id":"https:\/\/www.notibras.com\/site\/#website"},"primaryImageOfPage":{"@id":"https:\/\/www.notibras.com\/site\/policia-prende-ex-secretarios-nadaf-e-cursi-ex-governador-silval-esta-sendo-procurado\/#primaryimage"},"image":{"@id":"https:\/\/www.notibras.com\/site\/policia-prende-ex-secretarios-nadaf-e-cursi-ex-governador-silval-esta-sendo-procurado\/#primaryimage"},"thumbnailUrl":"https:\/\/www.notibras.com\/site\/wp-content\/uploads\/2015\/09\/defaz.jpg","datePublished":"2015-09-15T19:15:10+00:00","dateModified":"2015-10-29T16:34:43+00:00","breadcrumb":{"@id":"https:\/\/www.notibras.com\/site\/policia-prende-ex-secretarios-nadaf-e-cursi-ex-governador-silval-esta-sendo-procurado\/#breadcrumb"},"inLanguage":"pt-BR","potentialAction":[{"@type":"ReadAction","target":["https:\/\/www.notibras.com\/site\/policia-prende-ex-secretarios-nadaf-e-cursi-ex-governador-silval-esta-sendo-procurado\/"]}]},{"@type":"ImageObject","inLanguage":"pt-BR","@id":"https:\/\/www.notibras.com\/site\/policia-prende-ex-secretarios-nadaf-e-cursi-ex-governador-silval-esta-sendo-procurado\/#primaryimage","url":"https:\/\/www.notibras.com\/site\/wp-content\/uploads\/2015\/09\/defaz.jpg","contentUrl":"https:\/\/www.notibras.com\/site\/wp-content\/uploads\/2015\/09\/defaz.jpg","width":620,"height":465},{"@type":"BreadcrumbList","@id":"https:\/\/www.notibras.com\/site\/policia-prende-ex-secretarios-nadaf-e-cursi-ex-governador-silval-esta-sendo-procurado\/#breadcrumb","itemListElement":[{"@type":"ListItem","position":1,"name":"In\u00edcio","item":"https:\/\/www.notibras.com\/site\/"},{"@type":"ListItem","position":2,"name":"Pol\u00edcia prende ex-secret\u00e1rios Nadaf e Cursi; ex-governador Silval est\u00e1 sendo procurado"}]},{"@type":"WebSite","@id":"https:\/\/www.notibras.com\/site\/#website","url":"https:\/\/www.notibras.com\/site\/","name":"Notibras","description":"Not\u00edcias de Bras\u00edlia, do Brasil e do Mundo","publisher":{"@id":"https:\/\/www.notibras.com\/site\/#organization"},"potentialAction":[{"@type":"SearchAction","target":{"@type":"EntryPoint","urlTemplate":"https:\/\/www.notibras.com\/site\/?s={search_term_string}"},"query-input":{"@type":"PropertyValueSpecification","valueRequired":true,"valueName":"search_term_string"}}],"inLanguage":"pt-BR"},{"@type":"Organization","@id":"https:\/\/www.notibras.com\/site\/#organization","name":"Grupo Notibras de Comunica\u00e7\u00e3o","url":"https:\/\/www.notibras.com\/site\/","logo":{"@type":"ImageObject","inLanguage":"pt-BR","@id":"https:\/\/www.notibras.com\/site\/#\/schema\/logo\/image\/","url":"https:\/\/www.notibras.com\/site\/wp-content\/uploads\/2023\/01\/notibras23.png","contentUrl":"https:\/\/www.notibras.com\/site\/wp-content\/uploads\/2023\/01\/notibras23.png","width":350,"height":87,"caption":"Grupo Notibras de Comunica\u00e7\u00e3o"},"image":{"@id":"https:\/\/www.notibras.com\/site\/#\/schema\/logo\/image\/"},"sameAs":["https:\/\/www.facebook.com\/notibras\/","https:\/\/x.com\/Notibras","https:\/\/www.instagram.com\/notibras\/"]},{"@type":"Person","@id":"https:\/\/www.notibras.com\/site\/#\/schema\/person\/36ab0979449956132d3e5b517ea76ac8","name":"Reda\u00e7\u00e3o","image":{"@type":"ImageObject","inLanguage":"pt-BR","@id":"https:\/\/secure.gravatar.com\/avatar\/e0a867bdedb85fd243eadf09663511f96fc81e0720a4a42581f334ad4303aa6b?s=96&d=mm&r=g","url":"https:\/\/secure.gravatar.com\/avatar\/e0a867bdedb85fd243eadf09663511f96fc81e0720a4a42581f334ad4303aa6b?s=96&d=mm&r=g","contentUrl":"https:\/\/secure.gravatar.com\/avatar\/e0a867bdedb85fd243eadf09663511f96fc81e0720a4a42581f334ad4303aa6b?s=96&d=mm&r=g","caption":"Reda\u00e7\u00e3o"}}]}},"amp_enabled":true,"_links":{"self":[{"href":"https:\/\/www.notibras.com\/site\/wp-json\/wp\/v2\/posts\/67974","targetHints":{"allow":["GET"]}}],"collection":[{"href":"https:\/\/www.notibras.com\/site\/wp-json\/wp\/v2\/posts"}],"about":[{"href":"https:\/\/www.notibras.com\/site\/wp-json\/wp\/v2\/types\/post"}],"author":[{"embeddable":true,"href":"https:\/\/www.notibras.com\/site\/wp-json\/wp\/v2\/users\/2"}],"replies":[{"embeddable":true,"href":"https:\/\/www.notibras.com\/site\/wp-json\/wp\/v2\/comments?post=67974"}],"version-history":[{"count":1,"href":"https:\/\/www.notibras.com\/site\/wp-json\/wp\/v2\/posts\/67974\/revisions"}],"predecessor-version":[{"id":67976,"href":"https:\/\/www.notibras.com\/site\/wp-json\/wp\/v2\/posts\/67974\/revisions\/67976"}],"wp:featuredmedia":[{"embeddable":true,"href":"https:\/\/www.notibras.com\/site\/wp-json\/wp\/v2\/media\/67975"}],"wp:attachment":[{"href":"https:\/\/www.notibras.com\/site\/wp-json\/wp\/v2\/media?parent=67974"}],"wp:term":[{"taxonomy":"category","embeddable":true,"href":"https:\/\/www.notibras.com\/site\/wp-json\/wp\/v2\/categories?post=67974"},{"taxonomy":"post_tag","embeddable":true,"href":"https:\/\/www.notibras.com\/site\/wp-json\/wp\/v2\/tags?post=67974"}],"curies":[{"name":"wp","href":"https:\/\/api.w.org\/{rel}","templated":true}]}}