{"id":6802,"date":"2014-04-15T14:33:43","date_gmt":"2014-04-15T17:33:43","guid":{"rendered":"http:\/\/www.notibras.com\/site\/?p=6802"},"modified":"2014-04-15T18:47:04","modified_gmt":"2014-04-15T21:47:04","slug":"cenario-comeca-a-mudar-para-favoritos-e-campanha-eleitoral-pega-fogo","status":"publish","type":"post","link":"https:\/\/www.notibras.com\/site\/cenario-comeca-a-mudar-para-favoritos-e-campanha-eleitoral-pega-fogo\/","title":{"rendered":"Cen\u00e1rio come\u00e7a a mudar para favoritos e campanha pega fogo em todos os n\u00edveis"},"content":{"rendered":"<p>O fantasma de Lula continua pairando no cen\u00e1rio da corrida presidencial. Dentro do PT e entre lideran\u00e7as empresariais e do setor financeiro est\u00e1 bem vivo o movimento \u2018\u2019Volta Lula\u2019\u2019. Ele est\u00e1 atento\u00a0 \u00e0s dificuldades da presidente Dilma Rousseff para combater a infla\u00e7\u00e3o galopante, contornar os problemas de den\u00fancias de roubalheiras na Petrobr\u00e1s, amea\u00e7a de racionamento de energia e seu p\u00e9ssimo relacionamento com o Congresso Nacional.<\/p>\n<p>Por conta de tudo isso, a avalia\u00e7\u00e3o popular da gest\u00e3o Dilma cai dia ap\u00f3s dia, o que tem servido de combust\u00edvel para elevar o entusiasmo e esperan\u00e7as da oposi\u00e7\u00e3o. \u2018\u2019Lula est\u00e1 \u00e0 beira do campo, pronto para entrar no jogo, o qual jamais poderemos perder\u201d- avisam lulistas fan\u00e1ticos. Uma situa\u00e7\u00e3o que certamente tem tirado o sono de Dilma.<\/p>\n<p>No lado do PSDB, o senador mineiro A\u00e9cio Neves ter\u00e1 sua candidatura \u00e0 Presid\u00eancia da Rep\u00fablica oficializada no fim de maio, em conven\u00e7\u00e3o nacional, que ser\u00e1 realizada em S\u00e3o Paulo. O problema maior de A\u00e9cio \u00e9 a escolha do nome que ser\u00e1 seu vice, que dever\u00e1 ser paulista. Uma repeti\u00e7\u00e3o de uni\u00e3o no passado denominada \u2018\u2019caf\u00e9 com leite\u2019\u2019. Ele passou o fim de semana visitando a Bahia e o Rio de Janeiro.<\/p>\n<p>Na segunda-feira, em Bras\u00edlia, aconteceu o lan\u00e7amento da chapa Eduardo Campo \u2013 Marina Silva. At\u00e9 junho, m\u00eas das conven\u00e7\u00f5es partid\u00e1rias, a dupla vai colocar o p\u00e9 na estrada para visitar umas cem cidades pelo pa\u00eds afora.<\/p>\n<p>NOS ESTADOS<\/p>\n<p>Na Bahia, o PMDB rompeu com a candidatura Dilma Rousseff, e se juntou ao PSDB e DEM, formalizando a seguinte chapa: candidato ao governo estadual o ex-governador Paulo Souto (DEM), para\u00a0 vice \u2013governador\u00a0 o ex-deputado tucano e hoje empres\u00e1rio Joacy Vieira, e candidato ao Senado o deputado Geddel Vieira, do PMDB. O candidato \u00e0 presid\u00eancia do grupo ser\u00e1 o senador tucano A\u00e9cio Neves. O acordo foi conduzido pelo prefeito de Salvador, Antonio Carlos Magalh\u00e3es Neto (DEM).<\/p>\n<p>O PSB do candidato presidencial Eduardo Campos ter\u00e1 como candidato ao governo baiano a senadora\u00a0 L\u00eddice da Mata. Para o Senado, foi lan\u00e7ada a ex-ministra do STJ Eliana Calmon.<\/p>\n<p>O palanque da presidente Dilma na Bahia, hoje governado pelo petista Jacques Wagner, ficar\u00e1 com o deputado Rui Costa (PT) como candidato a governador, o deputado Jo\u00e3o Le\u00e3o (PP) como vice e o atual vice-governador Otto Alencar (PSD) concorrendo ao Senado.<\/p>\n<p>No Distrito Federal, o governador do PT Agnelo Queiroz vai disputar a reelei\u00e7\u00e3o, com apoio do PMDB, que indicar\u00e1 o vice, constituindo o palanque de Dilma Rousseff. O PSDB lan\u00e7ou o deputado federal Luiz Pitiman como candidato a governador do Distrito Federal, com apoio da ex-governadora Maria de Lourdes Abadia, garantindo palanque para A\u00e9cio Neves. Foi tamb\u00e9m lan\u00e7ada a candidatura do ex-governador Jos\u00e9 Roberto Arruda (PR), com apoio do ex-governador Joaquim Roriz. Esse candidato, caso n\u00e3o anulada sua candidatura por n\u00e3o atender a Lei de Ficha Limpa, dever\u00e1 apoiar o candidato A\u00e9cio Neves. O quarto candidato ser\u00e1 o senador do PSB Rodrigo Rollemberg, com o apoio do presidenci\u00e1vel Eduardo Campos e do PDT.<\/p>\n<p>No Rio Grande do Sul, a l\u00edder nas pesquisas, a senadora Ana Am\u00e9lia (PP), abandonou a candidatura do ex-governador Eduardo Campos, por press\u00e3o do setor agropecu\u00e1rio, que n\u00e3o aceita a candidata a vice Marina Silva, e fez acordo com o PSDB para apoiar o candidato A\u00e9cio Neves.<\/p>\n<p><strong>Cl\u00e1udio Coletti<\/strong><\/p>\n","protected":false},"excerpt":{"rendered":"<p>O fantasma de Lula continua pairando no cen\u00e1rio da corrida presidencial. Dentro do PT e entre lideran\u00e7as empresariais e do setor financeiro est\u00e1 bem vivo o movimento \u2018\u2019Volta Lula\u2019\u2019. Ele est\u00e1 atento\u00a0 \u00e0s dificuldades da presidente Dilma Rousseff para combater a infla\u00e7\u00e3o galopante, contornar os problemas de den\u00fancias de roubalheiras na Petrobr\u00e1s, amea\u00e7a de racionamento [&hellip;]<\/p>\n","protected":false},"author":2,"featured_media":6803,"comment_status":"open","ping_status":"closed","sticky":false,"template":"","format":"standard","meta":{"_acf_changed":false,"footnotes":""},"categories":[16],"tags":[],"class_list":["post-6802","post","type-post","status-publish","format-standard","has-post-thumbnail","hentry","category-brasil"],"acf":[],"yoast_head":"<!-- This site is optimized with the Yoast SEO plugin v27.2 - https:\/\/yoast.com\/product\/yoast-seo-wordpress\/ -->\n<title>Cen\u00e1rio come\u00e7a a mudar para favoritos e campanha pega fogo em todos os n\u00edveis - Notibras<\/title>\n<meta name=\"robots\" content=\"index, follow, max-snippet:-1, max-image-preview:large, max-video-preview:-1\" \/>\n<link rel=\"canonical\" href=\"https:\/\/www.notibras.com\/site\/cenario-comeca-a-mudar-para-favoritos-e-campanha-eleitoral-pega-fogo\/\" \/>\n<meta property=\"og:locale\" content=\"pt_BR\" \/>\n<meta property=\"og:type\" content=\"article\" \/>\n<meta property=\"og:title\" content=\"Cen\u00e1rio come\u00e7a a mudar para favoritos e campanha pega fogo em todos os n\u00edveis - Notibras\" \/>\n<meta property=\"og:description\" content=\"O fantasma de Lula continua pairando no cen\u00e1rio da corrida presidencial. Dentro do PT e entre lideran\u00e7as empresariais e do setor financeiro est\u00e1 bem vivo o movimento \u2018\u2019Volta Lula\u2019\u2019. Ele est\u00e1 atento\u00a0 \u00e0s dificuldades da presidente Dilma Rousseff para combater a infla\u00e7\u00e3o galopante, contornar os problemas de den\u00fancias de roubalheiras na Petrobr\u00e1s, amea\u00e7a de racionamento [&hellip;]\" \/>\n<meta property=\"og:url\" content=\"https:\/\/www.notibras.com\/site\/cenario-comeca-a-mudar-para-favoritos-e-campanha-eleitoral-pega-fogo\/\" \/>\n<meta property=\"og:site_name\" content=\"Notibras\" \/>\n<meta property=\"article:publisher\" content=\"https:\/\/www.facebook.com\/notibras\/\" \/>\n<meta property=\"article:published_time\" content=\"2014-04-15T17:33:43+00:00\" \/>\n<meta property=\"article:modified_time\" content=\"2014-04-15T21:47:04+00:00\" \/>\n<meta property=\"og:image\" content=\"https:\/\/www.notibras.com\/site\/wp-content\/uploads\/2014\/04\/233839.jpg\" \/>\n\t<meta property=\"og:image:width\" content=\"640\" \/>\n\t<meta property=\"og:image:height\" content=\"480\" \/>\n\t<meta property=\"og:image:type\" content=\"image\/jpeg\" \/>\n<meta name=\"author\" content=\"Reda\u00e7\u00e3o\" \/>\n<meta name=\"twitter:card\" content=\"summary_large_image\" \/>\n<meta name=\"twitter:creator\" content=\"@Notibras\" \/>\n<meta name=\"twitter:site\" content=\"@Notibras\" \/>\n<meta name=\"twitter:label1\" content=\"Escrito por\" \/>\n\t<meta name=\"twitter:data1\" content=\"Reda\u00e7\u00e3o\" \/>\n\t<meta name=\"twitter:label2\" content=\"Est. tempo de leitura\" \/>\n\t<meta name=\"twitter:data2\" content=\"3 minutos\" \/>\n<script type=\"application\/ld+json\" class=\"yoast-schema-graph\">{\"@context\":\"https:\/\/schema.org\",\"@graph\":[{\"@type\":\"Article\",\"@id\":\"https:\/\/www.notibras.com\/site\/cenario-comeca-a-mudar-para-favoritos-e-campanha-eleitoral-pega-fogo\/#article\",\"isPartOf\":{\"@id\":\"https:\/\/www.notibras.com\/site\/cenario-comeca-a-mudar-para-favoritos-e-campanha-eleitoral-pega-fogo\/\"},\"author\":{\"name\":\"Reda\u00e7\u00e3o\",\"@id\":\"https:\/\/www.notibras.com\/site\/#\/schema\/person\/36ab0979449956132d3e5b517ea76ac8\"},\"headline\":\"Cen\u00e1rio come\u00e7a a mudar para favoritos e campanha pega fogo em todos os n\u00edveis\",\"datePublished\":\"2014-04-15T17:33:43+00:00\",\"dateModified\":\"2014-04-15T21:47:04+00:00\",\"mainEntityOfPage\":{\"@id\":\"https:\/\/www.notibras.com\/site\/cenario-comeca-a-mudar-para-favoritos-e-campanha-eleitoral-pega-fogo\/\"},\"wordCount\":607,\"commentCount\":0,\"publisher\":{\"@id\":\"https:\/\/www.notibras.com\/site\/#organization\"},\"image\":{\"@id\":\"https:\/\/www.notibras.com\/site\/cenario-comeca-a-mudar-para-favoritos-e-campanha-eleitoral-pega-fogo\/#primaryimage\"},\"thumbnailUrl\":\"https:\/\/www.notibras.com\/site\/wp-content\/uploads\/2014\/04\/233839.jpg\",\"articleSection\":[\"Brasil\"],\"inLanguage\":\"pt-BR\",\"potentialAction\":[{\"@type\":\"CommentAction\",\"name\":\"Comment\",\"target\":[\"https:\/\/www.notibras.com\/site\/cenario-comeca-a-mudar-para-favoritos-e-campanha-eleitoral-pega-fogo\/#respond\"]}]},{\"@type\":\"WebPage\",\"@id\":\"https:\/\/www.notibras.com\/site\/cenario-comeca-a-mudar-para-favoritos-e-campanha-eleitoral-pega-fogo\/\",\"url\":\"https:\/\/www.notibras.com\/site\/cenario-comeca-a-mudar-para-favoritos-e-campanha-eleitoral-pega-fogo\/\",\"name\":\"Cen\u00e1rio come\u00e7a a mudar para favoritos e campanha pega fogo em todos os n\u00edveis - Notibras\",\"isPartOf\":{\"@id\":\"https:\/\/www.notibras.com\/site\/#website\"},\"primaryImageOfPage\":{\"@id\":\"https:\/\/www.notibras.com\/site\/cenario-comeca-a-mudar-para-favoritos-e-campanha-eleitoral-pega-fogo\/#primaryimage\"},\"image\":{\"@id\":\"https:\/\/www.notibras.com\/site\/cenario-comeca-a-mudar-para-favoritos-e-campanha-eleitoral-pega-fogo\/#primaryimage\"},\"thumbnailUrl\":\"https:\/\/www.notibras.com\/site\/wp-content\/uploads\/2014\/04\/233839.jpg\",\"datePublished\":\"2014-04-15T17:33:43+00:00\",\"dateModified\":\"2014-04-15T21:47:04+00:00\",\"breadcrumb\":{\"@id\":\"https:\/\/www.notibras.com\/site\/cenario-comeca-a-mudar-para-favoritos-e-campanha-eleitoral-pega-fogo\/#breadcrumb\"},\"inLanguage\":\"pt-BR\",\"potentialAction\":[{\"@type\":\"ReadAction\",\"target\":[\"https:\/\/www.notibras.com\/site\/cenario-comeca-a-mudar-para-favoritos-e-campanha-eleitoral-pega-fogo\/\"]}]},{\"@type\":\"ImageObject\",\"inLanguage\":\"pt-BR\",\"@id\":\"https:\/\/www.notibras.com\/site\/cenario-comeca-a-mudar-para-favoritos-e-campanha-eleitoral-pega-fogo\/#primaryimage\",\"url\":\"https:\/\/www.notibras.com\/site\/wp-content\/uploads\/2014\/04\/233839.jpg\",\"contentUrl\":\"https:\/\/www.notibras.com\/site\/wp-content\/uploads\/2014\/04\/233839.jpg\",\"width\":640,\"height\":480},{\"@type\":\"BreadcrumbList\",\"@id\":\"https:\/\/www.notibras.com\/site\/cenario-comeca-a-mudar-para-favoritos-e-campanha-eleitoral-pega-fogo\/#breadcrumb\",\"itemListElement\":[{\"@type\":\"ListItem\",\"position\":1,\"name\":\"In\u00edcio\",\"item\":\"https:\/\/www.notibras.com\/site\/\"},{\"@type\":\"ListItem\",\"position\":2,\"name\":\"Cen\u00e1rio come\u00e7a a mudar para favoritos e campanha pega fogo em todos os n\u00edveis\"}]},{\"@type\":\"WebSite\",\"@id\":\"https:\/\/www.notibras.com\/site\/#website\",\"url\":\"https:\/\/www.notibras.com\/site\/\",\"name\":\"Notibras\",\"description\":\"Not\u00edcias de Bras\u00edlia, do Brasil e do Mundo\",\"publisher\":{\"@id\":\"https:\/\/www.notibras.com\/site\/#organization\"},\"potentialAction\":[{\"@type\":\"SearchAction\",\"target\":{\"@type\":\"EntryPoint\",\"urlTemplate\":\"https:\/\/www.notibras.com\/site\/?s={search_term_string}\"},\"query-input\":{\"@type\":\"PropertyValueSpecification\",\"valueRequired\":true,\"valueName\":\"search_term_string\"}}],\"inLanguage\":\"pt-BR\"},{\"@type\":\"Organization\",\"@id\":\"https:\/\/www.notibras.com\/site\/#organization\",\"name\":\"Grupo Notibras de Comunica\u00e7\u00e3o\",\"url\":\"https:\/\/www.notibras.com\/site\/\",\"logo\":{\"@type\":\"ImageObject\",\"inLanguage\":\"pt-BR\",\"@id\":\"https:\/\/www.notibras.com\/site\/#\/schema\/logo\/image\/\",\"url\":\"https:\/\/www.notibras.com\/site\/wp-content\/uploads\/2023\/01\/notibras23.png\",\"contentUrl\":\"https:\/\/www.notibras.com\/site\/wp-content\/uploads\/2023\/01\/notibras23.png\",\"width\":350,\"height\":87,\"caption\":\"Grupo Notibras de Comunica\u00e7\u00e3o\"},\"image\":{\"@id\":\"https:\/\/www.notibras.com\/site\/#\/schema\/logo\/image\/\"},\"sameAs\":[\"https:\/\/www.facebook.com\/notibras\/\",\"https:\/\/x.com\/Notibras\",\"https:\/\/www.instagram.com\/notibras\/\"]},{\"@type\":\"Person\",\"@id\":\"https:\/\/www.notibras.com\/site\/#\/schema\/person\/36ab0979449956132d3e5b517ea76ac8\",\"name\":\"Reda\u00e7\u00e3o\",\"image\":{\"@type\":\"ImageObject\",\"inLanguage\":\"pt-BR\",\"@id\":\"https:\/\/secure.gravatar.com\/avatar\/e0a867bdedb85fd243eadf09663511f96fc81e0720a4a42581f334ad4303aa6b?s=96&d=mm&r=g\",\"url\":\"https:\/\/secure.gravatar.com\/avatar\/e0a867bdedb85fd243eadf09663511f96fc81e0720a4a42581f334ad4303aa6b?s=96&d=mm&r=g\",\"contentUrl\":\"https:\/\/secure.gravatar.com\/avatar\/e0a867bdedb85fd243eadf09663511f96fc81e0720a4a42581f334ad4303aa6b?s=96&d=mm&r=g\",\"caption\":\"Reda\u00e7\u00e3o\"}}]}<\/script>\n<!-- \/ Yoast SEO plugin. -->","yoast_head_json":{"title":"Cen\u00e1rio come\u00e7a a mudar para favoritos e campanha pega fogo em todos os n\u00edveis - Notibras","robots":{"index":"index","follow":"follow","max-snippet":"max-snippet:-1","max-image-preview":"max-image-preview:large","max-video-preview":"max-video-preview:-1"},"canonical":"https:\/\/www.notibras.com\/site\/cenario-comeca-a-mudar-para-favoritos-e-campanha-eleitoral-pega-fogo\/","og_locale":"pt_BR","og_type":"article","og_title":"Cen\u00e1rio come\u00e7a a mudar para favoritos e campanha pega fogo em todos os n\u00edveis - Notibras","og_description":"O fantasma de Lula continua pairando no cen\u00e1rio da corrida presidencial. Dentro do PT e entre lideran\u00e7as empresariais e do setor financeiro est\u00e1 bem vivo o movimento \u2018\u2019Volta Lula\u2019\u2019. Ele est\u00e1 atento\u00a0 \u00e0s dificuldades da presidente Dilma Rousseff para combater a infla\u00e7\u00e3o galopante, contornar os problemas de den\u00fancias de roubalheiras na Petrobr\u00e1s, amea\u00e7a de racionamento [&hellip;]","og_url":"https:\/\/www.notibras.com\/site\/cenario-comeca-a-mudar-para-favoritos-e-campanha-eleitoral-pega-fogo\/","og_site_name":"Notibras","article_publisher":"https:\/\/www.facebook.com\/notibras\/","article_published_time":"2014-04-15T17:33:43+00:00","article_modified_time":"2014-04-15T21:47:04+00:00","og_image":[{"width":640,"height":480,"url":"https:\/\/www.notibras.com\/site\/wp-content\/uploads\/2014\/04\/233839.jpg","type":"image\/jpeg"}],"author":"Reda\u00e7\u00e3o","twitter_card":"summary_large_image","twitter_creator":"@Notibras","twitter_site":"@Notibras","twitter_misc":{"Escrito por":"Reda\u00e7\u00e3o","Est. tempo de leitura":"3 minutos"},"schema":{"@context":"https:\/\/schema.org","@graph":[{"@type":"Article","@id":"https:\/\/www.notibras.com\/site\/cenario-comeca-a-mudar-para-favoritos-e-campanha-eleitoral-pega-fogo\/#article","isPartOf":{"@id":"https:\/\/www.notibras.com\/site\/cenario-comeca-a-mudar-para-favoritos-e-campanha-eleitoral-pega-fogo\/"},"author":{"name":"Reda\u00e7\u00e3o","@id":"https:\/\/www.notibras.com\/site\/#\/schema\/person\/36ab0979449956132d3e5b517ea76ac8"},"headline":"Cen\u00e1rio come\u00e7a a mudar para favoritos e campanha pega fogo em todos os n\u00edveis","datePublished":"2014-04-15T17:33:43+00:00","dateModified":"2014-04-15T21:47:04+00:00","mainEntityOfPage":{"@id":"https:\/\/www.notibras.com\/site\/cenario-comeca-a-mudar-para-favoritos-e-campanha-eleitoral-pega-fogo\/"},"wordCount":607,"commentCount":0,"publisher":{"@id":"https:\/\/www.notibras.com\/site\/#organization"},"image":{"@id":"https:\/\/www.notibras.com\/site\/cenario-comeca-a-mudar-para-favoritos-e-campanha-eleitoral-pega-fogo\/#primaryimage"},"thumbnailUrl":"https:\/\/www.notibras.com\/site\/wp-content\/uploads\/2014\/04\/233839.jpg","articleSection":["Brasil"],"inLanguage":"pt-BR","potentialAction":[{"@type":"CommentAction","name":"Comment","target":["https:\/\/www.notibras.com\/site\/cenario-comeca-a-mudar-para-favoritos-e-campanha-eleitoral-pega-fogo\/#respond"]}]},{"@type":"WebPage","@id":"https:\/\/www.notibras.com\/site\/cenario-comeca-a-mudar-para-favoritos-e-campanha-eleitoral-pega-fogo\/","url":"https:\/\/www.notibras.com\/site\/cenario-comeca-a-mudar-para-favoritos-e-campanha-eleitoral-pega-fogo\/","name":"Cen\u00e1rio come\u00e7a a mudar para favoritos e campanha pega fogo em todos os n\u00edveis - Notibras","isPartOf":{"@id":"https:\/\/www.notibras.com\/site\/#website"},"primaryImageOfPage":{"@id":"https:\/\/www.notibras.com\/site\/cenario-comeca-a-mudar-para-favoritos-e-campanha-eleitoral-pega-fogo\/#primaryimage"},"image":{"@id":"https:\/\/www.notibras.com\/site\/cenario-comeca-a-mudar-para-favoritos-e-campanha-eleitoral-pega-fogo\/#primaryimage"},"thumbnailUrl":"https:\/\/www.notibras.com\/site\/wp-content\/uploads\/2014\/04\/233839.jpg","datePublished":"2014-04-15T17:33:43+00:00","dateModified":"2014-04-15T21:47:04+00:00","breadcrumb":{"@id":"https:\/\/www.notibras.com\/site\/cenario-comeca-a-mudar-para-favoritos-e-campanha-eleitoral-pega-fogo\/#breadcrumb"},"inLanguage":"pt-BR","potentialAction":[{"@type":"ReadAction","target":["https:\/\/www.notibras.com\/site\/cenario-comeca-a-mudar-para-favoritos-e-campanha-eleitoral-pega-fogo\/"]}]},{"@type":"ImageObject","inLanguage":"pt-BR","@id":"https:\/\/www.notibras.com\/site\/cenario-comeca-a-mudar-para-favoritos-e-campanha-eleitoral-pega-fogo\/#primaryimage","url":"https:\/\/www.notibras.com\/site\/wp-content\/uploads\/2014\/04\/233839.jpg","contentUrl":"https:\/\/www.notibras.com\/site\/wp-content\/uploads\/2014\/04\/233839.jpg","width":640,"height":480},{"@type":"BreadcrumbList","@id":"https:\/\/www.notibras.com\/site\/cenario-comeca-a-mudar-para-favoritos-e-campanha-eleitoral-pega-fogo\/#breadcrumb","itemListElement":[{"@type":"ListItem","position":1,"name":"In\u00edcio","item":"https:\/\/www.notibras.com\/site\/"},{"@type":"ListItem","position":2,"name":"Cen\u00e1rio come\u00e7a a mudar para favoritos e campanha pega fogo em todos os n\u00edveis"}]},{"@type":"WebSite","@id":"https:\/\/www.notibras.com\/site\/#website","url":"https:\/\/www.notibras.com\/site\/","name":"Notibras","description":"Not\u00edcias de Bras\u00edlia, do Brasil e do Mundo","publisher":{"@id":"https:\/\/www.notibras.com\/site\/#organization"},"potentialAction":[{"@type":"SearchAction","target":{"@type":"EntryPoint","urlTemplate":"https:\/\/www.notibras.com\/site\/?s={search_term_string}"},"query-input":{"@type":"PropertyValueSpecification","valueRequired":true,"valueName":"search_term_string"}}],"inLanguage":"pt-BR"},{"@type":"Organization","@id":"https:\/\/www.notibras.com\/site\/#organization","name":"Grupo Notibras de Comunica\u00e7\u00e3o","url":"https:\/\/www.notibras.com\/site\/","logo":{"@type":"ImageObject","inLanguage":"pt-BR","@id":"https:\/\/www.notibras.com\/site\/#\/schema\/logo\/image\/","url":"https:\/\/www.notibras.com\/site\/wp-content\/uploads\/2023\/01\/notibras23.png","contentUrl":"https:\/\/www.notibras.com\/site\/wp-content\/uploads\/2023\/01\/notibras23.png","width":350,"height":87,"caption":"Grupo Notibras de Comunica\u00e7\u00e3o"},"image":{"@id":"https:\/\/www.notibras.com\/site\/#\/schema\/logo\/image\/"},"sameAs":["https:\/\/www.facebook.com\/notibras\/","https:\/\/x.com\/Notibras","https:\/\/www.instagram.com\/notibras\/"]},{"@type":"Person","@id":"https:\/\/www.notibras.com\/site\/#\/schema\/person\/36ab0979449956132d3e5b517ea76ac8","name":"Reda\u00e7\u00e3o","image":{"@type":"ImageObject","inLanguage":"pt-BR","@id":"https:\/\/secure.gravatar.com\/avatar\/e0a867bdedb85fd243eadf09663511f96fc81e0720a4a42581f334ad4303aa6b?s=96&d=mm&r=g","url":"https:\/\/secure.gravatar.com\/avatar\/e0a867bdedb85fd243eadf09663511f96fc81e0720a4a42581f334ad4303aa6b?s=96&d=mm&r=g","contentUrl":"https:\/\/secure.gravatar.com\/avatar\/e0a867bdedb85fd243eadf09663511f96fc81e0720a4a42581f334ad4303aa6b?s=96&d=mm&r=g","caption":"Reda\u00e7\u00e3o"}}]}},"amp_enabled":true,"_links":{"self":[{"href":"https:\/\/www.notibras.com\/site\/wp-json\/wp\/v2\/posts\/6802","targetHints":{"allow":["GET"]}}],"collection":[{"href":"https:\/\/www.notibras.com\/site\/wp-json\/wp\/v2\/posts"}],"about":[{"href":"https:\/\/www.notibras.com\/site\/wp-json\/wp\/v2\/types\/post"}],"author":[{"embeddable":true,"href":"https:\/\/www.notibras.com\/site\/wp-json\/wp\/v2\/users\/2"}],"replies":[{"embeddable":true,"href":"https:\/\/www.notibras.com\/site\/wp-json\/wp\/v2\/comments?post=6802"}],"version-history":[{"count":0,"href":"https:\/\/www.notibras.com\/site\/wp-json\/wp\/v2\/posts\/6802\/revisions"}],"wp:featuredmedia":[{"embeddable":true,"href":"https:\/\/www.notibras.com\/site\/wp-json\/wp\/v2\/media\/6803"}],"wp:attachment":[{"href":"https:\/\/www.notibras.com\/site\/wp-json\/wp\/v2\/media?parent=6802"}],"wp:term":[{"taxonomy":"category","embeddable":true,"href":"https:\/\/www.notibras.com\/site\/wp-json\/wp\/v2\/categories?post=6802"},{"taxonomy":"post_tag","embeddable":true,"href":"https:\/\/www.notibras.com\/site\/wp-json\/wp\/v2\/tags?post=6802"}],"curies":[{"name":"wp","href":"https:\/\/api.w.org\/{rel}","templated":true}]}}