{"id":68059,"date":"2015-09-16T11:07:52","date_gmt":"2015-09-16T14:07:52","guid":{"rendered":"http:\/\/www.notibras.com\/site\/?p=68059"},"modified":"2015-09-16T17:12:39","modified_gmt":"2015-09-16T20:12:39","slug":"mulher-barrada-em-agencia-da-caixa-fica-so-de-sutia-e-calcinha","status":"publish","type":"post","link":"https:\/\/www.notibras.com\/site\/mulher-barrada-em-agencia-da-caixa-fica-so-de-sutia-e-calcinha\/","title":{"rendered":"Mulher barrada em ag\u00eancia da Caixa em Cabo Frio se irrita e fica de suti\u00e3 e calcinha"},"content":{"rendered":"<p>Uma mulher que tentava entrar em uma ag\u00eancia da Caixa Econ\u00f4mica Federal em Cabo Frio, na Regi\u00e3o dos Lagos do Rio de Janeiro, nesta segunda-feira (14), tirou as roupas e ficou s\u00f3 de calcinha e suti\u00e3 ap\u00f3s ser barrada pelo detector de metais da porta girat\u00f3ria. Ap\u00f3s a confus\u00e3o, gravada em v\u00eddeos publicados nas redes sociais, a cliente, que declarou ser hipertensa, passou mal.<\/p>\n<p>A modelo Briza Canuto, que gravou a a\u00e7\u00e3o, identificou a mulher como &#8220;dona Concei\u00e7\u00e3o&#8221; e relatou que um dos seguran\u00e7as a orientou a tirar a roupa depois que ela foi barrada na porta girat\u00f3ria. Ainda de acordo com a testemunha, o funcion\u00e1rio insinuou que a senhora poderia ter algo escondido nas partes \u00edntimas. Em um dos v\u00eddeos, ouve-se um homem dizendo que a medida \u00e9 necess\u00e1ria &#8220;para a seguran\u00e7a de voc\u00eas todos&#8221;.<\/p>\n<p>As imagens que circulam na internet, e j\u00e1 foram compartilhadas milhares de vezes, mostram a mulher tentando for\u00e7ar a porta enquanto, j\u00e1 de calcinha e suti\u00e3, \u00e9 observada por seguran\u00e7as. Outros clientes que est\u00e3o na ag\u00eancia tentam interceder por ela, sem sucesso. Em seguida, um funcion\u00e1rio pede que Briza desligue o telefone celular que ela usava para filmar a confus\u00e3o.<\/p>\n<p>Depois de ser barrada, Concei\u00e7\u00e3o, que \u00e9 funcion\u00e1ria de uma escola municipal de Cabo Frio, foi colocada em cadeira de rodas, bastante nervosa e chorando. Ela explicou que estava &#8220;atr\u00e1s do PIS\/PASEP desde 2014&#8221; e que sua entrada n\u00e3o foi permitida apesar de ela ter tirado todos os pertences da bolsa.<\/p>\n<p>Em um relato no Facebook no qual chamou a situa\u00e7\u00e3o como &#8220;revoltante&#8221;, Briza contou que a pol\u00edcia foi chamada e o filho da senhora apareceu em seguida, conseguindo acalm\u00e1-la.<\/p>\n","protected":false},"excerpt":{"rendered":"<p>Uma mulher que tentava entrar em uma ag\u00eancia da Caixa Econ\u00f4mica Federal em Cabo Frio, na Regi\u00e3o dos Lagos do Rio de Janeiro, nesta segunda-feira (14), tirou as roupas e ficou s\u00f3 de calcinha e suti\u00e3 ap\u00f3s ser barrada pelo detector de metais da porta girat\u00f3ria. Ap\u00f3s a confus\u00e3o, gravada em v\u00eddeos publicados nas redes [&hellip;]<\/p>\n","protected":false},"author":2,"featured_media":68060,"comment_status":"open","ping_status":"closed","sticky":false,"template":"","format":"standard","meta":{"_acf_changed":false,"footnotes":""},"categories":[16],"tags":[],"class_list":["post-68059","post","type-post","status-publish","format-standard","has-post-thumbnail","hentry","category-brasil"],"acf":[],"yoast_head":"<!-- This site is optimized with the Yoast SEO plugin v27.2 - https:\/\/yoast.com\/product\/yoast-seo-wordpress\/ -->\n<title>Mulher barrada em ag\u00eancia da Caixa em Cabo Frio se irrita e fica de suti\u00e3 e calcinha - Notibras<\/title>\n<meta name=\"robots\" content=\"index, follow, max-snippet:-1, max-image-preview:large, max-video-preview:-1\" \/>\n<link rel=\"canonical\" href=\"https:\/\/www.notibras.com\/site\/mulher-barrada-em-agencia-da-caixa-fica-so-de-sutia-e-calcinha\/\" \/>\n<meta property=\"og:locale\" content=\"pt_BR\" \/>\n<meta property=\"og:type\" content=\"article\" \/>\n<meta property=\"og:title\" content=\"Mulher barrada em ag\u00eancia da Caixa em Cabo Frio se irrita e fica de suti\u00e3 e calcinha - Notibras\" \/>\n<meta property=\"og:description\" content=\"Uma mulher que tentava entrar em uma ag\u00eancia da Caixa Econ\u00f4mica Federal em Cabo Frio, na Regi\u00e3o dos Lagos do Rio de Janeiro, nesta segunda-feira (14), tirou as roupas e ficou s\u00f3 de calcinha e suti\u00e3 ap\u00f3s ser barrada pelo detector de metais da porta girat\u00f3ria. Ap\u00f3s a confus\u00e3o, gravada em v\u00eddeos publicados nas redes [&hellip;]\" \/>\n<meta property=\"og:url\" content=\"https:\/\/www.notibras.com\/site\/mulher-barrada-em-agencia-da-caixa-fica-so-de-sutia-e-calcinha\/\" \/>\n<meta property=\"og:site_name\" content=\"Notibras\" \/>\n<meta property=\"article:publisher\" content=\"https:\/\/www.facebook.com\/notibras\/\" \/>\n<meta property=\"article:published_time\" content=\"2015-09-16T14:07:52+00:00\" \/>\n<meta property=\"article:modified_time\" content=\"2015-09-16T20:12:39+00:00\" \/>\n<meta property=\"og:image\" content=\"https:\/\/www.notibras.com\/site\/wp-content\/uploads\/2015\/09\/4466531_x360.jpg\" \/>\n\t<meta property=\"og:image:width\" content=\"540\" \/>\n\t<meta property=\"og:image:height\" content=\"360\" \/>\n\t<meta property=\"og:image:type\" content=\"image\/jpeg\" \/>\n<meta name=\"author\" content=\"Reda\u00e7\u00e3o\" \/>\n<meta name=\"twitter:card\" content=\"summary_large_image\" \/>\n<meta name=\"twitter:creator\" content=\"@Notibras\" \/>\n<meta name=\"twitter:site\" content=\"@Notibras\" \/>\n<meta name=\"twitter:label1\" content=\"Escrito por\" \/>\n\t<meta name=\"twitter:data1\" content=\"Reda\u00e7\u00e3o\" \/>\n\t<meta name=\"twitter:label2\" content=\"Est. tempo de leitura\" \/>\n\t<meta name=\"twitter:data2\" content=\"2 minutos\" \/>\n<script type=\"application\/ld+json\" class=\"yoast-schema-graph\">{\"@context\":\"https:\/\/schema.org\",\"@graph\":[{\"@type\":\"Article\",\"@id\":\"https:\/\/www.notibras.com\/site\/mulher-barrada-em-agencia-da-caixa-fica-so-de-sutia-e-calcinha\/#article\",\"isPartOf\":{\"@id\":\"https:\/\/www.notibras.com\/site\/mulher-barrada-em-agencia-da-caixa-fica-so-de-sutia-e-calcinha\/\"},\"author\":{\"name\":\"Reda\u00e7\u00e3o\",\"@id\":\"https:\/\/www.notibras.com\/site\/#\/schema\/person\/36ab0979449956132d3e5b517ea76ac8\"},\"headline\":\"Mulher barrada em ag\u00eancia da Caixa em Cabo Frio se irrita e fica de suti\u00e3 e calcinha\",\"datePublished\":\"2015-09-16T14:07:52+00:00\",\"dateModified\":\"2015-09-16T20:12:39+00:00\",\"mainEntityOfPage\":{\"@id\":\"https:\/\/www.notibras.com\/site\/mulher-barrada-em-agencia-da-caixa-fica-so-de-sutia-e-calcinha\/\"},\"wordCount\":320,\"commentCount\":0,\"publisher\":{\"@id\":\"https:\/\/www.notibras.com\/site\/#organization\"},\"image\":{\"@id\":\"https:\/\/www.notibras.com\/site\/mulher-barrada-em-agencia-da-caixa-fica-so-de-sutia-e-calcinha\/#primaryimage\"},\"thumbnailUrl\":\"https:\/\/www.notibras.com\/site\/wp-content\/uploads\/2015\/09\/4466531_x360.jpg\",\"articleSection\":[\"Brasil\"],\"inLanguage\":\"pt-BR\",\"potentialAction\":[{\"@type\":\"CommentAction\",\"name\":\"Comment\",\"target\":[\"https:\/\/www.notibras.com\/site\/mulher-barrada-em-agencia-da-caixa-fica-so-de-sutia-e-calcinha\/#respond\"]}]},{\"@type\":\"WebPage\",\"@id\":\"https:\/\/www.notibras.com\/site\/mulher-barrada-em-agencia-da-caixa-fica-so-de-sutia-e-calcinha\/\",\"url\":\"https:\/\/www.notibras.com\/site\/mulher-barrada-em-agencia-da-caixa-fica-so-de-sutia-e-calcinha\/\",\"name\":\"Mulher barrada em ag\u00eancia da Caixa em Cabo Frio se irrita e fica de suti\u00e3 e calcinha - Notibras\",\"isPartOf\":{\"@id\":\"https:\/\/www.notibras.com\/site\/#website\"},\"primaryImageOfPage\":{\"@id\":\"https:\/\/www.notibras.com\/site\/mulher-barrada-em-agencia-da-caixa-fica-so-de-sutia-e-calcinha\/#primaryimage\"},\"image\":{\"@id\":\"https:\/\/www.notibras.com\/site\/mulher-barrada-em-agencia-da-caixa-fica-so-de-sutia-e-calcinha\/#primaryimage\"},\"thumbnailUrl\":\"https:\/\/www.notibras.com\/site\/wp-content\/uploads\/2015\/09\/4466531_x360.jpg\",\"datePublished\":\"2015-09-16T14:07:52+00:00\",\"dateModified\":\"2015-09-16T20:12:39+00:00\",\"breadcrumb\":{\"@id\":\"https:\/\/www.notibras.com\/site\/mulher-barrada-em-agencia-da-caixa-fica-so-de-sutia-e-calcinha\/#breadcrumb\"},\"inLanguage\":\"pt-BR\",\"potentialAction\":[{\"@type\":\"ReadAction\",\"target\":[\"https:\/\/www.notibras.com\/site\/mulher-barrada-em-agencia-da-caixa-fica-so-de-sutia-e-calcinha\/\"]}]},{\"@type\":\"ImageObject\",\"inLanguage\":\"pt-BR\",\"@id\":\"https:\/\/www.notibras.com\/site\/mulher-barrada-em-agencia-da-caixa-fica-so-de-sutia-e-calcinha\/#primaryimage\",\"url\":\"https:\/\/www.notibras.com\/site\/wp-content\/uploads\/2015\/09\/4466531_x360.jpg\",\"contentUrl\":\"https:\/\/www.notibras.com\/site\/wp-content\/uploads\/2015\/09\/4466531_x360.jpg\",\"width\":540,\"height\":360},{\"@type\":\"BreadcrumbList\",\"@id\":\"https:\/\/www.notibras.com\/site\/mulher-barrada-em-agencia-da-caixa-fica-so-de-sutia-e-calcinha\/#breadcrumb\",\"itemListElement\":[{\"@type\":\"ListItem\",\"position\":1,\"name\":\"In\u00edcio\",\"item\":\"https:\/\/www.notibras.com\/site\/\"},{\"@type\":\"ListItem\",\"position\":2,\"name\":\"Mulher barrada em ag\u00eancia da Caixa em Cabo Frio se irrita e fica de suti\u00e3 e calcinha\"}]},{\"@type\":\"WebSite\",\"@id\":\"https:\/\/www.notibras.com\/site\/#website\",\"url\":\"https:\/\/www.notibras.com\/site\/\",\"name\":\"Notibras\",\"description\":\"Not\u00edcias de Bras\u00edlia, do Brasil e do Mundo\",\"publisher\":{\"@id\":\"https:\/\/www.notibras.com\/site\/#organization\"},\"potentialAction\":[{\"@type\":\"SearchAction\",\"target\":{\"@type\":\"EntryPoint\",\"urlTemplate\":\"https:\/\/www.notibras.com\/site\/?s={search_term_string}\"},\"query-input\":{\"@type\":\"PropertyValueSpecification\",\"valueRequired\":true,\"valueName\":\"search_term_string\"}}],\"inLanguage\":\"pt-BR\"},{\"@type\":\"Organization\",\"@id\":\"https:\/\/www.notibras.com\/site\/#organization\",\"name\":\"Grupo Notibras de Comunica\u00e7\u00e3o\",\"url\":\"https:\/\/www.notibras.com\/site\/\",\"logo\":{\"@type\":\"ImageObject\",\"inLanguage\":\"pt-BR\",\"@id\":\"https:\/\/www.notibras.com\/site\/#\/schema\/logo\/image\/\",\"url\":\"https:\/\/www.notibras.com\/site\/wp-content\/uploads\/2023\/01\/notibras23.png\",\"contentUrl\":\"https:\/\/www.notibras.com\/site\/wp-content\/uploads\/2023\/01\/notibras23.png\",\"width\":350,\"height\":87,\"caption\":\"Grupo Notibras de Comunica\u00e7\u00e3o\"},\"image\":{\"@id\":\"https:\/\/www.notibras.com\/site\/#\/schema\/logo\/image\/\"},\"sameAs\":[\"https:\/\/www.facebook.com\/notibras\/\",\"https:\/\/x.com\/Notibras\",\"https:\/\/www.instagram.com\/notibras\/\"]},{\"@type\":\"Person\",\"@id\":\"https:\/\/www.notibras.com\/site\/#\/schema\/person\/36ab0979449956132d3e5b517ea76ac8\",\"name\":\"Reda\u00e7\u00e3o\",\"image\":{\"@type\":\"ImageObject\",\"inLanguage\":\"pt-BR\",\"@id\":\"https:\/\/secure.gravatar.com\/avatar\/e0a867bdedb85fd243eadf09663511f96fc81e0720a4a42581f334ad4303aa6b?s=96&d=mm&r=g\",\"url\":\"https:\/\/secure.gravatar.com\/avatar\/e0a867bdedb85fd243eadf09663511f96fc81e0720a4a42581f334ad4303aa6b?s=96&d=mm&r=g\",\"contentUrl\":\"https:\/\/secure.gravatar.com\/avatar\/e0a867bdedb85fd243eadf09663511f96fc81e0720a4a42581f334ad4303aa6b?s=96&d=mm&r=g\",\"caption\":\"Reda\u00e7\u00e3o\"}}]}<\/script>\n<!-- \/ Yoast SEO plugin. -->","yoast_head_json":{"title":"Mulher barrada em ag\u00eancia da Caixa em Cabo Frio se irrita e fica de suti\u00e3 e calcinha - Notibras","robots":{"index":"index","follow":"follow","max-snippet":"max-snippet:-1","max-image-preview":"max-image-preview:large","max-video-preview":"max-video-preview:-1"},"canonical":"https:\/\/www.notibras.com\/site\/mulher-barrada-em-agencia-da-caixa-fica-so-de-sutia-e-calcinha\/","og_locale":"pt_BR","og_type":"article","og_title":"Mulher barrada em ag\u00eancia da Caixa em Cabo Frio se irrita e fica de suti\u00e3 e calcinha - Notibras","og_description":"Uma mulher que tentava entrar em uma ag\u00eancia da Caixa Econ\u00f4mica Federal em Cabo Frio, na Regi\u00e3o dos Lagos do Rio de Janeiro, nesta segunda-feira (14), tirou as roupas e ficou s\u00f3 de calcinha e suti\u00e3 ap\u00f3s ser barrada pelo detector de metais da porta girat\u00f3ria. Ap\u00f3s a confus\u00e3o, gravada em v\u00eddeos publicados nas redes [&hellip;]","og_url":"https:\/\/www.notibras.com\/site\/mulher-barrada-em-agencia-da-caixa-fica-so-de-sutia-e-calcinha\/","og_site_name":"Notibras","article_publisher":"https:\/\/www.facebook.com\/notibras\/","article_published_time":"2015-09-16T14:07:52+00:00","article_modified_time":"2015-09-16T20:12:39+00:00","og_image":[{"width":540,"height":360,"url":"https:\/\/www.notibras.com\/site\/wp-content\/uploads\/2015\/09\/4466531_x360.jpg","type":"image\/jpeg"}],"author":"Reda\u00e7\u00e3o","twitter_card":"summary_large_image","twitter_creator":"@Notibras","twitter_site":"@Notibras","twitter_misc":{"Escrito por":"Reda\u00e7\u00e3o","Est. tempo de leitura":"2 minutos"},"schema":{"@context":"https:\/\/schema.org","@graph":[{"@type":"Article","@id":"https:\/\/www.notibras.com\/site\/mulher-barrada-em-agencia-da-caixa-fica-so-de-sutia-e-calcinha\/#article","isPartOf":{"@id":"https:\/\/www.notibras.com\/site\/mulher-barrada-em-agencia-da-caixa-fica-so-de-sutia-e-calcinha\/"},"author":{"name":"Reda\u00e7\u00e3o","@id":"https:\/\/www.notibras.com\/site\/#\/schema\/person\/36ab0979449956132d3e5b517ea76ac8"},"headline":"Mulher barrada em ag\u00eancia da Caixa em Cabo Frio se irrita e fica de suti\u00e3 e calcinha","datePublished":"2015-09-16T14:07:52+00:00","dateModified":"2015-09-16T20:12:39+00:00","mainEntityOfPage":{"@id":"https:\/\/www.notibras.com\/site\/mulher-barrada-em-agencia-da-caixa-fica-so-de-sutia-e-calcinha\/"},"wordCount":320,"commentCount":0,"publisher":{"@id":"https:\/\/www.notibras.com\/site\/#organization"},"image":{"@id":"https:\/\/www.notibras.com\/site\/mulher-barrada-em-agencia-da-caixa-fica-so-de-sutia-e-calcinha\/#primaryimage"},"thumbnailUrl":"https:\/\/www.notibras.com\/site\/wp-content\/uploads\/2015\/09\/4466531_x360.jpg","articleSection":["Brasil"],"inLanguage":"pt-BR","potentialAction":[{"@type":"CommentAction","name":"Comment","target":["https:\/\/www.notibras.com\/site\/mulher-barrada-em-agencia-da-caixa-fica-so-de-sutia-e-calcinha\/#respond"]}]},{"@type":"WebPage","@id":"https:\/\/www.notibras.com\/site\/mulher-barrada-em-agencia-da-caixa-fica-so-de-sutia-e-calcinha\/","url":"https:\/\/www.notibras.com\/site\/mulher-barrada-em-agencia-da-caixa-fica-so-de-sutia-e-calcinha\/","name":"Mulher barrada em ag\u00eancia da Caixa em Cabo Frio se irrita e fica de suti\u00e3 e calcinha - Notibras","isPartOf":{"@id":"https:\/\/www.notibras.com\/site\/#website"},"primaryImageOfPage":{"@id":"https:\/\/www.notibras.com\/site\/mulher-barrada-em-agencia-da-caixa-fica-so-de-sutia-e-calcinha\/#primaryimage"},"image":{"@id":"https:\/\/www.notibras.com\/site\/mulher-barrada-em-agencia-da-caixa-fica-so-de-sutia-e-calcinha\/#primaryimage"},"thumbnailUrl":"https:\/\/www.notibras.com\/site\/wp-content\/uploads\/2015\/09\/4466531_x360.jpg","datePublished":"2015-09-16T14:07:52+00:00","dateModified":"2015-09-16T20:12:39+00:00","breadcrumb":{"@id":"https:\/\/www.notibras.com\/site\/mulher-barrada-em-agencia-da-caixa-fica-so-de-sutia-e-calcinha\/#breadcrumb"},"inLanguage":"pt-BR","potentialAction":[{"@type":"ReadAction","target":["https:\/\/www.notibras.com\/site\/mulher-barrada-em-agencia-da-caixa-fica-so-de-sutia-e-calcinha\/"]}]},{"@type":"ImageObject","inLanguage":"pt-BR","@id":"https:\/\/www.notibras.com\/site\/mulher-barrada-em-agencia-da-caixa-fica-so-de-sutia-e-calcinha\/#primaryimage","url":"https:\/\/www.notibras.com\/site\/wp-content\/uploads\/2015\/09\/4466531_x360.jpg","contentUrl":"https:\/\/www.notibras.com\/site\/wp-content\/uploads\/2015\/09\/4466531_x360.jpg","width":540,"height":360},{"@type":"BreadcrumbList","@id":"https:\/\/www.notibras.com\/site\/mulher-barrada-em-agencia-da-caixa-fica-so-de-sutia-e-calcinha\/#breadcrumb","itemListElement":[{"@type":"ListItem","position":1,"name":"In\u00edcio","item":"https:\/\/www.notibras.com\/site\/"},{"@type":"ListItem","position":2,"name":"Mulher barrada em ag\u00eancia da Caixa em Cabo Frio se irrita e fica de suti\u00e3 e calcinha"}]},{"@type":"WebSite","@id":"https:\/\/www.notibras.com\/site\/#website","url":"https:\/\/www.notibras.com\/site\/","name":"Notibras","description":"Not\u00edcias de Bras\u00edlia, do Brasil e do Mundo","publisher":{"@id":"https:\/\/www.notibras.com\/site\/#organization"},"potentialAction":[{"@type":"SearchAction","target":{"@type":"EntryPoint","urlTemplate":"https:\/\/www.notibras.com\/site\/?s={search_term_string}"},"query-input":{"@type":"PropertyValueSpecification","valueRequired":true,"valueName":"search_term_string"}}],"inLanguage":"pt-BR"},{"@type":"Organization","@id":"https:\/\/www.notibras.com\/site\/#organization","name":"Grupo Notibras de Comunica\u00e7\u00e3o","url":"https:\/\/www.notibras.com\/site\/","logo":{"@type":"ImageObject","inLanguage":"pt-BR","@id":"https:\/\/www.notibras.com\/site\/#\/schema\/logo\/image\/","url":"https:\/\/www.notibras.com\/site\/wp-content\/uploads\/2023\/01\/notibras23.png","contentUrl":"https:\/\/www.notibras.com\/site\/wp-content\/uploads\/2023\/01\/notibras23.png","width":350,"height":87,"caption":"Grupo Notibras de Comunica\u00e7\u00e3o"},"image":{"@id":"https:\/\/www.notibras.com\/site\/#\/schema\/logo\/image\/"},"sameAs":["https:\/\/www.facebook.com\/notibras\/","https:\/\/x.com\/Notibras","https:\/\/www.instagram.com\/notibras\/"]},{"@type":"Person","@id":"https:\/\/www.notibras.com\/site\/#\/schema\/person\/36ab0979449956132d3e5b517ea76ac8","name":"Reda\u00e7\u00e3o","image":{"@type":"ImageObject","inLanguage":"pt-BR","@id":"https:\/\/secure.gravatar.com\/avatar\/e0a867bdedb85fd243eadf09663511f96fc81e0720a4a42581f334ad4303aa6b?s=96&d=mm&r=g","url":"https:\/\/secure.gravatar.com\/avatar\/e0a867bdedb85fd243eadf09663511f96fc81e0720a4a42581f334ad4303aa6b?s=96&d=mm&r=g","contentUrl":"https:\/\/secure.gravatar.com\/avatar\/e0a867bdedb85fd243eadf09663511f96fc81e0720a4a42581f334ad4303aa6b?s=96&d=mm&r=g","caption":"Reda\u00e7\u00e3o"}}]}},"amp_enabled":true,"_links":{"self":[{"href":"https:\/\/www.notibras.com\/site\/wp-json\/wp\/v2\/posts\/68059","targetHints":{"allow":["GET"]}}],"collection":[{"href":"https:\/\/www.notibras.com\/site\/wp-json\/wp\/v2\/posts"}],"about":[{"href":"https:\/\/www.notibras.com\/site\/wp-json\/wp\/v2\/types\/post"}],"author":[{"embeddable":true,"href":"https:\/\/www.notibras.com\/site\/wp-json\/wp\/v2\/users\/2"}],"replies":[{"embeddable":true,"href":"https:\/\/www.notibras.com\/site\/wp-json\/wp\/v2\/comments?post=68059"}],"version-history":[{"count":3,"href":"https:\/\/www.notibras.com\/site\/wp-json\/wp\/v2\/posts\/68059\/revisions"}],"predecessor-version":[{"id":68121,"href":"https:\/\/www.notibras.com\/site\/wp-json\/wp\/v2\/posts\/68059\/revisions\/68121"}],"wp:featuredmedia":[{"embeddable":true,"href":"https:\/\/www.notibras.com\/site\/wp-json\/wp\/v2\/media\/68060"}],"wp:attachment":[{"href":"https:\/\/www.notibras.com\/site\/wp-json\/wp\/v2\/media?parent=68059"}],"wp:term":[{"taxonomy":"category","embeddable":true,"href":"https:\/\/www.notibras.com\/site\/wp-json\/wp\/v2\/categories?post=68059"},{"taxonomy":"post_tag","embeddable":true,"href":"https:\/\/www.notibras.com\/site\/wp-json\/wp\/v2\/tags?post=68059"}],"curies":[{"name":"wp","href":"https:\/\/api.w.org\/{rel}","templated":true}]}}